{"id":3702,"date":"2019-01-27T22:30:01","date_gmt":"2019-01-27T22:30:01","guid":{"rendered":"http:\/\/volcanes.net\/?p=3702"},"modified":"2019-01-27T22:30:01","modified_gmt":"2019-01-27T22:30:01","slug":"tepetlixpa-resguarda-el-legado-de-la-decima-musa","status":"publish","type":"post","link":"https:\/\/volcanes.net\/?p=3702","title":{"rendered":"Tepetlixpa resguarda el legado de la D\u00e9cima Musa"},"content":{"rendered":"<div style=\"margin-top: 0px; margin-bottom: 0px;\" class=\"sharethis-inline-share-buttons\" ><\/div><p>Tepetlixpa, Estado de M\u00e9xico, 27 de enero de 2019.- Juana In\u00e9s de Asbaje y Ram\u00edrez de Santillana, mejor conocida como Sor Juana In\u00e9s de la Cruz, fue una escritora mexiquense prodigio, quien busc\u00f3, en todo momento, estar cerca del conocimiento en una \u00e9poca en la que s\u00f3lo el g\u00e9nero masculino era el que contaba con todas las oportunidades de desarrollo social, profesional, pol\u00edtico y familiar.<\/p>\n<p>El escritor, historiador, investigador y sorjuanista, Francisco Javier Estrada, explic\u00f3 que por mucho tiempo se crey\u00f3 que la mexiquense hab\u00eda nacido el 12 de noviembre de 1651, siendo su fe de bautizo el documento que da certeza del a\u00f1o de su nacimiento.<\/p>\n<p>\u201cTen\u00eda unos genes que le permitieron aguantar hasta los 47 a\u00f1os de vida, porque naci\u00f3 el 12 de noviembre de 1648, porque recordando la an\u00e9cdota, se dec\u00eda que Sor Juana se quitaba tres a\u00f1os, por coqueter\u00eda, pero no, era porque no ten\u00eda en sus or\u00edgenes padres casados o padres leg\u00edtimos ante la iglesia y ante la sociedad.<\/p>\n<p>\u201cEl convento de San Vicente Ferrer fue donde bautizaron, el 2 de diciembre de 1648, a Sor Juana, es muy importante porque esa acta de nacimiento permiti\u00f3 saber que hab\u00eda nacido un mes antes\u201d, explic\u00f3 el sorjuanista.<\/p>\n<p>Parte de su infancia, la denominada D\u00e9cima Musa estuvo al lado de su abuelo materno, en el municipio de Amecameca, quien pose\u00eda una biblioteca donde ella aprendi\u00f3 a leer a temprana edad y tom\u00f3 el gusto por la lectura.<\/p>\n<p>\u201cPas\u00f3 todav\u00eda ni\u00f1a y sus primeros a\u00f1os de adolescencia en la Hacienda de Panoaya, que hoy est\u00e1 dedicada al turismo, pero su casco era el espacio donde ella tuvo sus mejores a\u00f1os en cuanto a preparaci\u00f3n, aprendizaje al que le ayud\u00f3 mucho su abuelo y de ah\u00ed pas\u00f3 a la Ciudad de M\u00e9xico, en la corte, estuvo ah\u00ed, pas\u00f3 a otro monasterio, el de las Carmelitas y a otros conventos m\u00e1s conocidos de San Jer\u00f3nimo\u201d, refiri\u00f3 Estrada.<\/p>\n<p>\u201cPero no se queda en el mundo de la literatura, Sor Juana pertenece al mundo de la filosof\u00eda. C\u00f3mo puede un hombre o una mujer educarse tan profundamente, pues ella nos ense\u00f1a que a trav\u00e9s de los libros, que desde muy peque\u00f1a aprendi\u00f3 a leer por ese genio con el que ya ven\u00eda. La lectura fue permanente y fundamental\u201d.<\/p>\n<p>Ya en edad adulta y ante la restricci\u00f3n de informaci\u00f3n y educaci\u00f3n para las mujeres en aquella \u00e9poca, Estrada dijo que durante los \u00faltimos cinco a\u00f1os de su vida (1690 a 1695), a la originaria de Nepantla le fue quitada su biblioteca, por rectificar a uno de los representantes de la iglesia m\u00e1s importantes, se\u00f1al\u00e1ndole que el sacrificio o lo que hab\u00eda entregado Cristo para salvar a la humanidad, no ten\u00eda nada que ver en entregar uno la vida por alguien m\u00e1s.<\/p>\n<p>Fue en el a\u00f1o de 1695, cuando se desat\u00f3 una epidemia que caus\u00f3 muchos estragos en el Convento de San Jer\u00f3nimo, siendo un 17 de abril cuando Sor Juana fallece, a los 47 a\u00f1os de edad.<\/p>\n<p>\u201cToda esa sabidur\u00eda ocasion\u00f3 que Sor Juana tuviera que abandonar su libros por orden de la iglesia y se llega a decir que pr\u00e1cticamente se dej\u00f3 morir durante la epidemia que deriv\u00f3 en 1695. Su obra es muy amplia y trata temas sobre su patria, que dice si mis letras tienen algo y valen, es por lo que me ha aportado el mundo donde vivi\u00f3\u201d, detall\u00f3.<\/p>\n<p>Por ese \u00edmpetu y el legado literario de poes\u00eda, redondillas, sonetos y hasta comedia que surgi\u00f3 en el siglo de oro espa\u00f1ol, periodo de florecimiento del arte y la literatura. es que resulta de gran importancia preservar y difundir su obra.<\/p>\n<p>En nuestros d\u00edas, la Secretar\u00eda de Cultura, a trav\u00e9s del Centro Cultural Sor Juana In\u00e9s de la Cruz, ubicado en San Miguel Nepantla, municipio de Tepetlixpa, antes la casa donde naci\u00f3 la fil\u00f3sofa barroca, es parte del Centro Regional de Cultura donde hay un museo con manuscritos y pinturas que le dedicaron varios artistas, una biblioteca con m\u00e1s de 7 mil vol\u00famenes y un teatro al aire libre para actividades art\u00edsticas.<\/p>\n<p>\u201cSus lugares emblem\u00e1ticos son en primer lugar Nepantla, con el Centro Cultural Sor Juana In\u00e9s de la Cruz, en el municipio de Tepetlixpa, es un lugar muy bello realizado en su construcci\u00f3n por el arquitecto Abraham Zabludovsky, uno de los m\u00e1s grandes arquitectos mexicanos. Cuenta con un auditorio abierto, que tiene m\u00e1s de 650 asientos c\u00f3modos\u201d, finaliz\u00f3 el investigador mexiquense.<\/p>\n","protected":false},"excerpt":{"rendered":"<p>Tepetlixpa, Estado de M\u00e9xico, 27 de enero de 2019.- Juana In\u00e9s de Asbaje y Ram\u00edrez<\/p>\n","protected":false},"author":1,"featured_media":3703,"comment_status":"open","ping_status":"open","sticky":false,"template":"","format":"standard","meta":{"footnotes":""},"categories":[1],"tags":[16],"class_list":["post-3702","post","type-post","status-publish","format-standard","has-post-thumbnail","hentry","category-municipales","tag-tepetlixpa"],"yoast_head":"<!-- This site is optimized with the Yoast SEO plugin v25.3 - https:\/\/yoast.com\/wordpress\/plugins\/seo\/ -->\n<title>Tepetlixpa resguarda el legado de la D\u00e9cima Musa - Volcanes<\/title>\n<meta name=\"robots\" content=\"index, follow, max-snippet:-1, max-image-preview:large, max-video-preview:-1\" \/>\n<link rel=\"canonical\" href=\"https:\/\/volcanes.net\/?p=3702\" \/>\n<meta property=\"og:locale\" content=\"es_MX\" \/>\n<meta property=\"og:type\" content=\"article\" \/>\n<meta property=\"og:title\" content=\"Tepetlixpa resguarda el legado de la D\u00e9cima Musa - Volcanes\" \/>\n<meta property=\"og:description\" content=\"Tepetlixpa, Estado de M\u00e9xico, 27 de enero de 2019.- Juana In\u00e9s de Asbaje y Ram\u00edrez\" \/>\n<meta property=\"og:url\" content=\"https:\/\/volcanes.net\/?p=3702\" \/>\n<meta property=\"og:site_name\" content=\"Volcanes\" \/>\n<meta property=\"article:publisher\" content=\"https:\/\/www.facebook.com\/volcanes.net\/\" \/>\n<meta property=\"article:published_time\" content=\"2019-01-27T22:30:01+00:00\" \/>\n<meta property=\"og:image\" content=\"https:\/\/volcanes.net\/wp-content\/uploads\/2019\/01\/IMG-20190127-WA0001-325x217.jpg\" \/>\n\t<meta property=\"og:image:width\" content=\"325\" \/>\n\t<meta property=\"og:image:height\" content=\"217\" \/>\n\t<meta property=\"og:image:type\" content=\"image\/jpeg\" \/>\n<meta name=\"author\" content=\"admin\" \/>\n<meta name=\"twitter:card\" content=\"summary_large_image\" \/>\n<meta name=\"twitter:label1\" content=\"Escrito por\" \/>\n\t<meta name=\"twitter:data1\" content=\"admin\" \/>\n\t<meta name=\"twitter:label2\" content=\"Tiempo de lectura\" \/>\n\t<meta name=\"twitter:data2\" content=\"4 minutos\" \/>\n<script type=\"application\/ld+json\" class=\"yoast-schema-graph\">{\"@context\":\"https:\/\/schema.org\",\"@graph\":[{\"@type\":\"Article\",\"@id\":\"https:\/\/volcanes.net\/?p=3702#article\",\"isPartOf\":{\"@id\":\"https:\/\/volcanes.net\/?p=3702\"},\"author\":{\"name\":\"admin\",\"@id\":\"https:\/\/volcanes.net\/#\/schema\/person\/4bf0f383940966a4abd53f5048c0e6b9\"},\"headline\":\"Tepetlixpa resguarda el legado de la D\u00e9cima Musa\",\"datePublished\":\"2019-01-27T22:30:01+00:00\",\"mainEntityOfPage\":{\"@id\":\"https:\/\/volcanes.net\/?p=3702\"},\"wordCount\":791,\"commentCount\":0,\"publisher\":{\"@id\":\"https:\/\/volcanes.net\/#organization\"},\"image\":{\"@id\":\"https:\/\/volcanes.net\/?p=3702#primaryimage\"},\"thumbnailUrl\":\"https:\/\/volcanes.net\/wp-content\/uploads\/2019\/01\/IMG-20190127-WA0001-325x217.jpg\",\"keywords\":[\"Tepetlixpa\"],\"articleSection\":[\"Municipales\"],\"inLanguage\":\"es\",\"potentialAction\":[{\"@type\":\"CommentAction\",\"name\":\"Comment\",\"target\":[\"https:\/\/volcanes.net\/?p=3702#respond\"]}]},{\"@type\":\"WebPage\",\"@id\":\"https:\/\/volcanes.net\/?p=3702\",\"url\":\"https:\/\/volcanes.net\/?p=3702\",\"name\":\"Tepetlixpa resguarda el legado de la D\u00e9cima Musa - Volcanes\",\"isPartOf\":{\"@id\":\"https:\/\/volcanes.net\/#website\"},\"primaryImageOfPage\":{\"@id\":\"https:\/\/volcanes.net\/?p=3702#primaryimage\"},\"image\":{\"@id\":\"https:\/\/volcanes.net\/?p=3702#primaryimage\"},\"thumbnailUrl\":\"https:\/\/volcanes.net\/wp-content\/uploads\/2019\/01\/IMG-20190127-WA0001-325x217.jpg\",\"datePublished\":\"2019-01-27T22:30:01+00:00\",\"breadcrumb\":{\"@id\":\"https:\/\/volcanes.net\/?p=3702#breadcrumb\"},\"inLanguage\":\"es\",\"potentialAction\":[{\"@type\":\"ReadAction\",\"target\":[\"https:\/\/volcanes.net\/?p=3702\"]}]},{\"@type\":\"ImageObject\",\"inLanguage\":\"es\",\"@id\":\"https:\/\/volcanes.net\/?p=3702#primaryimage\",\"url\":\"https:\/\/volcanes.net\/wp-content\/uploads\/2019\/01\/IMG-20190127-WA0001-325x217.jpg\",\"contentUrl\":\"https:\/\/volcanes.net\/wp-content\/uploads\/2019\/01\/IMG-20190127-WA0001-325x217.jpg\",\"width\":325,\"height\":217},{\"@type\":\"BreadcrumbList\",\"@id\":\"https:\/\/volcanes.net\/?p=3702#breadcrumb\",\"itemListElement\":[{\"@type\":\"ListItem\",\"position\":1,\"name\":\"Portada\",\"item\":\"https:\/\/volcanes.net\/\"},{\"@type\":\"ListItem\",\"position\":2,\"name\":\"Tepetlixpa resguarda el legado de la D\u00e9cima Musa\"}]},{\"@type\":\"WebSite\",\"@id\":\"https:\/\/volcanes.net\/#website\",\"url\":\"https:\/\/volcanes.net\/\",\"name\":\"Volcanes.Net\",\"description\":\"Periodismo Profesional\",\"publisher\":{\"@id\":\"https:\/\/volcanes.net\/#organization\"},\"potentialAction\":[{\"@type\":\"SearchAction\",\"target\":{\"@type\":\"EntryPoint\",\"urlTemplate\":\"https:\/\/volcanes.net\/?s={search_term_string}\"},\"query-input\":{\"@type\":\"PropertyValueSpecification\",\"valueRequired\":true,\"valueName\":\"search_term_string\"}}],\"inLanguage\":\"es\"},{\"@type\":\"Organization\",\"@id\":\"https:\/\/volcanes.net\/#organization\",\"name\":\"Grupo Volcanes\",\"url\":\"https:\/\/volcanes.net\/\",\"logo\":{\"@type\":\"ImageObject\",\"inLanguage\":\"es\",\"@id\":\"https:\/\/volcanes.net\/#\/schema\/logo\/image\/\",\"url\":\"http:\/\/volcanes.net\/wp-content\/uploads\/2017\/12\/Avatar2.jpg\",\"contentUrl\":\"http:\/\/volcanes.net\/wp-content\/uploads\/2017\/12\/Avatar2.jpg\",\"width\":378,\"height\":378,\"caption\":\"Grupo Volcanes\"},\"image\":{\"@id\":\"https:\/\/volcanes.net\/#\/schema\/logo\/image\/\"},\"sameAs\":[\"https:\/\/www.facebook.com\/volcanes.net\/\"]},{\"@type\":\"Person\",\"@id\":\"https:\/\/volcanes.net\/#\/schema\/person\/4bf0f383940966a4abd53f5048c0e6b9\",\"name\":\"admin\",\"image\":{\"@type\":\"ImageObject\",\"inLanguage\":\"es\",\"@id\":\"https:\/\/volcanes.net\/#\/schema\/person\/image\/\",\"url\":\"https:\/\/secure.gravatar.com\/avatar\/ca004e6cba8462b8cb7abc86e382930c?s=96&d=mm&r=g\",\"contentUrl\":\"https:\/\/secure.gravatar.com\/avatar\/ca004e6cba8462b8cb7abc86e382930c?s=96&d=mm&r=g\",\"caption\":\"admin\"}}]}<\/script>\n<!-- \/ Yoast SEO plugin. -->","yoast_head_json":{"title":"Tepetlixpa resguarda el legado de la D\u00e9cima Musa - Volcanes","robots":{"index":"index","follow":"follow","max-snippet":"max-snippet:-1","max-image-preview":"max-image-preview:large","max-video-preview":"max-video-preview:-1"},"canonical":"https:\/\/volcanes.net\/?p=3702","og_locale":"es_MX","og_type":"article","og_title":"Tepetlixpa resguarda el legado de la D\u00e9cima Musa - Volcanes","og_description":"Tepetlixpa, Estado de M\u00e9xico, 27 de enero de 2019.- Juana In\u00e9s de Asbaje y Ram\u00edrez","og_url":"https:\/\/volcanes.net\/?p=3702","og_site_name":"Volcanes","article_publisher":"https:\/\/www.facebook.com\/volcanes.net\/","article_published_time":"2019-01-27T22:30:01+00:00","og_image":[{"width":325,"height":217,"url":"https:\/\/volcanes.net\/wp-content\/uploads\/2019\/01\/IMG-20190127-WA0001-325x217.jpg","type":"image\/jpeg"}],"author":"admin","twitter_card":"summary_large_image","twitter_misc":{"Escrito por":"admin","Tiempo de lectura":"4 minutos"},"schema":{"@context":"https:\/\/schema.org","@graph":[{"@type":"Article","@id":"https:\/\/volcanes.net\/?p=3702#article","isPartOf":{"@id":"https:\/\/volcanes.net\/?p=3702"},"author":{"name":"admin","@id":"https:\/\/volcanes.net\/#\/schema\/person\/4bf0f383940966a4abd53f5048c0e6b9"},"headline":"Tepetlixpa resguarda el legado de la D\u00e9cima Musa","datePublished":"2019-01-27T22:30:01+00:00","mainEntityOfPage":{"@id":"https:\/\/volcanes.net\/?p=3702"},"wordCount":791,"commentCount":0,"publisher":{"@id":"https:\/\/volcanes.net\/#organization"},"image":{"@id":"https:\/\/volcanes.net\/?p=3702#primaryimage"},"thumbnailUrl":"https:\/\/volcanes.net\/wp-content\/uploads\/2019\/01\/IMG-20190127-WA0001-325x217.jpg","keywords":["Tepetlixpa"],"articleSection":["Municipales"],"inLanguage":"es","potentialAction":[{"@type":"CommentAction","name":"Comment","target":["https:\/\/volcanes.net\/?p=3702#respond"]}]},{"@type":"WebPage","@id":"https:\/\/volcanes.net\/?p=3702","url":"https:\/\/volcanes.net\/?p=3702","name":"Tepetlixpa resguarda el legado de la D\u00e9cima Musa - Volcanes","isPartOf":{"@id":"https:\/\/volcanes.net\/#website"},"primaryImageOfPage":{"@id":"https:\/\/volcanes.net\/?p=3702#primaryimage"},"image":{"@id":"https:\/\/volcanes.net\/?p=3702#primaryimage"},"thumbnailUrl":"https:\/\/volcanes.net\/wp-content\/uploads\/2019\/01\/IMG-20190127-WA0001-325x217.jpg","datePublished":"2019-01-27T22:30:01+00:00","breadcrumb":{"@id":"https:\/\/volcanes.net\/?p=3702#breadcrumb"},"inLanguage":"es","potentialAction":[{"@type":"ReadAction","target":["https:\/\/volcanes.net\/?p=3702"]}]},{"@type":"ImageObject","inLanguage":"es","@id":"https:\/\/volcanes.net\/?p=3702#primaryimage","url":"https:\/\/volcanes.net\/wp-content\/uploads\/2019\/01\/IMG-20190127-WA0001-325x217.jpg","contentUrl":"https:\/\/volcanes.net\/wp-content\/uploads\/2019\/01\/IMG-20190127-WA0001-325x217.jpg","width":325,"height":217},{"@type":"BreadcrumbList","@id":"https:\/\/volcanes.net\/?p=3702#breadcrumb","itemListElement":[{"@type":"ListItem","position":1,"name":"Portada","item":"https:\/\/volcanes.net\/"},{"@type":"ListItem","position":2,"name":"Tepetlixpa resguarda el legado de la D\u00e9cima Musa"}]},{"@type":"WebSite","@id":"https:\/\/volcanes.net\/#website","url":"https:\/\/volcanes.net\/","name":"Volcanes.Net","description":"Periodismo Profesional","publisher":{"@id":"https:\/\/volcanes.net\/#organization"},"potentialAction":[{"@type":"SearchAction","target":{"@type":"EntryPoint","urlTemplate":"https:\/\/volcanes.net\/?s={search_term_string}"},"query-input":{"@type":"PropertyValueSpecification","valueRequired":true,"valueName":"search_term_string"}}],"inLanguage":"es"},{"@type":"Organization","@id":"https:\/\/volcanes.net\/#organization","name":"Grupo Volcanes","url":"https:\/\/volcanes.net\/","logo":{"@type":"ImageObject","inLanguage":"es","@id":"https:\/\/volcanes.net\/#\/schema\/logo\/image\/","url":"http:\/\/volcanes.net\/wp-content\/uploads\/2017\/12\/Avatar2.jpg","contentUrl":"http:\/\/volcanes.net\/wp-content\/uploads\/2017\/12\/Avatar2.jpg","width":378,"height":378,"caption":"Grupo Volcanes"},"image":{"@id":"https:\/\/volcanes.net\/#\/schema\/logo\/image\/"},"sameAs":["https:\/\/www.facebook.com\/volcanes.net\/"]},{"@type":"Person","@id":"https:\/\/volcanes.net\/#\/schema\/person\/4bf0f383940966a4abd53f5048c0e6b9","name":"admin","image":{"@type":"ImageObject","inLanguage":"es","@id":"https:\/\/volcanes.net\/#\/schema\/person\/image\/","url":"https:\/\/secure.gravatar.com\/avatar\/ca004e6cba8462b8cb7abc86e382930c?s=96&d=mm&r=g","contentUrl":"https:\/\/secure.gravatar.com\/avatar\/ca004e6cba8462b8cb7abc86e382930c?s=96&d=mm&r=g","caption":"admin"}}]}},"_links":{"self":[{"href":"https:\/\/volcanes.net\/index.php?rest_route=\/wp\/v2\/posts\/3702"}],"collection":[{"href":"https:\/\/volcanes.net\/index.php?rest_route=\/wp\/v2\/posts"}],"about":[{"href":"https:\/\/volcanes.net\/index.php?rest_route=\/wp\/v2\/types\/post"}],"author":[{"embeddable":true,"href":"https:\/\/volcanes.net\/index.php?rest_route=\/wp\/v2\/users\/1"}],"replies":[{"embeddable":true,"href":"https:\/\/volcanes.net\/index.php?rest_route=%2Fwp%2Fv2%2Fcomments&post=3702"}],"version-history":[{"count":1,"href":"https:\/\/volcanes.net\/index.php?rest_route=\/wp\/v2\/posts\/3702\/revisions"}],"predecessor-version":[{"id":3704,"href":"https:\/\/volcanes.net\/index.php?rest_route=\/wp\/v2\/posts\/3702\/revisions\/3704"}],"wp:featuredmedia":[{"embeddable":true,"href":"https:\/\/volcanes.net\/index.php?rest_route=\/wp\/v2\/media\/3703"}],"wp:attachment":[{"href":"https:\/\/volcanes.net\/index.php?rest_route=%2Fwp%2Fv2%2Fmedia&parent=3702"}],"wp:term":[{"taxonomy":"category","embeddable":true,"href":"https:\/\/volcanes.net\/index.php?rest_route=%2Fwp%2Fv2%2Fcategories&post=3702"},{"taxonomy":"post_tag","embeddable":true,"href":"https:\/\/volcanes.net\/index.php?rest_route=%2Fwp%2Fv2%2Ftags&post=3702"}],"curies":[{"name":"wp","href":"https:\/\/api.w.org\/{rel}","templated":true}]}}