{"id":3706,"date":"2019-01-27T22:39:47","date_gmt":"2019-01-27T22:39:47","guid":{"rendered":"http:\/\/volcanes.net\/?p=3706"},"modified":"2019-01-27T22:39:47","modified_gmt":"2019-01-27T22:39:47","slug":"exhorta-la-legislatura-al-fiscal-de-justicia-a-investigar-agresiones-y-amenazas-contra-regidor-de-ecatepec","status":"publish","type":"post","link":"https:\/\/volcanes.net\/?p=3706","title":{"rendered":"Exhorta la legislatura al fiscal de justicia a investigar agresiones Y amenazas contra regidor de Ecatepec"},"content":{"rendered":"<div style=\"margin-top: 0px; margin-bottom: 0px;\" class=\"sharethis-inline-share-buttons\" ><\/div><p>La 60 Legislatura mexiquenses aval\u00f3 por unanimidad un punto de acuerdo mediante el cual se exhorta al Fiscal General de Justicia del Estado de M\u00e9xico, Alejandro Jaime G\u00f3mez S\u00e1nchez, a realizar las investigaciones pertinentes sobre las agresiones y amenazas de las que ha sido v\u00edctima el cuarto regidor del municipio de Ecatepec, Miguel \u00c1ngel Ju\u00e1rez Franco.<br \/>\nEl punto de acuerdo presentado por el diputado Javier Gonz\u00e1lez Zepeda, en nombre del Grupo Parlamentario del PT, que fue dispensado de dictamen, destaca que, al inicio de enero del presente a\u00f1o, el regidor hizo p\u00fablica la informaci\u00f3n sobre una serie de hechos irregulares del Sindicato \u00danico de Trabajadores de los Poderes, Municipios e Instituciones Descentralizadas del estado de M\u00e9xico (SUTEYM) delegaci\u00f3n Ecatepec.<br \/>\nEl regidor denunci\u00f3 en particular que unas 400 personas sindicalizadas cobraban sin trabajar desde hac\u00eda diez a\u00f1os o m\u00e1s, a ra\u00edz de que se hab\u00edan adherido a un programa de retiro voluntario, y que hab\u00eda una sinn\u00famero de sindicalizados sin trabajar adscritos a diversas \u00e1reas, e hizo un llamado a las autoridades a revisar el robo de vales de despensa de los trabajadores sindicalizados del ayuntamiento.<br \/>\nEste hecho provoc\u00f3 que el 10 de enero el regidor recibiera una llamada de amenaza y tiempo despu\u00e9s cerca de 200 personas irrumpieron en su oficina, la cual fue violentada y saqueada, adem\u00e1s de que colocaron cartulinas con amenazas contra su familia. Al d\u00eda siguiente, la hermana del regidor fue amenazada afuera de su casa y sorprendieron a un hombre que vigilaba el lugar donde viven sus familiares, el cual se identific\u00f3 con credencial del Suteym secci\u00f3n Nezahualc\u00f3yotl. Los hechos fueron denunciados en la Contralor\u00eda del municipio y la Fiscal\u00eda General de Justicia del Estado de M\u00e9xico.<br \/>\nEl diputado dijo que el PT est\u00e1 a favor de las luchas sindicales, pero en contra de la corrupci\u00f3n sindical como la que se ha detectado en Ecatepec, pues no s\u00f3lo afecta la vida econ\u00f3mica de los municipios, sino que tambi\u00e9n deteriora gravemente la vida de la sociedad.<br \/>\nEn este sentido, el diputado Javier Gonz\u00e1lez hizo un llamado a la dirigencia estatal del Suteym para que ponga orden en el municipio de Ecatepec y se garantice la seguridad e integridad del regidor; adem\u00e1s exhort\u00f3 a las autoridades respectivas a que den cause las denuncias presentadas para que se hagan las investigaciones pertinentes con prontitud y castigar los hechos violentos enunciados.<\/p>\n","protected":false},"excerpt":{"rendered":"<p>La 60 Legislatura mexiquenses aval\u00f3 por unanimidad un punto de acuerdo mediante el cual se<\/p>\n","protected":false},"author":1,"featured_media":3705,"comment_status":"open","ping_status":"open","sticky":false,"template":"","format":"standard","meta":{"footnotes":""},"categories":[3],"tags":[63],"class_list":["post-3706","post","type-post","status-publish","format-standard","has-post-thumbnail","hentry","category-estatales","tag-ecatepec"],"yoast_head":"<!-- This site is optimized with the Yoast SEO plugin v25.3 - https:\/\/yoast.com\/wordpress\/plugins\/seo\/ -->\n<title>Exhorta la legislatura al fiscal de justicia a investigar agresiones Y amenazas contra regidor de Ecatepec - Volcanes<\/title>\n<meta name=\"robots\" content=\"index, follow, max-snippet:-1, max-image-preview:large, max-video-preview:-1\" \/>\n<link rel=\"canonical\" href=\"https:\/\/volcanes.net\/?p=3706\" \/>\n<meta property=\"og:locale\" content=\"es_MX\" \/>\n<meta property=\"og:type\" content=\"article\" \/>\n<meta property=\"og:title\" content=\"Exhorta la legislatura al fiscal de justicia a investigar agresiones Y amenazas contra regidor de Ecatepec - Volcanes\" \/>\n<meta property=\"og:description\" content=\"La 60 Legislatura mexiquenses aval\u00f3 por unanimidad un punto de acuerdo mediante el cual se\" \/>\n<meta property=\"og:url\" content=\"https:\/\/volcanes.net\/?p=3706\" \/>\n<meta property=\"og:site_name\" content=\"Volcanes\" \/>\n<meta property=\"article:publisher\" content=\"https:\/\/www.facebook.com\/volcanes.net\/\" \/>\n<meta property=\"article:published_time\" content=\"2019-01-27T22:39:47+00:00\" \/>\n<meta property=\"og:image\" content=\"https:\/\/volcanes.net\/wp-content\/uploads\/2019\/01\/1548628714498614.jpg\" \/>\n\t<meta property=\"og:image:width\" content=\"512\" \/>\n\t<meta property=\"og:image:height\" content=\"342\" \/>\n\t<meta property=\"og:image:type\" content=\"image\/jpeg\" \/>\n<meta name=\"author\" content=\"admin\" \/>\n<meta name=\"twitter:card\" content=\"summary_large_image\" \/>\n<meta name=\"twitter:label1\" content=\"Escrito por\" \/>\n\t<meta name=\"twitter:data1\" content=\"admin\" \/>\n\t<meta name=\"twitter:label2\" content=\"Tiempo de lectura\" \/>\n\t<meta name=\"twitter:data2\" content=\"2 minutos\" \/>\n<script type=\"application\/ld+json\" class=\"yoast-schema-graph\">{\"@context\":\"https:\/\/schema.org\",\"@graph\":[{\"@type\":\"Article\",\"@id\":\"https:\/\/volcanes.net\/?p=3706#article\",\"isPartOf\":{\"@id\":\"https:\/\/volcanes.net\/?p=3706\"},\"author\":{\"name\":\"admin\",\"@id\":\"https:\/\/volcanes.net\/#\/schema\/person\/4bf0f383940966a4abd53f5048c0e6b9\"},\"headline\":\"Exhorta la legislatura al fiscal de justicia a investigar agresiones Y amenazas contra regidor de Ecatepec\",\"datePublished\":\"2019-01-27T22:39:47+00:00\",\"mainEntityOfPage\":{\"@id\":\"https:\/\/volcanes.net\/?p=3706\"},\"wordCount\":436,\"commentCount\":0,\"publisher\":{\"@id\":\"https:\/\/volcanes.net\/#organization\"},\"image\":{\"@id\":\"https:\/\/volcanes.net\/?p=3706#primaryimage\"},\"thumbnailUrl\":\"https:\/\/volcanes.net\/wp-content\/uploads\/2019\/01\/1548628714498614.jpg\",\"keywords\":[\"Ecatepec\"],\"articleSection\":[\"Estatales\"],\"inLanguage\":\"es\",\"potentialAction\":[{\"@type\":\"CommentAction\",\"name\":\"Comment\",\"target\":[\"https:\/\/volcanes.net\/?p=3706#respond\"]}]},{\"@type\":\"WebPage\",\"@id\":\"https:\/\/volcanes.net\/?p=3706\",\"url\":\"https:\/\/volcanes.net\/?p=3706\",\"name\":\"Exhorta la legislatura al fiscal de justicia a investigar agresiones Y amenazas contra regidor de Ecatepec - Volcanes\",\"isPartOf\":{\"@id\":\"https:\/\/volcanes.net\/#website\"},\"primaryImageOfPage\":{\"@id\":\"https:\/\/volcanes.net\/?p=3706#primaryimage\"},\"image\":{\"@id\":\"https:\/\/volcanes.net\/?p=3706#primaryimage\"},\"thumbnailUrl\":\"https:\/\/volcanes.net\/wp-content\/uploads\/2019\/01\/1548628714498614.jpg\",\"datePublished\":\"2019-01-27T22:39:47+00:00\",\"breadcrumb\":{\"@id\":\"https:\/\/volcanes.net\/?p=3706#breadcrumb\"},\"inLanguage\":\"es\",\"potentialAction\":[{\"@type\":\"ReadAction\",\"target\":[\"https:\/\/volcanes.net\/?p=3706\"]}]},{\"@type\":\"ImageObject\",\"inLanguage\":\"es\",\"@id\":\"https:\/\/volcanes.net\/?p=3706#primaryimage\",\"url\":\"https:\/\/volcanes.net\/wp-content\/uploads\/2019\/01\/1548628714498614.jpg\",\"contentUrl\":\"https:\/\/volcanes.net\/wp-content\/uploads\/2019\/01\/1548628714498614.jpg\",\"width\":512,\"height\":342},{\"@type\":\"BreadcrumbList\",\"@id\":\"https:\/\/volcanes.net\/?p=3706#breadcrumb\",\"itemListElement\":[{\"@type\":\"ListItem\",\"position\":1,\"name\":\"Portada\",\"item\":\"https:\/\/volcanes.net\/\"},{\"@type\":\"ListItem\",\"position\":2,\"name\":\"Exhorta la legislatura al fiscal de justicia a investigar agresiones Y amenazas contra regidor de Ecatepec\"}]},{\"@type\":\"WebSite\",\"@id\":\"https:\/\/volcanes.net\/#website\",\"url\":\"https:\/\/volcanes.net\/\",\"name\":\"Volcanes.Net\",\"description\":\"Periodismo Profesional\",\"publisher\":{\"@id\":\"https:\/\/volcanes.net\/#organization\"},\"potentialAction\":[{\"@type\":\"SearchAction\",\"target\":{\"@type\":\"EntryPoint\",\"urlTemplate\":\"https:\/\/volcanes.net\/?s={search_term_string}\"},\"query-input\":{\"@type\":\"PropertyValueSpecification\",\"valueRequired\":true,\"valueName\":\"search_term_string\"}}],\"inLanguage\":\"es\"},{\"@type\":\"Organization\",\"@id\":\"https:\/\/volcanes.net\/#organization\",\"name\":\"Grupo Volcanes\",\"url\":\"https:\/\/volcanes.net\/\",\"logo\":{\"@type\":\"ImageObject\",\"inLanguage\":\"es\",\"@id\":\"https:\/\/volcanes.net\/#\/schema\/logo\/image\/\",\"url\":\"http:\/\/volcanes.net\/wp-content\/uploads\/2017\/12\/Avatar2.jpg\",\"contentUrl\":\"http:\/\/volcanes.net\/wp-content\/uploads\/2017\/12\/Avatar2.jpg\",\"width\":378,\"height\":378,\"caption\":\"Grupo Volcanes\"},\"image\":{\"@id\":\"https:\/\/volcanes.net\/#\/schema\/logo\/image\/\"},\"sameAs\":[\"https:\/\/www.facebook.com\/volcanes.net\/\"]},{\"@type\":\"Person\",\"@id\":\"https:\/\/volcanes.net\/#\/schema\/person\/4bf0f383940966a4abd53f5048c0e6b9\",\"name\":\"admin\",\"image\":{\"@type\":\"ImageObject\",\"inLanguage\":\"es\",\"@id\":\"https:\/\/volcanes.net\/#\/schema\/person\/image\/\",\"url\":\"https:\/\/secure.gravatar.com\/avatar\/ca004e6cba8462b8cb7abc86e382930c?s=96&d=mm&r=g\",\"contentUrl\":\"https:\/\/secure.gravatar.com\/avatar\/ca004e6cba8462b8cb7abc86e382930c?s=96&d=mm&r=g\",\"caption\":\"admin\"}}]}<\/script>\n<!-- \/ Yoast SEO plugin. -->","yoast_head_json":{"title":"Exhorta la legislatura al fiscal de justicia a investigar agresiones Y amenazas contra regidor de Ecatepec - Volcanes","robots":{"index":"index","follow":"follow","max-snippet":"max-snippet:-1","max-image-preview":"max-image-preview:large","max-video-preview":"max-video-preview:-1"},"canonical":"https:\/\/volcanes.net\/?p=3706","og_locale":"es_MX","og_type":"article","og_title":"Exhorta la legislatura al fiscal de justicia a investigar agresiones Y amenazas contra regidor de Ecatepec - Volcanes","og_description":"La 60 Legislatura mexiquenses aval\u00f3 por unanimidad un punto de acuerdo mediante el cual se","og_url":"https:\/\/volcanes.net\/?p=3706","og_site_name":"Volcanes","article_publisher":"https:\/\/www.facebook.com\/volcanes.net\/","article_published_time":"2019-01-27T22:39:47+00:00","og_image":[{"width":512,"height":342,"url":"https:\/\/volcanes.net\/wp-content\/uploads\/2019\/01\/1548628714498614.jpg","type":"image\/jpeg"}],"author":"admin","twitter_card":"summary_large_image","twitter_misc":{"Escrito por":"admin","Tiempo de lectura":"2 minutos"},"schema":{"@context":"https:\/\/schema.org","@graph":[{"@type":"Article","@id":"https:\/\/volcanes.net\/?p=3706#article","isPartOf":{"@id":"https:\/\/volcanes.net\/?p=3706"},"author":{"name":"admin","@id":"https:\/\/volcanes.net\/#\/schema\/person\/4bf0f383940966a4abd53f5048c0e6b9"},"headline":"Exhorta la legislatura al fiscal de justicia a investigar agresiones Y amenazas contra regidor de Ecatepec","datePublished":"2019-01-27T22:39:47+00:00","mainEntityOfPage":{"@id":"https:\/\/volcanes.net\/?p=3706"},"wordCount":436,"commentCount":0,"publisher":{"@id":"https:\/\/volcanes.net\/#organization"},"image":{"@id":"https:\/\/volcanes.net\/?p=3706#primaryimage"},"thumbnailUrl":"https:\/\/volcanes.net\/wp-content\/uploads\/2019\/01\/1548628714498614.jpg","keywords":["Ecatepec"],"articleSection":["Estatales"],"inLanguage":"es","potentialAction":[{"@type":"CommentAction","name":"Comment","target":["https:\/\/volcanes.net\/?p=3706#respond"]}]},{"@type":"WebPage","@id":"https:\/\/volcanes.net\/?p=3706","url":"https:\/\/volcanes.net\/?p=3706","name":"Exhorta la legislatura al fiscal de justicia a investigar agresiones Y amenazas contra regidor de Ecatepec - Volcanes","isPartOf":{"@id":"https:\/\/volcanes.net\/#website"},"primaryImageOfPage":{"@id":"https:\/\/volcanes.net\/?p=3706#primaryimage"},"image":{"@id":"https:\/\/volcanes.net\/?p=3706#primaryimage"},"thumbnailUrl":"https:\/\/volcanes.net\/wp-content\/uploads\/2019\/01\/1548628714498614.jpg","datePublished":"2019-01-27T22:39:47+00:00","breadcrumb":{"@id":"https:\/\/volcanes.net\/?p=3706#breadcrumb"},"inLanguage":"es","potentialAction":[{"@type":"ReadAction","target":["https:\/\/volcanes.net\/?p=3706"]}]},{"@type":"ImageObject","inLanguage":"es","@id":"https:\/\/volcanes.net\/?p=3706#primaryimage","url":"https:\/\/volcanes.net\/wp-content\/uploads\/2019\/01\/1548628714498614.jpg","contentUrl":"https:\/\/volcanes.net\/wp-content\/uploads\/2019\/01\/1548628714498614.jpg","width":512,"height":342},{"@type":"BreadcrumbList","@id":"https:\/\/volcanes.net\/?p=3706#breadcrumb","itemListElement":[{"@type":"ListItem","position":1,"name":"Portada","item":"https:\/\/volcanes.net\/"},{"@type":"ListItem","position":2,"name":"Exhorta la legislatura al fiscal de justicia a investigar agresiones Y amenazas contra regidor de Ecatepec"}]},{"@type":"WebSite","@id":"https:\/\/volcanes.net\/#website","url":"https:\/\/volcanes.net\/","name":"Volcanes.Net","description":"Periodismo Profesional","publisher":{"@id":"https:\/\/volcanes.net\/#organization"},"potentialAction":[{"@type":"SearchAction","target":{"@type":"EntryPoint","urlTemplate":"https:\/\/volcanes.net\/?s={search_term_string}"},"query-input":{"@type":"PropertyValueSpecification","valueRequired":true,"valueName":"search_term_string"}}],"inLanguage":"es"},{"@type":"Organization","@id":"https:\/\/volcanes.net\/#organization","name":"Grupo Volcanes","url":"https:\/\/volcanes.net\/","logo":{"@type":"ImageObject","inLanguage":"es","@id":"https:\/\/volcanes.net\/#\/schema\/logo\/image\/","url":"http:\/\/volcanes.net\/wp-content\/uploads\/2017\/12\/Avatar2.jpg","contentUrl":"http:\/\/volcanes.net\/wp-content\/uploads\/2017\/12\/Avatar2.jpg","width":378,"height":378,"caption":"Grupo Volcanes"},"image":{"@id":"https:\/\/volcanes.net\/#\/schema\/logo\/image\/"},"sameAs":["https:\/\/www.facebook.com\/volcanes.net\/"]},{"@type":"Person","@id":"https:\/\/volcanes.net\/#\/schema\/person\/4bf0f383940966a4abd53f5048c0e6b9","name":"admin","image":{"@type":"ImageObject","inLanguage":"es","@id":"https:\/\/volcanes.net\/#\/schema\/person\/image\/","url":"https:\/\/secure.gravatar.com\/avatar\/ca004e6cba8462b8cb7abc86e382930c?s=96&d=mm&r=g","contentUrl":"https:\/\/secure.gravatar.com\/avatar\/ca004e6cba8462b8cb7abc86e382930c?s=96&d=mm&r=g","caption":"admin"}}]}},"_links":{"self":[{"href":"https:\/\/volcanes.net\/index.php?rest_route=\/wp\/v2\/posts\/3706"}],"collection":[{"href":"https:\/\/volcanes.net\/index.php?rest_route=\/wp\/v2\/posts"}],"about":[{"href":"https:\/\/volcanes.net\/index.php?rest_route=\/wp\/v2\/types\/post"}],"author":[{"embeddable":true,"href":"https:\/\/volcanes.net\/index.php?rest_route=\/wp\/v2\/users\/1"}],"replies":[{"embeddable":true,"href":"https:\/\/volcanes.net\/index.php?rest_route=%2Fwp%2Fv2%2Fcomments&post=3706"}],"version-history":[{"count":1,"href":"https:\/\/volcanes.net\/index.php?rest_route=\/wp\/v2\/posts\/3706\/revisions"}],"predecessor-version":[{"id":3707,"href":"https:\/\/volcanes.net\/index.php?rest_route=\/wp\/v2\/posts\/3706\/revisions\/3707"}],"wp:featuredmedia":[{"embeddable":true,"href":"https:\/\/volcanes.net\/index.php?rest_route=\/wp\/v2\/media\/3705"}],"wp:attachment":[{"href":"https:\/\/volcanes.net\/index.php?rest_route=%2Fwp%2Fv2%2Fmedia&parent=3706"}],"wp:term":[{"taxonomy":"category","embeddable":true,"href":"https:\/\/volcanes.net\/index.php?rest_route=%2Fwp%2Fv2%2Fcategories&post=3706"},{"taxonomy":"post_tag","embeddable":true,"href":"https:\/\/volcanes.net\/index.php?rest_route=%2Fwp%2Fv2%2Ftags&post=3706"}],"curies":[{"name":"wp","href":"https:\/\/api.w.org\/{rel}","templated":true}]}}