{"id":371,"date":"2018-01-11T04:58:08","date_gmt":"2018-01-11T04:58:08","guid":{"rendered":"http:\/\/volcanes.net\/?p=371"},"modified":"2018-01-11T04:58:08","modified_gmt":"2018-01-11T04:58:08","slug":"detiene-fiscalia-estatal-a-dos-sujetos-investigados-por-un-robo-de-vehiculo-ocurrido-en-ecatepec","status":"publish","type":"post","link":"https:\/\/volcanes.net\/?p=371","title":{"rendered":"Detiene fiscal\u00eda estatal a dos sujetos investigados por un robo de veh\u00edculo ocurrido en Ecatepec"},"content":{"rendered":"<div style=\"margin-top: 0px; margin-bottom: 0px;\" class=\"sharethis-inline-share-buttons\" ><\/div><p><strong>Toluca, M\u00e9xico, 10 de enero de 2018.-<\/strong>\u00a0Derivado de un operativo realizado en el municipio de Ecatepec, Agentes de Investigaci\u00f3n de la Fiscal\u00eda General de Justicia del Estado de M\u00e9xico (FGJEM) llevaron a cabo la detenci\u00f3n de dos sujetos, quienes son investigados por el delito de robo de veh\u00edculo con violencia.<\/p>\n<p>Los probables asaltantes fueron identificados como Jes\u00fas \u201cN\u201d, de 28 a\u00f1os de edad, y Roberto \u201cN\u201d, de 43 a\u00f1os, quienes habr\u00edan participado en el robo de un veh\u00edculo compacto.<\/p>\n<p>Ambos fueron detenidos en calles de la colonia San Agust\u00edn, Tercera Secci\u00f3n, momentos despu\u00e9s de que al parecer amagaron con un arma de fuego y un cuchillo al conductor de un autom\u00f3vil marca Seat, tipo Le\u00f3n, a quien despojaron del mismo.<\/p>\n<p>Cabe mencionar que tras cometer el asalto, estos sujetos pretendieron darse a la fuga a bordo del autom\u00f3vil robado, sin embargo fueron detenidos por elementos de la Fiscal\u00eda estatal, quienes se percataron de los hechos y realizaron un operativo en la zona.<\/p>\n<p>Jes\u00fas \u201cN\u201d y Roberto \u201cN\u201d, fueron presentados ante el Agente del Ministerio P\u00fablico, quien inici\u00f3 la carpeta de investigaci\u00f3n por el delito de robo de veh\u00edculo con violencia, y habr\u00e1 de determinar su situaci\u00f3n legal, sin embargo se le presume inocente hasta que sea dictada una sentencia condenatoria en su contra.<\/p>\n<p>La Fiscal\u00eda General de Justicia estatal hace un llamado a la ciudadan\u00eda para que en caso de que reconozca a estos sujetos como probables part\u00edcipes de alg\u00fan otro il\u00edcito, sean denunciados a trav\u00e9s del correo electr\u00f3nico<a href=\"mailto:cerotolerancia@edomex.gob.mx\">cerotolerancia@edomex.gob.mx<\/a>, al n\u00famero telef\u00f3nico 01 800 7028770, o bien, por medio de la aplicaci\u00f3n FGJEdomex, la cual est\u00e1 disponible de manera gratuita para todos los tel\u00e9fonos inteligentes de los sistemas iOS y Android.<\/p>\n","protected":false},"excerpt":{"rendered":"<p>Toluca, M\u00e9xico, 10 de enero de 2018.-\u00a0Derivado de un operativo realizado en el municipio de<\/p>\n","protected":false},"author":1,"featured_media":0,"comment_status":"open","ping_status":"open","sticky":false,"template":"","format":"standard","meta":{"footnotes":""},"categories":[1],"tags":[63],"class_list":["post-371","post","type-post","status-publish","format-standard","hentry","category-municipales","tag-ecatepec"],"yoast_head":"<!-- This site is optimized with the Yoast SEO plugin v25.3 - https:\/\/yoast.com\/wordpress\/plugins\/seo\/ -->\n<title>Detiene fiscal\u00eda estatal a dos sujetos investigados por un robo de veh\u00edculo ocurrido en Ecatepec - Volcanes<\/title>\n<meta name=\"robots\" content=\"index, follow, max-snippet:-1, max-image-preview:large, max-video-preview:-1\" \/>\n<link rel=\"canonical\" href=\"https:\/\/volcanes.net\/?p=371\" \/>\n<meta property=\"og:locale\" content=\"es_MX\" \/>\n<meta property=\"og:type\" content=\"article\" \/>\n<meta property=\"og:title\" content=\"Detiene fiscal\u00eda estatal a dos sujetos investigados por un robo de veh\u00edculo ocurrido en Ecatepec - Volcanes\" \/>\n<meta property=\"og:description\" content=\"Toluca, M\u00e9xico, 10 de enero de 2018.-\u00a0Derivado de un operativo realizado en el municipio de\" \/>\n<meta property=\"og:url\" content=\"https:\/\/volcanes.net\/?p=371\" \/>\n<meta property=\"og:site_name\" content=\"Volcanes\" \/>\n<meta property=\"article:publisher\" content=\"https:\/\/www.facebook.com\/volcanes.net\/\" \/>\n<meta property=\"article:published_time\" content=\"2018-01-11T04:58:08+00:00\" \/>\n<meta name=\"author\" content=\"admin\" \/>\n<meta name=\"twitter:card\" content=\"summary_large_image\" \/>\n<meta name=\"twitter:label1\" content=\"Escrito por\" \/>\n\t<meta name=\"twitter:data1\" content=\"admin\" \/>\n\t<meta name=\"twitter:label2\" content=\"Tiempo de lectura\" \/>\n\t<meta name=\"twitter:data2\" content=\"2 minutos\" \/>\n<script type=\"application\/ld+json\" class=\"yoast-schema-graph\">{\"@context\":\"https:\/\/schema.org\",\"@graph\":[{\"@type\":\"Article\",\"@id\":\"https:\/\/volcanes.net\/?p=371#article\",\"isPartOf\":{\"@id\":\"https:\/\/volcanes.net\/?p=371\"},\"author\":{\"name\":\"admin\",\"@id\":\"https:\/\/volcanes.net\/#\/schema\/person\/4bf0f383940966a4abd53f5048c0e6b9\"},\"headline\":\"Detiene fiscal\u00eda estatal a dos sujetos investigados por un robo de veh\u00edculo ocurrido en Ecatepec\",\"datePublished\":\"2018-01-11T04:58:08+00:00\",\"mainEntityOfPage\":{\"@id\":\"https:\/\/volcanes.net\/?p=371\"},\"wordCount\":330,\"commentCount\":0,\"publisher\":{\"@id\":\"https:\/\/volcanes.net\/#organization\"},\"keywords\":[\"Ecatepec\"],\"articleSection\":[\"Municipales\"],\"inLanguage\":\"es\",\"potentialAction\":[{\"@type\":\"CommentAction\",\"name\":\"Comment\",\"target\":[\"https:\/\/volcanes.net\/?p=371#respond\"]}]},{\"@type\":\"WebPage\",\"@id\":\"https:\/\/volcanes.net\/?p=371\",\"url\":\"https:\/\/volcanes.net\/?p=371\",\"name\":\"Detiene fiscal\u00eda estatal a dos sujetos investigados por un robo de veh\u00edculo ocurrido en Ecatepec - Volcanes\",\"isPartOf\":{\"@id\":\"https:\/\/volcanes.net\/#website\"},\"datePublished\":\"2018-01-11T04:58:08+00:00\",\"breadcrumb\":{\"@id\":\"https:\/\/volcanes.net\/?p=371#breadcrumb\"},\"inLanguage\":\"es\",\"potentialAction\":[{\"@type\":\"ReadAction\",\"target\":[\"https:\/\/volcanes.net\/?p=371\"]}]},{\"@type\":\"BreadcrumbList\",\"@id\":\"https:\/\/volcanes.net\/?p=371#breadcrumb\",\"itemListElement\":[{\"@type\":\"ListItem\",\"position\":1,\"name\":\"Portada\",\"item\":\"https:\/\/volcanes.net\/\"},{\"@type\":\"ListItem\",\"position\":2,\"name\":\"Detiene fiscal\u00eda estatal a dos sujetos investigados por un robo de veh\u00edculo ocurrido en Ecatepec\"}]},{\"@type\":\"WebSite\",\"@id\":\"https:\/\/volcanes.net\/#website\",\"url\":\"https:\/\/volcanes.net\/\",\"name\":\"Volcanes.Net\",\"description\":\"Periodismo Profesional\",\"publisher\":{\"@id\":\"https:\/\/volcanes.net\/#organization\"},\"potentialAction\":[{\"@type\":\"SearchAction\",\"target\":{\"@type\":\"EntryPoint\",\"urlTemplate\":\"https:\/\/volcanes.net\/?s={search_term_string}\"},\"query-input\":{\"@type\":\"PropertyValueSpecification\",\"valueRequired\":true,\"valueName\":\"search_term_string\"}}],\"inLanguage\":\"es\"},{\"@type\":\"Organization\",\"@id\":\"https:\/\/volcanes.net\/#organization\",\"name\":\"Grupo Volcanes\",\"url\":\"https:\/\/volcanes.net\/\",\"logo\":{\"@type\":\"ImageObject\",\"inLanguage\":\"es\",\"@id\":\"https:\/\/volcanes.net\/#\/schema\/logo\/image\/\",\"url\":\"http:\/\/volcanes.net\/wp-content\/uploads\/2017\/12\/Avatar2.jpg\",\"contentUrl\":\"http:\/\/volcanes.net\/wp-content\/uploads\/2017\/12\/Avatar2.jpg\",\"width\":378,\"height\":378,\"caption\":\"Grupo Volcanes\"},\"image\":{\"@id\":\"https:\/\/volcanes.net\/#\/schema\/logo\/image\/\"},\"sameAs\":[\"https:\/\/www.facebook.com\/volcanes.net\/\"]},{\"@type\":\"Person\",\"@id\":\"https:\/\/volcanes.net\/#\/schema\/person\/4bf0f383940966a4abd53f5048c0e6b9\",\"name\":\"admin\",\"image\":{\"@type\":\"ImageObject\",\"inLanguage\":\"es\",\"@id\":\"https:\/\/volcanes.net\/#\/schema\/person\/image\/\",\"url\":\"https:\/\/secure.gravatar.com\/avatar\/ca004e6cba8462b8cb7abc86e382930c?s=96&d=mm&r=g\",\"contentUrl\":\"https:\/\/secure.gravatar.com\/avatar\/ca004e6cba8462b8cb7abc86e382930c?s=96&d=mm&r=g\",\"caption\":\"admin\"}}]}<\/script>\n<!-- \/ Yoast SEO plugin. -->","yoast_head_json":{"title":"Detiene fiscal\u00eda estatal a dos sujetos investigados por un robo de veh\u00edculo ocurrido en Ecatepec - Volcanes","robots":{"index":"index","follow":"follow","max-snippet":"max-snippet:-1","max-image-preview":"max-image-preview:large","max-video-preview":"max-video-preview:-1"},"canonical":"https:\/\/volcanes.net\/?p=371","og_locale":"es_MX","og_type":"article","og_title":"Detiene fiscal\u00eda estatal a dos sujetos investigados por un robo de veh\u00edculo ocurrido en Ecatepec - Volcanes","og_description":"Toluca, M\u00e9xico, 10 de enero de 2018.-\u00a0Derivado de un operativo realizado en el municipio de","og_url":"https:\/\/volcanes.net\/?p=371","og_site_name":"Volcanes","article_publisher":"https:\/\/www.facebook.com\/volcanes.net\/","article_published_time":"2018-01-11T04:58:08+00:00","author":"admin","twitter_card":"summary_large_image","twitter_misc":{"Escrito por":"admin","Tiempo de lectura":"2 minutos"},"schema":{"@context":"https:\/\/schema.org","@graph":[{"@type":"Article","@id":"https:\/\/volcanes.net\/?p=371#article","isPartOf":{"@id":"https:\/\/volcanes.net\/?p=371"},"author":{"name":"admin","@id":"https:\/\/volcanes.net\/#\/schema\/person\/4bf0f383940966a4abd53f5048c0e6b9"},"headline":"Detiene fiscal\u00eda estatal a dos sujetos investigados por un robo de veh\u00edculo ocurrido en Ecatepec","datePublished":"2018-01-11T04:58:08+00:00","mainEntityOfPage":{"@id":"https:\/\/volcanes.net\/?p=371"},"wordCount":330,"commentCount":0,"publisher":{"@id":"https:\/\/volcanes.net\/#organization"},"keywords":["Ecatepec"],"articleSection":["Municipales"],"inLanguage":"es","potentialAction":[{"@type":"CommentAction","name":"Comment","target":["https:\/\/volcanes.net\/?p=371#respond"]}]},{"@type":"WebPage","@id":"https:\/\/volcanes.net\/?p=371","url":"https:\/\/volcanes.net\/?p=371","name":"Detiene fiscal\u00eda estatal a dos sujetos investigados por un robo de veh\u00edculo ocurrido en Ecatepec - Volcanes","isPartOf":{"@id":"https:\/\/volcanes.net\/#website"},"datePublished":"2018-01-11T04:58:08+00:00","breadcrumb":{"@id":"https:\/\/volcanes.net\/?p=371#breadcrumb"},"inLanguage":"es","potentialAction":[{"@type":"ReadAction","target":["https:\/\/volcanes.net\/?p=371"]}]},{"@type":"BreadcrumbList","@id":"https:\/\/volcanes.net\/?p=371#breadcrumb","itemListElement":[{"@type":"ListItem","position":1,"name":"Portada","item":"https:\/\/volcanes.net\/"},{"@type":"ListItem","position":2,"name":"Detiene fiscal\u00eda estatal a dos sujetos investigados por un robo de veh\u00edculo ocurrido en Ecatepec"}]},{"@type":"WebSite","@id":"https:\/\/volcanes.net\/#website","url":"https:\/\/volcanes.net\/","name":"Volcanes.Net","description":"Periodismo Profesional","publisher":{"@id":"https:\/\/volcanes.net\/#organization"},"potentialAction":[{"@type":"SearchAction","target":{"@type":"EntryPoint","urlTemplate":"https:\/\/volcanes.net\/?s={search_term_string}"},"query-input":{"@type":"PropertyValueSpecification","valueRequired":true,"valueName":"search_term_string"}}],"inLanguage":"es"},{"@type":"Organization","@id":"https:\/\/volcanes.net\/#organization","name":"Grupo Volcanes","url":"https:\/\/volcanes.net\/","logo":{"@type":"ImageObject","inLanguage":"es","@id":"https:\/\/volcanes.net\/#\/schema\/logo\/image\/","url":"http:\/\/volcanes.net\/wp-content\/uploads\/2017\/12\/Avatar2.jpg","contentUrl":"http:\/\/volcanes.net\/wp-content\/uploads\/2017\/12\/Avatar2.jpg","width":378,"height":378,"caption":"Grupo Volcanes"},"image":{"@id":"https:\/\/volcanes.net\/#\/schema\/logo\/image\/"},"sameAs":["https:\/\/www.facebook.com\/volcanes.net\/"]},{"@type":"Person","@id":"https:\/\/volcanes.net\/#\/schema\/person\/4bf0f383940966a4abd53f5048c0e6b9","name":"admin","image":{"@type":"ImageObject","inLanguage":"es","@id":"https:\/\/volcanes.net\/#\/schema\/person\/image\/","url":"https:\/\/secure.gravatar.com\/avatar\/ca004e6cba8462b8cb7abc86e382930c?s=96&d=mm&r=g","contentUrl":"https:\/\/secure.gravatar.com\/avatar\/ca004e6cba8462b8cb7abc86e382930c?s=96&d=mm&r=g","caption":"admin"}}]}},"_links":{"self":[{"href":"https:\/\/volcanes.net\/index.php?rest_route=\/wp\/v2\/posts\/371"}],"collection":[{"href":"https:\/\/volcanes.net\/index.php?rest_route=\/wp\/v2\/posts"}],"about":[{"href":"https:\/\/volcanes.net\/index.php?rest_route=\/wp\/v2\/types\/post"}],"author":[{"embeddable":true,"href":"https:\/\/volcanes.net\/index.php?rest_route=\/wp\/v2\/users\/1"}],"replies":[{"embeddable":true,"href":"https:\/\/volcanes.net\/index.php?rest_route=%2Fwp%2Fv2%2Fcomments&post=371"}],"version-history":[{"count":1,"href":"https:\/\/volcanes.net\/index.php?rest_route=\/wp\/v2\/posts\/371\/revisions"}],"predecessor-version":[{"id":373,"href":"https:\/\/volcanes.net\/index.php?rest_route=\/wp\/v2\/posts\/371\/revisions\/373"}],"wp:attachment":[{"href":"https:\/\/volcanes.net\/index.php?rest_route=%2Fwp%2Fv2%2Fmedia&parent=371"}],"wp:term":[{"taxonomy":"category","embeddable":true,"href":"https:\/\/volcanes.net\/index.php?rest_route=%2Fwp%2Fv2%2Fcategories&post=371"},{"taxonomy":"post_tag","embeddable":true,"href":"https:\/\/volcanes.net\/index.php?rest_route=%2Fwp%2Fv2%2Ftags&post=371"}],"curies":[{"name":"wp","href":"https:\/\/api.w.org\/{rel}","templated":true}]}}