{"id":3722,"date":"2019-01-28T13:01:09","date_gmt":"2019-01-28T13:01:09","guid":{"rendered":"http:\/\/volcanes.net\/?p=3722"},"modified":"2019-01-28T13:01:09","modified_gmt":"2019-01-28T13:01:09","slug":"mexico-participa-con-exito-en-feria-internacional-de-turismo-de-madrid","status":"publish","type":"post","link":"https:\/\/volcanes.net\/?p=3722","title":{"rendered":"M\u00e9xico participa con \u00e9xito en Feria Internacional de Turismo de Madrid"},"content":{"rendered":"<div style=\"margin-top: 0px; margin-bottom: 0px;\" class=\"sharethis-inline-share-buttons\" ><\/div><p style=\"border:0px;font-family:\">La participaci\u00f3n del gobierno de M\u00e9xico en la Feria Internacional de Turismo de Madrid FITUR-2019, result\u00f3 exitosa y se llev\u00f3 a cabo en un marco de austeridad con uso eficiente de los recursos p\u00fablicos, destac\u00f3 la Secretar\u00eda de Turismo (Sectur).<\/p>\n<p style=\"border:0px;font-family:\">El titular de la Sectur, Miguel Torruco Marqu\u00e9s, inform\u00f3 que esto permiti\u00f3 alcanzar un acuerdo con Espa\u00f1a para desarrollar y fortalecer la cooperaci\u00f3n entre ambos pa\u00edses en materia tur\u00edstica.<\/p>\n<p style=\"border:0px;font-family:\">Subray\u00f3 que el gobierno de M\u00e9xico, ha adoptado una visi\u00f3n republicana a favor de la austeridad, que busca la transparencia y la optimizaci\u00f3n en la aplicaci\u00f3n de los recursos p\u00fablicos, de ah\u00ed el nuevo esquema de participaci\u00f3n del pa\u00eds en FITUR, una de las ferias m\u00e1s importantes.<\/p>\n<p style=\"border:0px;font-family:\">Manifest\u00f3 que est\u00e1 muy contento con la participaci\u00f3n que tuvo M\u00e9xico y toda la delegaci\u00f3n integrada por los gobiernos estatales asistentes y tour operadores en la FITUR, y agradeci\u00f3 los patrocinios con los que cont\u00f3 el gobierno para tener una importante presencia en este evento de relevancia internacional.<\/p>\n<p style=\"border:0px;font-family:\">Al hacer un balance sobre la participaci\u00f3n de M\u00e9xico en la feria de Madrid, Torruco Marqu\u00e9s resalt\u00f3 que, en el nuevo modelo tur\u00edstico que impulsa la Sectur, uno de los principales objetivos es incrementarla derrama econ\u00f3mica por turistas internacionales.<\/p>\n<p style=\"border:0px;font-family:\">\u201cEn la Secretar\u00eda de Turismo estamos trabajando para hacer de M\u00e9xico un destino especial, diferente, que lo posicione por encima de sus competidores en las preferencias de los m\u00e1s de mil 300 millones de turistas que viajan cada a\u00f1o por el mundo\u201d, reiter\u00f3.<\/p>\n<p style=\"border:0px;font-family:\">La dependencia inform\u00f3 en un comunicado que la agenda de su titular inici\u00f3 el lunes 21 de enero con su participaci\u00f3n en el corte de list\u00f3n inaugural de la \u201cSemana de Campeche en Espa\u00f1a\u201d, junto con la embajadora de M\u00e9xico en Espa\u00f1a, Roberta Lajous, y el gobernador de Campeche, Alejandro Moreno C\u00e1rdenas, en la Casa de M\u00e9xico en Espa\u00f1a.<\/p>\n<p style=\"border:0px;font-family:\">La embajadora Lajous afirm\u00f3: \u201choy nos vestimos de gala, por primera vez se va a recibir en esta casa a un estado de la Rep\u00fablica para que muestre lo mejor de su arte, su historia, su gastronom\u00eda y sus artesan\u00edas. Pero, sobre todo, por la posibilidad de vincularse con distintos sectores de la sociedad espa\u00f1ola y hacer una promoci\u00f3n integral del estado de Campeche\u201d.<\/p>\n<p style=\"border:0px;font-family:\">El martes 22 de enero, Miguel Torruco particip\u00f3 en la \u201c22\u00aa Conferencia Iberoamericana de Ministros y Empresarios de Turismo\u201d, que se realiz\u00f3 en el marco de la Feria Internacional de Turismo (FITUR), en su car\u00e1cter de presidente de la Comisi\u00f3n Interamericana de Turismo de la Organizaci\u00f3n de Estados Americanos (OEA) y secretario de Turismo del gobierno de M\u00e9xico.<\/p>\n<p style=\"border:0px;font-family:\">En este foro, ante ministros y empresarios de Iberoam\u00e9rica, el secretario de Turismo de M\u00e9xico convoc\u00f3 a una reuni\u00f3n internacional para analizar y acordar, de manera conjunta, acciones que lleven a una soluci\u00f3n del problema que representa la creciente presencia de sargazo en playas de varios pa\u00edses que forman parte de la Cuenca del Mar Caribe.<\/p>\n<p style=\"border:0px;font-family:\">Destac\u00f3 la importancia de que los Ministerios de Turismo y de Medio Ambiente de Iberoam\u00e9rica trabajen en estrecha coordinaci\u00f3n para realizar acciones comunes que permitan enfrentar este fen\u00f3meno natural, pues afecta a la actividad tur\u00edstica e impacta de manera adversa a la econom\u00eda de esos centros tur\u00edsticos y, con ello, la vida de sus habitantes, de la fauna, flora y de los ecosistemas existentes en los litorales.<\/p>\n<p style=\"border:0px;font-family:\">En el mismo foro, el secretario de Turismo dijo que M\u00e9xico es un pa\u00eds enormemente atractivo para las inversiones, a trav\u00e9s de incentivos y apoyos, adem\u00e1s de que cuenta con un ambiente econ\u00f3mico s\u00f3lido, es ya la catorceava econom\u00eda del mundo y treceavo con mayor cantidad de reservas internacionales.<\/p>\n<p style=\"border:0px;font-family:\">El mi\u00e9rcoles 22 de enero el titular de la Sectur inaugur\u00f3 el Pabell\u00f3n de M\u00e9xico en la FITUR, donde subray\u00f3 que ha iniciado una nueva etapa en la promoci\u00f3n tur\u00edstica del pa\u00eds, a trav\u00e9s del trabajo y la colaboraci\u00f3n conjunta entre el gobierno y la iniciativa privada, con el apoyo de las embajadas y consulados a nivel internacional, para seguir posicionando a M\u00e9xico como un destino de clase mundial.<\/p>\n<p style=\"border:0px;font-family:\">Torruco Marqu\u00e9s enfatiz\u00f3 que es necesario continuar con la promoci\u00f3n y difusi\u00f3n de la actividad tur\u00edstica como herramienta fundamental para mantener el posicionamiento de M\u00e9xico ante el mercado internacional, reconociendo que existe una realidad tur\u00edstica compleja y multidimensional y una fuerte competencia.<\/p>\n<p style=\"border:0px;font-family:\">El jueves 24 de enero, durante una comida ofrecida al gobierno de M\u00e9xico por Grupo Milenio y Unidad Editorial, Miguel Torruco explic\u00f3 que l nuevo modelo tur\u00edstico que impulsa la Secretar\u00eda de Turismo.<\/p>\n<p style=\"border:0px;font-family:\">Como parte de su agenda de trabajo en la capital ib\u00e9rica, tambi\u00e9n sostuvo entrevistas con medios de comunicaci\u00f3n espa\u00f1oles; asisti\u00f3 a una reuni\u00f3n de trabajo con gobernadores y secretarios de turismo asistentes a FITUR; tuvo un encuentro con empresarios hoteleros espa\u00f1oles y particip\u00f3 en la presentaci\u00f3n del Tianguis en Acapulco-2019, en el recinto ferial.<\/p>\n<p style=\"border:0px;font-family:\">Se reuni\u00f3 con el secretario general de la Organizaci\u00f3n Mundial de Turismo (OMT), Zurab Plololikashvili; tuvo un encuentro con el presidente del Banco Sabadell, Josep Oliu y firm\u00f3 unMemor\u00e1ndum de Entendimiento con el Ministerio de Comercio y Turismo de Espa\u00f1a, a cargo de Mar\u00eda Reyes Maroto.<\/p>\n<p style=\"border:0px;font-family:\">La dependencia federal mencion\u00f3 que este acuerdo de cooperaci\u00f3n ser\u00e1 ratificado por los Presidentes de ambos pa\u00edses, durante la visita que el mandatario espa\u00f1ol, Pedro S\u00e1nchez, realizar\u00e1 pr\u00f3ximamente a M\u00e9xico.<\/p>\n<p style=\"border:0px;font-family:\">Fuente: NTX<\/p>\n","protected":false},"excerpt":{"rendered":"<p>La participaci\u00f3n del gobierno de M\u00e9xico en la Feria Internacional de Turismo de Madrid FITUR-2019,<\/p>\n","protected":false},"author":1,"featured_media":3721,"comment_status":"open","ping_status":"open","sticky":false,"template":"","format":"standard","meta":{"footnotes":""},"categories":[1],"tags":[44],"class_list":["post-3722","post","type-post","status-publish","format-standard","has-post-thumbnail","hentry","category-municipales","tag-gobierno-de-la-republica"],"yoast_head":"<!-- This site is optimized with the Yoast SEO plugin v25.3 - https:\/\/yoast.com\/wordpress\/plugins\/seo\/ -->\n<title>M\u00e9xico participa con \u00e9xito en Feria Internacional de Turismo de Madrid - Volcanes<\/title>\n<meta name=\"robots\" content=\"index, follow, max-snippet:-1, max-image-preview:large, max-video-preview:-1\" \/>\n<link rel=\"canonical\" href=\"https:\/\/volcanes.net\/?p=3722\" \/>\n<meta property=\"og:locale\" content=\"es_MX\" \/>\n<meta property=\"og:type\" content=\"article\" \/>\n<meta property=\"og:title\" content=\"M\u00e9xico participa con \u00e9xito en Feria Internacional de Turismo de Madrid - Volcanes\" \/>\n<meta property=\"og:description\" content=\"La participaci\u00f3n del gobierno de M\u00e9xico en la Feria Internacional de Turismo de Madrid FITUR-2019,\" \/>\n<meta property=\"og:url\" content=\"https:\/\/volcanes.net\/?p=3722\" \/>\n<meta property=\"og:site_name\" content=\"Volcanes\" \/>\n<meta property=\"article:publisher\" content=\"https:\/\/www.facebook.com\/volcanes.net\/\" \/>\n<meta property=\"article:published_time\" content=\"2019-01-28T13:01:09+00:00\" \/>\n<meta property=\"og:image\" content=\"https:\/\/volcanes.net\/wp-content\/uploads\/2019\/01\/JxkRFRoLalQUZLhC3Mvn_GOSxOSVr-24KQ-Jai3N-NTywTQIgYkLbaeWnwcXM8helwkS-Ja7CeUzaON_8YFKLZeZSQ.jpeg\" \/>\n\t<meta property=\"og:image:width\" content=\"512\" \/>\n\t<meta property=\"og:image:height\" content=\"344\" \/>\n\t<meta property=\"og:image:type\" content=\"image\/jpeg\" \/>\n<meta name=\"author\" content=\"admin\" \/>\n<meta name=\"twitter:card\" content=\"summary_large_image\" \/>\n<meta name=\"twitter:label1\" content=\"Escrito por\" \/>\n\t<meta name=\"twitter:data1\" content=\"admin\" \/>\n\t<meta name=\"twitter:label2\" content=\"Tiempo de lectura\" \/>\n\t<meta name=\"twitter:data2\" content=\"5 minutos\" \/>\n<script type=\"application\/ld+json\" class=\"yoast-schema-graph\">{\"@context\":\"https:\/\/schema.org\",\"@graph\":[{\"@type\":\"Article\",\"@id\":\"https:\/\/volcanes.net\/?p=3722#article\",\"isPartOf\":{\"@id\":\"https:\/\/volcanes.net\/?p=3722\"},\"author\":{\"name\":\"admin\",\"@id\":\"https:\/\/volcanes.net\/#\/schema\/person\/4bf0f383940966a4abd53f5048c0e6b9\"},\"headline\":\"M\u00e9xico participa con \u00e9xito en Feria Internacional de Turismo de Madrid\",\"datePublished\":\"2019-01-28T13:01:09+00:00\",\"mainEntityOfPage\":{\"@id\":\"https:\/\/volcanes.net\/?p=3722\"},\"wordCount\":980,\"commentCount\":0,\"publisher\":{\"@id\":\"https:\/\/volcanes.net\/#organization\"},\"image\":{\"@id\":\"https:\/\/volcanes.net\/?p=3722#primaryimage\"},\"thumbnailUrl\":\"https:\/\/volcanes.net\/wp-content\/uploads\/2019\/01\/JxkRFRoLalQUZLhC3Mvn_GOSxOSVr-24KQ-Jai3N-NTywTQIgYkLbaeWnwcXM8helwkS-Ja7CeUzaON_8YFKLZeZSQ.jpeg\",\"keywords\":[\"Gobierno de la Rep\u00fablica\"],\"articleSection\":[\"Municipales\"],\"inLanguage\":\"es\",\"potentialAction\":[{\"@type\":\"CommentAction\",\"name\":\"Comment\",\"target\":[\"https:\/\/volcanes.net\/?p=3722#respond\"]}]},{\"@type\":\"WebPage\",\"@id\":\"https:\/\/volcanes.net\/?p=3722\",\"url\":\"https:\/\/volcanes.net\/?p=3722\",\"name\":\"M\u00e9xico participa con \u00e9xito en Feria Internacional de Turismo de Madrid - Volcanes\",\"isPartOf\":{\"@id\":\"https:\/\/volcanes.net\/#website\"},\"primaryImageOfPage\":{\"@id\":\"https:\/\/volcanes.net\/?p=3722#primaryimage\"},\"image\":{\"@id\":\"https:\/\/volcanes.net\/?p=3722#primaryimage\"},\"thumbnailUrl\":\"https:\/\/volcanes.net\/wp-content\/uploads\/2019\/01\/JxkRFRoLalQUZLhC3Mvn_GOSxOSVr-24KQ-Jai3N-NTywTQIgYkLbaeWnwcXM8helwkS-Ja7CeUzaON_8YFKLZeZSQ.jpeg\",\"datePublished\":\"2019-01-28T13:01:09+00:00\",\"breadcrumb\":{\"@id\":\"https:\/\/volcanes.net\/?p=3722#breadcrumb\"},\"inLanguage\":\"es\",\"potentialAction\":[{\"@type\":\"ReadAction\",\"target\":[\"https:\/\/volcanes.net\/?p=3722\"]}]},{\"@type\":\"ImageObject\",\"inLanguage\":\"es\",\"@id\":\"https:\/\/volcanes.net\/?p=3722#primaryimage\",\"url\":\"https:\/\/volcanes.net\/wp-content\/uploads\/2019\/01\/JxkRFRoLalQUZLhC3Mvn_GOSxOSVr-24KQ-Jai3N-NTywTQIgYkLbaeWnwcXM8helwkS-Ja7CeUzaON_8YFKLZeZSQ.jpeg\",\"contentUrl\":\"https:\/\/volcanes.net\/wp-content\/uploads\/2019\/01\/JxkRFRoLalQUZLhC3Mvn_GOSxOSVr-24KQ-Jai3N-NTywTQIgYkLbaeWnwcXM8helwkS-Ja7CeUzaON_8YFKLZeZSQ.jpeg\",\"width\":512,\"height\":344},{\"@type\":\"BreadcrumbList\",\"@id\":\"https:\/\/volcanes.net\/?p=3722#breadcrumb\",\"itemListElement\":[{\"@type\":\"ListItem\",\"position\":1,\"name\":\"Portada\",\"item\":\"https:\/\/volcanes.net\/\"},{\"@type\":\"ListItem\",\"position\":2,\"name\":\"M\u00e9xico participa con \u00e9xito en Feria Internacional de Turismo de Madrid\"}]},{\"@type\":\"WebSite\",\"@id\":\"https:\/\/volcanes.net\/#website\",\"url\":\"https:\/\/volcanes.net\/\",\"name\":\"Volcanes.Net\",\"description\":\"Periodismo Profesional\",\"publisher\":{\"@id\":\"https:\/\/volcanes.net\/#organization\"},\"potentialAction\":[{\"@type\":\"SearchAction\",\"target\":{\"@type\":\"EntryPoint\",\"urlTemplate\":\"https:\/\/volcanes.net\/?s={search_term_string}\"},\"query-input\":{\"@type\":\"PropertyValueSpecification\",\"valueRequired\":true,\"valueName\":\"search_term_string\"}}],\"inLanguage\":\"es\"},{\"@type\":\"Organization\",\"@id\":\"https:\/\/volcanes.net\/#organization\",\"name\":\"Grupo Volcanes\",\"url\":\"https:\/\/volcanes.net\/\",\"logo\":{\"@type\":\"ImageObject\",\"inLanguage\":\"es\",\"@id\":\"https:\/\/volcanes.net\/#\/schema\/logo\/image\/\",\"url\":\"http:\/\/volcanes.net\/wp-content\/uploads\/2017\/12\/Avatar2.jpg\",\"contentUrl\":\"http:\/\/volcanes.net\/wp-content\/uploads\/2017\/12\/Avatar2.jpg\",\"width\":378,\"height\":378,\"caption\":\"Grupo Volcanes\"},\"image\":{\"@id\":\"https:\/\/volcanes.net\/#\/schema\/logo\/image\/\"},\"sameAs\":[\"https:\/\/www.facebook.com\/volcanes.net\/\"]},{\"@type\":\"Person\",\"@id\":\"https:\/\/volcanes.net\/#\/schema\/person\/4bf0f383940966a4abd53f5048c0e6b9\",\"name\":\"admin\",\"image\":{\"@type\":\"ImageObject\",\"inLanguage\":\"es\",\"@id\":\"https:\/\/volcanes.net\/#\/schema\/person\/image\/\",\"url\":\"https:\/\/secure.gravatar.com\/avatar\/ca004e6cba8462b8cb7abc86e382930c?s=96&d=mm&r=g\",\"contentUrl\":\"https:\/\/secure.gravatar.com\/avatar\/ca004e6cba8462b8cb7abc86e382930c?s=96&d=mm&r=g\",\"caption\":\"admin\"}}]}<\/script>\n<!-- \/ Yoast SEO plugin. -->","yoast_head_json":{"title":"M\u00e9xico participa con \u00e9xito en Feria Internacional de Turismo de Madrid - Volcanes","robots":{"index":"index","follow":"follow","max-snippet":"max-snippet:-1","max-image-preview":"max-image-preview:large","max-video-preview":"max-video-preview:-1"},"canonical":"https:\/\/volcanes.net\/?p=3722","og_locale":"es_MX","og_type":"article","og_title":"M\u00e9xico participa con \u00e9xito en Feria Internacional de Turismo de Madrid - Volcanes","og_description":"La participaci\u00f3n del gobierno de M\u00e9xico en la Feria Internacional de Turismo de Madrid FITUR-2019,","og_url":"https:\/\/volcanes.net\/?p=3722","og_site_name":"Volcanes","article_publisher":"https:\/\/www.facebook.com\/volcanes.net\/","article_published_time":"2019-01-28T13:01:09+00:00","og_image":[{"width":512,"height":344,"url":"https:\/\/volcanes.net\/wp-content\/uploads\/2019\/01\/JxkRFRoLalQUZLhC3Mvn_GOSxOSVr-24KQ-Jai3N-NTywTQIgYkLbaeWnwcXM8helwkS-Ja7CeUzaON_8YFKLZeZSQ.jpeg","type":"image\/jpeg"}],"author":"admin","twitter_card":"summary_large_image","twitter_misc":{"Escrito por":"admin","Tiempo de lectura":"5 minutos"},"schema":{"@context":"https:\/\/schema.org","@graph":[{"@type":"Article","@id":"https:\/\/volcanes.net\/?p=3722#article","isPartOf":{"@id":"https:\/\/volcanes.net\/?p=3722"},"author":{"name":"admin","@id":"https:\/\/volcanes.net\/#\/schema\/person\/4bf0f383940966a4abd53f5048c0e6b9"},"headline":"M\u00e9xico participa con \u00e9xito en Feria Internacional de Turismo de Madrid","datePublished":"2019-01-28T13:01:09+00:00","mainEntityOfPage":{"@id":"https:\/\/volcanes.net\/?p=3722"},"wordCount":980,"commentCount":0,"publisher":{"@id":"https:\/\/volcanes.net\/#organization"},"image":{"@id":"https:\/\/volcanes.net\/?p=3722#primaryimage"},"thumbnailUrl":"https:\/\/volcanes.net\/wp-content\/uploads\/2019\/01\/JxkRFRoLalQUZLhC3Mvn_GOSxOSVr-24KQ-Jai3N-NTywTQIgYkLbaeWnwcXM8helwkS-Ja7CeUzaON_8YFKLZeZSQ.jpeg","keywords":["Gobierno de la Rep\u00fablica"],"articleSection":["Municipales"],"inLanguage":"es","potentialAction":[{"@type":"CommentAction","name":"Comment","target":["https:\/\/volcanes.net\/?p=3722#respond"]}]},{"@type":"WebPage","@id":"https:\/\/volcanes.net\/?p=3722","url":"https:\/\/volcanes.net\/?p=3722","name":"M\u00e9xico participa con \u00e9xito en Feria Internacional de Turismo de Madrid - Volcanes","isPartOf":{"@id":"https:\/\/volcanes.net\/#website"},"primaryImageOfPage":{"@id":"https:\/\/volcanes.net\/?p=3722#primaryimage"},"image":{"@id":"https:\/\/volcanes.net\/?p=3722#primaryimage"},"thumbnailUrl":"https:\/\/volcanes.net\/wp-content\/uploads\/2019\/01\/JxkRFRoLalQUZLhC3Mvn_GOSxOSVr-24KQ-Jai3N-NTywTQIgYkLbaeWnwcXM8helwkS-Ja7CeUzaON_8YFKLZeZSQ.jpeg","datePublished":"2019-01-28T13:01:09+00:00","breadcrumb":{"@id":"https:\/\/volcanes.net\/?p=3722#breadcrumb"},"inLanguage":"es","potentialAction":[{"@type":"ReadAction","target":["https:\/\/volcanes.net\/?p=3722"]}]},{"@type":"ImageObject","inLanguage":"es","@id":"https:\/\/volcanes.net\/?p=3722#primaryimage","url":"https:\/\/volcanes.net\/wp-content\/uploads\/2019\/01\/JxkRFRoLalQUZLhC3Mvn_GOSxOSVr-24KQ-Jai3N-NTywTQIgYkLbaeWnwcXM8helwkS-Ja7CeUzaON_8YFKLZeZSQ.jpeg","contentUrl":"https:\/\/volcanes.net\/wp-content\/uploads\/2019\/01\/JxkRFRoLalQUZLhC3Mvn_GOSxOSVr-24KQ-Jai3N-NTywTQIgYkLbaeWnwcXM8helwkS-Ja7CeUzaON_8YFKLZeZSQ.jpeg","width":512,"height":344},{"@type":"BreadcrumbList","@id":"https:\/\/volcanes.net\/?p=3722#breadcrumb","itemListElement":[{"@type":"ListItem","position":1,"name":"Portada","item":"https:\/\/volcanes.net\/"},{"@type":"ListItem","position":2,"name":"M\u00e9xico participa con \u00e9xito en Feria Internacional de Turismo de Madrid"}]},{"@type":"WebSite","@id":"https:\/\/volcanes.net\/#website","url":"https:\/\/volcanes.net\/","name":"Volcanes.Net","description":"Periodismo Profesional","publisher":{"@id":"https:\/\/volcanes.net\/#organization"},"potentialAction":[{"@type":"SearchAction","target":{"@type":"EntryPoint","urlTemplate":"https:\/\/volcanes.net\/?s={search_term_string}"},"query-input":{"@type":"PropertyValueSpecification","valueRequired":true,"valueName":"search_term_string"}}],"inLanguage":"es"},{"@type":"Organization","@id":"https:\/\/volcanes.net\/#organization","name":"Grupo Volcanes","url":"https:\/\/volcanes.net\/","logo":{"@type":"ImageObject","inLanguage":"es","@id":"https:\/\/volcanes.net\/#\/schema\/logo\/image\/","url":"http:\/\/volcanes.net\/wp-content\/uploads\/2017\/12\/Avatar2.jpg","contentUrl":"http:\/\/volcanes.net\/wp-content\/uploads\/2017\/12\/Avatar2.jpg","width":378,"height":378,"caption":"Grupo Volcanes"},"image":{"@id":"https:\/\/volcanes.net\/#\/schema\/logo\/image\/"},"sameAs":["https:\/\/www.facebook.com\/volcanes.net\/"]},{"@type":"Person","@id":"https:\/\/volcanes.net\/#\/schema\/person\/4bf0f383940966a4abd53f5048c0e6b9","name":"admin","image":{"@type":"ImageObject","inLanguage":"es","@id":"https:\/\/volcanes.net\/#\/schema\/person\/image\/","url":"https:\/\/secure.gravatar.com\/avatar\/ca004e6cba8462b8cb7abc86e382930c?s=96&d=mm&r=g","contentUrl":"https:\/\/secure.gravatar.com\/avatar\/ca004e6cba8462b8cb7abc86e382930c?s=96&d=mm&r=g","caption":"admin"}}]}},"_links":{"self":[{"href":"https:\/\/volcanes.net\/index.php?rest_route=\/wp\/v2\/posts\/3722"}],"collection":[{"href":"https:\/\/volcanes.net\/index.php?rest_route=\/wp\/v2\/posts"}],"about":[{"href":"https:\/\/volcanes.net\/index.php?rest_route=\/wp\/v2\/types\/post"}],"author":[{"embeddable":true,"href":"https:\/\/volcanes.net\/index.php?rest_route=\/wp\/v2\/users\/1"}],"replies":[{"embeddable":true,"href":"https:\/\/volcanes.net\/index.php?rest_route=%2Fwp%2Fv2%2Fcomments&post=3722"}],"version-history":[{"count":1,"href":"https:\/\/volcanes.net\/index.php?rest_route=\/wp\/v2\/posts\/3722\/revisions"}],"predecessor-version":[{"id":3723,"href":"https:\/\/volcanes.net\/index.php?rest_route=\/wp\/v2\/posts\/3722\/revisions\/3723"}],"wp:featuredmedia":[{"embeddable":true,"href":"https:\/\/volcanes.net\/index.php?rest_route=\/wp\/v2\/media\/3721"}],"wp:attachment":[{"href":"https:\/\/volcanes.net\/index.php?rest_route=%2Fwp%2Fv2%2Fmedia&parent=3722"}],"wp:term":[{"taxonomy":"category","embeddable":true,"href":"https:\/\/volcanes.net\/index.php?rest_route=%2Fwp%2Fv2%2Fcategories&post=3722"},{"taxonomy":"post_tag","embeddable":true,"href":"https:\/\/volcanes.net\/index.php?rest_route=%2Fwp%2Fv2%2Ftags&post=3722"}],"curies":[{"name":"wp","href":"https:\/\/api.w.org\/{rel}","templated":true}]}}