{"id":3725,"date":"2019-01-28T13:02:58","date_gmt":"2019-01-28T13:02:58","guid":{"rendered":"http:\/\/volcanes.net\/?p=3725"},"modified":"2019-01-28T13:02:58","modified_gmt":"2019-01-28T13:02:58","slug":"beatriz-gutierrez-resalta-importancia-de-mocorito-en-la-cultura-mexicana","status":"publish","type":"post","link":"https:\/\/volcanes.net\/?p=3725","title":{"rendered":"Beatriz Guti\u00e9rrez resalta importancia de Mocorito en la cultura mexicana"},"content":{"rendered":"<div style=\"margin-top: 0px; margin-bottom: 0px;\" class=\"sharethis-inline-share-buttons\" ><\/div><p style=\"border:0px;font-family:\">Beatriz Guti\u00e9rrez M\u00fcller, titular del Consejo Honorario de Memoria Hist\u00f3rica y Cultural, resalt\u00f3 la importancia de Mocorito en la cultura mexicana, pues es tierra de la revista Arte, que lo llev\u00f3 a ser considerado como la Atenas de Sinaloa, as\u00ed como de grandes personajes.<\/p>\n<p style=\"border:0px;font-family:\">En la presentaci\u00f3n de la Estrategia Nacional de Lectura del Gobierno de M\u00e9xico, presidida por el presidente Andr\u00e9s Manuel L\u00f3pez Obrador, refiri\u00f3 que en Arte, nacida en 1907, escribieron plumas como Enrique Gonz\u00e1lez Mart\u00ednez, Jos\u00e9 Sab\u00e1s de la Mora, Sixto de Sola, Leopoldo Lugones, Amado Nervo, Heriberto Fr\u00edas, Mariano Azuela, Rub\u00e9n Dar\u00edo, entre muchos otros.<\/p>\n<p style=\"border:0px;font-family:\">Destac\u00f3 que gracias a Gonz\u00e1lez Mart\u00ednez, Mocorito dej\u00f3 de ser un lugar desconocido en la geograf\u00eda hispanoamericana e indic\u00f3 que el ensalzamiento del arte y la vida creativa \u201canim\u00f3 a mucha gente a colaborar, gestionar y vivificar este hermoso sitio; hab\u00eda recitales, tertulias, lecturas p\u00fablicas, ejecuciones musicales y, en general, los lugare\u00f1os participaban de la cultura como hoy en Mazatl\u00e1n o en Culiac\u00e1n\u201d, subray\u00f3.<\/p>\n<p style=\"border:0px;font-family:\">Guti\u00e9rrez M\u00fcller a\u00f1adi\u00f3 que era com\u00fan en los a\u00f1os del porfiriato ufanarse de ser oriundo de Mocorito, donde se demostraba al mundo pol\u00edtico que pod\u00eda hacerse un buen trabajo editorial con los autores m\u00e1s prestigiados del momento.<\/p>\n<p style=\"border:0px;font-family:\">Record\u00f3 que este lugar tambi\u00e9n es la tierra de Eustaquio Buelna, abogado, fil\u00f3logo e historiador, que gobern\u00f3 Sinaloa en el \u00faltimo cuarto del siglo XIX, naci\u00f3 tambi\u00e9n el general de brigada Rafael Buelna Tenorio, quien muri\u00f3 joven y particip\u00f3 \u201cactiva y dignamente en la Revoluci\u00f3n maderista, con Villa tambi\u00e9n\u201d.<\/p>\n<p style=\"border:0px;font-family:\">Agreg\u00f3 que de este lugar tambi\u00e9n es Agustina de Jes\u00fas Ram\u00edrez Heredia, quien tuvo 13 hijos y durante la intervenci\u00f3n francesa entreg\u00f3 a 12 para que combatieran defendiendo a la Rep\u00fablica de M\u00e9xico.<\/p>\n<p style=\"border:0px;font-family:\">Por todo este pasado deslumbrante, expuso, el presidente eligi\u00f3 a Mocorito para iniciar la Estrategia Nacional de Lectura.<\/p>\n<p style=\"border:0px;font-family:\">Llam\u00f3 a los presentes a leer, novela, poes\u00eda, ensayo, un peri\u00f3dico, un libro de texto o de lo que sea, porque un libro puede ser un camino para ser mejores personas, mejores mexicanos.<\/p>\n<p style=\"border:0px;font-family:\">En su opini\u00f3n, la lectura despierta la conciencia y la imaginaci\u00f3n, nos invita a reflexionar a sentir, nos hace gozar, nos hace recordar o llorar; puede darnos paz, un libro es un veh\u00edculo para la paz, nadie que est\u00e1 leyendo est\u00e1 pegando, pateando o agrediendo a alguien.<\/p>\n<p style=\"border:0px;font-family:\">Finalmente, pidi\u00f3 que nunca dejen de leer, \u201cla suma de peque\u00f1as acciones es lo que construye a una naci\u00f3n, la nuestra ha sido grande, gloriosa, envidiada, magnificente, eso est\u00e1 escrito, lean, somos lo que hemos vivido y los libros son las p\u00e1ginas que hemos escrito\u201d.<\/p>\n<p style=\"border:0px;font-family:\">Fuente: NTX<\/p>\n","protected":false},"excerpt":{"rendered":"<p>Beatriz Guti\u00e9rrez M\u00fcller, titular del Consejo Honorario de Memoria Hist\u00f3rica y Cultural, resalt\u00f3 la importancia<\/p>\n","protected":false},"author":1,"featured_media":3724,"comment_status":"open","ping_status":"open","sticky":false,"template":"","format":"standard","meta":{"footnotes":""},"categories":[1],"tags":[44],"class_list":["post-3725","post","type-post","status-publish","format-standard","has-post-thumbnail","hentry","category-municipales","tag-gobierno-de-la-republica"],"yoast_head":"<!-- This site is optimized with the Yoast SEO plugin v25.3 - https:\/\/yoast.com\/wordpress\/plugins\/seo\/ -->\n<title>Beatriz Guti\u00e9rrez resalta importancia de Mocorito en la cultura mexicana - Volcanes<\/title>\n<meta name=\"robots\" content=\"index, follow, max-snippet:-1, max-image-preview:large, max-video-preview:-1\" \/>\n<link rel=\"canonical\" href=\"https:\/\/volcanes.net\/?p=3725\" \/>\n<meta property=\"og:locale\" content=\"es_MX\" \/>\n<meta property=\"og:type\" content=\"article\" \/>\n<meta property=\"og:title\" content=\"Beatriz Guti\u00e9rrez resalta importancia de Mocorito en la cultura mexicana - Volcanes\" \/>\n<meta property=\"og:description\" content=\"Beatriz Guti\u00e9rrez M\u00fcller, titular del Consejo Honorario de Memoria Hist\u00f3rica y Cultural, resalt\u00f3 la importancia\" \/>\n<meta property=\"og:url\" content=\"https:\/\/volcanes.net\/?p=3725\" \/>\n<meta property=\"og:site_name\" content=\"Volcanes\" \/>\n<meta property=\"article:publisher\" content=\"https:\/\/www.facebook.com\/volcanes.net\/\" \/>\n<meta property=\"article:published_time\" content=\"2019-01-28T13:02:58+00:00\" \/>\n<meta property=\"og:image\" content=\"https:\/\/volcanes.net\/wp-content\/uploads\/2019\/01\/S8HbMPIBiTx7UqpsUWftYZ-F2e4-5lHYh4ji6BV_EVdHlUnukj6RBkGeMdp6F-lS-2Xkd3AMIXoprUKfqQiaAazllA.jpeg\" \/>\n\t<meta property=\"og:image:width\" content=\"512\" \/>\n\t<meta property=\"og:image:height\" content=\"341\" \/>\n\t<meta property=\"og:image:type\" content=\"image\/jpeg\" \/>\n<meta name=\"author\" content=\"admin\" \/>\n<meta name=\"twitter:card\" content=\"summary_large_image\" \/>\n<meta name=\"twitter:label1\" content=\"Escrito por\" \/>\n\t<meta name=\"twitter:data1\" content=\"admin\" \/>\n\t<meta name=\"twitter:label2\" content=\"Tiempo de lectura\" \/>\n\t<meta name=\"twitter:data2\" content=\"2 minutos\" \/>\n<script type=\"application\/ld+json\" class=\"yoast-schema-graph\">{\"@context\":\"https:\/\/schema.org\",\"@graph\":[{\"@type\":\"Article\",\"@id\":\"https:\/\/volcanes.net\/?p=3725#article\",\"isPartOf\":{\"@id\":\"https:\/\/volcanes.net\/?p=3725\"},\"author\":{\"name\":\"admin\",\"@id\":\"https:\/\/volcanes.net\/#\/schema\/person\/4bf0f383940966a4abd53f5048c0e6b9\"},\"headline\":\"Beatriz Guti\u00e9rrez resalta importancia de Mocorito en la cultura mexicana\",\"datePublished\":\"2019-01-28T13:02:58+00:00\",\"mainEntityOfPage\":{\"@id\":\"https:\/\/volcanes.net\/?p=3725\"},\"wordCount\":483,\"commentCount\":0,\"publisher\":{\"@id\":\"https:\/\/volcanes.net\/#organization\"},\"image\":{\"@id\":\"https:\/\/volcanes.net\/?p=3725#primaryimage\"},\"thumbnailUrl\":\"https:\/\/volcanes.net\/wp-content\/uploads\/2019\/01\/S8HbMPIBiTx7UqpsUWftYZ-F2e4-5lHYh4ji6BV_EVdHlUnukj6RBkGeMdp6F-lS-2Xkd3AMIXoprUKfqQiaAazllA.jpeg\",\"keywords\":[\"Gobierno de la Rep\u00fablica\"],\"articleSection\":[\"Municipales\"],\"inLanguage\":\"es\",\"potentialAction\":[{\"@type\":\"CommentAction\",\"name\":\"Comment\",\"target\":[\"https:\/\/volcanes.net\/?p=3725#respond\"]}]},{\"@type\":\"WebPage\",\"@id\":\"https:\/\/volcanes.net\/?p=3725\",\"url\":\"https:\/\/volcanes.net\/?p=3725\",\"name\":\"Beatriz Guti\u00e9rrez resalta importancia de Mocorito en la cultura mexicana - Volcanes\",\"isPartOf\":{\"@id\":\"https:\/\/volcanes.net\/#website\"},\"primaryImageOfPage\":{\"@id\":\"https:\/\/volcanes.net\/?p=3725#primaryimage\"},\"image\":{\"@id\":\"https:\/\/volcanes.net\/?p=3725#primaryimage\"},\"thumbnailUrl\":\"https:\/\/volcanes.net\/wp-content\/uploads\/2019\/01\/S8HbMPIBiTx7UqpsUWftYZ-F2e4-5lHYh4ji6BV_EVdHlUnukj6RBkGeMdp6F-lS-2Xkd3AMIXoprUKfqQiaAazllA.jpeg\",\"datePublished\":\"2019-01-28T13:02:58+00:00\",\"breadcrumb\":{\"@id\":\"https:\/\/volcanes.net\/?p=3725#breadcrumb\"},\"inLanguage\":\"es\",\"potentialAction\":[{\"@type\":\"ReadAction\",\"target\":[\"https:\/\/volcanes.net\/?p=3725\"]}]},{\"@type\":\"ImageObject\",\"inLanguage\":\"es\",\"@id\":\"https:\/\/volcanes.net\/?p=3725#primaryimage\",\"url\":\"https:\/\/volcanes.net\/wp-content\/uploads\/2019\/01\/S8HbMPIBiTx7UqpsUWftYZ-F2e4-5lHYh4ji6BV_EVdHlUnukj6RBkGeMdp6F-lS-2Xkd3AMIXoprUKfqQiaAazllA.jpeg\",\"contentUrl\":\"https:\/\/volcanes.net\/wp-content\/uploads\/2019\/01\/S8HbMPIBiTx7UqpsUWftYZ-F2e4-5lHYh4ji6BV_EVdHlUnukj6RBkGeMdp6F-lS-2Xkd3AMIXoprUKfqQiaAazllA.jpeg\",\"width\":512,\"height\":341},{\"@type\":\"BreadcrumbList\",\"@id\":\"https:\/\/volcanes.net\/?p=3725#breadcrumb\",\"itemListElement\":[{\"@type\":\"ListItem\",\"position\":1,\"name\":\"Portada\",\"item\":\"https:\/\/volcanes.net\/\"},{\"@type\":\"ListItem\",\"position\":2,\"name\":\"Beatriz Guti\u00e9rrez resalta importancia de Mocorito en la cultura mexicana\"}]},{\"@type\":\"WebSite\",\"@id\":\"https:\/\/volcanes.net\/#website\",\"url\":\"https:\/\/volcanes.net\/\",\"name\":\"Volcanes.Net\",\"description\":\"Periodismo Profesional\",\"publisher\":{\"@id\":\"https:\/\/volcanes.net\/#organization\"},\"potentialAction\":[{\"@type\":\"SearchAction\",\"target\":{\"@type\":\"EntryPoint\",\"urlTemplate\":\"https:\/\/volcanes.net\/?s={search_term_string}\"},\"query-input\":{\"@type\":\"PropertyValueSpecification\",\"valueRequired\":true,\"valueName\":\"search_term_string\"}}],\"inLanguage\":\"es\"},{\"@type\":\"Organization\",\"@id\":\"https:\/\/volcanes.net\/#organization\",\"name\":\"Grupo Volcanes\",\"url\":\"https:\/\/volcanes.net\/\",\"logo\":{\"@type\":\"ImageObject\",\"inLanguage\":\"es\",\"@id\":\"https:\/\/volcanes.net\/#\/schema\/logo\/image\/\",\"url\":\"http:\/\/volcanes.net\/wp-content\/uploads\/2017\/12\/Avatar2.jpg\",\"contentUrl\":\"http:\/\/volcanes.net\/wp-content\/uploads\/2017\/12\/Avatar2.jpg\",\"width\":378,\"height\":378,\"caption\":\"Grupo Volcanes\"},\"image\":{\"@id\":\"https:\/\/volcanes.net\/#\/schema\/logo\/image\/\"},\"sameAs\":[\"https:\/\/www.facebook.com\/volcanes.net\/\"]},{\"@type\":\"Person\",\"@id\":\"https:\/\/volcanes.net\/#\/schema\/person\/4bf0f383940966a4abd53f5048c0e6b9\",\"name\":\"admin\",\"image\":{\"@type\":\"ImageObject\",\"inLanguage\":\"es\",\"@id\":\"https:\/\/volcanes.net\/#\/schema\/person\/image\/\",\"url\":\"https:\/\/secure.gravatar.com\/avatar\/ca004e6cba8462b8cb7abc86e382930c?s=96&d=mm&r=g\",\"contentUrl\":\"https:\/\/secure.gravatar.com\/avatar\/ca004e6cba8462b8cb7abc86e382930c?s=96&d=mm&r=g\",\"caption\":\"admin\"}}]}<\/script>\n<!-- \/ Yoast SEO plugin. -->","yoast_head_json":{"title":"Beatriz Guti\u00e9rrez resalta importancia de Mocorito en la cultura mexicana - Volcanes","robots":{"index":"index","follow":"follow","max-snippet":"max-snippet:-1","max-image-preview":"max-image-preview:large","max-video-preview":"max-video-preview:-1"},"canonical":"https:\/\/volcanes.net\/?p=3725","og_locale":"es_MX","og_type":"article","og_title":"Beatriz Guti\u00e9rrez resalta importancia de Mocorito en la cultura mexicana - Volcanes","og_description":"Beatriz Guti\u00e9rrez M\u00fcller, titular del Consejo Honorario de Memoria Hist\u00f3rica y Cultural, resalt\u00f3 la importancia","og_url":"https:\/\/volcanes.net\/?p=3725","og_site_name":"Volcanes","article_publisher":"https:\/\/www.facebook.com\/volcanes.net\/","article_published_time":"2019-01-28T13:02:58+00:00","og_image":[{"width":512,"height":341,"url":"https:\/\/volcanes.net\/wp-content\/uploads\/2019\/01\/S8HbMPIBiTx7UqpsUWftYZ-F2e4-5lHYh4ji6BV_EVdHlUnukj6RBkGeMdp6F-lS-2Xkd3AMIXoprUKfqQiaAazllA.jpeg","type":"image\/jpeg"}],"author":"admin","twitter_card":"summary_large_image","twitter_misc":{"Escrito por":"admin","Tiempo de lectura":"2 minutos"},"schema":{"@context":"https:\/\/schema.org","@graph":[{"@type":"Article","@id":"https:\/\/volcanes.net\/?p=3725#article","isPartOf":{"@id":"https:\/\/volcanes.net\/?p=3725"},"author":{"name":"admin","@id":"https:\/\/volcanes.net\/#\/schema\/person\/4bf0f383940966a4abd53f5048c0e6b9"},"headline":"Beatriz Guti\u00e9rrez resalta importancia de Mocorito en la cultura mexicana","datePublished":"2019-01-28T13:02:58+00:00","mainEntityOfPage":{"@id":"https:\/\/volcanes.net\/?p=3725"},"wordCount":483,"commentCount":0,"publisher":{"@id":"https:\/\/volcanes.net\/#organization"},"image":{"@id":"https:\/\/volcanes.net\/?p=3725#primaryimage"},"thumbnailUrl":"https:\/\/volcanes.net\/wp-content\/uploads\/2019\/01\/S8HbMPIBiTx7UqpsUWftYZ-F2e4-5lHYh4ji6BV_EVdHlUnukj6RBkGeMdp6F-lS-2Xkd3AMIXoprUKfqQiaAazllA.jpeg","keywords":["Gobierno de la Rep\u00fablica"],"articleSection":["Municipales"],"inLanguage":"es","potentialAction":[{"@type":"CommentAction","name":"Comment","target":["https:\/\/volcanes.net\/?p=3725#respond"]}]},{"@type":"WebPage","@id":"https:\/\/volcanes.net\/?p=3725","url":"https:\/\/volcanes.net\/?p=3725","name":"Beatriz Guti\u00e9rrez resalta importancia de Mocorito en la cultura mexicana - Volcanes","isPartOf":{"@id":"https:\/\/volcanes.net\/#website"},"primaryImageOfPage":{"@id":"https:\/\/volcanes.net\/?p=3725#primaryimage"},"image":{"@id":"https:\/\/volcanes.net\/?p=3725#primaryimage"},"thumbnailUrl":"https:\/\/volcanes.net\/wp-content\/uploads\/2019\/01\/S8HbMPIBiTx7UqpsUWftYZ-F2e4-5lHYh4ji6BV_EVdHlUnukj6RBkGeMdp6F-lS-2Xkd3AMIXoprUKfqQiaAazllA.jpeg","datePublished":"2019-01-28T13:02:58+00:00","breadcrumb":{"@id":"https:\/\/volcanes.net\/?p=3725#breadcrumb"},"inLanguage":"es","potentialAction":[{"@type":"ReadAction","target":["https:\/\/volcanes.net\/?p=3725"]}]},{"@type":"ImageObject","inLanguage":"es","@id":"https:\/\/volcanes.net\/?p=3725#primaryimage","url":"https:\/\/volcanes.net\/wp-content\/uploads\/2019\/01\/S8HbMPIBiTx7UqpsUWftYZ-F2e4-5lHYh4ji6BV_EVdHlUnukj6RBkGeMdp6F-lS-2Xkd3AMIXoprUKfqQiaAazllA.jpeg","contentUrl":"https:\/\/volcanes.net\/wp-content\/uploads\/2019\/01\/S8HbMPIBiTx7UqpsUWftYZ-F2e4-5lHYh4ji6BV_EVdHlUnukj6RBkGeMdp6F-lS-2Xkd3AMIXoprUKfqQiaAazllA.jpeg","width":512,"height":341},{"@type":"BreadcrumbList","@id":"https:\/\/volcanes.net\/?p=3725#breadcrumb","itemListElement":[{"@type":"ListItem","position":1,"name":"Portada","item":"https:\/\/volcanes.net\/"},{"@type":"ListItem","position":2,"name":"Beatriz Guti\u00e9rrez resalta importancia de Mocorito en la cultura mexicana"}]},{"@type":"WebSite","@id":"https:\/\/volcanes.net\/#website","url":"https:\/\/volcanes.net\/","name":"Volcanes.Net","description":"Periodismo Profesional","publisher":{"@id":"https:\/\/volcanes.net\/#organization"},"potentialAction":[{"@type":"SearchAction","target":{"@type":"EntryPoint","urlTemplate":"https:\/\/volcanes.net\/?s={search_term_string}"},"query-input":{"@type":"PropertyValueSpecification","valueRequired":true,"valueName":"search_term_string"}}],"inLanguage":"es"},{"@type":"Organization","@id":"https:\/\/volcanes.net\/#organization","name":"Grupo Volcanes","url":"https:\/\/volcanes.net\/","logo":{"@type":"ImageObject","inLanguage":"es","@id":"https:\/\/volcanes.net\/#\/schema\/logo\/image\/","url":"http:\/\/volcanes.net\/wp-content\/uploads\/2017\/12\/Avatar2.jpg","contentUrl":"http:\/\/volcanes.net\/wp-content\/uploads\/2017\/12\/Avatar2.jpg","width":378,"height":378,"caption":"Grupo Volcanes"},"image":{"@id":"https:\/\/volcanes.net\/#\/schema\/logo\/image\/"},"sameAs":["https:\/\/www.facebook.com\/volcanes.net\/"]},{"@type":"Person","@id":"https:\/\/volcanes.net\/#\/schema\/person\/4bf0f383940966a4abd53f5048c0e6b9","name":"admin","image":{"@type":"ImageObject","inLanguage":"es","@id":"https:\/\/volcanes.net\/#\/schema\/person\/image\/","url":"https:\/\/secure.gravatar.com\/avatar\/ca004e6cba8462b8cb7abc86e382930c?s=96&d=mm&r=g","contentUrl":"https:\/\/secure.gravatar.com\/avatar\/ca004e6cba8462b8cb7abc86e382930c?s=96&d=mm&r=g","caption":"admin"}}]}},"_links":{"self":[{"href":"https:\/\/volcanes.net\/index.php?rest_route=\/wp\/v2\/posts\/3725"}],"collection":[{"href":"https:\/\/volcanes.net\/index.php?rest_route=\/wp\/v2\/posts"}],"about":[{"href":"https:\/\/volcanes.net\/index.php?rest_route=\/wp\/v2\/types\/post"}],"author":[{"embeddable":true,"href":"https:\/\/volcanes.net\/index.php?rest_route=\/wp\/v2\/users\/1"}],"replies":[{"embeddable":true,"href":"https:\/\/volcanes.net\/index.php?rest_route=%2Fwp%2Fv2%2Fcomments&post=3725"}],"version-history":[{"count":1,"href":"https:\/\/volcanes.net\/index.php?rest_route=\/wp\/v2\/posts\/3725\/revisions"}],"predecessor-version":[{"id":3726,"href":"https:\/\/volcanes.net\/index.php?rest_route=\/wp\/v2\/posts\/3725\/revisions\/3726"}],"wp:featuredmedia":[{"embeddable":true,"href":"https:\/\/volcanes.net\/index.php?rest_route=\/wp\/v2\/media\/3724"}],"wp:attachment":[{"href":"https:\/\/volcanes.net\/index.php?rest_route=%2Fwp%2Fv2%2Fmedia&parent=3725"}],"wp:term":[{"taxonomy":"category","embeddable":true,"href":"https:\/\/volcanes.net\/index.php?rest_route=%2Fwp%2Fv2%2Fcategories&post=3725"},{"taxonomy":"post_tag","embeddable":true,"href":"https:\/\/volcanes.net\/index.php?rest_route=%2Fwp%2Fv2%2Ftags&post=3725"}],"curies":[{"name":"wp","href":"https:\/\/api.w.org\/{rel}","templated":true}]}}