{"id":3728,"date":"2019-01-28T13:04:56","date_gmt":"2019-01-28T13:04:56","guid":{"rendered":"http:\/\/volcanes.net\/?p=3728"},"modified":"2019-01-28T13:04:56","modified_gmt":"2019-01-28T13:04:56","slug":"llama-ricardo-monreal-a-congresos-locales-apegarse-al-plan-de-austeridad","status":"publish","type":"post","link":"https:\/\/volcanes.net\/?p=3728","title":{"rendered":"Llama Ricardo Monreal a Congresos locales apegarse al Plan de Austeridad"},"content":{"rendered":"<div style=\"margin-top: 0px; margin-bottom: 0px;\" class=\"sharethis-inline-share-buttons\" ><\/div><p style=\"border:0px;font-family:\">El coordinador del Grupo Parlamentario de Morena, Ricardo Monreal hizo un llamado a los Congresos locales a poner el ejemplo y ce\u00f1irse al Plan de Austeridad y de Sobriedad Republicana porque la Cuarta Transformaci\u00f3n, dijo, no es para llegar con los mismos vicios y privilegios.<\/p>\n<p style=\"border:0px;font-family:\">\n<p style=\"border:0px;font-family:\">\u201cTenemos que situarnos por encima del inter\u00e9s personal, tenemos que pensar en la Rep\u00fablica\u201d, afirm\u00f3 en el estado de Tlaxcala, al que acudi\u00f3 para respaldar a la senadora Ana Lilia Rivera Rivera en su informe de labores.<\/p>\n<p style=\"border:0px;font-family:\">\n<p style=\"border:0px;font-family:\">Monreal \u00c1vila record\u00f3 que en el Senado de la Republica se lograron ahorros por m\u00e1s de  600 millones de pesos de septiembre a diciembre, gracias al acuerdo que votaron por unanimidad todos los grupos parlamentarios, de los cuales casi 280 millones de pesos se regresaron al erario.<\/p>\n<p style=\"border:0px;font-family:\">\n<p style=\"border:0px;font-family:\">Adelant\u00f3 que en este 2019 tendr\u00e1 un ahorro de mil 200 millones de pesos y fue el propio Senado el que solicit\u00f3 una reducci\u00f3n de su presupuesto 5 mil millones de pesos porque en el Presupuesto para el a\u00f1o 2019 se ten\u00eda contemplados recursos por el orden de 5 mil 200.  Nosotros planteamos que fueran 3 mil 900 millones de pesos, es decir mil 200 millones de pesos, se\u00f1al\u00f3.<\/p>\n<p style=\"border:0px;font-family:\">\n<p style=\"border:0px;font-family:\">El tambi\u00e9n presidente de la Junta de Coordinaci\u00f3n Pol\u00edtica del Senado de la Rep\u00fablica, reiter\u00f3 el compromiso de los legisladores de su partido para crear el marco jur\u00eddico que necesita el Presidente para abatir la inseguridad y la corrupci\u00f3n como la Guardia Nacional.<\/p>\n<p style=\"border:0px;font-family:\">\n<p style=\"border:0px;font-family:\">Mencion\u00f3 que a partir del primero de febrero los senadores de Morena trabajar\u00e1n para sacar adelante la agenda que permita al pa\u00eds recuperar la confianza y fortalecer la llamada Cuarta Transformaci\u00f3n de la vida pol\u00edtica.<\/p>\n<p style=\"border:0px;font-family:\">\n<p style=\"border:0px;font-family:\">Record\u00f3 que en esta agenda ser\u00e1 prioridad la Guardia Nacional, frente a la emergencia que atraviesa el pa\u00eds por la inseguridad, adem\u00e1s de temas como la ley de Confianza Ciudadana, Revocaci\u00f3n de Mandato, Regulaci\u00f3n del Uso L\u00fadico de la Marihuana, eliminaci\u00f3n del fuero, ampliaci\u00f3n de delitos graves como el huachicol y delios electorales, extinci\u00f3n de dominio, disminuci\u00f3n al 50 por ciento de las prerrogativas a los partidos pol\u00edticos, el combate a empresas fantasma y la consulta popular, entre otros.<\/p>\n","protected":false},"excerpt":{"rendered":"<p>El coordinador del Grupo Parlamentario de Morena, Ricardo Monreal hizo un llamado a los Congresos<\/p>\n","protected":false},"author":1,"featured_media":3727,"comment_status":"open","ping_status":"open","sticky":false,"template":"","format":"standard","meta":{"footnotes":""},"categories":[1],"tags":[72],"class_list":["post-3728","post","type-post","status-publish","format-standard","has-post-thumbnail","hentry","category-municipales","tag-senado-de-la-republica"],"yoast_head":"<!-- This site is optimized with the Yoast SEO plugin v25.3 - https:\/\/yoast.com\/wordpress\/plugins\/seo\/ -->\n<title>Llama Ricardo Monreal a Congresos locales apegarse al Plan de Austeridad - Volcanes<\/title>\n<meta name=\"robots\" content=\"index, follow, max-snippet:-1, max-image-preview:large, max-video-preview:-1\" \/>\n<link rel=\"canonical\" href=\"https:\/\/volcanes.net\/?p=3728\" \/>\n<meta property=\"og:locale\" content=\"es_MX\" \/>\n<meta property=\"og:type\" content=\"article\" \/>\n<meta property=\"og:title\" content=\"Llama Ricardo Monreal a Congresos locales apegarse al Plan de Austeridad - Volcanes\" \/>\n<meta property=\"og:description\" content=\"El coordinador del Grupo Parlamentario de Morena, Ricardo Monreal hizo un llamado a los Congresos\" \/>\n<meta property=\"og:url\" content=\"https:\/\/volcanes.net\/?p=3728\" \/>\n<meta property=\"og:site_name\" content=\"Volcanes\" \/>\n<meta property=\"article:publisher\" content=\"https:\/\/www.facebook.com\/volcanes.net\/\" \/>\n<meta property=\"article:published_time\" content=\"2019-01-28T13:04:56+00:00\" \/>\n<meta property=\"og:image\" content=\"https:\/\/volcanes.net\/wp-content\/uploads\/2019\/01\/0H65RvQlx1Sij6bFO4UlJE06uka3kC9iQl1tiK6hDCSK7fPitgKzQMzFYL0sjyKs2VAzGlfsMd4eozThTO_YixYROg.jpeg\" \/>\n\t<meta property=\"og:image:width\" content=\"512\" \/>\n\t<meta property=\"og:image:height\" content=\"338\" \/>\n\t<meta property=\"og:image:type\" content=\"image\/jpeg\" \/>\n<meta name=\"author\" content=\"admin\" \/>\n<meta name=\"twitter:card\" content=\"summary_large_image\" \/>\n<meta name=\"twitter:label1\" content=\"Escrito por\" \/>\n\t<meta name=\"twitter:data1\" content=\"admin\" \/>\n\t<meta name=\"twitter:label2\" content=\"Tiempo de lectura\" \/>\n\t<meta name=\"twitter:data2\" content=\"2 minutos\" \/>\n<script type=\"application\/ld+json\" class=\"yoast-schema-graph\">{\"@context\":\"https:\/\/schema.org\",\"@graph\":[{\"@type\":\"Article\",\"@id\":\"https:\/\/volcanes.net\/?p=3728#article\",\"isPartOf\":{\"@id\":\"https:\/\/volcanes.net\/?p=3728\"},\"author\":{\"name\":\"admin\",\"@id\":\"https:\/\/volcanes.net\/#\/schema\/person\/4bf0f383940966a4abd53f5048c0e6b9\"},\"headline\":\"Llama Ricardo Monreal a Congresos locales apegarse al Plan de Austeridad\",\"datePublished\":\"2019-01-28T13:04:56+00:00\",\"mainEntityOfPage\":{\"@id\":\"https:\/\/volcanes.net\/?p=3728\"},\"wordCount\":383,\"commentCount\":0,\"publisher\":{\"@id\":\"https:\/\/volcanes.net\/#organization\"},\"image\":{\"@id\":\"https:\/\/volcanes.net\/?p=3728#primaryimage\"},\"thumbnailUrl\":\"https:\/\/volcanes.net\/wp-content\/uploads\/2019\/01\/0H65RvQlx1Sij6bFO4UlJE06uka3kC9iQl1tiK6hDCSK7fPitgKzQMzFYL0sjyKs2VAzGlfsMd4eozThTO_YixYROg.jpeg\",\"keywords\":[\"Senado de la Rep\u00fablica\"],\"articleSection\":[\"Municipales\"],\"inLanguage\":\"es\",\"potentialAction\":[{\"@type\":\"CommentAction\",\"name\":\"Comment\",\"target\":[\"https:\/\/volcanes.net\/?p=3728#respond\"]}]},{\"@type\":\"WebPage\",\"@id\":\"https:\/\/volcanes.net\/?p=3728\",\"url\":\"https:\/\/volcanes.net\/?p=3728\",\"name\":\"Llama Ricardo Monreal a Congresos locales apegarse al Plan de Austeridad - Volcanes\",\"isPartOf\":{\"@id\":\"https:\/\/volcanes.net\/#website\"},\"primaryImageOfPage\":{\"@id\":\"https:\/\/volcanes.net\/?p=3728#primaryimage\"},\"image\":{\"@id\":\"https:\/\/volcanes.net\/?p=3728#primaryimage\"},\"thumbnailUrl\":\"https:\/\/volcanes.net\/wp-content\/uploads\/2019\/01\/0H65RvQlx1Sij6bFO4UlJE06uka3kC9iQl1tiK6hDCSK7fPitgKzQMzFYL0sjyKs2VAzGlfsMd4eozThTO_YixYROg.jpeg\",\"datePublished\":\"2019-01-28T13:04:56+00:00\",\"breadcrumb\":{\"@id\":\"https:\/\/volcanes.net\/?p=3728#breadcrumb\"},\"inLanguage\":\"es\",\"potentialAction\":[{\"@type\":\"ReadAction\",\"target\":[\"https:\/\/volcanes.net\/?p=3728\"]}]},{\"@type\":\"ImageObject\",\"inLanguage\":\"es\",\"@id\":\"https:\/\/volcanes.net\/?p=3728#primaryimage\",\"url\":\"https:\/\/volcanes.net\/wp-content\/uploads\/2019\/01\/0H65RvQlx1Sij6bFO4UlJE06uka3kC9iQl1tiK6hDCSK7fPitgKzQMzFYL0sjyKs2VAzGlfsMd4eozThTO_YixYROg.jpeg\",\"contentUrl\":\"https:\/\/volcanes.net\/wp-content\/uploads\/2019\/01\/0H65RvQlx1Sij6bFO4UlJE06uka3kC9iQl1tiK6hDCSK7fPitgKzQMzFYL0sjyKs2VAzGlfsMd4eozThTO_YixYROg.jpeg\",\"width\":512,\"height\":338},{\"@type\":\"BreadcrumbList\",\"@id\":\"https:\/\/volcanes.net\/?p=3728#breadcrumb\",\"itemListElement\":[{\"@type\":\"ListItem\",\"position\":1,\"name\":\"Portada\",\"item\":\"https:\/\/volcanes.net\/\"},{\"@type\":\"ListItem\",\"position\":2,\"name\":\"Llama Ricardo Monreal a Congresos locales apegarse al Plan de Austeridad\"}]},{\"@type\":\"WebSite\",\"@id\":\"https:\/\/volcanes.net\/#website\",\"url\":\"https:\/\/volcanes.net\/\",\"name\":\"Volcanes.Net\",\"description\":\"Periodismo Profesional\",\"publisher\":{\"@id\":\"https:\/\/volcanes.net\/#organization\"},\"potentialAction\":[{\"@type\":\"SearchAction\",\"target\":{\"@type\":\"EntryPoint\",\"urlTemplate\":\"https:\/\/volcanes.net\/?s={search_term_string}\"},\"query-input\":{\"@type\":\"PropertyValueSpecification\",\"valueRequired\":true,\"valueName\":\"search_term_string\"}}],\"inLanguage\":\"es\"},{\"@type\":\"Organization\",\"@id\":\"https:\/\/volcanes.net\/#organization\",\"name\":\"Grupo Volcanes\",\"url\":\"https:\/\/volcanes.net\/\",\"logo\":{\"@type\":\"ImageObject\",\"inLanguage\":\"es\",\"@id\":\"https:\/\/volcanes.net\/#\/schema\/logo\/image\/\",\"url\":\"http:\/\/volcanes.net\/wp-content\/uploads\/2017\/12\/Avatar2.jpg\",\"contentUrl\":\"http:\/\/volcanes.net\/wp-content\/uploads\/2017\/12\/Avatar2.jpg\",\"width\":378,\"height\":378,\"caption\":\"Grupo Volcanes\"},\"image\":{\"@id\":\"https:\/\/volcanes.net\/#\/schema\/logo\/image\/\"},\"sameAs\":[\"https:\/\/www.facebook.com\/volcanes.net\/\"]},{\"@type\":\"Person\",\"@id\":\"https:\/\/volcanes.net\/#\/schema\/person\/4bf0f383940966a4abd53f5048c0e6b9\",\"name\":\"admin\",\"image\":{\"@type\":\"ImageObject\",\"inLanguage\":\"es\",\"@id\":\"https:\/\/volcanes.net\/#\/schema\/person\/image\/\",\"url\":\"https:\/\/secure.gravatar.com\/avatar\/ca004e6cba8462b8cb7abc86e382930c?s=96&d=mm&r=g\",\"contentUrl\":\"https:\/\/secure.gravatar.com\/avatar\/ca004e6cba8462b8cb7abc86e382930c?s=96&d=mm&r=g\",\"caption\":\"admin\"}}]}<\/script>\n<!-- \/ Yoast SEO plugin. -->","yoast_head_json":{"title":"Llama Ricardo Monreal a Congresos locales apegarse al Plan de Austeridad - Volcanes","robots":{"index":"index","follow":"follow","max-snippet":"max-snippet:-1","max-image-preview":"max-image-preview:large","max-video-preview":"max-video-preview:-1"},"canonical":"https:\/\/volcanes.net\/?p=3728","og_locale":"es_MX","og_type":"article","og_title":"Llama Ricardo Monreal a Congresos locales apegarse al Plan de Austeridad - Volcanes","og_description":"El coordinador del Grupo Parlamentario de Morena, Ricardo Monreal hizo un llamado a los Congresos","og_url":"https:\/\/volcanes.net\/?p=3728","og_site_name":"Volcanes","article_publisher":"https:\/\/www.facebook.com\/volcanes.net\/","article_published_time":"2019-01-28T13:04:56+00:00","og_image":[{"width":512,"height":338,"url":"https:\/\/volcanes.net\/wp-content\/uploads\/2019\/01\/0H65RvQlx1Sij6bFO4UlJE06uka3kC9iQl1tiK6hDCSK7fPitgKzQMzFYL0sjyKs2VAzGlfsMd4eozThTO_YixYROg.jpeg","type":"image\/jpeg"}],"author":"admin","twitter_card":"summary_large_image","twitter_misc":{"Escrito por":"admin","Tiempo de lectura":"2 minutos"},"schema":{"@context":"https:\/\/schema.org","@graph":[{"@type":"Article","@id":"https:\/\/volcanes.net\/?p=3728#article","isPartOf":{"@id":"https:\/\/volcanes.net\/?p=3728"},"author":{"name":"admin","@id":"https:\/\/volcanes.net\/#\/schema\/person\/4bf0f383940966a4abd53f5048c0e6b9"},"headline":"Llama Ricardo Monreal a Congresos locales apegarse al Plan de Austeridad","datePublished":"2019-01-28T13:04:56+00:00","mainEntityOfPage":{"@id":"https:\/\/volcanes.net\/?p=3728"},"wordCount":383,"commentCount":0,"publisher":{"@id":"https:\/\/volcanes.net\/#organization"},"image":{"@id":"https:\/\/volcanes.net\/?p=3728#primaryimage"},"thumbnailUrl":"https:\/\/volcanes.net\/wp-content\/uploads\/2019\/01\/0H65RvQlx1Sij6bFO4UlJE06uka3kC9iQl1tiK6hDCSK7fPitgKzQMzFYL0sjyKs2VAzGlfsMd4eozThTO_YixYROg.jpeg","keywords":["Senado de la Rep\u00fablica"],"articleSection":["Municipales"],"inLanguage":"es","potentialAction":[{"@type":"CommentAction","name":"Comment","target":["https:\/\/volcanes.net\/?p=3728#respond"]}]},{"@type":"WebPage","@id":"https:\/\/volcanes.net\/?p=3728","url":"https:\/\/volcanes.net\/?p=3728","name":"Llama Ricardo Monreal a Congresos locales apegarse al Plan de Austeridad - Volcanes","isPartOf":{"@id":"https:\/\/volcanes.net\/#website"},"primaryImageOfPage":{"@id":"https:\/\/volcanes.net\/?p=3728#primaryimage"},"image":{"@id":"https:\/\/volcanes.net\/?p=3728#primaryimage"},"thumbnailUrl":"https:\/\/volcanes.net\/wp-content\/uploads\/2019\/01\/0H65RvQlx1Sij6bFO4UlJE06uka3kC9iQl1tiK6hDCSK7fPitgKzQMzFYL0sjyKs2VAzGlfsMd4eozThTO_YixYROg.jpeg","datePublished":"2019-01-28T13:04:56+00:00","breadcrumb":{"@id":"https:\/\/volcanes.net\/?p=3728#breadcrumb"},"inLanguage":"es","potentialAction":[{"@type":"ReadAction","target":["https:\/\/volcanes.net\/?p=3728"]}]},{"@type":"ImageObject","inLanguage":"es","@id":"https:\/\/volcanes.net\/?p=3728#primaryimage","url":"https:\/\/volcanes.net\/wp-content\/uploads\/2019\/01\/0H65RvQlx1Sij6bFO4UlJE06uka3kC9iQl1tiK6hDCSK7fPitgKzQMzFYL0sjyKs2VAzGlfsMd4eozThTO_YixYROg.jpeg","contentUrl":"https:\/\/volcanes.net\/wp-content\/uploads\/2019\/01\/0H65RvQlx1Sij6bFO4UlJE06uka3kC9iQl1tiK6hDCSK7fPitgKzQMzFYL0sjyKs2VAzGlfsMd4eozThTO_YixYROg.jpeg","width":512,"height":338},{"@type":"BreadcrumbList","@id":"https:\/\/volcanes.net\/?p=3728#breadcrumb","itemListElement":[{"@type":"ListItem","position":1,"name":"Portada","item":"https:\/\/volcanes.net\/"},{"@type":"ListItem","position":2,"name":"Llama Ricardo Monreal a Congresos locales apegarse al Plan de Austeridad"}]},{"@type":"WebSite","@id":"https:\/\/volcanes.net\/#website","url":"https:\/\/volcanes.net\/","name":"Volcanes.Net","description":"Periodismo Profesional","publisher":{"@id":"https:\/\/volcanes.net\/#organization"},"potentialAction":[{"@type":"SearchAction","target":{"@type":"EntryPoint","urlTemplate":"https:\/\/volcanes.net\/?s={search_term_string}"},"query-input":{"@type":"PropertyValueSpecification","valueRequired":true,"valueName":"search_term_string"}}],"inLanguage":"es"},{"@type":"Organization","@id":"https:\/\/volcanes.net\/#organization","name":"Grupo Volcanes","url":"https:\/\/volcanes.net\/","logo":{"@type":"ImageObject","inLanguage":"es","@id":"https:\/\/volcanes.net\/#\/schema\/logo\/image\/","url":"http:\/\/volcanes.net\/wp-content\/uploads\/2017\/12\/Avatar2.jpg","contentUrl":"http:\/\/volcanes.net\/wp-content\/uploads\/2017\/12\/Avatar2.jpg","width":378,"height":378,"caption":"Grupo Volcanes"},"image":{"@id":"https:\/\/volcanes.net\/#\/schema\/logo\/image\/"},"sameAs":["https:\/\/www.facebook.com\/volcanes.net\/"]},{"@type":"Person","@id":"https:\/\/volcanes.net\/#\/schema\/person\/4bf0f383940966a4abd53f5048c0e6b9","name":"admin","image":{"@type":"ImageObject","inLanguage":"es","@id":"https:\/\/volcanes.net\/#\/schema\/person\/image\/","url":"https:\/\/secure.gravatar.com\/avatar\/ca004e6cba8462b8cb7abc86e382930c?s=96&d=mm&r=g","contentUrl":"https:\/\/secure.gravatar.com\/avatar\/ca004e6cba8462b8cb7abc86e382930c?s=96&d=mm&r=g","caption":"admin"}}]}},"_links":{"self":[{"href":"https:\/\/volcanes.net\/index.php?rest_route=\/wp\/v2\/posts\/3728"}],"collection":[{"href":"https:\/\/volcanes.net\/index.php?rest_route=\/wp\/v2\/posts"}],"about":[{"href":"https:\/\/volcanes.net\/index.php?rest_route=\/wp\/v2\/types\/post"}],"author":[{"embeddable":true,"href":"https:\/\/volcanes.net\/index.php?rest_route=\/wp\/v2\/users\/1"}],"replies":[{"embeddable":true,"href":"https:\/\/volcanes.net\/index.php?rest_route=%2Fwp%2Fv2%2Fcomments&post=3728"}],"version-history":[{"count":1,"href":"https:\/\/volcanes.net\/index.php?rest_route=\/wp\/v2\/posts\/3728\/revisions"}],"predecessor-version":[{"id":3729,"href":"https:\/\/volcanes.net\/index.php?rest_route=\/wp\/v2\/posts\/3728\/revisions\/3729"}],"wp:featuredmedia":[{"embeddable":true,"href":"https:\/\/volcanes.net\/index.php?rest_route=\/wp\/v2\/media\/3727"}],"wp:attachment":[{"href":"https:\/\/volcanes.net\/index.php?rest_route=%2Fwp%2Fv2%2Fmedia&parent=3728"}],"wp:term":[{"taxonomy":"category","embeddable":true,"href":"https:\/\/volcanes.net\/index.php?rest_route=%2Fwp%2Fv2%2Fcategories&post=3728"},{"taxonomy":"post_tag","embeddable":true,"href":"https:\/\/volcanes.net\/index.php?rest_route=%2Fwp%2Fv2%2Ftags&post=3728"}],"curies":[{"name":"wp","href":"https:\/\/api.w.org\/{rel}","templated":true}]}}