{"id":3749,"date":"2019-01-28T16:53:29","date_gmt":"2019-01-28T16:53:29","guid":{"rendered":"http:\/\/volcanes.net\/?p=3749"},"modified":"2019-01-28T16:53:29","modified_gmt":"2019-01-28T16:53:29","slug":"se-eleva-a-115-la-cifra-de-fallecimientos-por-explosion-en-tlahuelilpan","status":"publish","type":"post","link":"https:\/\/volcanes.net\/?p=3749","title":{"rendered":"Se eleva a 115 la cifra de fallecimientos por explosi\u00f3n en Tlahuelilpan"},"content":{"rendered":"<div style=\"margin-top: 0px; margin-bottom: 0px;\" class=\"sharethis-inline-share-buttons\" ><\/div><p style=\"border:0px;font-family:\">El secretario de Salud, Jorge Carlos Alcocer Varela, actualiz\u00f3 esta ma\u00f1ana en 115 los decesos por la explosi\u00f3n en el ducto de Petr\u00f3leos Mexicanos (Pemex), en Tlahuelilpan, Hidalgo, el pasado 18 de enero.<\/p>\n<p style=\"border:0px;font-family:\">En conferencia de prensa matutina encabezada por el presidente de M\u00e9xico, Andr\u00e9s Manuel L\u00f3pez Obrador, el titular de la Secretar\u00eda de Salud (Ssa) precis\u00f3 que a la fecha permanecen 32 personas hospitalizados debido a la gravedad de sus lesiones.<\/p>\n<p style=\"border:0px;font-family:\">Alcocer Valera inform\u00f3 que de los 32 lesionados que a\u00fan est\u00e1n hospitalizados, cuatro de ellos est\u00e1n en instituciones del Estado de M\u00e9xico, tres en nosocomios de Hidalgo, y tres menores de edad fueron trasladados a cl\u00ednicas especializadas en atenci\u00f3n a quemados en Galveston, Texas, Estados Unidos.<\/p>\n<p style=\"border:0px;font-family:\">Fuente: NTX<\/p>\n","protected":false},"excerpt":{"rendered":"<p>El secretario de Salud, Jorge Carlos Alcocer Varela, actualiz\u00f3 esta ma\u00f1ana en 115 los decesos<\/p>\n","protected":false},"author":1,"featured_media":3748,"comment_status":"open","ping_status":"open","sticky":false,"template":"","format":"standard","meta":{"footnotes":""},"categories":[1],"tags":[44],"class_list":["post-3749","post","type-post","status-publish","format-standard","has-post-thumbnail","hentry","category-municipales","tag-gobierno-de-la-republica"],"yoast_head":"<!-- This site is optimized with the Yoast SEO plugin v25.3 - https:\/\/yoast.com\/wordpress\/plugins\/seo\/ -->\n<title>Se eleva a 115 la cifra de fallecimientos por explosi\u00f3n en Tlahuelilpan - Volcanes<\/title>\n<meta name=\"robots\" content=\"index, follow, max-snippet:-1, max-image-preview:large, max-video-preview:-1\" \/>\n<link rel=\"canonical\" href=\"https:\/\/volcanes.net\/?p=3749\" \/>\n<meta property=\"og:locale\" content=\"es_MX\" \/>\n<meta property=\"og:type\" content=\"article\" \/>\n<meta property=\"og:title\" content=\"Se eleva a 115 la cifra de fallecimientos por explosi\u00f3n en Tlahuelilpan - Volcanes\" \/>\n<meta property=\"og:description\" content=\"El secretario de Salud, Jorge Carlos Alcocer Varela, actualiz\u00f3 esta ma\u00f1ana en 115 los decesos\" \/>\n<meta property=\"og:url\" content=\"https:\/\/volcanes.net\/?p=3749\" \/>\n<meta property=\"og:site_name\" content=\"Volcanes\" \/>\n<meta property=\"article:publisher\" content=\"https:\/\/www.facebook.com\/volcanes.net\/\" \/>\n<meta property=\"article:published_time\" content=\"2019-01-28T16:53:29+00:00\" \/>\n<meta property=\"og:image\" content=\"https:\/\/volcanes.net\/wp-content\/uploads\/2019\/01\/alcocer-4.jpg\" \/>\n\t<meta property=\"og:image:width\" content=\"552\" \/>\n\t<meta property=\"og:image:height\" content=\"368\" \/>\n\t<meta property=\"og:image:type\" content=\"image\/jpeg\" \/>\n<meta name=\"author\" content=\"admin\" \/>\n<meta name=\"twitter:card\" content=\"summary_large_image\" \/>\n<meta name=\"twitter:label1\" content=\"Escrito por\" \/>\n\t<meta name=\"twitter:data1\" content=\"admin\" \/>\n\t<meta name=\"twitter:label2\" content=\"Tiempo de lectura\" \/>\n\t<meta name=\"twitter:data2\" content=\"1 minuto\" \/>\n<script type=\"application\/ld+json\" class=\"yoast-schema-graph\">{\"@context\":\"https:\/\/schema.org\",\"@graph\":[{\"@type\":\"Article\",\"@id\":\"https:\/\/volcanes.net\/?p=3749#article\",\"isPartOf\":{\"@id\":\"https:\/\/volcanes.net\/?p=3749\"},\"author\":{\"name\":\"admin\",\"@id\":\"https:\/\/volcanes.net\/#\/schema\/person\/4bf0f383940966a4abd53f5048c0e6b9\"},\"headline\":\"Se eleva a 115 la cifra de fallecimientos por explosi\u00f3n en Tlahuelilpan\",\"datePublished\":\"2019-01-28T16:53:29+00:00\",\"mainEntityOfPage\":{\"@id\":\"https:\/\/volcanes.net\/?p=3749\"},\"wordCount\":141,\"commentCount\":0,\"publisher\":{\"@id\":\"https:\/\/volcanes.net\/#organization\"},\"image\":{\"@id\":\"https:\/\/volcanes.net\/?p=3749#primaryimage\"},\"thumbnailUrl\":\"https:\/\/volcanes.net\/wp-content\/uploads\/2019\/01\/alcocer-4.jpg\",\"keywords\":[\"Gobierno de la Rep\u00fablica\"],\"articleSection\":[\"Municipales\"],\"inLanguage\":\"es\",\"potentialAction\":[{\"@type\":\"CommentAction\",\"name\":\"Comment\",\"target\":[\"https:\/\/volcanes.net\/?p=3749#respond\"]}]},{\"@type\":\"WebPage\",\"@id\":\"https:\/\/volcanes.net\/?p=3749\",\"url\":\"https:\/\/volcanes.net\/?p=3749\",\"name\":\"Se eleva a 115 la cifra de fallecimientos por explosi\u00f3n en Tlahuelilpan - Volcanes\",\"isPartOf\":{\"@id\":\"https:\/\/volcanes.net\/#website\"},\"primaryImageOfPage\":{\"@id\":\"https:\/\/volcanes.net\/?p=3749#primaryimage\"},\"image\":{\"@id\":\"https:\/\/volcanes.net\/?p=3749#primaryimage\"},\"thumbnailUrl\":\"https:\/\/volcanes.net\/wp-content\/uploads\/2019\/01\/alcocer-4.jpg\",\"datePublished\":\"2019-01-28T16:53:29+00:00\",\"breadcrumb\":{\"@id\":\"https:\/\/volcanes.net\/?p=3749#breadcrumb\"},\"inLanguage\":\"es\",\"potentialAction\":[{\"@type\":\"ReadAction\",\"target\":[\"https:\/\/volcanes.net\/?p=3749\"]}]},{\"@type\":\"ImageObject\",\"inLanguage\":\"es\",\"@id\":\"https:\/\/volcanes.net\/?p=3749#primaryimage\",\"url\":\"https:\/\/volcanes.net\/wp-content\/uploads\/2019\/01\/alcocer-4.jpg\",\"contentUrl\":\"https:\/\/volcanes.net\/wp-content\/uploads\/2019\/01\/alcocer-4.jpg\",\"width\":552,\"height\":368},{\"@type\":\"BreadcrumbList\",\"@id\":\"https:\/\/volcanes.net\/?p=3749#breadcrumb\",\"itemListElement\":[{\"@type\":\"ListItem\",\"position\":1,\"name\":\"Portada\",\"item\":\"https:\/\/volcanes.net\/\"},{\"@type\":\"ListItem\",\"position\":2,\"name\":\"Se eleva a 115 la cifra de fallecimientos por explosi\u00f3n en Tlahuelilpan\"}]},{\"@type\":\"WebSite\",\"@id\":\"https:\/\/volcanes.net\/#website\",\"url\":\"https:\/\/volcanes.net\/\",\"name\":\"Volcanes.Net\",\"description\":\"Periodismo Profesional\",\"publisher\":{\"@id\":\"https:\/\/volcanes.net\/#organization\"},\"potentialAction\":[{\"@type\":\"SearchAction\",\"target\":{\"@type\":\"EntryPoint\",\"urlTemplate\":\"https:\/\/volcanes.net\/?s={search_term_string}\"},\"query-input\":{\"@type\":\"PropertyValueSpecification\",\"valueRequired\":true,\"valueName\":\"search_term_string\"}}],\"inLanguage\":\"es\"},{\"@type\":\"Organization\",\"@id\":\"https:\/\/volcanes.net\/#organization\",\"name\":\"Grupo Volcanes\",\"url\":\"https:\/\/volcanes.net\/\",\"logo\":{\"@type\":\"ImageObject\",\"inLanguage\":\"es\",\"@id\":\"https:\/\/volcanes.net\/#\/schema\/logo\/image\/\",\"url\":\"http:\/\/volcanes.net\/wp-content\/uploads\/2017\/12\/Avatar2.jpg\",\"contentUrl\":\"http:\/\/volcanes.net\/wp-content\/uploads\/2017\/12\/Avatar2.jpg\",\"width\":378,\"height\":378,\"caption\":\"Grupo Volcanes\"},\"image\":{\"@id\":\"https:\/\/volcanes.net\/#\/schema\/logo\/image\/\"},\"sameAs\":[\"https:\/\/www.facebook.com\/volcanes.net\/\"]},{\"@type\":\"Person\",\"@id\":\"https:\/\/volcanes.net\/#\/schema\/person\/4bf0f383940966a4abd53f5048c0e6b9\",\"name\":\"admin\",\"image\":{\"@type\":\"ImageObject\",\"inLanguage\":\"es\",\"@id\":\"https:\/\/volcanes.net\/#\/schema\/person\/image\/\",\"url\":\"https:\/\/secure.gravatar.com\/avatar\/ca004e6cba8462b8cb7abc86e382930c?s=96&d=mm&r=g\",\"contentUrl\":\"https:\/\/secure.gravatar.com\/avatar\/ca004e6cba8462b8cb7abc86e382930c?s=96&d=mm&r=g\",\"caption\":\"admin\"}}]}<\/script>\n<!-- \/ Yoast SEO plugin. -->","yoast_head_json":{"title":"Se eleva a 115 la cifra de fallecimientos por explosi\u00f3n en Tlahuelilpan - Volcanes","robots":{"index":"index","follow":"follow","max-snippet":"max-snippet:-1","max-image-preview":"max-image-preview:large","max-video-preview":"max-video-preview:-1"},"canonical":"https:\/\/volcanes.net\/?p=3749","og_locale":"es_MX","og_type":"article","og_title":"Se eleva a 115 la cifra de fallecimientos por explosi\u00f3n en Tlahuelilpan - Volcanes","og_description":"El secretario de Salud, Jorge Carlos Alcocer Varela, actualiz\u00f3 esta ma\u00f1ana en 115 los decesos","og_url":"https:\/\/volcanes.net\/?p=3749","og_site_name":"Volcanes","article_publisher":"https:\/\/www.facebook.com\/volcanes.net\/","article_published_time":"2019-01-28T16:53:29+00:00","og_image":[{"width":552,"height":368,"url":"https:\/\/volcanes.net\/wp-content\/uploads\/2019\/01\/alcocer-4.jpg","type":"image\/jpeg"}],"author":"admin","twitter_card":"summary_large_image","twitter_misc":{"Escrito por":"admin","Tiempo de lectura":"1 minuto"},"schema":{"@context":"https:\/\/schema.org","@graph":[{"@type":"Article","@id":"https:\/\/volcanes.net\/?p=3749#article","isPartOf":{"@id":"https:\/\/volcanes.net\/?p=3749"},"author":{"name":"admin","@id":"https:\/\/volcanes.net\/#\/schema\/person\/4bf0f383940966a4abd53f5048c0e6b9"},"headline":"Se eleva a 115 la cifra de fallecimientos por explosi\u00f3n en Tlahuelilpan","datePublished":"2019-01-28T16:53:29+00:00","mainEntityOfPage":{"@id":"https:\/\/volcanes.net\/?p=3749"},"wordCount":141,"commentCount":0,"publisher":{"@id":"https:\/\/volcanes.net\/#organization"},"image":{"@id":"https:\/\/volcanes.net\/?p=3749#primaryimage"},"thumbnailUrl":"https:\/\/volcanes.net\/wp-content\/uploads\/2019\/01\/alcocer-4.jpg","keywords":["Gobierno de la Rep\u00fablica"],"articleSection":["Municipales"],"inLanguage":"es","potentialAction":[{"@type":"CommentAction","name":"Comment","target":["https:\/\/volcanes.net\/?p=3749#respond"]}]},{"@type":"WebPage","@id":"https:\/\/volcanes.net\/?p=3749","url":"https:\/\/volcanes.net\/?p=3749","name":"Se eleva a 115 la cifra de fallecimientos por explosi\u00f3n en Tlahuelilpan - Volcanes","isPartOf":{"@id":"https:\/\/volcanes.net\/#website"},"primaryImageOfPage":{"@id":"https:\/\/volcanes.net\/?p=3749#primaryimage"},"image":{"@id":"https:\/\/volcanes.net\/?p=3749#primaryimage"},"thumbnailUrl":"https:\/\/volcanes.net\/wp-content\/uploads\/2019\/01\/alcocer-4.jpg","datePublished":"2019-01-28T16:53:29+00:00","breadcrumb":{"@id":"https:\/\/volcanes.net\/?p=3749#breadcrumb"},"inLanguage":"es","potentialAction":[{"@type":"ReadAction","target":["https:\/\/volcanes.net\/?p=3749"]}]},{"@type":"ImageObject","inLanguage":"es","@id":"https:\/\/volcanes.net\/?p=3749#primaryimage","url":"https:\/\/volcanes.net\/wp-content\/uploads\/2019\/01\/alcocer-4.jpg","contentUrl":"https:\/\/volcanes.net\/wp-content\/uploads\/2019\/01\/alcocer-4.jpg","width":552,"height":368},{"@type":"BreadcrumbList","@id":"https:\/\/volcanes.net\/?p=3749#breadcrumb","itemListElement":[{"@type":"ListItem","position":1,"name":"Portada","item":"https:\/\/volcanes.net\/"},{"@type":"ListItem","position":2,"name":"Se eleva a 115 la cifra de fallecimientos por explosi\u00f3n en Tlahuelilpan"}]},{"@type":"WebSite","@id":"https:\/\/volcanes.net\/#website","url":"https:\/\/volcanes.net\/","name":"Volcanes.Net","description":"Periodismo Profesional","publisher":{"@id":"https:\/\/volcanes.net\/#organization"},"potentialAction":[{"@type":"SearchAction","target":{"@type":"EntryPoint","urlTemplate":"https:\/\/volcanes.net\/?s={search_term_string}"},"query-input":{"@type":"PropertyValueSpecification","valueRequired":true,"valueName":"search_term_string"}}],"inLanguage":"es"},{"@type":"Organization","@id":"https:\/\/volcanes.net\/#organization","name":"Grupo Volcanes","url":"https:\/\/volcanes.net\/","logo":{"@type":"ImageObject","inLanguage":"es","@id":"https:\/\/volcanes.net\/#\/schema\/logo\/image\/","url":"http:\/\/volcanes.net\/wp-content\/uploads\/2017\/12\/Avatar2.jpg","contentUrl":"http:\/\/volcanes.net\/wp-content\/uploads\/2017\/12\/Avatar2.jpg","width":378,"height":378,"caption":"Grupo Volcanes"},"image":{"@id":"https:\/\/volcanes.net\/#\/schema\/logo\/image\/"},"sameAs":["https:\/\/www.facebook.com\/volcanes.net\/"]},{"@type":"Person","@id":"https:\/\/volcanes.net\/#\/schema\/person\/4bf0f383940966a4abd53f5048c0e6b9","name":"admin","image":{"@type":"ImageObject","inLanguage":"es","@id":"https:\/\/volcanes.net\/#\/schema\/person\/image\/","url":"https:\/\/secure.gravatar.com\/avatar\/ca004e6cba8462b8cb7abc86e382930c?s=96&d=mm&r=g","contentUrl":"https:\/\/secure.gravatar.com\/avatar\/ca004e6cba8462b8cb7abc86e382930c?s=96&d=mm&r=g","caption":"admin"}}]}},"_links":{"self":[{"href":"https:\/\/volcanes.net\/index.php?rest_route=\/wp\/v2\/posts\/3749"}],"collection":[{"href":"https:\/\/volcanes.net\/index.php?rest_route=\/wp\/v2\/posts"}],"about":[{"href":"https:\/\/volcanes.net\/index.php?rest_route=\/wp\/v2\/types\/post"}],"author":[{"embeddable":true,"href":"https:\/\/volcanes.net\/index.php?rest_route=\/wp\/v2\/users\/1"}],"replies":[{"embeddable":true,"href":"https:\/\/volcanes.net\/index.php?rest_route=%2Fwp%2Fv2%2Fcomments&post=3749"}],"version-history":[{"count":1,"href":"https:\/\/volcanes.net\/index.php?rest_route=\/wp\/v2\/posts\/3749\/revisions"}],"predecessor-version":[{"id":3750,"href":"https:\/\/volcanes.net\/index.php?rest_route=\/wp\/v2\/posts\/3749\/revisions\/3750"}],"wp:featuredmedia":[{"embeddable":true,"href":"https:\/\/volcanes.net\/index.php?rest_route=\/wp\/v2\/media\/3748"}],"wp:attachment":[{"href":"https:\/\/volcanes.net\/index.php?rest_route=%2Fwp%2Fv2%2Fmedia&parent=3749"}],"wp:term":[{"taxonomy":"category","embeddable":true,"href":"https:\/\/volcanes.net\/index.php?rest_route=%2Fwp%2Fv2%2Fcategories&post=3749"},{"taxonomy":"post_tag","embeddable":true,"href":"https:\/\/volcanes.net\/index.php?rest_route=%2Fwp%2Fv2%2Ftags&post=3749"}],"curies":[{"name":"wp","href":"https:\/\/api.w.org\/{rel}","templated":true}]}}