{"id":3764,"date":"2019-01-29T03:28:51","date_gmt":"2019-01-29T03:28:51","guid":{"rendered":"http:\/\/volcanes.net\/?p=3764"},"modified":"2019-01-29T03:28:51","modified_gmt":"2019-01-29T03:28:51","slug":"entrega-alfredo-del-mazo-apoyos-forestales-y-senala-que-se-destinaran-110-millones-de-pesos-al-cuidado-de-bosques","status":"publish","type":"post","link":"https:\/\/volcanes.net\/?p=3764","title":{"rendered":"Entrega Alfredo Del Mazo apoyos forestales y se\u00f1ala que se destinar\u00e1n 110 millones de pesos al cuidado de bosques"},"content":{"rendered":"<div style=\"margin-top: 0px; margin-bottom: 0px;\" class=\"sharethis-inline-share-buttons\" ><\/div><p style=\"font-family:Arial,sans-serif;font-size:14px;font-style:normal;font-weight:400;letter-spacing:normal;text-indent:0px;text-align:left\"><span style=\"font-weight:400\">Donato Guerra,  M\u00e9x, 28 de enero de 2019.- El Gobernador Alfredo Del Mazo Maza inform\u00f3 durante la entrega de apoyos forestales<span> <\/span><\/span><span style=\"font-weight:400\">que se destinar\u00e1n 110 millones de pesos para los programas que tienen como objetivo el cuidado de los bosques, cifra que representa un incremento del 10 por ciento, respecto al a\u00f1o anterior, adem\u00e1s de que se invertir\u00e1n cerca de 80 millones de pesos en equipamiento para los combatientes forestales.<\/span><\/p>\n<p><span style=\"font-weight:400\">Destac\u00f3 tambi\u00e9n que la entidad es la \u00fanica a nivel nacional que cada a\u00f1o incrementa su masa forestal, resultado de los programas de apoyo para quienes cuidan los bosques y por el trabajo en materia de prevenci\u00f3n y combate de incendios.<\/span><\/p>\n<p><span style=\"font-weight:400\">\u201cQue adem\u00e1s para nosotros es un gran orgullo, porque gracias al esfuerzo de mujeres, de hombres como los que est\u00e1n aqu\u00ed presentes, y de muchos m\u00e1s que se dedican todos los d\u00edas a cuidar de nuestro medio ambiente, sobre todo de nuestros bosques, es que el Estado de M\u00e9xico es el \u00fanico estado de toda la Rep\u00fablica que a\u00f1o con a\u00f1o crece su masa forestal\u201d, afirm\u00f3.<\/span><\/p>\n<p style=\"font-family:Arial,sans-serif;font-size:14px;font-style:normal;font-weight:400;letter-spacing:normal;text-indent:0px;text-align:left\"><span style=\"font-weight:400\">\u201cLes comparto que el a\u00f1o pasado, el a\u00f1o 2018, logramos superar nuestra meta de reforestaci\u00f3n, logramos reforestar m\u00e1s de 16 mil hect\u00e1reas en el Estado de M\u00e9xico con m\u00e1s de 16.2 millones de \u00e1rboles que fueron reforestados, esto es dos millones m\u00e1s de la meta original que nos planeamos el a\u00f1o pasado\u201d, puntualiz\u00f3.<\/span><\/p>\n<p><span style=\"font-weight:400\">Alfredo Del Mazo se\u00f1al\u00f3 que este logro se debe a diferentes factores, el primero de ellos es apoyar a los ejidatarios due\u00f1os de terrenos forestales y que cuidan las \u00e1reas boscosas, a trav\u00e9s de diferentes programas como el de Pago por servicios ambientales hidrol\u00f3gicos, Plantaciones forestales comerciales, Servicio ambiental de captura de carbono y Reforestaci\u00f3n y restauraci\u00f3n integral de microcuencas.<\/span><\/p>\n<p><span style=\"font-weight:400\">Asimismo, por las acciones que se hacen en el combate de incendios en estas \u00e1reas, principalmente las que realizan los combatientes forestales, conocidos como \u201cChamusquines\u201d, quienes arriesgan sus vidas por cuidar el medio ambiente.<span> <\/span><\/span><\/p>\n<p><span style=\"font-weight:400\">Por tal motivo, dijo, se invertir\u00e1n cerca de 80 millones de pesos para que cuenten con los uniformes, herramientas, equipamiento y veh\u00edculos necesarios para que lleven a cabo sus labores con mayor seguridad, y se busca que los integrantes de esta agrupaci\u00f3n colaboren de manera permanente, no nada m\u00e1s en temporada de incendios, por lo que recibir\u00e1n capacitaciones en materia de protecci\u00f3n civil y primeros auxilios.  <\/span><\/p>\n<p><span style=\"font-weight:400\">\u201cGracias al esfuerzo de m\u00e1s 2 mil 290 combatientes forestales que tuvimos a lo largo del a\u00f1o pasado, es que logramos disminuir el n\u00famero de incendios.<span> <\/span><\/span><\/p>\n<p><span style=\"font-weight:400\">\u201cEl a\u00f1o pasado hubo cerca de 28 por ciento menos de hect\u00e1reas que sufrieron incendios forestales, gracias a las medidas precautorias, por supuesto, pero gracias tambi\u00e9n al combate a los incendios forestales por parte de los combatientes, a nuestros queridos \u2018Chamusquines\u2019\u201d, destac\u00f3.<\/span><\/p>\n<p><span style=\"font-weight:400\">Del Mazo Maza invit\u00f3 a quienes vayan a zonas boscosas cuiden de \u00e9stas, ya que de los m\u00e1s de mil 600 incendios que se registraron en 2018, cerca del 95 por ciento, fueron causados por descuidos y falta de cuidados por parte de la poblaci\u00f3n.  <\/span><\/p>\n<p><span style=\"font-weight:400\">Respecto al inicio del ciclo agr\u00edcola, tambi\u00e9n exhort\u00f3 a quienes realizan quema de suelo, para que lo hagan de manera responsable y con vigilancia de personal capacitado.<span> <\/span><\/span><\/p>\n<p><span style=\"font-weight:400\">El Gobernador mexiquense indic\u00f3 que con estas acciones el Estado de M\u00e9xico es la \u00fanica entidad en el pa\u00eds que cada a\u00f1o crece en su masa forestal, lo que permite contar con suelos f\u00e9rtiles, evitar la erosi\u00f3n y recargar los mantos acu\u00edferos.   <\/span><\/p>\n<p><span style=\"font-weight:400\">\u201cNos da much\u00edsimo gusto que estas acciones que llevamos a cabo en conjunto, Gobierno del Estado, con la sociedad civil, la poblaci\u00f3n de esta regi\u00f3n del estado, nos sigan haciendo un estado fuerte para cuidar nuestro medio ambiente y fuerte para apoyar a las familias que se dedican al cuidado de nuestros bosques\u201d, manifest\u00f3.<\/span><\/p>\n<p><span style=\"font-weight:400\">En esta gira de trabajo el mandatario mexiquense entreg\u00f3 apoyos de los programas Pago por servicios ambientales hidrol\u00f3gicos, Plantaciones forestales comerciales, Servicio ambiental de captura de carbono, Reforestaci\u00f3n y restauraci\u00f3n integral de microcuencas, a ejidatarios de diferentes regiones de la entidad como Almoloya de Ju\u00e1rez, Acambay, Aculco, Almoloya de Alquisiras, Amanalco, Atlacomulco, Chapa de Mota y Donato Guerra, entre otros.  <\/span><\/p>\n<p><span style=\"font-weight:400\">El Secretario de Medio Ambiente, Jorge Rescala P\u00e9rez, se\u00f1al\u00f3 que los programas de protecci\u00f3n forestal de la entidad son pioneros a nivel nacional, los cuales son hoy distintivos de la pol\u00edtica de conservaci\u00f3n del ambiente y recursos naturales del Estado de M\u00e9xico.<\/span><\/p>\n","protected":false},"excerpt":{"rendered":"<p>Donato Guerra, M\u00e9x, 28 de enero de 2019.- El Gobernador Alfredo Del Mazo Maza inform\u00f3<\/p>\n","protected":false},"author":1,"featured_media":3763,"comment_status":"open","ping_status":"open","sticky":false,"template":"","format":"standard","meta":{"footnotes":""},"categories":[3],"tags":[4],"class_list":["post-3764","post","type-post","status-publish","format-standard","has-post-thumbnail","hentry","category-estatales","tag-gobierno-del-estado-de-mexico"],"yoast_head":"<!-- This site is optimized with the Yoast SEO plugin v25.3 - https:\/\/yoast.com\/wordpress\/plugins\/seo\/ -->\n<title>Entrega Alfredo Del Mazo apoyos forestales y se\u00f1ala que se destinar\u00e1n 110 millones de pesos al cuidado de bosques - Volcanes<\/title>\n<meta name=\"robots\" content=\"index, follow, max-snippet:-1, max-image-preview:large, max-video-preview:-1\" \/>\n<link rel=\"canonical\" href=\"https:\/\/volcanes.net\/?p=3764\" \/>\n<meta property=\"og:locale\" content=\"es_MX\" \/>\n<meta property=\"og:type\" content=\"article\" \/>\n<meta property=\"og:title\" content=\"Entrega Alfredo Del Mazo apoyos forestales y se\u00f1ala que se destinar\u00e1n 110 millones de pesos al cuidado de bosques - Volcanes\" \/>\n<meta property=\"og:description\" content=\"Donato Guerra, M\u00e9x, 28 de enero de 2019.- El Gobernador Alfredo Del Mazo Maza inform\u00f3\" \/>\n<meta property=\"og:url\" content=\"https:\/\/volcanes.net\/?p=3764\" \/>\n<meta property=\"og:site_name\" content=\"Volcanes\" \/>\n<meta property=\"article:publisher\" content=\"https:\/\/www.facebook.com\/volcanes.net\/\" \/>\n<meta property=\"article:published_time\" content=\"2019-01-29T03:28:51+00:00\" \/>\n<meta property=\"og:image\" content=\"https:\/\/volcanes.net\/wp-content\/uploads\/2019\/01\/IMG-20190128-WA0112-620x673.jpg\" \/>\n\t<meta property=\"og:image:width\" content=\"620\" \/>\n\t<meta property=\"og:image:height\" content=\"673\" \/>\n\t<meta property=\"og:image:type\" content=\"image\/jpeg\" \/>\n<meta name=\"author\" content=\"admin\" \/>\n<meta name=\"twitter:card\" content=\"summary_large_image\" \/>\n<meta name=\"twitter:label1\" content=\"Escrito por\" \/>\n\t<meta name=\"twitter:data1\" content=\"admin\" \/>\n\t<meta name=\"twitter:label2\" content=\"Tiempo de lectura\" \/>\n\t<meta name=\"twitter:data2\" content=\"4 minutos\" \/>\n<script type=\"application\/ld+json\" class=\"yoast-schema-graph\">{\"@context\":\"https:\/\/schema.org\",\"@graph\":[{\"@type\":\"Article\",\"@id\":\"https:\/\/volcanes.net\/?p=3764#article\",\"isPartOf\":{\"@id\":\"https:\/\/volcanes.net\/?p=3764\"},\"author\":{\"name\":\"admin\",\"@id\":\"https:\/\/volcanes.net\/#\/schema\/person\/4bf0f383940966a4abd53f5048c0e6b9\"},\"headline\":\"Entrega Alfredo Del Mazo apoyos forestales y se\u00f1ala que se destinar\u00e1n 110 millones de pesos al cuidado de bosques\",\"datePublished\":\"2019-01-29T03:28:51+00:00\",\"mainEntityOfPage\":{\"@id\":\"https:\/\/volcanes.net\/?p=3764\"},\"wordCount\":800,\"commentCount\":0,\"publisher\":{\"@id\":\"https:\/\/volcanes.net\/#organization\"},\"image\":{\"@id\":\"https:\/\/volcanes.net\/?p=3764#primaryimage\"},\"thumbnailUrl\":\"https:\/\/volcanes.net\/wp-content\/uploads\/2019\/01\/IMG-20190128-WA0112-620x673.jpg\",\"keywords\":[\"Gobierno del Estado de M\u00e9xico\"],\"articleSection\":[\"Estatales\"],\"inLanguage\":\"es\",\"potentialAction\":[{\"@type\":\"CommentAction\",\"name\":\"Comment\",\"target\":[\"https:\/\/volcanes.net\/?p=3764#respond\"]}]},{\"@type\":\"WebPage\",\"@id\":\"https:\/\/volcanes.net\/?p=3764\",\"url\":\"https:\/\/volcanes.net\/?p=3764\",\"name\":\"Entrega Alfredo Del Mazo apoyos forestales y se\u00f1ala que se destinar\u00e1n 110 millones de pesos al cuidado de bosques - Volcanes\",\"isPartOf\":{\"@id\":\"https:\/\/volcanes.net\/#website\"},\"primaryImageOfPage\":{\"@id\":\"https:\/\/volcanes.net\/?p=3764#primaryimage\"},\"image\":{\"@id\":\"https:\/\/volcanes.net\/?p=3764#primaryimage\"},\"thumbnailUrl\":\"https:\/\/volcanes.net\/wp-content\/uploads\/2019\/01\/IMG-20190128-WA0112-620x673.jpg\",\"datePublished\":\"2019-01-29T03:28:51+00:00\",\"breadcrumb\":{\"@id\":\"https:\/\/volcanes.net\/?p=3764#breadcrumb\"},\"inLanguage\":\"es\",\"potentialAction\":[{\"@type\":\"ReadAction\",\"target\":[\"https:\/\/volcanes.net\/?p=3764\"]}]},{\"@type\":\"ImageObject\",\"inLanguage\":\"es\",\"@id\":\"https:\/\/volcanes.net\/?p=3764#primaryimage\",\"url\":\"https:\/\/volcanes.net\/wp-content\/uploads\/2019\/01\/IMG-20190128-WA0112-620x673.jpg\",\"contentUrl\":\"https:\/\/volcanes.net\/wp-content\/uploads\/2019\/01\/IMG-20190128-WA0112-620x673.jpg\",\"width\":620,\"height\":673},{\"@type\":\"BreadcrumbList\",\"@id\":\"https:\/\/volcanes.net\/?p=3764#breadcrumb\",\"itemListElement\":[{\"@type\":\"ListItem\",\"position\":1,\"name\":\"Portada\",\"item\":\"https:\/\/volcanes.net\/\"},{\"@type\":\"ListItem\",\"position\":2,\"name\":\"Entrega Alfredo Del Mazo apoyos forestales y se\u00f1ala que se destinar\u00e1n 110 millones de pesos al cuidado de bosques\"}]},{\"@type\":\"WebSite\",\"@id\":\"https:\/\/volcanes.net\/#website\",\"url\":\"https:\/\/volcanes.net\/\",\"name\":\"Volcanes.Net\",\"description\":\"Periodismo Profesional\",\"publisher\":{\"@id\":\"https:\/\/volcanes.net\/#organization\"},\"potentialAction\":[{\"@type\":\"SearchAction\",\"target\":{\"@type\":\"EntryPoint\",\"urlTemplate\":\"https:\/\/volcanes.net\/?s={search_term_string}\"},\"query-input\":{\"@type\":\"PropertyValueSpecification\",\"valueRequired\":true,\"valueName\":\"search_term_string\"}}],\"inLanguage\":\"es\"},{\"@type\":\"Organization\",\"@id\":\"https:\/\/volcanes.net\/#organization\",\"name\":\"Grupo Volcanes\",\"url\":\"https:\/\/volcanes.net\/\",\"logo\":{\"@type\":\"ImageObject\",\"inLanguage\":\"es\",\"@id\":\"https:\/\/volcanes.net\/#\/schema\/logo\/image\/\",\"url\":\"http:\/\/volcanes.net\/wp-content\/uploads\/2017\/12\/Avatar2.jpg\",\"contentUrl\":\"http:\/\/volcanes.net\/wp-content\/uploads\/2017\/12\/Avatar2.jpg\",\"width\":378,\"height\":378,\"caption\":\"Grupo Volcanes\"},\"image\":{\"@id\":\"https:\/\/volcanes.net\/#\/schema\/logo\/image\/\"},\"sameAs\":[\"https:\/\/www.facebook.com\/volcanes.net\/\"]},{\"@type\":\"Person\",\"@id\":\"https:\/\/volcanes.net\/#\/schema\/person\/4bf0f383940966a4abd53f5048c0e6b9\",\"name\":\"admin\",\"image\":{\"@type\":\"ImageObject\",\"inLanguage\":\"es\",\"@id\":\"https:\/\/volcanes.net\/#\/schema\/person\/image\/\",\"url\":\"https:\/\/secure.gravatar.com\/avatar\/ca004e6cba8462b8cb7abc86e382930c?s=96&d=mm&r=g\",\"contentUrl\":\"https:\/\/secure.gravatar.com\/avatar\/ca004e6cba8462b8cb7abc86e382930c?s=96&d=mm&r=g\",\"caption\":\"admin\"}}]}<\/script>\n<!-- \/ Yoast SEO plugin. -->","yoast_head_json":{"title":"Entrega Alfredo Del Mazo apoyos forestales y se\u00f1ala que se destinar\u00e1n 110 millones de pesos al cuidado de bosques - Volcanes","robots":{"index":"index","follow":"follow","max-snippet":"max-snippet:-1","max-image-preview":"max-image-preview:large","max-video-preview":"max-video-preview:-1"},"canonical":"https:\/\/volcanes.net\/?p=3764","og_locale":"es_MX","og_type":"article","og_title":"Entrega Alfredo Del Mazo apoyos forestales y se\u00f1ala que se destinar\u00e1n 110 millones de pesos al cuidado de bosques - Volcanes","og_description":"Donato Guerra, M\u00e9x, 28 de enero de 2019.- El Gobernador Alfredo Del Mazo Maza inform\u00f3","og_url":"https:\/\/volcanes.net\/?p=3764","og_site_name":"Volcanes","article_publisher":"https:\/\/www.facebook.com\/volcanes.net\/","article_published_time":"2019-01-29T03:28:51+00:00","og_image":[{"width":620,"height":673,"url":"https:\/\/volcanes.net\/wp-content\/uploads\/2019\/01\/IMG-20190128-WA0112-620x673.jpg","type":"image\/jpeg"}],"author":"admin","twitter_card":"summary_large_image","twitter_misc":{"Escrito por":"admin","Tiempo de lectura":"4 minutos"},"schema":{"@context":"https:\/\/schema.org","@graph":[{"@type":"Article","@id":"https:\/\/volcanes.net\/?p=3764#article","isPartOf":{"@id":"https:\/\/volcanes.net\/?p=3764"},"author":{"name":"admin","@id":"https:\/\/volcanes.net\/#\/schema\/person\/4bf0f383940966a4abd53f5048c0e6b9"},"headline":"Entrega Alfredo Del Mazo apoyos forestales y se\u00f1ala que se destinar\u00e1n 110 millones de pesos al cuidado de bosques","datePublished":"2019-01-29T03:28:51+00:00","mainEntityOfPage":{"@id":"https:\/\/volcanes.net\/?p=3764"},"wordCount":800,"commentCount":0,"publisher":{"@id":"https:\/\/volcanes.net\/#organization"},"image":{"@id":"https:\/\/volcanes.net\/?p=3764#primaryimage"},"thumbnailUrl":"https:\/\/volcanes.net\/wp-content\/uploads\/2019\/01\/IMG-20190128-WA0112-620x673.jpg","keywords":["Gobierno del Estado de M\u00e9xico"],"articleSection":["Estatales"],"inLanguage":"es","potentialAction":[{"@type":"CommentAction","name":"Comment","target":["https:\/\/volcanes.net\/?p=3764#respond"]}]},{"@type":"WebPage","@id":"https:\/\/volcanes.net\/?p=3764","url":"https:\/\/volcanes.net\/?p=3764","name":"Entrega Alfredo Del Mazo apoyos forestales y se\u00f1ala que se destinar\u00e1n 110 millones de pesos al cuidado de bosques - Volcanes","isPartOf":{"@id":"https:\/\/volcanes.net\/#website"},"primaryImageOfPage":{"@id":"https:\/\/volcanes.net\/?p=3764#primaryimage"},"image":{"@id":"https:\/\/volcanes.net\/?p=3764#primaryimage"},"thumbnailUrl":"https:\/\/volcanes.net\/wp-content\/uploads\/2019\/01\/IMG-20190128-WA0112-620x673.jpg","datePublished":"2019-01-29T03:28:51+00:00","breadcrumb":{"@id":"https:\/\/volcanes.net\/?p=3764#breadcrumb"},"inLanguage":"es","potentialAction":[{"@type":"ReadAction","target":["https:\/\/volcanes.net\/?p=3764"]}]},{"@type":"ImageObject","inLanguage":"es","@id":"https:\/\/volcanes.net\/?p=3764#primaryimage","url":"https:\/\/volcanes.net\/wp-content\/uploads\/2019\/01\/IMG-20190128-WA0112-620x673.jpg","contentUrl":"https:\/\/volcanes.net\/wp-content\/uploads\/2019\/01\/IMG-20190128-WA0112-620x673.jpg","width":620,"height":673},{"@type":"BreadcrumbList","@id":"https:\/\/volcanes.net\/?p=3764#breadcrumb","itemListElement":[{"@type":"ListItem","position":1,"name":"Portada","item":"https:\/\/volcanes.net\/"},{"@type":"ListItem","position":2,"name":"Entrega Alfredo Del Mazo apoyos forestales y se\u00f1ala que se destinar\u00e1n 110 millones de pesos al cuidado de bosques"}]},{"@type":"WebSite","@id":"https:\/\/volcanes.net\/#website","url":"https:\/\/volcanes.net\/","name":"Volcanes.Net","description":"Periodismo Profesional","publisher":{"@id":"https:\/\/volcanes.net\/#organization"},"potentialAction":[{"@type":"SearchAction","target":{"@type":"EntryPoint","urlTemplate":"https:\/\/volcanes.net\/?s={search_term_string}"},"query-input":{"@type":"PropertyValueSpecification","valueRequired":true,"valueName":"search_term_string"}}],"inLanguage":"es"},{"@type":"Organization","@id":"https:\/\/volcanes.net\/#organization","name":"Grupo Volcanes","url":"https:\/\/volcanes.net\/","logo":{"@type":"ImageObject","inLanguage":"es","@id":"https:\/\/volcanes.net\/#\/schema\/logo\/image\/","url":"http:\/\/volcanes.net\/wp-content\/uploads\/2017\/12\/Avatar2.jpg","contentUrl":"http:\/\/volcanes.net\/wp-content\/uploads\/2017\/12\/Avatar2.jpg","width":378,"height":378,"caption":"Grupo Volcanes"},"image":{"@id":"https:\/\/volcanes.net\/#\/schema\/logo\/image\/"},"sameAs":["https:\/\/www.facebook.com\/volcanes.net\/"]},{"@type":"Person","@id":"https:\/\/volcanes.net\/#\/schema\/person\/4bf0f383940966a4abd53f5048c0e6b9","name":"admin","image":{"@type":"ImageObject","inLanguage":"es","@id":"https:\/\/volcanes.net\/#\/schema\/person\/image\/","url":"https:\/\/secure.gravatar.com\/avatar\/ca004e6cba8462b8cb7abc86e382930c?s=96&d=mm&r=g","contentUrl":"https:\/\/secure.gravatar.com\/avatar\/ca004e6cba8462b8cb7abc86e382930c?s=96&d=mm&r=g","caption":"admin"}}]}},"_links":{"self":[{"href":"https:\/\/volcanes.net\/index.php?rest_route=\/wp\/v2\/posts\/3764"}],"collection":[{"href":"https:\/\/volcanes.net\/index.php?rest_route=\/wp\/v2\/posts"}],"about":[{"href":"https:\/\/volcanes.net\/index.php?rest_route=\/wp\/v2\/types\/post"}],"author":[{"embeddable":true,"href":"https:\/\/volcanes.net\/index.php?rest_route=\/wp\/v2\/users\/1"}],"replies":[{"embeddable":true,"href":"https:\/\/volcanes.net\/index.php?rest_route=%2Fwp%2Fv2%2Fcomments&post=3764"}],"version-history":[{"count":1,"href":"https:\/\/volcanes.net\/index.php?rest_route=\/wp\/v2\/posts\/3764\/revisions"}],"predecessor-version":[{"id":3765,"href":"https:\/\/volcanes.net\/index.php?rest_route=\/wp\/v2\/posts\/3764\/revisions\/3765"}],"wp:featuredmedia":[{"embeddable":true,"href":"https:\/\/volcanes.net\/index.php?rest_route=\/wp\/v2\/media\/3763"}],"wp:attachment":[{"href":"https:\/\/volcanes.net\/index.php?rest_route=%2Fwp%2Fv2%2Fmedia&parent=3764"}],"wp:term":[{"taxonomy":"category","embeddable":true,"href":"https:\/\/volcanes.net\/index.php?rest_route=%2Fwp%2Fv2%2Fcategories&post=3764"},{"taxonomy":"post_tag","embeddable":true,"href":"https:\/\/volcanes.net\/index.php?rest_route=%2Fwp%2Fv2%2Ftags&post=3764"}],"curies":[{"name":"wp","href":"https:\/\/api.w.org\/{rel}","templated":true}]}}