{"id":3767,"date":"2019-01-29T03:32:46","date_gmt":"2019-01-29T03:32:46","guid":{"rendered":"http:\/\/volcanes.net\/?p=3767"},"modified":"2019-01-29T03:32:46","modified_gmt":"2019-01-29T03:32:46","slug":"prepara-morena-una-ley-de-desapariciones-forzadas-del-estado-de-mexico","status":"publish","type":"post","link":"https:\/\/volcanes.net\/?p=3767","title":{"rendered":"Prepara Morena una ley de desapariciones forzadas del Estado de M\u00e9xico"},"content":{"rendered":"<div style=\"margin-top: 0px; margin-bottom: 0px;\" class=\"sharethis-inline-share-buttons\" ><\/div><p>La diputada Guadalupe Mariana Uribe Bernal anunci\u00f3 que el Grupo Parlamentario de morena en la 60 Legislatura prepara una Ley en Materia de Desaparici\u00f3n Forzada de Personas y Desaparici\u00f3n Cometida por Particulares del Estado de M\u00e9xico, proyecto de iniciativa que fue dado a conocer a asesores jur\u00eddicos del Comit\u00e9 Internacional de la Cruz Roja (CIRC), del Instituto Mexicano de Derechos Humanos y Democracia y de Idheas, Litigio Estrat\u00e9gico en Derechos Humanos.<br \/>\nAl se\u00f1alar que contar con una ley local en esta materia es prioritario para la bancada de morena en el Congreso estatal, Mariana Uribe dijo que el consultar a organizaciones civiles internacionales y locales tiene como finalidad conocer sus observaciones respecto de esta propuesta, de la ley general en la materia y del funcionamiento del Sistema Nacional de B\u00fasqueda de Personas, y escuchar las aportaciones que puedan hacer al proyecto estatal.<br \/>\nUribe Bernal explic\u00f3 que morena har\u00e1 extensiva la invitaci\u00f3n al resto de los legisladores para que enriquezcan el proyecto y se concrete en una ley que subsane vac\u00edos legales y contribuya a evitar que ni\u00f1as, ni\u00f1os, mujeres y hombres mexiquenses sigan desapareciendo.<br \/>\nAna Isabel G\u00f3mez Bernal, secretaria t\u00e9cnica de la Comisi\u00f3n Especial para Combatir y Erradicar la Violencia Vinculada a los Feminicidios en el Estado de M\u00e9xico y representante de la diputada Karina Labastida Sotelo, dijo que, seg\u00fan datos de la Fiscal\u00eda Especializada para la Investigaci\u00f3n y Persecuci\u00f3n de Delitos en Materia de Desaparici\u00f3n Forzada de Personas y Desaparici\u00f3n Cometida por Particulares de la entidad, la cifra de casos reportados en 2012 era de 911, en tanto que en 2018 llegaron a 5 mil 878.<br \/>\nActualmente, 5 mil 475 personas est\u00e1n pendientes de ser localizadas en el Estado de M\u00e9xico, por lo que G\u00f3mez Bernal consider\u00f3 que debe implementarse una legislaci\u00f3n que observe est\u00e1ndares internacionales para establecer bases s\u00f3lidas y garant\u00edas jur\u00eddicas a las v\u00edctimas y ofendidos por este delito, adem\u00e1s de homologarla con la legislaci\u00f3n federal.<br \/>\nXimena Ugarte Trangay, abogada del Instituto Mexicano de Derechos Humanos y Democracia, destac\u00f3 la importancia de fortalecer los sistemas forenses de b\u00fasqueda de personas e identificaci\u00f3n y el respeto de los derechos humanos de las v\u00edctimas directas e indirectas de estos delitos.<br \/>\nSubray\u00f3 la pertinencia de que en la elaboraci\u00f3n de esta ley participen los colectivos y las familias que han sufrido la desaparici\u00f3n de una persona, pues legitiman los procesos de integraci\u00f3n y dictaminaci\u00f3n de las normas jur\u00eddicas.<br \/>\nAna Laura Vel\u00e1zquez Moreno, abogada de Idheas, Litigio Estrat\u00e9gico en Derechos Humanos, dijo que es una grata sorpresa que exista un proyecto de iniciativa en el Estado de M\u00e9xico, pues habla bien del Congreso local y del compromiso de legislar ante un problema tan grave.<br \/>\nRoc\u00edo Maldonado de la Fuente, asesora jur\u00eddica del Comit\u00e9 Internacional de la Cruz Roja (CICR), al hablar sobre los procesos de dictamen de la Ley General en materia de Desaparici\u00f3n Forzada de Personas, dijo que una preocupaci\u00f3n recurrente fue a prop\u00f3sito de los rubros de coordinaci\u00f3n e intercambio de informaci\u00f3n entre autoridades federales estatales y municipales, por lo que recomend\u00f3 que la ley estatal incluya un mecanismo para implementar a nivel local y municipal las decisiones que se toman en el \u00e1mbito nacional, tal como lo establecieron en sus legislaciones los estados de Veracruz y Coahuila\u201d.<br \/>\nLuis G\u00f3mez Negrete, encargado para la zona centro y norte del pa\u00eds del Programa de Personas Desaparecidas del CICR, dijo que actualmente asesoran a 10 entidades de la Rep\u00fablica; en el Estado de M\u00e9xico colaboran desde 2015 con la Fiscal\u00eda General de Justicia para ayudar al establecimiento de mecanismos de identificaci\u00f3n de restos y con la Fiscal\u00eda Especializada en Desaparici\u00f3n de Personas lo han hecho en materia de b\u00fasqueda.<br \/>\nLos participantes coincidieron con la diputada Mariana Uribe en materializar una agenda que incluya mesas de trabajo y foros con autoridades, especialistas, colectivos y familiares.<\/p>\n","protected":false},"excerpt":{"rendered":"<p>La diputada Guadalupe Mariana Uribe Bernal anunci\u00f3 que el Grupo Parlamentario de morena en la<\/p>\n","protected":false},"author":1,"featured_media":3766,"comment_status":"open","ping_status":"open","sticky":false,"template":"","format":"standard","meta":{"footnotes":""},"categories":[3],"tags":[192],"class_list":["post-3767","post","type-post","status-publish","format-standard","has-post-thumbnail","hentry","category-estatales","tag-legislatura-edomex"],"yoast_head":"<!-- This site is optimized with the Yoast SEO plugin v25.3 - https:\/\/yoast.com\/wordpress\/plugins\/seo\/ -->\n<title>Prepara Morena una ley de desapariciones forzadas del Estado de M\u00e9xico - Volcanes<\/title>\n<meta name=\"robots\" content=\"index, follow, max-snippet:-1, max-image-preview:large, max-video-preview:-1\" \/>\n<link rel=\"canonical\" href=\"https:\/\/volcanes.net\/?p=3767\" \/>\n<meta property=\"og:locale\" content=\"es_MX\" \/>\n<meta property=\"og:type\" content=\"article\" \/>\n<meta property=\"og:title\" content=\"Prepara Morena una ley de desapariciones forzadas del Estado de M\u00e9xico - Volcanes\" \/>\n<meta property=\"og:description\" content=\"La diputada Guadalupe Mariana Uribe Bernal anunci\u00f3 que el Grupo Parlamentario de morena en la\" \/>\n<meta property=\"og:url\" content=\"https:\/\/volcanes.net\/?p=3767\" \/>\n<meta property=\"og:site_name\" content=\"Volcanes\" \/>\n<meta property=\"article:publisher\" content=\"https:\/\/www.facebook.com\/volcanes.net\/\" \/>\n<meta property=\"article:published_time\" content=\"2019-01-29T03:32:46+00:00\" \/>\n<meta property=\"og:image\" content=\"https:\/\/volcanes.net\/wp-content\/uploads\/2019\/01\/0397a.jpg\" \/>\n\t<meta property=\"og:image:width\" content=\"1024\" \/>\n\t<meta property=\"og:image:height\" content=\"684\" \/>\n\t<meta property=\"og:image:type\" content=\"image\/jpeg\" \/>\n<meta name=\"author\" content=\"admin\" \/>\n<meta name=\"twitter:card\" content=\"summary_large_image\" \/>\n<meta name=\"twitter:label1\" content=\"Escrito por\" \/>\n\t<meta name=\"twitter:data1\" content=\"admin\" \/>\n\t<meta name=\"twitter:label2\" content=\"Tiempo de lectura\" \/>\n\t<meta name=\"twitter:data2\" content=\"3 minutos\" \/>\n<script type=\"application\/ld+json\" class=\"yoast-schema-graph\">{\"@context\":\"https:\/\/schema.org\",\"@graph\":[{\"@type\":\"Article\",\"@id\":\"https:\/\/volcanes.net\/?p=3767#article\",\"isPartOf\":{\"@id\":\"https:\/\/volcanes.net\/?p=3767\"},\"author\":{\"name\":\"admin\",\"@id\":\"https:\/\/volcanes.net\/#\/schema\/person\/4bf0f383940966a4abd53f5048c0e6b9\"},\"headline\":\"Prepara Morena una ley de desapariciones forzadas del Estado de M\u00e9xico\",\"datePublished\":\"2019-01-29T03:32:46+00:00\",\"mainEntityOfPage\":{\"@id\":\"https:\/\/volcanes.net\/?p=3767\"},\"wordCount\":694,\"commentCount\":0,\"publisher\":{\"@id\":\"https:\/\/volcanes.net\/#organization\"},\"image\":{\"@id\":\"https:\/\/volcanes.net\/?p=3767#primaryimage\"},\"thumbnailUrl\":\"https:\/\/volcanes.net\/wp-content\/uploads\/2019\/01\/0397a.jpg\",\"keywords\":[\"Legislatura Edomex\"],\"articleSection\":[\"Estatales\"],\"inLanguage\":\"es\",\"potentialAction\":[{\"@type\":\"CommentAction\",\"name\":\"Comment\",\"target\":[\"https:\/\/volcanes.net\/?p=3767#respond\"]}]},{\"@type\":\"WebPage\",\"@id\":\"https:\/\/volcanes.net\/?p=3767\",\"url\":\"https:\/\/volcanes.net\/?p=3767\",\"name\":\"Prepara Morena una ley de desapariciones forzadas del Estado de M\u00e9xico - Volcanes\",\"isPartOf\":{\"@id\":\"https:\/\/volcanes.net\/#website\"},\"primaryImageOfPage\":{\"@id\":\"https:\/\/volcanes.net\/?p=3767#primaryimage\"},\"image\":{\"@id\":\"https:\/\/volcanes.net\/?p=3767#primaryimage\"},\"thumbnailUrl\":\"https:\/\/volcanes.net\/wp-content\/uploads\/2019\/01\/0397a.jpg\",\"datePublished\":\"2019-01-29T03:32:46+00:00\",\"breadcrumb\":{\"@id\":\"https:\/\/volcanes.net\/?p=3767#breadcrumb\"},\"inLanguage\":\"es\",\"potentialAction\":[{\"@type\":\"ReadAction\",\"target\":[\"https:\/\/volcanes.net\/?p=3767\"]}]},{\"@type\":\"ImageObject\",\"inLanguage\":\"es\",\"@id\":\"https:\/\/volcanes.net\/?p=3767#primaryimage\",\"url\":\"https:\/\/volcanes.net\/wp-content\/uploads\/2019\/01\/0397a.jpg\",\"contentUrl\":\"https:\/\/volcanes.net\/wp-content\/uploads\/2019\/01\/0397a.jpg\",\"width\":1024,\"height\":684},{\"@type\":\"BreadcrumbList\",\"@id\":\"https:\/\/volcanes.net\/?p=3767#breadcrumb\",\"itemListElement\":[{\"@type\":\"ListItem\",\"position\":1,\"name\":\"Portada\",\"item\":\"https:\/\/volcanes.net\/\"},{\"@type\":\"ListItem\",\"position\":2,\"name\":\"Prepara Morena una ley de desapariciones forzadas del Estado de M\u00e9xico\"}]},{\"@type\":\"WebSite\",\"@id\":\"https:\/\/volcanes.net\/#website\",\"url\":\"https:\/\/volcanes.net\/\",\"name\":\"Volcanes.Net\",\"description\":\"Periodismo Profesional\",\"publisher\":{\"@id\":\"https:\/\/volcanes.net\/#organization\"},\"potentialAction\":[{\"@type\":\"SearchAction\",\"target\":{\"@type\":\"EntryPoint\",\"urlTemplate\":\"https:\/\/volcanes.net\/?s={search_term_string}\"},\"query-input\":{\"@type\":\"PropertyValueSpecification\",\"valueRequired\":true,\"valueName\":\"search_term_string\"}}],\"inLanguage\":\"es\"},{\"@type\":\"Organization\",\"@id\":\"https:\/\/volcanes.net\/#organization\",\"name\":\"Grupo Volcanes\",\"url\":\"https:\/\/volcanes.net\/\",\"logo\":{\"@type\":\"ImageObject\",\"inLanguage\":\"es\",\"@id\":\"https:\/\/volcanes.net\/#\/schema\/logo\/image\/\",\"url\":\"http:\/\/volcanes.net\/wp-content\/uploads\/2017\/12\/Avatar2.jpg\",\"contentUrl\":\"http:\/\/volcanes.net\/wp-content\/uploads\/2017\/12\/Avatar2.jpg\",\"width\":378,\"height\":378,\"caption\":\"Grupo Volcanes\"},\"image\":{\"@id\":\"https:\/\/volcanes.net\/#\/schema\/logo\/image\/\"},\"sameAs\":[\"https:\/\/www.facebook.com\/volcanes.net\/\"]},{\"@type\":\"Person\",\"@id\":\"https:\/\/volcanes.net\/#\/schema\/person\/4bf0f383940966a4abd53f5048c0e6b9\",\"name\":\"admin\",\"image\":{\"@type\":\"ImageObject\",\"inLanguage\":\"es\",\"@id\":\"https:\/\/volcanes.net\/#\/schema\/person\/image\/\",\"url\":\"https:\/\/secure.gravatar.com\/avatar\/ca004e6cba8462b8cb7abc86e382930c?s=96&d=mm&r=g\",\"contentUrl\":\"https:\/\/secure.gravatar.com\/avatar\/ca004e6cba8462b8cb7abc86e382930c?s=96&d=mm&r=g\",\"caption\":\"admin\"}}]}<\/script>\n<!-- \/ Yoast SEO plugin. -->","yoast_head_json":{"title":"Prepara Morena una ley de desapariciones forzadas del Estado de M\u00e9xico - Volcanes","robots":{"index":"index","follow":"follow","max-snippet":"max-snippet:-1","max-image-preview":"max-image-preview:large","max-video-preview":"max-video-preview:-1"},"canonical":"https:\/\/volcanes.net\/?p=3767","og_locale":"es_MX","og_type":"article","og_title":"Prepara Morena una ley de desapariciones forzadas del Estado de M\u00e9xico - Volcanes","og_description":"La diputada Guadalupe Mariana Uribe Bernal anunci\u00f3 que el Grupo Parlamentario de morena en la","og_url":"https:\/\/volcanes.net\/?p=3767","og_site_name":"Volcanes","article_publisher":"https:\/\/www.facebook.com\/volcanes.net\/","article_published_time":"2019-01-29T03:32:46+00:00","og_image":[{"width":1024,"height":684,"url":"https:\/\/volcanes.net\/wp-content\/uploads\/2019\/01\/0397a.jpg","type":"image\/jpeg"}],"author":"admin","twitter_card":"summary_large_image","twitter_misc":{"Escrito por":"admin","Tiempo de lectura":"3 minutos"},"schema":{"@context":"https:\/\/schema.org","@graph":[{"@type":"Article","@id":"https:\/\/volcanes.net\/?p=3767#article","isPartOf":{"@id":"https:\/\/volcanes.net\/?p=3767"},"author":{"name":"admin","@id":"https:\/\/volcanes.net\/#\/schema\/person\/4bf0f383940966a4abd53f5048c0e6b9"},"headline":"Prepara Morena una ley de desapariciones forzadas del Estado de M\u00e9xico","datePublished":"2019-01-29T03:32:46+00:00","mainEntityOfPage":{"@id":"https:\/\/volcanes.net\/?p=3767"},"wordCount":694,"commentCount":0,"publisher":{"@id":"https:\/\/volcanes.net\/#organization"},"image":{"@id":"https:\/\/volcanes.net\/?p=3767#primaryimage"},"thumbnailUrl":"https:\/\/volcanes.net\/wp-content\/uploads\/2019\/01\/0397a.jpg","keywords":["Legislatura Edomex"],"articleSection":["Estatales"],"inLanguage":"es","potentialAction":[{"@type":"CommentAction","name":"Comment","target":["https:\/\/volcanes.net\/?p=3767#respond"]}]},{"@type":"WebPage","@id":"https:\/\/volcanes.net\/?p=3767","url":"https:\/\/volcanes.net\/?p=3767","name":"Prepara Morena una ley de desapariciones forzadas del Estado de M\u00e9xico - Volcanes","isPartOf":{"@id":"https:\/\/volcanes.net\/#website"},"primaryImageOfPage":{"@id":"https:\/\/volcanes.net\/?p=3767#primaryimage"},"image":{"@id":"https:\/\/volcanes.net\/?p=3767#primaryimage"},"thumbnailUrl":"https:\/\/volcanes.net\/wp-content\/uploads\/2019\/01\/0397a.jpg","datePublished":"2019-01-29T03:32:46+00:00","breadcrumb":{"@id":"https:\/\/volcanes.net\/?p=3767#breadcrumb"},"inLanguage":"es","potentialAction":[{"@type":"ReadAction","target":["https:\/\/volcanes.net\/?p=3767"]}]},{"@type":"ImageObject","inLanguage":"es","@id":"https:\/\/volcanes.net\/?p=3767#primaryimage","url":"https:\/\/volcanes.net\/wp-content\/uploads\/2019\/01\/0397a.jpg","contentUrl":"https:\/\/volcanes.net\/wp-content\/uploads\/2019\/01\/0397a.jpg","width":1024,"height":684},{"@type":"BreadcrumbList","@id":"https:\/\/volcanes.net\/?p=3767#breadcrumb","itemListElement":[{"@type":"ListItem","position":1,"name":"Portada","item":"https:\/\/volcanes.net\/"},{"@type":"ListItem","position":2,"name":"Prepara Morena una ley de desapariciones forzadas del Estado de M\u00e9xico"}]},{"@type":"WebSite","@id":"https:\/\/volcanes.net\/#website","url":"https:\/\/volcanes.net\/","name":"Volcanes.Net","description":"Periodismo Profesional","publisher":{"@id":"https:\/\/volcanes.net\/#organization"},"potentialAction":[{"@type":"SearchAction","target":{"@type":"EntryPoint","urlTemplate":"https:\/\/volcanes.net\/?s={search_term_string}"},"query-input":{"@type":"PropertyValueSpecification","valueRequired":true,"valueName":"search_term_string"}}],"inLanguage":"es"},{"@type":"Organization","@id":"https:\/\/volcanes.net\/#organization","name":"Grupo Volcanes","url":"https:\/\/volcanes.net\/","logo":{"@type":"ImageObject","inLanguage":"es","@id":"https:\/\/volcanes.net\/#\/schema\/logo\/image\/","url":"http:\/\/volcanes.net\/wp-content\/uploads\/2017\/12\/Avatar2.jpg","contentUrl":"http:\/\/volcanes.net\/wp-content\/uploads\/2017\/12\/Avatar2.jpg","width":378,"height":378,"caption":"Grupo Volcanes"},"image":{"@id":"https:\/\/volcanes.net\/#\/schema\/logo\/image\/"},"sameAs":["https:\/\/www.facebook.com\/volcanes.net\/"]},{"@type":"Person","@id":"https:\/\/volcanes.net\/#\/schema\/person\/4bf0f383940966a4abd53f5048c0e6b9","name":"admin","image":{"@type":"ImageObject","inLanguage":"es","@id":"https:\/\/volcanes.net\/#\/schema\/person\/image\/","url":"https:\/\/secure.gravatar.com\/avatar\/ca004e6cba8462b8cb7abc86e382930c?s=96&d=mm&r=g","contentUrl":"https:\/\/secure.gravatar.com\/avatar\/ca004e6cba8462b8cb7abc86e382930c?s=96&d=mm&r=g","caption":"admin"}}]}},"_links":{"self":[{"href":"https:\/\/volcanes.net\/index.php?rest_route=\/wp\/v2\/posts\/3767"}],"collection":[{"href":"https:\/\/volcanes.net\/index.php?rest_route=\/wp\/v2\/posts"}],"about":[{"href":"https:\/\/volcanes.net\/index.php?rest_route=\/wp\/v2\/types\/post"}],"author":[{"embeddable":true,"href":"https:\/\/volcanes.net\/index.php?rest_route=\/wp\/v2\/users\/1"}],"replies":[{"embeddable":true,"href":"https:\/\/volcanes.net\/index.php?rest_route=%2Fwp%2Fv2%2Fcomments&post=3767"}],"version-history":[{"count":1,"href":"https:\/\/volcanes.net\/index.php?rest_route=\/wp\/v2\/posts\/3767\/revisions"}],"predecessor-version":[{"id":3768,"href":"https:\/\/volcanes.net\/index.php?rest_route=\/wp\/v2\/posts\/3767\/revisions\/3768"}],"wp:featuredmedia":[{"embeddable":true,"href":"https:\/\/volcanes.net\/index.php?rest_route=\/wp\/v2\/media\/3766"}],"wp:attachment":[{"href":"https:\/\/volcanes.net\/index.php?rest_route=%2Fwp%2Fv2%2Fmedia&parent=3767"}],"wp:term":[{"taxonomy":"category","embeddable":true,"href":"https:\/\/volcanes.net\/index.php?rest_route=%2Fwp%2Fv2%2Fcategories&post=3767"},{"taxonomy":"post_tag","embeddable":true,"href":"https:\/\/volcanes.net\/index.php?rest_route=%2Fwp%2Fv2%2Ftags&post=3767"}],"curies":[{"name":"wp","href":"https:\/\/api.w.org\/{rel}","templated":true}]}}