{"id":377,"date":"2018-01-11T05:02:11","date_gmt":"2018-01-11T05:02:11","guid":{"rendered":"http:\/\/volcanes.net\/?p=377"},"modified":"2018-01-11T05:02:11","modified_gmt":"2018-01-11T05:02:11","slug":"cabildo-aprueba-fondo-de-ahorro-para-empleados-del-ayuntamiento","status":"publish","type":"post","link":"https:\/\/volcanes.net\/?p=377","title":{"rendered":"Cabildo aprueba fondo de ahorro para empleados del ayuntamiento"},"content":{"rendered":"<div style=\"margin-top: 0px; margin-bottom: 0px;\" class=\"sharethis-inline-share-buttons\" ><\/div><p class=\"m3529604972148655079gmail-s8\" style=\"margin: 0cm;margin-bottom: .0001pt;text-align: justify;background: white\"><span class=\"m3529604972148655079gmail-s9\"><span style=\"font-size: 9.5pt;font-family: 'Arial','sans-serif';color: black\">En el pleno de la octog\u00e9sima tercera sesi\u00f3n ordinaria de cabildo de Texcoco, se aprob\u00f3 por unanimidad, la implementaci\u00f3n del fondo de ahorro 2018, en beneficio de los trabajadores del gobierno municipal para el presente a\u00f1o.<\/span><\/span><\/p>\n<p class=\"m3529604972148655079gmail-s8\" style=\"margin: 0cm;margin-bottom: .0001pt;text-align: justify;background: white\"><span class=\"m3529604972148655079gmail-s9\"><span style=\"font-size: 9.5pt;font-family: 'Arial','sans-serif';color: black\">\u00a0<\/span><\/span><\/p>\n<p class=\"m3529604972148655079gmail-s8\" style=\"margin: 0cm;margin-bottom: .0001pt;text-align: justify;background: white\"><span class=\"m3529604972148655079gmail-s9\"><span style=\"font-size: 9.5pt;font-family: 'Arial','sans-serif';color: black\">El Presidente Municipal de Texcoco, Doctor Higinio Mart\u00ednez Miranda, \u00a0se\u00f1al\u00f3 que el fondo de ahorro, es un asunto de justicia social, en el que por cada peso que ahorran los trabajadores, el ayuntamiento aporta otro peso m\u00e1s, a favor de los empleados, que a fin de a\u00f1o recibir\u00e1n los beneficios.<\/span><\/span><\/p>\n<p class=\"m3529604972148655079gmail-s8\" style=\"margin: 0cm;margin-bottom: .0001pt;text-align: justify;background: white\"><span class=\"m3529604972148655079gmail-s9\"><span style=\"font-size: 9.5pt;font-family: 'Arial','sans-serif';color: black\">\u00a0<\/span><\/span><\/p>\n<p class=\"m3529604972148655079gmail-s8\" style=\"margin: 0cm;margin-bottom: .0001pt;text-align: justify;background: white\"><span class=\"m3529604972148655079gmail-s9\"><span style=\"font-size: 9.5pt;font-family: 'Arial','sans-serif';color: black\">Explic\u00f3 que el fondo de ahorro, se venia aplicando desde la pasada administraci\u00f3n, pero el a\u00f1o pasado no se aplic\u00f3 porque no hab\u00eda buenas condicione econ\u00f3micas para el ayuntamiento.<\/span><\/span><\/p>\n<p class=\"m3529604972148655079gmail-s8\" style=\"margin: 0cm;margin-bottom: .0001pt;text-align: justify;background: white\"><span class=\"m3529604972148655079gmail-s9\"><span style=\"font-size: 9.5pt;font-family: 'Arial','sans-serif';color: black\">\u00a0<\/span><\/span><\/p>\n<p class=\"m3529604972148655079gmail-s8\" style=\"margin: 0cm;margin-bottom: .0001pt;text-align: justify;background: white\"><span class=\"m3529604972148655079gmail-s9\"><span style=\"font-size: 9.5pt;font-family: 'Arial','sans-serif';color: black\">Sin embargo este a\u00f1o se vislumbran mejores condiciones, por lo que en el cabildo se solicit\u00f3 que se retome este programa para beneficiar a todos los trabajadores del gobierno municipal.<\/span><\/span><\/p>\n<p class=\"m3529604972148655079gmail-s8\" style=\"margin: 0cm;margin-bottom: .0001pt;text-align: justify;background: white\"><span class=\"m3529604972148655079gmail-s9\"><span style=\"font-size: 9.5pt;font-family: 'Arial','sans-serif';color: black\">\u00a0<\/span><\/span><\/p>\n<p class=\"m3529604972148655079gmail-s8\" style=\"margin: 0cm;margin-bottom: .0001pt;text-align: justify;background: white\"><span class=\"m3529604972148655079gmail-s9\"><span style=\"font-size: 9.5pt;font-family: 'Arial','sans-serif';color: black\">La Tesorera Municipal Samantha Brito Vergara, se\u00f1al\u00f3 que para que los trabajadores del gobierno municipal tengan acceso a este programa, deber\u00e1n de firmar un contrato para que v\u00eda n\u00f3mina se hagan los descuentos y se apliquen a la cuenta del fondo de ahorro.<\/span><\/span><\/p>\n<p class=\"m3529604972148655079gmail-s8\" style=\"margin: 0cm;margin-bottom: .0001pt;text-align: justify;background: white\"><span class=\"m3529604972148655079gmail-s9\"><span style=\"font-size: 9.5pt;font-family: 'Arial','sans-serif';color: black\">\u00a0<\/span><\/span><\/p>\n<p class=\"m3529604972148655079gmail-s8\" style=\"margin: 0cm;margin-bottom: .0001pt;text-align: justify;background: white\"><span class=\"m3529604972148655079gmail-s9\"><span style=\"font-size: 9.5pt;font-family: 'Arial','sans-serif';color: black\">Agreg\u00f3 que con este fondo de ahorro, se aplicar\u00e1n en beneficio de pr\u00e9stamos para los empleados que lo requieran, prestamos con bajos intereses, mismos que se agregar\u00e1n a la cuenta \u00a0y ser\u00e1n repartidos de manera equitativa al finalizar el a\u00f1o, junto con el mont\u00f3 ahorrado.<\/span><\/span><\/p>\n<p class=\"m3529604972148655079gmail-s8\" style=\"margin: 0cm;margin-bottom: .0001pt;text-align: justify;background: white\"><span class=\"m3529604972148655079gmail-s9\"><span style=\"font-size: 9.5pt;font-family: 'Arial','sans-serif';color: black\">\u00a0<\/span><\/span><\/p>\n<p class=\"m3529604972148655079gmail-s8\" style=\"margin: 0cm;margin-bottom: .0001pt;text-align: justify;background: white\"><span class=\"m3529604972148655079gmail-s9\"><span style=\"font-size: 9.5pt;font-family: 'Arial','sans-serif';color: black\">El alcalde se\u00f1al\u00f3 que tras ser aprobado en cabildo, ahora se har\u00e1n todos los tr\u00e1mites legales para dejar en claro los descuentos y\u00a0 su finalidad que es \u00fanicamente en beneficio de los trabajadores del gobierno municipal.<\/span><\/span><\/p>\n<p class=\"m3529604972148655079gmail-s8\" style=\"margin: 0cm;margin-bottom: .0001pt;text-align: justify;background: white\"><span class=\"m3529604972148655079gmail-s9\"><span style=\"font-size: 9.5pt;font-family: 'Arial','sans-serif';color: black\">\u00a0<\/span><\/span><\/p>\n<p class=\"m3529604972148655079gmail-s8\" style=\"margin: 0cm;margin-bottom: .0001pt;text-align: justify;background: white\"><span class=\"m3529604972148655079gmail-s9\"><span style=\"font-size: 9.5pt;font-family: 'Arial','sans-serif';color: black\">Cabe se\u00f1alar que Texcoco es el \u00fanico ayuntamiento en el Estado de M\u00e9xico que aplica este beneficio a tus trabajadores, y fue implementado en la administraci\u00f3n 2013-2015, por la entonces presidenta municipal Delfina G\u00f3mez \u00c1lvarez y este a\u00f1o se vuelve a retomar por el actual Presidente Municipal Higinio Mart\u00ednez Miranda.<\/span><\/span><\/p>\n","protected":false},"excerpt":{"rendered":"<p>En el pleno de la octog\u00e9sima tercera sesi\u00f3n ordinaria de cabildo de Texcoco, se aprob\u00f3<\/p>\n","protected":false},"author":1,"featured_media":378,"comment_status":"open","ping_status":"open","sticky":false,"template":"","format":"standard","meta":{"footnotes":""},"categories":[1],"tags":[22],"class_list":["post-377","post","type-post","status-publish","format-standard","has-post-thumbnail","hentry","category-municipales","tag-texcoco"],"yoast_head":"<!-- This site is optimized with the Yoast SEO plugin v25.3 - https:\/\/yoast.com\/wordpress\/plugins\/seo\/ -->\n<title>Cabildo aprueba fondo de ahorro para empleados del ayuntamiento - Volcanes<\/title>\n<meta name=\"robots\" content=\"index, follow, max-snippet:-1, max-image-preview:large, max-video-preview:-1\" \/>\n<link rel=\"canonical\" href=\"https:\/\/volcanes.net\/?p=377\" \/>\n<meta property=\"og:locale\" content=\"es_MX\" \/>\n<meta property=\"og:type\" content=\"article\" \/>\n<meta property=\"og:title\" content=\"Cabildo aprueba fondo de ahorro para empleados del ayuntamiento - Volcanes\" \/>\n<meta property=\"og:description\" content=\"En el pleno de la octog\u00e9sima tercera sesi\u00f3n ordinaria de cabildo de Texcoco, se aprob\u00f3\" \/>\n<meta property=\"og:url\" content=\"https:\/\/volcanes.net\/?p=377\" \/>\n<meta property=\"og:site_name\" content=\"Volcanes\" \/>\n<meta property=\"article:publisher\" content=\"https:\/\/www.facebook.com\/volcanes.net\/\" \/>\n<meta property=\"article:published_time\" content=\"2018-01-11T05:02:11+00:00\" \/>\n<meta property=\"og:image\" content=\"https:\/\/volcanes.net\/wp-content\/uploads\/2018\/01\/IMG_2658.jpg\" \/>\n\t<meta property=\"og:image:width\" content=\"448\" \/>\n\t<meta property=\"og:image:height\" content=\"299\" \/>\n\t<meta property=\"og:image:type\" content=\"image\/jpeg\" \/>\n<meta name=\"author\" content=\"admin\" \/>\n<meta name=\"twitter:card\" content=\"summary_large_image\" \/>\n<meta name=\"twitter:label1\" content=\"Escrito por\" \/>\n\t<meta name=\"twitter:data1\" content=\"admin\" \/>\n\t<meta name=\"twitter:label2\" content=\"Tiempo de lectura\" \/>\n\t<meta name=\"twitter:data2\" content=\"2 minutos\" \/>\n<script type=\"application\/ld+json\" class=\"yoast-schema-graph\">{\"@context\":\"https:\/\/schema.org\",\"@graph\":[{\"@type\":\"Article\",\"@id\":\"https:\/\/volcanes.net\/?p=377#article\",\"isPartOf\":{\"@id\":\"https:\/\/volcanes.net\/?p=377\"},\"author\":{\"name\":\"admin\",\"@id\":\"https:\/\/volcanes.net\/#\/schema\/person\/4bf0f383940966a4abd53f5048c0e6b9\"},\"headline\":\"Cabildo aprueba fondo de ahorro para empleados del ayuntamiento\",\"datePublished\":\"2018-01-11T05:02:11+00:00\",\"mainEntityOfPage\":{\"@id\":\"https:\/\/volcanes.net\/?p=377\"},\"wordCount\":359,\"commentCount\":0,\"publisher\":{\"@id\":\"https:\/\/volcanes.net\/#organization\"},\"image\":{\"@id\":\"https:\/\/volcanes.net\/?p=377#primaryimage\"},\"thumbnailUrl\":\"https:\/\/volcanes.net\/wp-content\/uploads\/2018\/01\/IMG_2658.jpg\",\"keywords\":[\"Texcoco\"],\"articleSection\":[\"Municipales\"],\"inLanguage\":\"es\",\"potentialAction\":[{\"@type\":\"CommentAction\",\"name\":\"Comment\",\"target\":[\"https:\/\/volcanes.net\/?p=377#respond\"]}]},{\"@type\":\"WebPage\",\"@id\":\"https:\/\/volcanes.net\/?p=377\",\"url\":\"https:\/\/volcanes.net\/?p=377\",\"name\":\"Cabildo aprueba fondo de ahorro para empleados del ayuntamiento - Volcanes\",\"isPartOf\":{\"@id\":\"https:\/\/volcanes.net\/#website\"},\"primaryImageOfPage\":{\"@id\":\"https:\/\/volcanes.net\/?p=377#primaryimage\"},\"image\":{\"@id\":\"https:\/\/volcanes.net\/?p=377#primaryimage\"},\"thumbnailUrl\":\"https:\/\/volcanes.net\/wp-content\/uploads\/2018\/01\/IMG_2658.jpg\",\"datePublished\":\"2018-01-11T05:02:11+00:00\",\"breadcrumb\":{\"@id\":\"https:\/\/volcanes.net\/?p=377#breadcrumb\"},\"inLanguage\":\"es\",\"potentialAction\":[{\"@type\":\"ReadAction\",\"target\":[\"https:\/\/volcanes.net\/?p=377\"]}]},{\"@type\":\"ImageObject\",\"inLanguage\":\"es\",\"@id\":\"https:\/\/volcanes.net\/?p=377#primaryimage\",\"url\":\"https:\/\/volcanes.net\/wp-content\/uploads\/2018\/01\/IMG_2658.jpg\",\"contentUrl\":\"https:\/\/volcanes.net\/wp-content\/uploads\/2018\/01\/IMG_2658.jpg\",\"width\":448,\"height\":299},{\"@type\":\"BreadcrumbList\",\"@id\":\"https:\/\/volcanes.net\/?p=377#breadcrumb\",\"itemListElement\":[{\"@type\":\"ListItem\",\"position\":1,\"name\":\"Portada\",\"item\":\"https:\/\/volcanes.net\/\"},{\"@type\":\"ListItem\",\"position\":2,\"name\":\"Cabildo aprueba fondo de ahorro para empleados del ayuntamiento\"}]},{\"@type\":\"WebSite\",\"@id\":\"https:\/\/volcanes.net\/#website\",\"url\":\"https:\/\/volcanes.net\/\",\"name\":\"Volcanes.Net\",\"description\":\"Periodismo Profesional\",\"publisher\":{\"@id\":\"https:\/\/volcanes.net\/#organization\"},\"potentialAction\":[{\"@type\":\"SearchAction\",\"target\":{\"@type\":\"EntryPoint\",\"urlTemplate\":\"https:\/\/volcanes.net\/?s={search_term_string}\"},\"query-input\":{\"@type\":\"PropertyValueSpecification\",\"valueRequired\":true,\"valueName\":\"search_term_string\"}}],\"inLanguage\":\"es\"},{\"@type\":\"Organization\",\"@id\":\"https:\/\/volcanes.net\/#organization\",\"name\":\"Grupo Volcanes\",\"url\":\"https:\/\/volcanes.net\/\",\"logo\":{\"@type\":\"ImageObject\",\"inLanguage\":\"es\",\"@id\":\"https:\/\/volcanes.net\/#\/schema\/logo\/image\/\",\"url\":\"http:\/\/volcanes.net\/wp-content\/uploads\/2017\/12\/Avatar2.jpg\",\"contentUrl\":\"http:\/\/volcanes.net\/wp-content\/uploads\/2017\/12\/Avatar2.jpg\",\"width\":378,\"height\":378,\"caption\":\"Grupo Volcanes\"},\"image\":{\"@id\":\"https:\/\/volcanes.net\/#\/schema\/logo\/image\/\"},\"sameAs\":[\"https:\/\/www.facebook.com\/volcanes.net\/\"]},{\"@type\":\"Person\",\"@id\":\"https:\/\/volcanes.net\/#\/schema\/person\/4bf0f383940966a4abd53f5048c0e6b9\",\"name\":\"admin\",\"image\":{\"@type\":\"ImageObject\",\"inLanguage\":\"es\",\"@id\":\"https:\/\/volcanes.net\/#\/schema\/person\/image\/\",\"url\":\"https:\/\/secure.gravatar.com\/avatar\/ca004e6cba8462b8cb7abc86e382930c?s=96&d=mm&r=g\",\"contentUrl\":\"https:\/\/secure.gravatar.com\/avatar\/ca004e6cba8462b8cb7abc86e382930c?s=96&d=mm&r=g\",\"caption\":\"admin\"}}]}<\/script>\n<!-- \/ Yoast SEO plugin. -->","yoast_head_json":{"title":"Cabildo aprueba fondo de ahorro para empleados del ayuntamiento - Volcanes","robots":{"index":"index","follow":"follow","max-snippet":"max-snippet:-1","max-image-preview":"max-image-preview:large","max-video-preview":"max-video-preview:-1"},"canonical":"https:\/\/volcanes.net\/?p=377","og_locale":"es_MX","og_type":"article","og_title":"Cabildo aprueba fondo de ahorro para empleados del ayuntamiento - Volcanes","og_description":"En el pleno de la octog\u00e9sima tercera sesi\u00f3n ordinaria de cabildo de Texcoco, se aprob\u00f3","og_url":"https:\/\/volcanes.net\/?p=377","og_site_name":"Volcanes","article_publisher":"https:\/\/www.facebook.com\/volcanes.net\/","article_published_time":"2018-01-11T05:02:11+00:00","og_image":[{"width":448,"height":299,"url":"https:\/\/volcanes.net\/wp-content\/uploads\/2018\/01\/IMG_2658.jpg","type":"image\/jpeg"}],"author":"admin","twitter_card":"summary_large_image","twitter_misc":{"Escrito por":"admin","Tiempo de lectura":"2 minutos"},"schema":{"@context":"https:\/\/schema.org","@graph":[{"@type":"Article","@id":"https:\/\/volcanes.net\/?p=377#article","isPartOf":{"@id":"https:\/\/volcanes.net\/?p=377"},"author":{"name":"admin","@id":"https:\/\/volcanes.net\/#\/schema\/person\/4bf0f383940966a4abd53f5048c0e6b9"},"headline":"Cabildo aprueba fondo de ahorro para empleados del ayuntamiento","datePublished":"2018-01-11T05:02:11+00:00","mainEntityOfPage":{"@id":"https:\/\/volcanes.net\/?p=377"},"wordCount":359,"commentCount":0,"publisher":{"@id":"https:\/\/volcanes.net\/#organization"},"image":{"@id":"https:\/\/volcanes.net\/?p=377#primaryimage"},"thumbnailUrl":"https:\/\/volcanes.net\/wp-content\/uploads\/2018\/01\/IMG_2658.jpg","keywords":["Texcoco"],"articleSection":["Municipales"],"inLanguage":"es","potentialAction":[{"@type":"CommentAction","name":"Comment","target":["https:\/\/volcanes.net\/?p=377#respond"]}]},{"@type":"WebPage","@id":"https:\/\/volcanes.net\/?p=377","url":"https:\/\/volcanes.net\/?p=377","name":"Cabildo aprueba fondo de ahorro para empleados del ayuntamiento - Volcanes","isPartOf":{"@id":"https:\/\/volcanes.net\/#website"},"primaryImageOfPage":{"@id":"https:\/\/volcanes.net\/?p=377#primaryimage"},"image":{"@id":"https:\/\/volcanes.net\/?p=377#primaryimage"},"thumbnailUrl":"https:\/\/volcanes.net\/wp-content\/uploads\/2018\/01\/IMG_2658.jpg","datePublished":"2018-01-11T05:02:11+00:00","breadcrumb":{"@id":"https:\/\/volcanes.net\/?p=377#breadcrumb"},"inLanguage":"es","potentialAction":[{"@type":"ReadAction","target":["https:\/\/volcanes.net\/?p=377"]}]},{"@type":"ImageObject","inLanguage":"es","@id":"https:\/\/volcanes.net\/?p=377#primaryimage","url":"https:\/\/volcanes.net\/wp-content\/uploads\/2018\/01\/IMG_2658.jpg","contentUrl":"https:\/\/volcanes.net\/wp-content\/uploads\/2018\/01\/IMG_2658.jpg","width":448,"height":299},{"@type":"BreadcrumbList","@id":"https:\/\/volcanes.net\/?p=377#breadcrumb","itemListElement":[{"@type":"ListItem","position":1,"name":"Portada","item":"https:\/\/volcanes.net\/"},{"@type":"ListItem","position":2,"name":"Cabildo aprueba fondo de ahorro para empleados del ayuntamiento"}]},{"@type":"WebSite","@id":"https:\/\/volcanes.net\/#website","url":"https:\/\/volcanes.net\/","name":"Volcanes.Net","description":"Periodismo Profesional","publisher":{"@id":"https:\/\/volcanes.net\/#organization"},"potentialAction":[{"@type":"SearchAction","target":{"@type":"EntryPoint","urlTemplate":"https:\/\/volcanes.net\/?s={search_term_string}"},"query-input":{"@type":"PropertyValueSpecification","valueRequired":true,"valueName":"search_term_string"}}],"inLanguage":"es"},{"@type":"Organization","@id":"https:\/\/volcanes.net\/#organization","name":"Grupo Volcanes","url":"https:\/\/volcanes.net\/","logo":{"@type":"ImageObject","inLanguage":"es","@id":"https:\/\/volcanes.net\/#\/schema\/logo\/image\/","url":"http:\/\/volcanes.net\/wp-content\/uploads\/2017\/12\/Avatar2.jpg","contentUrl":"http:\/\/volcanes.net\/wp-content\/uploads\/2017\/12\/Avatar2.jpg","width":378,"height":378,"caption":"Grupo Volcanes"},"image":{"@id":"https:\/\/volcanes.net\/#\/schema\/logo\/image\/"},"sameAs":["https:\/\/www.facebook.com\/volcanes.net\/"]},{"@type":"Person","@id":"https:\/\/volcanes.net\/#\/schema\/person\/4bf0f383940966a4abd53f5048c0e6b9","name":"admin","image":{"@type":"ImageObject","inLanguage":"es","@id":"https:\/\/volcanes.net\/#\/schema\/person\/image\/","url":"https:\/\/secure.gravatar.com\/avatar\/ca004e6cba8462b8cb7abc86e382930c?s=96&d=mm&r=g","contentUrl":"https:\/\/secure.gravatar.com\/avatar\/ca004e6cba8462b8cb7abc86e382930c?s=96&d=mm&r=g","caption":"admin"}}]}},"_links":{"self":[{"href":"https:\/\/volcanes.net\/index.php?rest_route=\/wp\/v2\/posts\/377"}],"collection":[{"href":"https:\/\/volcanes.net\/index.php?rest_route=\/wp\/v2\/posts"}],"about":[{"href":"https:\/\/volcanes.net\/index.php?rest_route=\/wp\/v2\/types\/post"}],"author":[{"embeddable":true,"href":"https:\/\/volcanes.net\/index.php?rest_route=\/wp\/v2\/users\/1"}],"replies":[{"embeddable":true,"href":"https:\/\/volcanes.net\/index.php?rest_route=%2Fwp%2Fv2%2Fcomments&post=377"}],"version-history":[{"count":1,"href":"https:\/\/volcanes.net\/index.php?rest_route=\/wp\/v2\/posts\/377\/revisions"}],"predecessor-version":[{"id":379,"href":"https:\/\/volcanes.net\/index.php?rest_route=\/wp\/v2\/posts\/377\/revisions\/379"}],"wp:featuredmedia":[{"embeddable":true,"href":"https:\/\/volcanes.net\/index.php?rest_route=\/wp\/v2\/media\/378"}],"wp:attachment":[{"href":"https:\/\/volcanes.net\/index.php?rest_route=%2Fwp%2Fv2%2Fmedia&parent=377"}],"wp:term":[{"taxonomy":"category","embeddable":true,"href":"https:\/\/volcanes.net\/index.php?rest_route=%2Fwp%2Fv2%2Fcategories&post=377"},{"taxonomy":"post_tag","embeddable":true,"href":"https:\/\/volcanes.net\/index.php?rest_route=%2Fwp%2Fv2%2Ftags&post=377"}],"curies":[{"name":"wp","href":"https:\/\/api.w.org\/{rel}","templated":true}]}}