{"id":3770,"date":"2019-01-29T20:01:54","date_gmt":"2019-01-29T20:01:54","guid":{"rendered":"http:\/\/volcanes.net\/?p=3770"},"modified":"2019-01-29T20:01:54","modified_gmt":"2019-01-29T20:01:54","slug":"detiene-fgjem-a-probable-violador","status":"publish","type":"post","link":"https:\/\/volcanes.net\/?p=3770","title":{"rendered":"DETIENE FGJEM A PROBABLE VIOLADOR"},"content":{"rendered":"<div style=\"margin-top: 0px; margin-bottom: 0px;\" class=\"sharethis-inline-share-buttons\" ><\/div><p><span style=\"color: #000000;\"><span lang=\"ES-TRAD\">Agentes de Investigaci\u00f3n de la Fiscal\u00eda General de Justicia del Estado de M\u00e9xico (FGJEM) cumplimentaron una orden de aprehensi\u00f3n en contra de un sujeto por su probable participaci\u00f3n en el delito de violaci\u00f3n, con la modificativa agravante de haberse cometido en el interior de un veh\u00edculo de transporte p\u00fablico de pasajeros.<\/span><\/span><\/p>\n<p><span lang=\"ES-TRAD\"><span style=\"color: #000000;\">Los hechos por los que el individuo fue detenido ocurrieron en d\u00edas pasados, cuando la v\u00edctima abord\u00f3 una unidad de pasajeros por la ma\u00f1ana en direcci\u00f3n al metro Cuatro Caminos, misma que no llevaba a ninguna persona m\u00e1s, pero el conductor del automotor desvi\u00f3 su ruta y detuvo la unidad en una calle de la colonia Bosques de Morelos, en el municipio de Cuautitl\u00e1n Izcalli.<\/span><\/span><\/p>\n<p><span lang=\"ES-TRAD\"><span style=\"color: #000000;\">En el lugar, la denunciante intent\u00f3 descender del automotor, pero el investigado comenz\u00f3 a golpearla en el rostro con sus pu\u00f1os hasta someterla y posteriormente habr\u00eda abusado sexualmente de ella.<\/span><\/span><\/p>\n<p><span lang=\"ES-TRAD\"><span style=\"color: #000000;\">Sin embargo, la v\u00edctima logr\u00f3 empujar al sujeto y escapar del veh\u00edculo, momento en el que pudo detectar el n\u00famero econ\u00f3mico y la l\u00ednea del transporte p\u00fablico.<\/span><\/span><\/p>\n<p><span lang=\"ES-TRAD\"><span style=\"color: #000000;\">Con esos datos, la v\u00edctima inici\u00f3 su denuncia ante el Agente de Ministerio P\u00fablico, quien despu\u00e9s de una investigaci\u00f3n y establecer la media filiaci\u00f3n del sujeto, solicit\u00f3 al Juez de Control una orden de aprehensi\u00f3n, misma que fue otorgada y cumplimentada para poder detener a quien se identific\u00f3 como Mart\u00edn \u201cN\u201d, por su probable participaci\u00f3n en el delito de violaci\u00f3n, con la modificativa agravante de haberse cometido en el interior de un veh\u00edculo de transporte p\u00fablico de pasajeros<\/span><\/span><\/p>\n<p><span lang=\"ES-TRAD\"><span style=\"color: #000000;\">\u00a0Sin embargo, a este sujeto se le debe considerar inocente hasta que un Juez dicte una sentencia condenatoria en su contra.<\/span><\/span><\/p>\n<p><span lang=\"ES-TRAD\"><span style=\"color: #000000;\">La FGJEM hace un llamado a la ciudadan\u00eda para que en caso de que reconozca a este individuo como probable part\u00edcipe de alg\u00fan otro il\u00edcito, sea denunciado a trav\u00e9s del correo electr\u00f3nico <a href=\"mailto:cerotolerancia@edomex.gob.mx\" target=\"_blank\" rel=\"noopener\">cerotolerancia@edomex.gob.mx<\/a>, al n\u00famero telef\u00f3nico 01 800 702 8770, o bien, por medio de la aplicaci\u00f3n FGJEdomex, la cual est\u00e1 disponible de manera gratuita para todos los tel\u00e9fonos inteligentes de los sistemas iOS y Android.<\/span><\/span><\/p>\n","protected":false},"excerpt":{"rendered":"<p>Agentes de Investigaci\u00f3n de la Fiscal\u00eda General de Justicia del Estado de M\u00e9xico (FGJEM) cumplimentaron<\/p>\n","protected":false},"author":1,"featured_media":3771,"comment_status":"open","ping_status":"open","sticky":false,"template":"","format":"standard","meta":{"footnotes":""},"categories":[1],"tags":[42],"class_list":["post-3770","post","type-post","status-publish","format-standard","has-post-thumbnail","hentry","category-municipales","tag-fgjem"],"yoast_head":"<!-- This site is optimized with the Yoast SEO plugin v25.3 - https:\/\/yoast.com\/wordpress\/plugins\/seo\/ -->\n<title>DETIENE FGJEM A PROBABLE VIOLADOR - Volcanes<\/title>\n<meta name=\"robots\" content=\"index, follow, max-snippet:-1, max-image-preview:large, max-video-preview:-1\" \/>\n<link rel=\"canonical\" href=\"https:\/\/volcanes.net\/?p=3770\" \/>\n<meta property=\"og:locale\" content=\"es_MX\" \/>\n<meta property=\"og:type\" content=\"article\" \/>\n<meta property=\"og:title\" content=\"DETIENE FGJEM A PROBABLE VIOLADOR - Volcanes\" \/>\n<meta property=\"og:description\" content=\"Agentes de Investigaci\u00f3n de la Fiscal\u00eda General de Justicia del Estado de M\u00e9xico (FGJEM) cumplimentaron\" \/>\n<meta property=\"og:url\" content=\"https:\/\/volcanes.net\/?p=3770\" \/>\n<meta property=\"og:site_name\" content=\"Volcanes\" \/>\n<meta property=\"article:publisher\" content=\"https:\/\/www.facebook.com\/volcanes.net\/\" \/>\n<meta property=\"article:published_time\" content=\"2019-01-29T20:01:54+00:00\" \/>\n<meta property=\"og:image\" content=\"https:\/\/volcanes.net\/wp-content\/uploads\/2019\/01\/FOTO-C97.jpg\" \/>\n\t<meta property=\"og:image:width\" content=\"327\" \/>\n\t<meta property=\"og:image:height\" content=\"448\" \/>\n\t<meta property=\"og:image:type\" content=\"image\/jpeg\" \/>\n<meta name=\"author\" content=\"admin\" \/>\n<meta name=\"twitter:card\" content=\"summary_large_image\" \/>\n<meta name=\"twitter:label1\" content=\"Escrito por\" \/>\n\t<meta name=\"twitter:data1\" content=\"admin\" \/>\n\t<meta name=\"twitter:label2\" content=\"Tiempo de lectura\" \/>\n\t<meta name=\"twitter:data2\" content=\"2 minutos\" \/>\n<script type=\"application\/ld+json\" class=\"yoast-schema-graph\">{\"@context\":\"https:\/\/schema.org\",\"@graph\":[{\"@type\":\"Article\",\"@id\":\"https:\/\/volcanes.net\/?p=3770#article\",\"isPartOf\":{\"@id\":\"https:\/\/volcanes.net\/?p=3770\"},\"author\":{\"name\":\"admin\",\"@id\":\"https:\/\/volcanes.net\/#\/schema\/person\/4bf0f383940966a4abd53f5048c0e6b9\"},\"headline\":\"DETIENE FGJEM A PROBABLE VIOLADOR\",\"datePublished\":\"2019-01-29T20:01:54+00:00\",\"mainEntityOfPage\":{\"@id\":\"https:\/\/volcanes.net\/?p=3770\"},\"wordCount\":385,\"commentCount\":0,\"publisher\":{\"@id\":\"https:\/\/volcanes.net\/#organization\"},\"image\":{\"@id\":\"https:\/\/volcanes.net\/?p=3770#primaryimage\"},\"thumbnailUrl\":\"https:\/\/volcanes.net\/wp-content\/uploads\/2019\/01\/FOTO-C97.jpg\",\"keywords\":[\"FGJEM\"],\"articleSection\":[\"Municipales\"],\"inLanguage\":\"es\",\"potentialAction\":[{\"@type\":\"CommentAction\",\"name\":\"Comment\",\"target\":[\"https:\/\/volcanes.net\/?p=3770#respond\"]}]},{\"@type\":\"WebPage\",\"@id\":\"https:\/\/volcanes.net\/?p=3770\",\"url\":\"https:\/\/volcanes.net\/?p=3770\",\"name\":\"DETIENE FGJEM A PROBABLE VIOLADOR - Volcanes\",\"isPartOf\":{\"@id\":\"https:\/\/volcanes.net\/#website\"},\"primaryImageOfPage\":{\"@id\":\"https:\/\/volcanes.net\/?p=3770#primaryimage\"},\"image\":{\"@id\":\"https:\/\/volcanes.net\/?p=3770#primaryimage\"},\"thumbnailUrl\":\"https:\/\/volcanes.net\/wp-content\/uploads\/2019\/01\/FOTO-C97.jpg\",\"datePublished\":\"2019-01-29T20:01:54+00:00\",\"breadcrumb\":{\"@id\":\"https:\/\/volcanes.net\/?p=3770#breadcrumb\"},\"inLanguage\":\"es\",\"potentialAction\":[{\"@type\":\"ReadAction\",\"target\":[\"https:\/\/volcanes.net\/?p=3770\"]}]},{\"@type\":\"ImageObject\",\"inLanguage\":\"es\",\"@id\":\"https:\/\/volcanes.net\/?p=3770#primaryimage\",\"url\":\"https:\/\/volcanes.net\/wp-content\/uploads\/2019\/01\/FOTO-C97.jpg\",\"contentUrl\":\"https:\/\/volcanes.net\/wp-content\/uploads\/2019\/01\/FOTO-C97.jpg\",\"width\":327,\"height\":448},{\"@type\":\"BreadcrumbList\",\"@id\":\"https:\/\/volcanes.net\/?p=3770#breadcrumb\",\"itemListElement\":[{\"@type\":\"ListItem\",\"position\":1,\"name\":\"Portada\",\"item\":\"https:\/\/volcanes.net\/\"},{\"@type\":\"ListItem\",\"position\":2,\"name\":\"DETIENE FGJEM A PROBABLE VIOLADOR\"}]},{\"@type\":\"WebSite\",\"@id\":\"https:\/\/volcanes.net\/#website\",\"url\":\"https:\/\/volcanes.net\/\",\"name\":\"Volcanes.Net\",\"description\":\"Periodismo Profesional\",\"publisher\":{\"@id\":\"https:\/\/volcanes.net\/#organization\"},\"potentialAction\":[{\"@type\":\"SearchAction\",\"target\":{\"@type\":\"EntryPoint\",\"urlTemplate\":\"https:\/\/volcanes.net\/?s={search_term_string}\"},\"query-input\":{\"@type\":\"PropertyValueSpecification\",\"valueRequired\":true,\"valueName\":\"search_term_string\"}}],\"inLanguage\":\"es\"},{\"@type\":\"Organization\",\"@id\":\"https:\/\/volcanes.net\/#organization\",\"name\":\"Grupo Volcanes\",\"url\":\"https:\/\/volcanes.net\/\",\"logo\":{\"@type\":\"ImageObject\",\"inLanguage\":\"es\",\"@id\":\"https:\/\/volcanes.net\/#\/schema\/logo\/image\/\",\"url\":\"http:\/\/volcanes.net\/wp-content\/uploads\/2017\/12\/Avatar2.jpg\",\"contentUrl\":\"http:\/\/volcanes.net\/wp-content\/uploads\/2017\/12\/Avatar2.jpg\",\"width\":378,\"height\":378,\"caption\":\"Grupo Volcanes\"},\"image\":{\"@id\":\"https:\/\/volcanes.net\/#\/schema\/logo\/image\/\"},\"sameAs\":[\"https:\/\/www.facebook.com\/volcanes.net\/\"]},{\"@type\":\"Person\",\"@id\":\"https:\/\/volcanes.net\/#\/schema\/person\/4bf0f383940966a4abd53f5048c0e6b9\",\"name\":\"admin\",\"image\":{\"@type\":\"ImageObject\",\"inLanguage\":\"es\",\"@id\":\"https:\/\/volcanes.net\/#\/schema\/person\/image\/\",\"url\":\"https:\/\/secure.gravatar.com\/avatar\/ca004e6cba8462b8cb7abc86e382930c?s=96&d=mm&r=g\",\"contentUrl\":\"https:\/\/secure.gravatar.com\/avatar\/ca004e6cba8462b8cb7abc86e382930c?s=96&d=mm&r=g\",\"caption\":\"admin\"}}]}<\/script>\n<!-- \/ Yoast SEO plugin. -->","yoast_head_json":{"title":"DETIENE FGJEM A PROBABLE VIOLADOR - Volcanes","robots":{"index":"index","follow":"follow","max-snippet":"max-snippet:-1","max-image-preview":"max-image-preview:large","max-video-preview":"max-video-preview:-1"},"canonical":"https:\/\/volcanes.net\/?p=3770","og_locale":"es_MX","og_type":"article","og_title":"DETIENE FGJEM A PROBABLE VIOLADOR - Volcanes","og_description":"Agentes de Investigaci\u00f3n de la Fiscal\u00eda General de Justicia del Estado de M\u00e9xico (FGJEM) cumplimentaron","og_url":"https:\/\/volcanes.net\/?p=3770","og_site_name":"Volcanes","article_publisher":"https:\/\/www.facebook.com\/volcanes.net\/","article_published_time":"2019-01-29T20:01:54+00:00","og_image":[{"width":327,"height":448,"url":"https:\/\/volcanes.net\/wp-content\/uploads\/2019\/01\/FOTO-C97.jpg","type":"image\/jpeg"}],"author":"admin","twitter_card":"summary_large_image","twitter_misc":{"Escrito por":"admin","Tiempo de lectura":"2 minutos"},"schema":{"@context":"https:\/\/schema.org","@graph":[{"@type":"Article","@id":"https:\/\/volcanes.net\/?p=3770#article","isPartOf":{"@id":"https:\/\/volcanes.net\/?p=3770"},"author":{"name":"admin","@id":"https:\/\/volcanes.net\/#\/schema\/person\/4bf0f383940966a4abd53f5048c0e6b9"},"headline":"DETIENE FGJEM A PROBABLE VIOLADOR","datePublished":"2019-01-29T20:01:54+00:00","mainEntityOfPage":{"@id":"https:\/\/volcanes.net\/?p=3770"},"wordCount":385,"commentCount":0,"publisher":{"@id":"https:\/\/volcanes.net\/#organization"},"image":{"@id":"https:\/\/volcanes.net\/?p=3770#primaryimage"},"thumbnailUrl":"https:\/\/volcanes.net\/wp-content\/uploads\/2019\/01\/FOTO-C97.jpg","keywords":["FGJEM"],"articleSection":["Municipales"],"inLanguage":"es","potentialAction":[{"@type":"CommentAction","name":"Comment","target":["https:\/\/volcanes.net\/?p=3770#respond"]}]},{"@type":"WebPage","@id":"https:\/\/volcanes.net\/?p=3770","url":"https:\/\/volcanes.net\/?p=3770","name":"DETIENE FGJEM A PROBABLE VIOLADOR - Volcanes","isPartOf":{"@id":"https:\/\/volcanes.net\/#website"},"primaryImageOfPage":{"@id":"https:\/\/volcanes.net\/?p=3770#primaryimage"},"image":{"@id":"https:\/\/volcanes.net\/?p=3770#primaryimage"},"thumbnailUrl":"https:\/\/volcanes.net\/wp-content\/uploads\/2019\/01\/FOTO-C97.jpg","datePublished":"2019-01-29T20:01:54+00:00","breadcrumb":{"@id":"https:\/\/volcanes.net\/?p=3770#breadcrumb"},"inLanguage":"es","potentialAction":[{"@type":"ReadAction","target":["https:\/\/volcanes.net\/?p=3770"]}]},{"@type":"ImageObject","inLanguage":"es","@id":"https:\/\/volcanes.net\/?p=3770#primaryimage","url":"https:\/\/volcanes.net\/wp-content\/uploads\/2019\/01\/FOTO-C97.jpg","contentUrl":"https:\/\/volcanes.net\/wp-content\/uploads\/2019\/01\/FOTO-C97.jpg","width":327,"height":448},{"@type":"BreadcrumbList","@id":"https:\/\/volcanes.net\/?p=3770#breadcrumb","itemListElement":[{"@type":"ListItem","position":1,"name":"Portada","item":"https:\/\/volcanes.net\/"},{"@type":"ListItem","position":2,"name":"DETIENE FGJEM A PROBABLE VIOLADOR"}]},{"@type":"WebSite","@id":"https:\/\/volcanes.net\/#website","url":"https:\/\/volcanes.net\/","name":"Volcanes.Net","description":"Periodismo Profesional","publisher":{"@id":"https:\/\/volcanes.net\/#organization"},"potentialAction":[{"@type":"SearchAction","target":{"@type":"EntryPoint","urlTemplate":"https:\/\/volcanes.net\/?s={search_term_string}"},"query-input":{"@type":"PropertyValueSpecification","valueRequired":true,"valueName":"search_term_string"}}],"inLanguage":"es"},{"@type":"Organization","@id":"https:\/\/volcanes.net\/#organization","name":"Grupo Volcanes","url":"https:\/\/volcanes.net\/","logo":{"@type":"ImageObject","inLanguage":"es","@id":"https:\/\/volcanes.net\/#\/schema\/logo\/image\/","url":"http:\/\/volcanes.net\/wp-content\/uploads\/2017\/12\/Avatar2.jpg","contentUrl":"http:\/\/volcanes.net\/wp-content\/uploads\/2017\/12\/Avatar2.jpg","width":378,"height":378,"caption":"Grupo Volcanes"},"image":{"@id":"https:\/\/volcanes.net\/#\/schema\/logo\/image\/"},"sameAs":["https:\/\/www.facebook.com\/volcanes.net\/"]},{"@type":"Person","@id":"https:\/\/volcanes.net\/#\/schema\/person\/4bf0f383940966a4abd53f5048c0e6b9","name":"admin","image":{"@type":"ImageObject","inLanguage":"es","@id":"https:\/\/volcanes.net\/#\/schema\/person\/image\/","url":"https:\/\/secure.gravatar.com\/avatar\/ca004e6cba8462b8cb7abc86e382930c?s=96&d=mm&r=g","contentUrl":"https:\/\/secure.gravatar.com\/avatar\/ca004e6cba8462b8cb7abc86e382930c?s=96&d=mm&r=g","caption":"admin"}}]}},"_links":{"self":[{"href":"https:\/\/volcanes.net\/index.php?rest_route=\/wp\/v2\/posts\/3770"}],"collection":[{"href":"https:\/\/volcanes.net\/index.php?rest_route=\/wp\/v2\/posts"}],"about":[{"href":"https:\/\/volcanes.net\/index.php?rest_route=\/wp\/v2\/types\/post"}],"author":[{"embeddable":true,"href":"https:\/\/volcanes.net\/index.php?rest_route=\/wp\/v2\/users\/1"}],"replies":[{"embeddable":true,"href":"https:\/\/volcanes.net\/index.php?rest_route=%2Fwp%2Fv2%2Fcomments&post=3770"}],"version-history":[{"count":1,"href":"https:\/\/volcanes.net\/index.php?rest_route=\/wp\/v2\/posts\/3770\/revisions"}],"predecessor-version":[{"id":3772,"href":"https:\/\/volcanes.net\/index.php?rest_route=\/wp\/v2\/posts\/3770\/revisions\/3772"}],"wp:featuredmedia":[{"embeddable":true,"href":"https:\/\/volcanes.net\/index.php?rest_route=\/wp\/v2\/media\/3771"}],"wp:attachment":[{"href":"https:\/\/volcanes.net\/index.php?rest_route=%2Fwp%2Fv2%2Fmedia&parent=3770"}],"wp:term":[{"taxonomy":"category","embeddable":true,"href":"https:\/\/volcanes.net\/index.php?rest_route=%2Fwp%2Fv2%2Fcategories&post=3770"},{"taxonomy":"post_tag","embeddable":true,"href":"https:\/\/volcanes.net\/index.php?rest_route=%2Fwp%2Fv2%2Ftags&post=3770"}],"curies":[{"name":"wp","href":"https:\/\/api.w.org\/{rel}","templated":true}]}}