{"id":3773,"date":"2019-01-29T20:06:54","date_gmt":"2019-01-29T20:06:54","guid":{"rendered":"http:\/\/volcanes.net\/?p=3773"},"modified":"2019-01-29T20:06:54","modified_gmt":"2019-01-29T20:06:54","slug":"prd-grupo-parlamentario-mas-productivo-en-primer-periodo-de-la-camara-de-diputados-ricardo-gallardo","status":"publish","type":"post","link":"https:\/\/volcanes.net\/?p=3773","title":{"rendered":"PRD GRUPO PARLAMENTARIO M\u00c1S PRODUCTIVO EN PRIMER PERIODO DE LA C\u00c1MARA DE DIPUTADOS RICARDO GALLARDO"},"content":{"rendered":"<div style=\"margin-top: 0px; margin-bottom: 0px;\" class=\"sharethis-inline-share-buttons\" ><\/div><p>El coordinador de los diputados federales perredistas destac\u00f3 la presentaci\u00f3n de 70 iniciativas, puntos de acuerdo e intervenciones para cambiar y mejorar al pa\u00eds.<\/p>\n<p>Subray\u00f3 la defensa de temas prioritarios en la agenda legislativa de la fracci\u00f3n, como la defensa de la eliminaci\u00f3n del impuesto a gasolinas, el incremento de salario m\u00ednimo a 176 pesos en todo el pa\u00eds, y el aumento de presupuesto federal para municipios, entre otros.<\/p>\n<p>El coordinador de los diputados federales del PRD, Ricardo Gallardo Cardona, destac\u00f3 que con m\u00e1s de 70 iniciativas, puntos de acuerdos e intervenciones su grupo parlamentario fue el m\u00e1s activo y propositivo en la C\u00e1mara de Diputados durante el primer periodo ordinario de sesiones, con el prop\u00f3sito de cambiar y mejorar a M\u00e9xico.<\/p>\n<p>\u201cEl PRD fue el grupo parlamentario mejor posicionado, con m\u00e1s iniciativas, m\u00e1s puntos de acuerdo, por encima de la media y por encima de las dem\u00e1s fracciones en el Congreso.<\/p>\n<p>\u201cM\u00e9xico necesita al PRD, hoy estamos viendo un gobierno que no da pie con buenos temas. Estamos viendo muchas iniciativas por parte de nuestros compa\u00f1eros para tratar de cambiar y mejorar el pa\u00eds\u201d, subray\u00f3.<\/p>\n<p>Al participar en la Reuni\u00f3n Plenaria de los Grupos Parlamentarios del PRD en la C\u00e1mara de Diputados y Senadores, el coordinador destac\u00f3 tambi\u00e9n que los diputados fueron los que tuvieron m\u00e1s asistencia a sesiones, por lo que se demuestra la responsabilidad y entrega de los integrantes de este partido para tener un pa\u00eds m\u00e1s progresista.<\/p>\n<p>Ante senadores, diputados y miembros del Comit\u00e9 Ejecutivo Nacional, Ricardo Gallardo se\u00f1al\u00f3 que hubo temas prioritarios de la agenda legislativa del Grupo Parlamentario presentadas en el Congreso de la Uni\u00f3n, como la defensa de la eliminaci\u00f3n del Impuesto Especial sobre Producci\u00f3n y Servicios (IEPS), el incremento de salario m\u00ednimo a 176 pesos en todo el pa\u00eds, y el aumento de presupuesto federal para municipios, entre otros.<\/p>\n<p>Asimismo, afirm\u00f3 que hay varia iniciativas y puntos de acuerdo que se deben seguir defendiendo y presentando en pleno hasta lograr su aprobaci\u00f3n, y se\u00f1al\u00f3 que en el pr\u00f3ximo periodo ordinario los diputados y senadores del PRD trabajar\u00e1n por fijar un Plan Nacional de Desarrollo incluyente, que involucre a todos los \u00f3rganos aut\u00f3nomos y todas las consultas p\u00fablicas para tener un mejor pa\u00eds.<\/p>\n","protected":false},"excerpt":{"rendered":"<p>El coordinador de los diputados federales perredistas destac\u00f3 la presentaci\u00f3n de 70 iniciativas, puntos de<\/p>\n","protected":false},"author":1,"featured_media":3774,"comment_status":"open","ping_status":"open","sticky":false,"template":"","format":"standard","meta":{"footnotes":""},"categories":[1],"tags":[37],"class_list":["post-3773","post","type-post","status-publish","format-standard","has-post-thumbnail","hentry","category-municipales","tag-prd"],"yoast_head":"<!-- This site is optimized with the Yoast SEO plugin v25.3 - https:\/\/yoast.com\/wordpress\/plugins\/seo\/ -->\n<title>PRD GRUPO PARLAMENTARIO M\u00c1S PRODUCTIVO EN PRIMER PERIODO DE LA C\u00c1MARA DE DIPUTADOS RICARDO GALLARDO - Volcanes<\/title>\n<meta name=\"robots\" content=\"index, follow, max-snippet:-1, max-image-preview:large, max-video-preview:-1\" \/>\n<link rel=\"canonical\" href=\"https:\/\/volcanes.net\/?p=3773\" \/>\n<meta property=\"og:locale\" content=\"es_MX\" \/>\n<meta property=\"og:type\" content=\"article\" \/>\n<meta property=\"og:title\" content=\"PRD GRUPO PARLAMENTARIO M\u00c1S PRODUCTIVO EN PRIMER PERIODO DE LA C\u00c1MARA DE DIPUTADOS RICARDO GALLARDO - Volcanes\" \/>\n<meta property=\"og:description\" content=\"El coordinador de los diputados federales perredistas destac\u00f3 la presentaci\u00f3n de 70 iniciativas, puntos de\" \/>\n<meta property=\"og:url\" content=\"https:\/\/volcanes.net\/?p=3773\" \/>\n<meta property=\"og:site_name\" content=\"Volcanes\" \/>\n<meta property=\"article:publisher\" content=\"https:\/\/www.facebook.com\/volcanes.net\/\" \/>\n<meta property=\"article:published_time\" content=\"2019-01-29T20:06:54+00:00\" \/>\n<meta property=\"og:image\" content=\"https:\/\/volcanes.net\/wp-content\/uploads\/2019\/01\/index.jpg\" \/>\n\t<meta property=\"og:image:width\" content=\"1280\" \/>\n\t<meta property=\"og:image:height\" content=\"853\" \/>\n\t<meta property=\"og:image:type\" content=\"image\/jpeg\" \/>\n<meta name=\"author\" content=\"admin\" \/>\n<meta name=\"twitter:card\" content=\"summary_large_image\" \/>\n<meta name=\"twitter:label1\" content=\"Escrito por\" \/>\n\t<meta name=\"twitter:data1\" content=\"admin\" \/>\n\t<meta name=\"twitter:label2\" content=\"Tiempo de lectura\" \/>\n\t<meta name=\"twitter:data2\" content=\"2 minutos\" \/>\n<script type=\"application\/ld+json\" class=\"yoast-schema-graph\">{\"@context\":\"https:\/\/schema.org\",\"@graph\":[{\"@type\":\"Article\",\"@id\":\"https:\/\/volcanes.net\/?p=3773#article\",\"isPartOf\":{\"@id\":\"https:\/\/volcanes.net\/?p=3773\"},\"author\":{\"name\":\"admin\",\"@id\":\"https:\/\/volcanes.net\/#\/schema\/person\/4bf0f383940966a4abd53f5048c0e6b9\"},\"headline\":\"PRD GRUPO PARLAMENTARIO M\u00c1S PRODUCTIVO EN PRIMER PERIODO DE LA C\u00c1MARA DE DIPUTADOS RICARDO GALLARDO\",\"datePublished\":\"2019-01-29T20:06:54+00:00\",\"mainEntityOfPage\":{\"@id\":\"https:\/\/volcanes.net\/?p=3773\"},\"wordCount\":419,\"commentCount\":0,\"publisher\":{\"@id\":\"https:\/\/volcanes.net\/#organization\"},\"image\":{\"@id\":\"https:\/\/volcanes.net\/?p=3773#primaryimage\"},\"thumbnailUrl\":\"https:\/\/volcanes.net\/wp-content\/uploads\/2019\/01\/index.jpg\",\"keywords\":[\"PRD\"],\"articleSection\":[\"Municipales\"],\"inLanguage\":\"es\",\"potentialAction\":[{\"@type\":\"CommentAction\",\"name\":\"Comment\",\"target\":[\"https:\/\/volcanes.net\/?p=3773#respond\"]}]},{\"@type\":\"WebPage\",\"@id\":\"https:\/\/volcanes.net\/?p=3773\",\"url\":\"https:\/\/volcanes.net\/?p=3773\",\"name\":\"PRD GRUPO PARLAMENTARIO M\u00c1S PRODUCTIVO EN PRIMER PERIODO DE LA C\u00c1MARA DE DIPUTADOS RICARDO GALLARDO - Volcanes\",\"isPartOf\":{\"@id\":\"https:\/\/volcanes.net\/#website\"},\"primaryImageOfPage\":{\"@id\":\"https:\/\/volcanes.net\/?p=3773#primaryimage\"},\"image\":{\"@id\":\"https:\/\/volcanes.net\/?p=3773#primaryimage\"},\"thumbnailUrl\":\"https:\/\/volcanes.net\/wp-content\/uploads\/2019\/01\/index.jpg\",\"datePublished\":\"2019-01-29T20:06:54+00:00\",\"breadcrumb\":{\"@id\":\"https:\/\/volcanes.net\/?p=3773#breadcrumb\"},\"inLanguage\":\"es\",\"potentialAction\":[{\"@type\":\"ReadAction\",\"target\":[\"https:\/\/volcanes.net\/?p=3773\"]}]},{\"@type\":\"ImageObject\",\"inLanguage\":\"es\",\"@id\":\"https:\/\/volcanes.net\/?p=3773#primaryimage\",\"url\":\"https:\/\/volcanes.net\/wp-content\/uploads\/2019\/01\/index.jpg\",\"contentUrl\":\"https:\/\/volcanes.net\/wp-content\/uploads\/2019\/01\/index.jpg\",\"width\":1280,\"height\":853},{\"@type\":\"BreadcrumbList\",\"@id\":\"https:\/\/volcanes.net\/?p=3773#breadcrumb\",\"itemListElement\":[{\"@type\":\"ListItem\",\"position\":1,\"name\":\"Portada\",\"item\":\"https:\/\/volcanes.net\/\"},{\"@type\":\"ListItem\",\"position\":2,\"name\":\"PRD GRUPO PARLAMENTARIO M\u00c1S PRODUCTIVO EN PRIMER PERIODO DE LA C\u00c1MARA DE DIPUTADOS RICARDO GALLARDO\"}]},{\"@type\":\"WebSite\",\"@id\":\"https:\/\/volcanes.net\/#website\",\"url\":\"https:\/\/volcanes.net\/\",\"name\":\"Volcanes.Net\",\"description\":\"Periodismo Profesional\",\"publisher\":{\"@id\":\"https:\/\/volcanes.net\/#organization\"},\"potentialAction\":[{\"@type\":\"SearchAction\",\"target\":{\"@type\":\"EntryPoint\",\"urlTemplate\":\"https:\/\/volcanes.net\/?s={search_term_string}\"},\"query-input\":{\"@type\":\"PropertyValueSpecification\",\"valueRequired\":true,\"valueName\":\"search_term_string\"}}],\"inLanguage\":\"es\"},{\"@type\":\"Organization\",\"@id\":\"https:\/\/volcanes.net\/#organization\",\"name\":\"Grupo Volcanes\",\"url\":\"https:\/\/volcanes.net\/\",\"logo\":{\"@type\":\"ImageObject\",\"inLanguage\":\"es\",\"@id\":\"https:\/\/volcanes.net\/#\/schema\/logo\/image\/\",\"url\":\"http:\/\/volcanes.net\/wp-content\/uploads\/2017\/12\/Avatar2.jpg\",\"contentUrl\":\"http:\/\/volcanes.net\/wp-content\/uploads\/2017\/12\/Avatar2.jpg\",\"width\":378,\"height\":378,\"caption\":\"Grupo Volcanes\"},\"image\":{\"@id\":\"https:\/\/volcanes.net\/#\/schema\/logo\/image\/\"},\"sameAs\":[\"https:\/\/www.facebook.com\/volcanes.net\/\"]},{\"@type\":\"Person\",\"@id\":\"https:\/\/volcanes.net\/#\/schema\/person\/4bf0f383940966a4abd53f5048c0e6b9\",\"name\":\"admin\",\"image\":{\"@type\":\"ImageObject\",\"inLanguage\":\"es\",\"@id\":\"https:\/\/volcanes.net\/#\/schema\/person\/image\/\",\"url\":\"https:\/\/secure.gravatar.com\/avatar\/ca004e6cba8462b8cb7abc86e382930c?s=96&d=mm&r=g\",\"contentUrl\":\"https:\/\/secure.gravatar.com\/avatar\/ca004e6cba8462b8cb7abc86e382930c?s=96&d=mm&r=g\",\"caption\":\"admin\"}}]}<\/script>\n<!-- \/ Yoast SEO plugin. -->","yoast_head_json":{"title":"PRD GRUPO PARLAMENTARIO M\u00c1S PRODUCTIVO EN PRIMER PERIODO DE LA C\u00c1MARA DE DIPUTADOS RICARDO GALLARDO - Volcanes","robots":{"index":"index","follow":"follow","max-snippet":"max-snippet:-1","max-image-preview":"max-image-preview:large","max-video-preview":"max-video-preview:-1"},"canonical":"https:\/\/volcanes.net\/?p=3773","og_locale":"es_MX","og_type":"article","og_title":"PRD GRUPO PARLAMENTARIO M\u00c1S PRODUCTIVO EN PRIMER PERIODO DE LA C\u00c1MARA DE DIPUTADOS RICARDO GALLARDO - Volcanes","og_description":"El coordinador de los diputados federales perredistas destac\u00f3 la presentaci\u00f3n de 70 iniciativas, puntos de","og_url":"https:\/\/volcanes.net\/?p=3773","og_site_name":"Volcanes","article_publisher":"https:\/\/www.facebook.com\/volcanes.net\/","article_published_time":"2019-01-29T20:06:54+00:00","og_image":[{"width":1280,"height":853,"url":"https:\/\/volcanes.net\/wp-content\/uploads\/2019\/01\/index.jpg","type":"image\/jpeg"}],"author":"admin","twitter_card":"summary_large_image","twitter_misc":{"Escrito por":"admin","Tiempo de lectura":"2 minutos"},"schema":{"@context":"https:\/\/schema.org","@graph":[{"@type":"Article","@id":"https:\/\/volcanes.net\/?p=3773#article","isPartOf":{"@id":"https:\/\/volcanes.net\/?p=3773"},"author":{"name":"admin","@id":"https:\/\/volcanes.net\/#\/schema\/person\/4bf0f383940966a4abd53f5048c0e6b9"},"headline":"PRD GRUPO PARLAMENTARIO M\u00c1S PRODUCTIVO EN PRIMER PERIODO DE LA C\u00c1MARA DE DIPUTADOS RICARDO GALLARDO","datePublished":"2019-01-29T20:06:54+00:00","mainEntityOfPage":{"@id":"https:\/\/volcanes.net\/?p=3773"},"wordCount":419,"commentCount":0,"publisher":{"@id":"https:\/\/volcanes.net\/#organization"},"image":{"@id":"https:\/\/volcanes.net\/?p=3773#primaryimage"},"thumbnailUrl":"https:\/\/volcanes.net\/wp-content\/uploads\/2019\/01\/index.jpg","keywords":["PRD"],"articleSection":["Municipales"],"inLanguage":"es","potentialAction":[{"@type":"CommentAction","name":"Comment","target":["https:\/\/volcanes.net\/?p=3773#respond"]}]},{"@type":"WebPage","@id":"https:\/\/volcanes.net\/?p=3773","url":"https:\/\/volcanes.net\/?p=3773","name":"PRD GRUPO PARLAMENTARIO M\u00c1S PRODUCTIVO EN PRIMER PERIODO DE LA C\u00c1MARA DE DIPUTADOS RICARDO GALLARDO - Volcanes","isPartOf":{"@id":"https:\/\/volcanes.net\/#website"},"primaryImageOfPage":{"@id":"https:\/\/volcanes.net\/?p=3773#primaryimage"},"image":{"@id":"https:\/\/volcanes.net\/?p=3773#primaryimage"},"thumbnailUrl":"https:\/\/volcanes.net\/wp-content\/uploads\/2019\/01\/index.jpg","datePublished":"2019-01-29T20:06:54+00:00","breadcrumb":{"@id":"https:\/\/volcanes.net\/?p=3773#breadcrumb"},"inLanguage":"es","potentialAction":[{"@type":"ReadAction","target":["https:\/\/volcanes.net\/?p=3773"]}]},{"@type":"ImageObject","inLanguage":"es","@id":"https:\/\/volcanes.net\/?p=3773#primaryimage","url":"https:\/\/volcanes.net\/wp-content\/uploads\/2019\/01\/index.jpg","contentUrl":"https:\/\/volcanes.net\/wp-content\/uploads\/2019\/01\/index.jpg","width":1280,"height":853},{"@type":"BreadcrumbList","@id":"https:\/\/volcanes.net\/?p=3773#breadcrumb","itemListElement":[{"@type":"ListItem","position":1,"name":"Portada","item":"https:\/\/volcanes.net\/"},{"@type":"ListItem","position":2,"name":"PRD GRUPO PARLAMENTARIO M\u00c1S PRODUCTIVO EN PRIMER PERIODO DE LA C\u00c1MARA DE DIPUTADOS RICARDO GALLARDO"}]},{"@type":"WebSite","@id":"https:\/\/volcanes.net\/#website","url":"https:\/\/volcanes.net\/","name":"Volcanes.Net","description":"Periodismo Profesional","publisher":{"@id":"https:\/\/volcanes.net\/#organization"},"potentialAction":[{"@type":"SearchAction","target":{"@type":"EntryPoint","urlTemplate":"https:\/\/volcanes.net\/?s={search_term_string}"},"query-input":{"@type":"PropertyValueSpecification","valueRequired":true,"valueName":"search_term_string"}}],"inLanguage":"es"},{"@type":"Organization","@id":"https:\/\/volcanes.net\/#organization","name":"Grupo Volcanes","url":"https:\/\/volcanes.net\/","logo":{"@type":"ImageObject","inLanguage":"es","@id":"https:\/\/volcanes.net\/#\/schema\/logo\/image\/","url":"http:\/\/volcanes.net\/wp-content\/uploads\/2017\/12\/Avatar2.jpg","contentUrl":"http:\/\/volcanes.net\/wp-content\/uploads\/2017\/12\/Avatar2.jpg","width":378,"height":378,"caption":"Grupo Volcanes"},"image":{"@id":"https:\/\/volcanes.net\/#\/schema\/logo\/image\/"},"sameAs":["https:\/\/www.facebook.com\/volcanes.net\/"]},{"@type":"Person","@id":"https:\/\/volcanes.net\/#\/schema\/person\/4bf0f383940966a4abd53f5048c0e6b9","name":"admin","image":{"@type":"ImageObject","inLanguage":"es","@id":"https:\/\/volcanes.net\/#\/schema\/person\/image\/","url":"https:\/\/secure.gravatar.com\/avatar\/ca004e6cba8462b8cb7abc86e382930c?s=96&d=mm&r=g","contentUrl":"https:\/\/secure.gravatar.com\/avatar\/ca004e6cba8462b8cb7abc86e382930c?s=96&d=mm&r=g","caption":"admin"}}]}},"_links":{"self":[{"href":"https:\/\/volcanes.net\/index.php?rest_route=\/wp\/v2\/posts\/3773"}],"collection":[{"href":"https:\/\/volcanes.net\/index.php?rest_route=\/wp\/v2\/posts"}],"about":[{"href":"https:\/\/volcanes.net\/index.php?rest_route=\/wp\/v2\/types\/post"}],"author":[{"embeddable":true,"href":"https:\/\/volcanes.net\/index.php?rest_route=\/wp\/v2\/users\/1"}],"replies":[{"embeddable":true,"href":"https:\/\/volcanes.net\/index.php?rest_route=%2Fwp%2Fv2%2Fcomments&post=3773"}],"version-history":[{"count":1,"href":"https:\/\/volcanes.net\/index.php?rest_route=\/wp\/v2\/posts\/3773\/revisions"}],"predecessor-version":[{"id":3775,"href":"https:\/\/volcanes.net\/index.php?rest_route=\/wp\/v2\/posts\/3773\/revisions\/3775"}],"wp:featuredmedia":[{"embeddable":true,"href":"https:\/\/volcanes.net\/index.php?rest_route=\/wp\/v2\/media\/3774"}],"wp:attachment":[{"href":"https:\/\/volcanes.net\/index.php?rest_route=%2Fwp%2Fv2%2Fmedia&parent=3773"}],"wp:term":[{"taxonomy":"category","embeddable":true,"href":"https:\/\/volcanes.net\/index.php?rest_route=%2Fwp%2Fv2%2Fcategories&post=3773"},{"taxonomy":"post_tag","embeddable":true,"href":"https:\/\/volcanes.net\/index.php?rest_route=%2Fwp%2Fv2%2Ftags&post=3773"}],"curies":[{"name":"wp","href":"https:\/\/api.w.org\/{rel}","templated":true}]}}