{"id":3783,"date":"2019-01-30T00:44:39","date_gmt":"2019-01-30T00:44:39","guid":{"rendered":"http:\/\/volcanes.net\/?p=3783"},"modified":"2019-01-30T00:44:41","modified_gmt":"2019-01-30T00:44:41","slug":"la-inclusion-productiva-via-para-la-justicia-social-en-el-campo-mexicano-maria-luisa-albores-gonzalez","status":"publish","type":"post","link":"https:\/\/volcanes.net\/?p=3783","title":{"rendered":"La inclusi\u00f3n productiva, v\u00eda para la justicia social en el campo mexicano: Mar\u00eda Luisa Albores Gonz\u00e1lez"},"content":{"rendered":"<div style=\"margin-top: 0px; margin-bottom: 0px;\" class=\"sharethis-inline-share-buttons\" ><\/div><p><span style=\"font-size:16pt;font-family:\"><b><u>\u2022       La Secretaria de Bienestar expres\u00f3 que el gobierno va a reactivar el campo y garantizar la alimentaci\u00f3n de aquellos que m\u00e1s lo necesitan<\/u><\/b><\/span><\/p>\n<p class=\"MsoNormal\" style=\"font-family:sans-serif;font-size:12.8px;font-style:normal;font-weight:400;letter-spacing:normal;text-indent:0px;margin-bottom:0.0001ptline-height:normal;text-align:left\"><span style=\"font-size:12pt;font-family:\"><b><u> <\/u><\/b><\/span><u><\/u><\/p>\n<p class=\"MsoNormal\" style=\"font-family:sans-serif;font-size:12.8px;font-style:normal;font-weight:400;letter-spacing:normal;text-indent:0px;margin-bottom:0.0001ptline-height:normal;text-align:left\"><span style=\"font-size:14pt;font-family:\"> <\/span><\/p>\n<p class=\"MsoNormal\" style=\"font-family:sans-serif;font-size:12.8px;font-style:normal;font-weight:400;letter-spacing:normal;text-indent:0px;margin-bottom:0.0001ptline-height:normal;text-align:left\"><span style=\"font-size:14pt;font-family:\"><u>En la presentaci\u00f3n de la Canasta B\u00e1sica, la Secretaria de Bienestar, Mar\u00eda Luisa Albores Gonz\u00e1lez, asegur\u00f3 que el Gobierno de M\u00e9xico har\u00e1 de la inclusi\u00f3n productiva, \u201cla v\u00eda para la justicia social en el campo mexicano y para la recuperaci\u00f3n de la soberan\u00eda alimentaria\u201d.<\/u><\/span><u><\/u><\/p>\n<p class=\"MsoNormal\" style=\"font-family:sans-serif;font-size:12.8px;font-style:normal;font-weight:400;letter-spacing:normal;text-indent:0px;margin-bottom:0.0001ptline-height:normal;text-align:left\"><span style=\"font-size:14pt;font-family:\"> <\/span><\/p>\n<p class=\"MsoNormal\" style=\"font-family:sans-serif;font-size:12.8px;font-style:normal;font-weight:400;letter-spacing:normal;text-indent:0px;margin-bottom:0.0001ptline-height:normal;text-align:left\"><span style=\"font-size:14pt;font-family:\"><u>Ante el presidente Andr\u00e9s Manuel L\u00f3pez Obrador y productores de la regi\u00f3n potosina, dijo que trabajar en el campo debe ser motivo de orgullo, de identidad y felicidad, pues \u201cel bienestar del campo ser\u00e1 el bienestar de M\u00e9xico\u201d.<\/u><\/span><u><\/u><\/p>\n<p class=\"MsoNormal\" style=\"font-family:sans-serif;font-size:12.8px;font-style:normal;font-weight:400;letter-spacing:normal;text-indent:0px;margin-bottom:0.0001ptline-height:normal;text-align:left\"><span style=\"font-size:14pt;font-family:\"> <\/span><\/p>\n<p class=\"MsoNormal\" style=\"font-family:sans-serif;font-size:12.8px;font-style:normal;font-weight:400;letter-spacing:normal;text-indent:0px;margin-bottom:0.0001ptline-height:normal;text-align:left\"><span style=\"font-size:14pt;font-family:\"><u>En el municipio de Cedral, localizado al norte de San Luis Potos\u00ed, en la zona del Altiplano, la funcionaria federal sostuvo que \u201cla gente no tiene por qu\u00e9 dejar sus comunidades donde est\u00e1n sus seres queridos, su cultura, sus tradiciones, por no tener otra alternativa\u201d.<\/u><\/span><u><\/u><\/p>\n<p class=\"MsoNormal\" style=\"font-family:sans-serif;font-size:12.8px;font-style:normal;font-weight:400;letter-spacing:normal;text-indent:0px;margin-bottom:0.0001ptline-height:normal;text-align:left\"><span style=\"font-size:14pt;font-family:\"> <\/span><\/p>\n<p class=\"MsoNormal\" style=\"font-family:sans-serif;font-size:12.8px;font-style:normal;font-weight:400;letter-spacing:normal;text-indent:0px;margin-bottom:0.0001ptline-height:normal;text-align:left\"><span style=\"font-size:14pt;font-family:\"><u>Record\u00f3 que ah\u00ed est\u00e1n nuestras ra\u00edces como Naci\u00f3n, ah\u00ed, tambi\u00e9n, se gest\u00f3 una revoluci\u00f3n por la tierra y la libertad que cambi\u00f3 para siempre el destino de M\u00e9xico.<\/u><\/span><u><\/u><\/p>\n<p class=\"MsoNormal\" style=\"font-family:sans-serif;font-size:12.8px;font-style:normal;font-weight:400;letter-spacing:normal;text-indent:0px;margin-bottom:0.0001ptline-height:normal;text-align:left\"><span style=\"font-size:14pt;font-family:\"> <\/span><\/p>\n<p class=\"MsoNormal\" style=\"font-family:sans-serif;font-size:12.8px;font-style:normal;font-weight:400;letter-spacing:normal;text-indent:0px;margin-bottom:0.0001ptline-height:normal;text-align:left\"><span style=\"font-size:14pt;font-family:\"><u>\u201cEste gobierno va a reactivar el campo y a garantizar la alimentaci\u00f3n de aquellos que m\u00e1s lo necesitan\u201d, confi\u00f3 la funcionaria federal ante el Secretario de Agricultura y Desarrollo Rural, V\u00edctor Villalobos Ar\u00e1mbula; el titular de Seguridad Alimentaria Mexicana, Ignacio Ovalle Fern\u00e1ndez; el gobernador de San Luis Potos\u00ed, Juan Manuel Carreras L\u00f3pez, y el presidente municipal de Cedral, Jos\u00e9 Homero Mata Camarillo.<\/u><\/span><u><\/u><\/p>\n<p class=\"MsoNormal\" style=\"font-family:sans-serif;font-size:12.8px;font-style:normal;font-weight:400;letter-spacing:normal;text-indent:0px;margin-bottom:0.0001ptline-height:normal;text-align:left\"><span style=\"font-size:14pt;font-family:\"> <\/span><\/p>\n<p class=\"MsoNormal\" style=\"font-family:sans-serif;font-size:12.8px;font-style:normal;font-weight:400;letter-spacing:normal;text-indent:0px;margin-bottom:0.0001ptline-height:normal;text-align:left\"><span style=\"font-size:14pt;font-family:\"><u>La titular de la Secretaria de Bienestar adelant\u00f3 que esta red de producci\u00f3n, de comercializaci\u00f3n y de abasto, que se puso en marcha, llegar\u00e1 a las comunidades m\u00e1s apartadas y marginadas del M\u00e9xico rural.<\/u><\/span><u><\/u><\/p>\n<p class=\"MsoNormal\" style=\"font-family:sans-serif;font-size:12.8px;font-style:normal;font-weight:400;letter-spacing:normal;text-indent:0px;margin-bottom:0.0001ptline-height:normal;text-align:left\"><span style=\"font-size:14pt;font-family:\"> <\/span><\/p>\n<p class=\"MsoNormal\" style=\"font-family:sans-serif;font-size:12.8px;font-style:normal;font-weight:400;letter-spacing:normal;text-indent:0px;margin-bottom:0.0001ptline-height:normal;text-align:left\"><span style=\"font-size:14pt;font-family:\"><u>Inform\u00f3 que a esto se sumar\u00e1 el Programa Sembrando vida, que se pondr\u00e1 en operaci\u00f3n el pr\u00f3ximo viernes, y que tiene como finalidad plantar un mill\u00f3n de hect\u00e1reas con \u00e1rboles frutales y maderables.<\/u><\/span><span style=\"font-size:14pt;font-family:\"><u><\/u><\/span><\/p>\n<p class=\"MsoNormal\" style=\"font-family:sans-serif;font-size:12.8px;font-style:normal;font-weight:400;letter-spacing:normal;text-indent:0px;margin-bottom:0.0001ptline-height:normal;text-align:left\"><span style=\"font-size:14pt;font-family:\"><u>Destac\u00f3 que M\u00e9xico es un pa\u00eds megadiverso, que exporta millones de toneladas de productos agr\u00edcolas; y a pesar de ello, 25 millones de personas no pueden comer dignamente.<\/u><\/span><u><\/u><\/p>\n<p class=\"MsoNormal\" style=\"font-family:sans-serif;font-size:12.8px;font-style:normal;font-weight:400;letter-spacing:normal;text-indent:0px;margin-bottom:0.0001ptline-height:normal;text-align:left\"><span style=\"font-size:14pt;font-family:\"> <\/span><\/p>\n<p class=\"MsoNormal\" style=\"font-family:sans-serif;font-size:12.8px;font-style:normal;font-weight:400;letter-spacing:normal;text-indent:0px;margin-bottom:0.0001ptline-height:normal;text-align:left\"><span style=\"font-size:14pt;font-family:\"><u>Expres\u00f3 que la gente no tiene por qu\u00e9 dejar las comunidades donde est\u00e1 su cultura, sus tradiciones, sus seres queridos por no tener otra alternativa.<\/u><\/span><u><\/u><\/p>\n<p class=\"MsoNormal\" style=\"font-family:sans-serif;font-size:12.8px;font-style:normal;font-weight:400;letter-spacing:normal;text-indent:0px;margin-bottom:0.0001ptline-height:normal;text-align:left\"><span style=\"font-size:14pt;font-family:\"> <\/span><\/p>\n<p class=\"MsoNormal\" style=\"font-family:sans-serif;font-size:12.8px;font-style:normal;font-weight:400;letter-spacing:normal;text-indent:0px;margin-bottom:0.0001ptline-height:normal;text-align:left\"><span style=\"font-size:14pt;font-family:\"><u>\u201cEl trabajo del campo debe ser digno y debe brindarle a la gente una opci\u00f3n para vivir con libertad y autosuficiencia\u201d, apunt\u00f3.<\/u><\/span><u><\/u><\/p>\n<p class=\"MsoNormal\" style=\"font-family:sans-serif;font-size:12.8px;font-style:normal;font-weight:400;letter-spacing:normal;text-indent:0px;margin-bottom:0.0001ptline-height:normal;text-align:left\"><span style=\"font-size:14pt;font-family:\"> <\/span><\/p>\n<p class=\"MsoNormal\" style=\"font-family:sans-serif;font-size:12.8px;font-style:normal;font-weight:400;letter-spacing:normal;text-indent:0px;margin-bottom:0.0001ptline-height:normal;text-align:left\"><span style=\"font-size:14pt;font-family:\">La Secretaria Albores Gonz\u00e1lez pidi\u00f3 unir esfuerzos para que el beneficio de esta propuesta del Gobierno de M\u00e9xico se consolide con la participaci\u00f3n de la gente, \u201ccon esos millones de mujeres y hombres que, con enorme paciencia y con amor, cultivan la tierra y cosechan sus frutos\u201d, dijo.<\/span><\/p>\n","protected":false},"excerpt":{"rendered":"<p>\u2022 La Secretaria de Bienestar expres\u00f3 que el gobierno va a reactivar el campo y<\/p>\n","protected":false},"author":1,"featured_media":3782,"comment_status":"open","ping_status":"open","sticky":false,"template":"","format":"standard","meta":{"footnotes":""},"categories":[1],"tags":[],"class_list":["post-3783","post","type-post","status-publish","format-standard","has-post-thumbnail","hentry","category-municipales"],"yoast_head":"<!-- This site is optimized with the Yoast SEO plugin v25.3 - https:\/\/yoast.com\/wordpress\/plugins\/seo\/ -->\n<title>La inclusi\u00f3n productiva, v\u00eda para la justicia social en el campo mexicano: Mar\u00eda Luisa Albores Gonz\u00e1lez - Volcanes<\/title>\n<meta name=\"robots\" content=\"index, follow, max-snippet:-1, max-image-preview:large, max-video-preview:-1\" \/>\n<link rel=\"canonical\" href=\"https:\/\/volcanes.net\/?p=3783\" \/>\n<meta property=\"og:locale\" content=\"es_MX\" \/>\n<meta property=\"og:type\" content=\"article\" \/>\n<meta property=\"og:title\" content=\"La inclusi\u00f3n productiva, v\u00eda para la justicia social en el campo mexicano: Mar\u00eda Luisa Albores Gonz\u00e1lez - Volcanes\" \/>\n<meta property=\"og:description\" content=\"\u2022 La Secretaria de Bienestar expres\u00f3 que el gobierno va a reactivar el campo y\" \/>\n<meta property=\"og:url\" content=\"https:\/\/volcanes.net\/?p=3783\" \/>\n<meta property=\"og:site_name\" content=\"Volcanes\" \/>\n<meta property=\"article:publisher\" content=\"https:\/\/www.facebook.com\/volcanes.net\/\" \/>\n<meta property=\"article:published_time\" content=\"2019-01-30T00:44:39+00:00\" \/>\n<meta property=\"article:modified_time\" content=\"2019-01-30T00:44:41+00:00\" \/>\n<meta property=\"og:image\" content=\"https:\/\/volcanes.net\/wp-content\/uploads\/2019\/01\/1548809013452682.png\" \/>\n\t<meta property=\"og:image:width\" content=\"640\" \/>\n\t<meta property=\"og:image:height\" content=\"427\" \/>\n\t<meta property=\"og:image:type\" content=\"image\/png\" \/>\n<meta name=\"author\" content=\"admin\" \/>\n<meta name=\"twitter:card\" content=\"summary_large_image\" \/>\n<meta name=\"twitter:label1\" content=\"Escrito por\" \/>\n\t<meta name=\"twitter:data1\" content=\"admin\" \/>\n\t<meta name=\"twitter:label2\" content=\"Tiempo de lectura\" \/>\n\t<meta name=\"twitter:data2\" content=\"2 minutos\" \/>\n<script type=\"application\/ld+json\" class=\"yoast-schema-graph\">{\"@context\":\"https:\/\/schema.org\",\"@graph\":[{\"@type\":\"Article\",\"@id\":\"https:\/\/volcanes.net\/?p=3783#article\",\"isPartOf\":{\"@id\":\"https:\/\/volcanes.net\/?p=3783\"},\"author\":{\"name\":\"admin\",\"@id\":\"https:\/\/volcanes.net\/#\/schema\/person\/4bf0f383940966a4abd53f5048c0e6b9\"},\"headline\":\"La inclusi\u00f3n productiva, v\u00eda para la justicia social en el campo mexicano: Mar\u00eda Luisa Albores Gonz\u00e1lez\",\"datePublished\":\"2019-01-30T00:44:39+00:00\",\"dateModified\":\"2019-01-30T00:44:41+00:00\",\"mainEntityOfPage\":{\"@id\":\"https:\/\/volcanes.net\/?p=3783\"},\"wordCount\":492,\"commentCount\":0,\"publisher\":{\"@id\":\"https:\/\/volcanes.net\/#organization\"},\"image\":{\"@id\":\"https:\/\/volcanes.net\/?p=3783#primaryimage\"},\"thumbnailUrl\":\"https:\/\/volcanes.net\/wp-content\/uploads\/2019\/01\/1548809013452682.png\",\"articleSection\":[\"Municipales\"],\"inLanguage\":\"es\",\"potentialAction\":[{\"@type\":\"CommentAction\",\"name\":\"Comment\",\"target\":[\"https:\/\/volcanes.net\/?p=3783#respond\"]}]},{\"@type\":\"WebPage\",\"@id\":\"https:\/\/volcanes.net\/?p=3783\",\"url\":\"https:\/\/volcanes.net\/?p=3783\",\"name\":\"La inclusi\u00f3n productiva, v\u00eda para la justicia social en el campo mexicano: Mar\u00eda Luisa Albores Gonz\u00e1lez - Volcanes\",\"isPartOf\":{\"@id\":\"https:\/\/volcanes.net\/#website\"},\"primaryImageOfPage\":{\"@id\":\"https:\/\/volcanes.net\/?p=3783#primaryimage\"},\"image\":{\"@id\":\"https:\/\/volcanes.net\/?p=3783#primaryimage\"},\"thumbnailUrl\":\"https:\/\/volcanes.net\/wp-content\/uploads\/2019\/01\/1548809013452682.png\",\"datePublished\":\"2019-01-30T00:44:39+00:00\",\"dateModified\":\"2019-01-30T00:44:41+00:00\",\"breadcrumb\":{\"@id\":\"https:\/\/volcanes.net\/?p=3783#breadcrumb\"},\"inLanguage\":\"es\",\"potentialAction\":[{\"@type\":\"ReadAction\",\"target\":[\"https:\/\/volcanes.net\/?p=3783\"]}]},{\"@type\":\"ImageObject\",\"inLanguage\":\"es\",\"@id\":\"https:\/\/volcanes.net\/?p=3783#primaryimage\",\"url\":\"https:\/\/volcanes.net\/wp-content\/uploads\/2019\/01\/1548809013452682.png\",\"contentUrl\":\"https:\/\/volcanes.net\/wp-content\/uploads\/2019\/01\/1548809013452682.png\",\"width\":640,\"height\":427},{\"@type\":\"BreadcrumbList\",\"@id\":\"https:\/\/volcanes.net\/?p=3783#breadcrumb\",\"itemListElement\":[{\"@type\":\"ListItem\",\"position\":1,\"name\":\"Portada\",\"item\":\"https:\/\/volcanes.net\/\"},{\"@type\":\"ListItem\",\"position\":2,\"name\":\"La inclusi\u00f3n productiva, v\u00eda para la justicia social en el campo mexicano: Mar\u00eda Luisa Albores Gonz\u00e1lez\"}]},{\"@type\":\"WebSite\",\"@id\":\"https:\/\/volcanes.net\/#website\",\"url\":\"https:\/\/volcanes.net\/\",\"name\":\"Volcanes.Net\",\"description\":\"Periodismo Profesional\",\"publisher\":{\"@id\":\"https:\/\/volcanes.net\/#organization\"},\"potentialAction\":[{\"@type\":\"SearchAction\",\"target\":{\"@type\":\"EntryPoint\",\"urlTemplate\":\"https:\/\/volcanes.net\/?s={search_term_string}\"},\"query-input\":{\"@type\":\"PropertyValueSpecification\",\"valueRequired\":true,\"valueName\":\"search_term_string\"}}],\"inLanguage\":\"es\"},{\"@type\":\"Organization\",\"@id\":\"https:\/\/volcanes.net\/#organization\",\"name\":\"Grupo Volcanes\",\"url\":\"https:\/\/volcanes.net\/\",\"logo\":{\"@type\":\"ImageObject\",\"inLanguage\":\"es\",\"@id\":\"https:\/\/volcanes.net\/#\/schema\/logo\/image\/\",\"url\":\"http:\/\/volcanes.net\/wp-content\/uploads\/2017\/12\/Avatar2.jpg\",\"contentUrl\":\"http:\/\/volcanes.net\/wp-content\/uploads\/2017\/12\/Avatar2.jpg\",\"width\":378,\"height\":378,\"caption\":\"Grupo Volcanes\"},\"image\":{\"@id\":\"https:\/\/volcanes.net\/#\/schema\/logo\/image\/\"},\"sameAs\":[\"https:\/\/www.facebook.com\/volcanes.net\/\"]},{\"@type\":\"Person\",\"@id\":\"https:\/\/volcanes.net\/#\/schema\/person\/4bf0f383940966a4abd53f5048c0e6b9\",\"name\":\"admin\",\"image\":{\"@type\":\"ImageObject\",\"inLanguage\":\"es\",\"@id\":\"https:\/\/volcanes.net\/#\/schema\/person\/image\/\",\"url\":\"https:\/\/secure.gravatar.com\/avatar\/ca004e6cba8462b8cb7abc86e382930c?s=96&d=mm&r=g\",\"contentUrl\":\"https:\/\/secure.gravatar.com\/avatar\/ca004e6cba8462b8cb7abc86e382930c?s=96&d=mm&r=g\",\"caption\":\"admin\"}}]}<\/script>\n<!-- \/ Yoast SEO plugin. -->","yoast_head_json":{"title":"La inclusi\u00f3n productiva, v\u00eda para la justicia social en el campo mexicano: Mar\u00eda Luisa Albores Gonz\u00e1lez - Volcanes","robots":{"index":"index","follow":"follow","max-snippet":"max-snippet:-1","max-image-preview":"max-image-preview:large","max-video-preview":"max-video-preview:-1"},"canonical":"https:\/\/volcanes.net\/?p=3783","og_locale":"es_MX","og_type":"article","og_title":"La inclusi\u00f3n productiva, v\u00eda para la justicia social en el campo mexicano: Mar\u00eda Luisa Albores Gonz\u00e1lez - Volcanes","og_description":"\u2022 La Secretaria de Bienestar expres\u00f3 que el gobierno va a reactivar el campo y","og_url":"https:\/\/volcanes.net\/?p=3783","og_site_name":"Volcanes","article_publisher":"https:\/\/www.facebook.com\/volcanes.net\/","article_published_time":"2019-01-30T00:44:39+00:00","article_modified_time":"2019-01-30T00:44:41+00:00","og_image":[{"width":640,"height":427,"url":"https:\/\/volcanes.net\/wp-content\/uploads\/2019\/01\/1548809013452682.png","type":"image\/png"}],"author":"admin","twitter_card":"summary_large_image","twitter_misc":{"Escrito por":"admin","Tiempo de lectura":"2 minutos"},"schema":{"@context":"https:\/\/schema.org","@graph":[{"@type":"Article","@id":"https:\/\/volcanes.net\/?p=3783#article","isPartOf":{"@id":"https:\/\/volcanes.net\/?p=3783"},"author":{"name":"admin","@id":"https:\/\/volcanes.net\/#\/schema\/person\/4bf0f383940966a4abd53f5048c0e6b9"},"headline":"La inclusi\u00f3n productiva, v\u00eda para la justicia social en el campo mexicano: Mar\u00eda Luisa Albores Gonz\u00e1lez","datePublished":"2019-01-30T00:44:39+00:00","dateModified":"2019-01-30T00:44:41+00:00","mainEntityOfPage":{"@id":"https:\/\/volcanes.net\/?p=3783"},"wordCount":492,"commentCount":0,"publisher":{"@id":"https:\/\/volcanes.net\/#organization"},"image":{"@id":"https:\/\/volcanes.net\/?p=3783#primaryimage"},"thumbnailUrl":"https:\/\/volcanes.net\/wp-content\/uploads\/2019\/01\/1548809013452682.png","articleSection":["Municipales"],"inLanguage":"es","potentialAction":[{"@type":"CommentAction","name":"Comment","target":["https:\/\/volcanes.net\/?p=3783#respond"]}]},{"@type":"WebPage","@id":"https:\/\/volcanes.net\/?p=3783","url":"https:\/\/volcanes.net\/?p=3783","name":"La inclusi\u00f3n productiva, v\u00eda para la justicia social en el campo mexicano: Mar\u00eda Luisa Albores Gonz\u00e1lez - Volcanes","isPartOf":{"@id":"https:\/\/volcanes.net\/#website"},"primaryImageOfPage":{"@id":"https:\/\/volcanes.net\/?p=3783#primaryimage"},"image":{"@id":"https:\/\/volcanes.net\/?p=3783#primaryimage"},"thumbnailUrl":"https:\/\/volcanes.net\/wp-content\/uploads\/2019\/01\/1548809013452682.png","datePublished":"2019-01-30T00:44:39+00:00","dateModified":"2019-01-30T00:44:41+00:00","breadcrumb":{"@id":"https:\/\/volcanes.net\/?p=3783#breadcrumb"},"inLanguage":"es","potentialAction":[{"@type":"ReadAction","target":["https:\/\/volcanes.net\/?p=3783"]}]},{"@type":"ImageObject","inLanguage":"es","@id":"https:\/\/volcanes.net\/?p=3783#primaryimage","url":"https:\/\/volcanes.net\/wp-content\/uploads\/2019\/01\/1548809013452682.png","contentUrl":"https:\/\/volcanes.net\/wp-content\/uploads\/2019\/01\/1548809013452682.png","width":640,"height":427},{"@type":"BreadcrumbList","@id":"https:\/\/volcanes.net\/?p=3783#breadcrumb","itemListElement":[{"@type":"ListItem","position":1,"name":"Portada","item":"https:\/\/volcanes.net\/"},{"@type":"ListItem","position":2,"name":"La inclusi\u00f3n productiva, v\u00eda para la justicia social en el campo mexicano: Mar\u00eda Luisa Albores Gonz\u00e1lez"}]},{"@type":"WebSite","@id":"https:\/\/volcanes.net\/#website","url":"https:\/\/volcanes.net\/","name":"Volcanes.Net","description":"Periodismo Profesional","publisher":{"@id":"https:\/\/volcanes.net\/#organization"},"potentialAction":[{"@type":"SearchAction","target":{"@type":"EntryPoint","urlTemplate":"https:\/\/volcanes.net\/?s={search_term_string}"},"query-input":{"@type":"PropertyValueSpecification","valueRequired":true,"valueName":"search_term_string"}}],"inLanguage":"es"},{"@type":"Organization","@id":"https:\/\/volcanes.net\/#organization","name":"Grupo Volcanes","url":"https:\/\/volcanes.net\/","logo":{"@type":"ImageObject","inLanguage":"es","@id":"https:\/\/volcanes.net\/#\/schema\/logo\/image\/","url":"http:\/\/volcanes.net\/wp-content\/uploads\/2017\/12\/Avatar2.jpg","contentUrl":"http:\/\/volcanes.net\/wp-content\/uploads\/2017\/12\/Avatar2.jpg","width":378,"height":378,"caption":"Grupo Volcanes"},"image":{"@id":"https:\/\/volcanes.net\/#\/schema\/logo\/image\/"},"sameAs":["https:\/\/www.facebook.com\/volcanes.net\/"]},{"@type":"Person","@id":"https:\/\/volcanes.net\/#\/schema\/person\/4bf0f383940966a4abd53f5048c0e6b9","name":"admin","image":{"@type":"ImageObject","inLanguage":"es","@id":"https:\/\/volcanes.net\/#\/schema\/person\/image\/","url":"https:\/\/secure.gravatar.com\/avatar\/ca004e6cba8462b8cb7abc86e382930c?s=96&d=mm&r=g","contentUrl":"https:\/\/secure.gravatar.com\/avatar\/ca004e6cba8462b8cb7abc86e382930c?s=96&d=mm&r=g","caption":"admin"}}]}},"_links":{"self":[{"href":"https:\/\/volcanes.net\/index.php?rest_route=\/wp\/v2\/posts\/3783"}],"collection":[{"href":"https:\/\/volcanes.net\/index.php?rest_route=\/wp\/v2\/posts"}],"about":[{"href":"https:\/\/volcanes.net\/index.php?rest_route=\/wp\/v2\/types\/post"}],"author":[{"embeddable":true,"href":"https:\/\/volcanes.net\/index.php?rest_route=\/wp\/v2\/users\/1"}],"replies":[{"embeddable":true,"href":"https:\/\/volcanes.net\/index.php?rest_route=%2Fwp%2Fv2%2Fcomments&post=3783"}],"version-history":[{"count":1,"href":"https:\/\/volcanes.net\/index.php?rest_route=\/wp\/v2\/posts\/3783\/revisions"}],"predecessor-version":[{"id":3784,"href":"https:\/\/volcanes.net\/index.php?rest_route=\/wp\/v2\/posts\/3783\/revisions\/3784"}],"wp:featuredmedia":[{"embeddable":true,"href":"https:\/\/volcanes.net\/index.php?rest_route=\/wp\/v2\/media\/3782"}],"wp:attachment":[{"href":"https:\/\/volcanes.net\/index.php?rest_route=%2Fwp%2Fv2%2Fmedia&parent=3783"}],"wp:term":[{"taxonomy":"category","embeddable":true,"href":"https:\/\/volcanes.net\/index.php?rest_route=%2Fwp%2Fv2%2Fcategories&post=3783"},{"taxonomy":"post_tag","embeddable":true,"href":"https:\/\/volcanes.net\/index.php?rest_route=%2Fwp%2Fv2%2Ftags&post=3783"}],"curies":[{"name":"wp","href":"https:\/\/api.w.org\/{rel}","templated":true}]}}