{"id":3786,"date":"2019-01-30T00:56:18","date_gmt":"2019-01-30T00:56:18","guid":{"rendered":"http:\/\/volcanes.net\/?p=3786"},"modified":"2019-01-30T00:56:18","modified_gmt":"2019-01-30T00:56:18","slug":"detenido-presunto-autor-del-feminicidio-de-menor-de-edad-de-chimalhuacan","status":"publish","type":"post","link":"https:\/\/volcanes.net\/?p=3786","title":{"rendered":"Detenido presunto autor del #feminicidio de menor de edad de #Chimalhuac\u00e1n"},"content":{"rendered":"<div style=\"margin-top: 0px; margin-bottom: 0px;\" class=\"sharethis-inline-share-buttons\" ><\/div><p>Chimalhuac\u00e1n, M\u00e9xico, 29 de enero de 2019.- Agentes de Investigaci\u00f3n de la Fiscal\u00eda General de Justicia del Estado de M\u00e9xico (FGJEM) cumplimentaron una orden de aprehensi\u00f3n por el delito de feminicidio, en contra de un sujeto identificado como Roberto \u201cN\u201d, de 51 a\u00f1os de edad, quien es investigado por su probable participaci\u00f3n en la muerte de una menor de 11 a\u00f1os reportada como no localizada en el municipio de Chimalhuac\u00e1n.<\/p>\n<p>La investigaci\u00f3n iniciada por esta Instituci\u00f3n, en la que participaron adem\u00e1s elementos de la Secretar\u00eda de Seguridad del Estado de M\u00e9xico (SS), arroj\u00f3 datos sobre la posible participaci\u00f3n de este sujeto en el delito referido, por lo que la Fiscal\u00eda estatal solicit\u00f3 a la Autoridad Judicial la orden de aprehensi\u00f3n, misma que fue otorgada y cumplimentada.<\/p>\n<p>Es preciso referir que la participaci\u00f3n de los familiares de la menor y de la ciudadan\u00eda, en particular la gente de Chimalhuac\u00e1n, fue fundamental para el desarrollo de esta indagatoria.<\/p>\n<p>El jueves pasado fue localizado un cuerpo femenino en el municipio de Ixtapaluca, al que despu\u00e9s de practicarle diversas pruebas periciales fue posible identificarlo como el de la menor reportada como no localizada.<\/p>\n<p>El domingo pasado la Fiscal\u00eda General de Justicia del Estado de M\u00e9xico y la Comisi\u00f3n Ejecutiva de Atenci\u00f3n a V\u00edctimas del Estado de M\u00e9xico (CEAVEM) notificaron a la familia de la menor la identificaci\u00f3n del cuerpo. Para esta diligencia se cont\u00f3 con personal especializado de manejo de crisis.<\/p>\n<p>Desde el reporte de la no localizaci\u00f3n de la menor esta Instituci\u00f3n realiz\u00f3 las indagatorias correspondientes para encontrar a la joven; para ello fueron desplegadas c\u00e9lulas de b\u00fasqueda en las que tom\u00f3 parte personal de la Polic\u00eda estatal, municipal, as\u00ed como familiares y amigos de la joven, quienes en diversos momentos contaron con el apoyo de binomios caninos tanto de la SS como de la Fiscal\u00eda mexiquense.<\/p>\n<p>Roberto \u201cN\u201d fue ingresado al Centro Penitenciario y de Reinserci\u00f3n Social de Nezahualc\u00f3yotl en donde se habr\u00e1 de determinar su situaci\u00f3n legal, sin embargo se le debe considerar inocente hasta que sea dictada una sentencia condenatoria en su contra.<\/p>\n<p>La Fiscal\u00eda General de Justicia mexiquense hace un llamado a la ciudadan\u00eda para que en caso de que reconozca a este sujeto como probable part\u00edcipe de alg\u00fan otro il\u00edcito, sea denunciado a trav\u00e9s del correo electr\u00f3nico cerotolerancia@edomex.gob.mx, al n\u00famero telef\u00f3nico 01 800 7028770, o bien, por medio de la aplicaci\u00f3n FGJEdomex, la cual est\u00e1 disponible de manera gratuita para todos los tel\u00e9fonos inteligentes de los sistemas iOS y Android.<\/p>\n<p>oo0oo<\/p>\n","protected":false},"excerpt":{"rendered":"<p>Chimalhuac\u00e1n, M\u00e9xico, 29 de enero de 2019.- Agentes de Investigaci\u00f3n de la Fiscal\u00eda General de<\/p>\n","protected":false},"author":1,"featured_media":3785,"comment_status":"open","ping_status":"open","sticky":false,"template":"","format":"standard","meta":{"footnotes":""},"categories":[1],"tags":[73],"class_list":["post-3786","post","type-post","status-publish","format-standard","has-post-thumbnail","hentry","category-municipales","tag-chimalhuacan"],"yoast_head":"<!-- This site is optimized with the Yoast SEO plugin v25.3 - https:\/\/yoast.com\/wordpress\/plugins\/seo\/ -->\n<title>Detenido presunto autor del #feminicidio de menor de edad de #Chimalhuac\u00e1n - Volcanes<\/title>\n<meta name=\"robots\" content=\"index, follow, max-snippet:-1, max-image-preview:large, max-video-preview:-1\" \/>\n<link rel=\"canonical\" href=\"https:\/\/volcanes.net\/?p=3786\" \/>\n<meta property=\"og:locale\" content=\"es_MX\" \/>\n<meta property=\"og:type\" content=\"article\" \/>\n<meta property=\"og:title\" content=\"Detenido presunto autor del #feminicidio de menor de edad de #Chimalhuac\u00e1n - Volcanes\" \/>\n<meta property=\"og:description\" content=\"Chimalhuac\u00e1n, M\u00e9xico, 29 de enero de 2019.- Agentes de Investigaci\u00f3n de la Fiscal\u00eda General de\" \/>\n<meta property=\"og:url\" content=\"https:\/\/volcanes.net\/?p=3786\" \/>\n<meta property=\"og:site_name\" content=\"Volcanes\" \/>\n<meta property=\"article:publisher\" content=\"https:\/\/www.facebook.com\/volcanes.net\/\" \/>\n<meta property=\"article:published_time\" content=\"2019-01-30T00:56:18+00:00\" \/>\n<meta property=\"og:image\" content=\"https:\/\/volcanes.net\/wp-content\/uploads\/2019\/01\/IMG-20190129-WA0023.jpg\" \/>\n\t<meta property=\"og:image:width\" content=\"500\" \/>\n\t<meta property=\"og:image:height\" content=\"685\" \/>\n\t<meta property=\"og:image:type\" content=\"image\/jpeg\" \/>\n<meta name=\"author\" content=\"admin\" \/>\n<meta name=\"twitter:card\" content=\"summary_large_image\" \/>\n<meta name=\"twitter:label1\" content=\"Escrito por\" \/>\n\t<meta name=\"twitter:data1\" content=\"admin\" \/>\n\t<meta name=\"twitter:label2\" content=\"Tiempo de lectura\" \/>\n\t<meta name=\"twitter:data2\" content=\"2 minutos\" \/>\n<script type=\"application\/ld+json\" class=\"yoast-schema-graph\">{\"@context\":\"https:\/\/schema.org\",\"@graph\":[{\"@type\":\"Article\",\"@id\":\"https:\/\/volcanes.net\/?p=3786#article\",\"isPartOf\":{\"@id\":\"https:\/\/volcanes.net\/?p=3786\"},\"author\":{\"name\":\"admin\",\"@id\":\"https:\/\/volcanes.net\/#\/schema\/person\/4bf0f383940966a4abd53f5048c0e6b9\"},\"headline\":\"Detenido presunto autor del #feminicidio de menor de edad de #Chimalhuac\u00e1n\",\"datePublished\":\"2019-01-30T00:56:18+00:00\",\"mainEntityOfPage\":{\"@id\":\"https:\/\/volcanes.net\/?p=3786\"},\"wordCount\":472,\"commentCount\":0,\"publisher\":{\"@id\":\"https:\/\/volcanes.net\/#organization\"},\"image\":{\"@id\":\"https:\/\/volcanes.net\/?p=3786#primaryimage\"},\"thumbnailUrl\":\"https:\/\/volcanes.net\/wp-content\/uploads\/2019\/01\/IMG-20190129-WA0023.jpg\",\"keywords\":[\"Chimalhuac\u00e1n\"],\"articleSection\":[\"Municipales\"],\"inLanguage\":\"es\",\"potentialAction\":[{\"@type\":\"CommentAction\",\"name\":\"Comment\",\"target\":[\"https:\/\/volcanes.net\/?p=3786#respond\"]}]},{\"@type\":\"WebPage\",\"@id\":\"https:\/\/volcanes.net\/?p=3786\",\"url\":\"https:\/\/volcanes.net\/?p=3786\",\"name\":\"Detenido presunto autor del #feminicidio de menor de edad de #Chimalhuac\u00e1n - Volcanes\",\"isPartOf\":{\"@id\":\"https:\/\/volcanes.net\/#website\"},\"primaryImageOfPage\":{\"@id\":\"https:\/\/volcanes.net\/?p=3786#primaryimage\"},\"image\":{\"@id\":\"https:\/\/volcanes.net\/?p=3786#primaryimage\"},\"thumbnailUrl\":\"https:\/\/volcanes.net\/wp-content\/uploads\/2019\/01\/IMG-20190129-WA0023.jpg\",\"datePublished\":\"2019-01-30T00:56:18+00:00\",\"breadcrumb\":{\"@id\":\"https:\/\/volcanes.net\/?p=3786#breadcrumb\"},\"inLanguage\":\"es\",\"potentialAction\":[{\"@type\":\"ReadAction\",\"target\":[\"https:\/\/volcanes.net\/?p=3786\"]}]},{\"@type\":\"ImageObject\",\"inLanguage\":\"es\",\"@id\":\"https:\/\/volcanes.net\/?p=3786#primaryimage\",\"url\":\"https:\/\/volcanes.net\/wp-content\/uploads\/2019\/01\/IMG-20190129-WA0023.jpg\",\"contentUrl\":\"https:\/\/volcanes.net\/wp-content\/uploads\/2019\/01\/IMG-20190129-WA0023.jpg\",\"width\":500,\"height\":685},{\"@type\":\"BreadcrumbList\",\"@id\":\"https:\/\/volcanes.net\/?p=3786#breadcrumb\",\"itemListElement\":[{\"@type\":\"ListItem\",\"position\":1,\"name\":\"Portada\",\"item\":\"https:\/\/volcanes.net\/\"},{\"@type\":\"ListItem\",\"position\":2,\"name\":\"Detenido presunto autor del #feminicidio de menor de edad de #Chimalhuac\u00e1n\"}]},{\"@type\":\"WebSite\",\"@id\":\"https:\/\/volcanes.net\/#website\",\"url\":\"https:\/\/volcanes.net\/\",\"name\":\"Volcanes.Net\",\"description\":\"Periodismo Profesional\",\"publisher\":{\"@id\":\"https:\/\/volcanes.net\/#organization\"},\"potentialAction\":[{\"@type\":\"SearchAction\",\"target\":{\"@type\":\"EntryPoint\",\"urlTemplate\":\"https:\/\/volcanes.net\/?s={search_term_string}\"},\"query-input\":{\"@type\":\"PropertyValueSpecification\",\"valueRequired\":true,\"valueName\":\"search_term_string\"}}],\"inLanguage\":\"es\"},{\"@type\":\"Organization\",\"@id\":\"https:\/\/volcanes.net\/#organization\",\"name\":\"Grupo Volcanes\",\"url\":\"https:\/\/volcanes.net\/\",\"logo\":{\"@type\":\"ImageObject\",\"inLanguage\":\"es\",\"@id\":\"https:\/\/volcanes.net\/#\/schema\/logo\/image\/\",\"url\":\"http:\/\/volcanes.net\/wp-content\/uploads\/2017\/12\/Avatar2.jpg\",\"contentUrl\":\"http:\/\/volcanes.net\/wp-content\/uploads\/2017\/12\/Avatar2.jpg\",\"width\":378,\"height\":378,\"caption\":\"Grupo Volcanes\"},\"image\":{\"@id\":\"https:\/\/volcanes.net\/#\/schema\/logo\/image\/\"},\"sameAs\":[\"https:\/\/www.facebook.com\/volcanes.net\/\"]},{\"@type\":\"Person\",\"@id\":\"https:\/\/volcanes.net\/#\/schema\/person\/4bf0f383940966a4abd53f5048c0e6b9\",\"name\":\"admin\",\"image\":{\"@type\":\"ImageObject\",\"inLanguage\":\"es\",\"@id\":\"https:\/\/volcanes.net\/#\/schema\/person\/image\/\",\"url\":\"https:\/\/secure.gravatar.com\/avatar\/ca004e6cba8462b8cb7abc86e382930c?s=96&d=mm&r=g\",\"contentUrl\":\"https:\/\/secure.gravatar.com\/avatar\/ca004e6cba8462b8cb7abc86e382930c?s=96&d=mm&r=g\",\"caption\":\"admin\"}}]}<\/script>\n<!-- \/ Yoast SEO plugin. -->","yoast_head_json":{"title":"Detenido presunto autor del #feminicidio de menor de edad de #Chimalhuac\u00e1n - Volcanes","robots":{"index":"index","follow":"follow","max-snippet":"max-snippet:-1","max-image-preview":"max-image-preview:large","max-video-preview":"max-video-preview:-1"},"canonical":"https:\/\/volcanes.net\/?p=3786","og_locale":"es_MX","og_type":"article","og_title":"Detenido presunto autor del #feminicidio de menor de edad de #Chimalhuac\u00e1n - Volcanes","og_description":"Chimalhuac\u00e1n, M\u00e9xico, 29 de enero de 2019.- Agentes de Investigaci\u00f3n de la Fiscal\u00eda General de","og_url":"https:\/\/volcanes.net\/?p=3786","og_site_name":"Volcanes","article_publisher":"https:\/\/www.facebook.com\/volcanes.net\/","article_published_time":"2019-01-30T00:56:18+00:00","og_image":[{"width":500,"height":685,"url":"https:\/\/volcanes.net\/wp-content\/uploads\/2019\/01\/IMG-20190129-WA0023.jpg","type":"image\/jpeg"}],"author":"admin","twitter_card":"summary_large_image","twitter_misc":{"Escrito por":"admin","Tiempo de lectura":"2 minutos"},"schema":{"@context":"https:\/\/schema.org","@graph":[{"@type":"Article","@id":"https:\/\/volcanes.net\/?p=3786#article","isPartOf":{"@id":"https:\/\/volcanes.net\/?p=3786"},"author":{"name":"admin","@id":"https:\/\/volcanes.net\/#\/schema\/person\/4bf0f383940966a4abd53f5048c0e6b9"},"headline":"Detenido presunto autor del #feminicidio de menor de edad de #Chimalhuac\u00e1n","datePublished":"2019-01-30T00:56:18+00:00","mainEntityOfPage":{"@id":"https:\/\/volcanes.net\/?p=3786"},"wordCount":472,"commentCount":0,"publisher":{"@id":"https:\/\/volcanes.net\/#organization"},"image":{"@id":"https:\/\/volcanes.net\/?p=3786#primaryimage"},"thumbnailUrl":"https:\/\/volcanes.net\/wp-content\/uploads\/2019\/01\/IMG-20190129-WA0023.jpg","keywords":["Chimalhuac\u00e1n"],"articleSection":["Municipales"],"inLanguage":"es","potentialAction":[{"@type":"CommentAction","name":"Comment","target":["https:\/\/volcanes.net\/?p=3786#respond"]}]},{"@type":"WebPage","@id":"https:\/\/volcanes.net\/?p=3786","url":"https:\/\/volcanes.net\/?p=3786","name":"Detenido presunto autor del #feminicidio de menor de edad de #Chimalhuac\u00e1n - Volcanes","isPartOf":{"@id":"https:\/\/volcanes.net\/#website"},"primaryImageOfPage":{"@id":"https:\/\/volcanes.net\/?p=3786#primaryimage"},"image":{"@id":"https:\/\/volcanes.net\/?p=3786#primaryimage"},"thumbnailUrl":"https:\/\/volcanes.net\/wp-content\/uploads\/2019\/01\/IMG-20190129-WA0023.jpg","datePublished":"2019-01-30T00:56:18+00:00","breadcrumb":{"@id":"https:\/\/volcanes.net\/?p=3786#breadcrumb"},"inLanguage":"es","potentialAction":[{"@type":"ReadAction","target":["https:\/\/volcanes.net\/?p=3786"]}]},{"@type":"ImageObject","inLanguage":"es","@id":"https:\/\/volcanes.net\/?p=3786#primaryimage","url":"https:\/\/volcanes.net\/wp-content\/uploads\/2019\/01\/IMG-20190129-WA0023.jpg","contentUrl":"https:\/\/volcanes.net\/wp-content\/uploads\/2019\/01\/IMG-20190129-WA0023.jpg","width":500,"height":685},{"@type":"BreadcrumbList","@id":"https:\/\/volcanes.net\/?p=3786#breadcrumb","itemListElement":[{"@type":"ListItem","position":1,"name":"Portada","item":"https:\/\/volcanes.net\/"},{"@type":"ListItem","position":2,"name":"Detenido presunto autor del #feminicidio de menor de edad de #Chimalhuac\u00e1n"}]},{"@type":"WebSite","@id":"https:\/\/volcanes.net\/#website","url":"https:\/\/volcanes.net\/","name":"Volcanes.Net","description":"Periodismo Profesional","publisher":{"@id":"https:\/\/volcanes.net\/#organization"},"potentialAction":[{"@type":"SearchAction","target":{"@type":"EntryPoint","urlTemplate":"https:\/\/volcanes.net\/?s={search_term_string}"},"query-input":{"@type":"PropertyValueSpecification","valueRequired":true,"valueName":"search_term_string"}}],"inLanguage":"es"},{"@type":"Organization","@id":"https:\/\/volcanes.net\/#organization","name":"Grupo Volcanes","url":"https:\/\/volcanes.net\/","logo":{"@type":"ImageObject","inLanguage":"es","@id":"https:\/\/volcanes.net\/#\/schema\/logo\/image\/","url":"http:\/\/volcanes.net\/wp-content\/uploads\/2017\/12\/Avatar2.jpg","contentUrl":"http:\/\/volcanes.net\/wp-content\/uploads\/2017\/12\/Avatar2.jpg","width":378,"height":378,"caption":"Grupo Volcanes"},"image":{"@id":"https:\/\/volcanes.net\/#\/schema\/logo\/image\/"},"sameAs":["https:\/\/www.facebook.com\/volcanes.net\/"]},{"@type":"Person","@id":"https:\/\/volcanes.net\/#\/schema\/person\/4bf0f383940966a4abd53f5048c0e6b9","name":"admin","image":{"@type":"ImageObject","inLanguage":"es","@id":"https:\/\/volcanes.net\/#\/schema\/person\/image\/","url":"https:\/\/secure.gravatar.com\/avatar\/ca004e6cba8462b8cb7abc86e382930c?s=96&d=mm&r=g","contentUrl":"https:\/\/secure.gravatar.com\/avatar\/ca004e6cba8462b8cb7abc86e382930c?s=96&d=mm&r=g","caption":"admin"}}]}},"_links":{"self":[{"href":"https:\/\/volcanes.net\/index.php?rest_route=\/wp\/v2\/posts\/3786"}],"collection":[{"href":"https:\/\/volcanes.net\/index.php?rest_route=\/wp\/v2\/posts"}],"about":[{"href":"https:\/\/volcanes.net\/index.php?rest_route=\/wp\/v2\/types\/post"}],"author":[{"embeddable":true,"href":"https:\/\/volcanes.net\/index.php?rest_route=\/wp\/v2\/users\/1"}],"replies":[{"embeddable":true,"href":"https:\/\/volcanes.net\/index.php?rest_route=%2Fwp%2Fv2%2Fcomments&post=3786"}],"version-history":[{"count":1,"href":"https:\/\/volcanes.net\/index.php?rest_route=\/wp\/v2\/posts\/3786\/revisions"}],"predecessor-version":[{"id":3787,"href":"https:\/\/volcanes.net\/index.php?rest_route=\/wp\/v2\/posts\/3786\/revisions\/3787"}],"wp:featuredmedia":[{"embeddable":true,"href":"https:\/\/volcanes.net\/index.php?rest_route=\/wp\/v2\/media\/3785"}],"wp:attachment":[{"href":"https:\/\/volcanes.net\/index.php?rest_route=%2Fwp%2Fv2%2Fmedia&parent=3786"}],"wp:term":[{"taxonomy":"category","embeddable":true,"href":"https:\/\/volcanes.net\/index.php?rest_route=%2Fwp%2Fv2%2Fcategories&post=3786"},{"taxonomy":"post_tag","embeddable":true,"href":"https:\/\/volcanes.net\/index.php?rest_route=%2Fwp%2Fv2%2Ftags&post=3786"}],"curies":[{"name":"wp","href":"https:\/\/api.w.org\/{rel}","templated":true}]}}