{"id":3795,"date":"2019-01-30T03:17:17","date_gmt":"2019-01-30T03:17:17","guid":{"rendered":"http:\/\/volcanes.net\/?p=3795"},"modified":"2019-01-30T03:17:17","modified_gmt":"2019-01-30T03:17:17","slug":"uaem-pondra-en-marcha-programa-de-asesoria-psicologica-para-estudiantes","status":"publish","type":"post","link":"https:\/\/volcanes.net\/?p=3795","title":{"rendered":"UAEM pondr\u00e1 en marcha Programa  de Asesor\u00eda Psicol\u00f3gica para estudiantes"},"content":{"rendered":"<div style=\"margin-top: 0px; margin-bottom: 0px;\" class=\"sharethis-inline-share-buttons\" ><\/div><p align=\"center\" class=\"MsoNormal\" style=\"font-style:normal;font-weight:400;letter-spacing:normal;margin:0cm0cm0.0001pt;font-size:12pt;font-family:Calibri,sans-serif;text-align:center\"><span lang=\"ES-TRAD\" style=\"font-size:11pt;font-family:Symbol\">\u00b7<span style=\"font-size:7pt;line-height:normal;font-family:\">        <span> <\/span><\/span><\/span><span lang=\"ES-TRAD\" style=\"font-size:11pt;font-family:Arial,sans-serif\"><i>Esta iniciativa tiene como objetivo fortalecer las habilidades sociales de los estudiantes, afianzar su capacidad para resolver problemas y adquirir autoconfianza para enfrentar con \u00e9xito conflictos personales, familiares o sociales.<\/i><\/span><\/p>\n<p class=\"m_8670878957287234030gmail-MsoListParagraphCxSpLast\" style=\"font-style:normal;font-weight:400;letter-spacing:normal;text-indent:0px;font-size:12pt;font-family:Calibri,sans-serif;text-align:left\"><span lang=\"ES-TRAD\" style=\"font-family:Arial,sans-serif;color:black\"> <\/span><\/p>\n<p class=\"MsoNormal\" style=\"font-style:normal;font-weight:400;letter-spacing:normal;text-indent:0px;font-size:12pt;font-family:Calibri,sans-serif;text-align:left\"><span lang=\"ES-MX\" style=\"font-family:Arial,sans-serif\"><b>Toluca, M\u00e9x. \u2013 29 de enero de 2019.<\/b><\/span><span lang=\"ES-MX\" style=\"font-family:Arial,sans-serif\"><span> <\/span><\/span><span lang=\"ES-MX\" style=\"font-family:Arial,sans-serif\">La Universidad Aut\u00f3noma del Estado de M\u00e9xico pondr\u00e1 en marcha el Programa de Asesor\u00eda Psicol\u00f3gica, mediante el cual 18 psic\u00f3logos ofrecer\u00e1n a estudiantes asesor\u00edas para prevenir y atender temas como abandono escolar, depresi\u00f3n, ansiedad, consumo de bebidas alcoh\u00f3licas y sustancias il\u00edcitas, embarazo a temprana edad, as\u00ed como conductas autolesivas o agresivas hacia terceros.<\/span><\/p>\n<p class=\"MsoNormal\" style=\"font-style:normal;font-weight:400;letter-spacing:normal;text-indent:0px;font-size:12pt;font-family:Calibri,sans-serif;text-align:left\"><span lang=\"ES-MX\" style=\"font-family:Arial,sans-serif\">            El coordinador de dicho programa, Manuel Guti\u00e9rrez Romero, detall\u00f3 que esta iniciativa tiene como objetivo fortalecer las habilidades sociales de los estudiantes, afianzar su capacidad para resolver problemas y adquirir autoconfianza para enfrentar con \u00e9xito conflictos personales, familiares o sociales.<\/span><\/p>\n<p class=\"MsoNormal\" style=\"font-style:normal;font-weight:400;letter-spacing:normal;text-indent:0px;font-size:12pt;font-family:Calibri,sans-serif;text-align:left\"><span lang=\"ES-MX\" style=\"font-family:Arial,sans-serif\">            La primera etapa, inform\u00f3, se realizar\u00e1 en 18 espacios universitarios estrat\u00e9gicos: en la ciudad de Toluca, en Ciudad Universitaria, Campus \u201cCol\u00f3n\u201d, Facultad de Ciencias de la Conducta, Campus \u201cEl cerrillo\u201d y Plantel \u201cDr. \u00c1ngel Mar\u00eda Garibay K.\u201d de la Escuela Preparatoria.<\/span><\/p>\n<p class=\"MsoNormal\" style=\"font-style:normal;font-weight:400;letter-spacing:normal;text-indent:0px;font-size:12pt;font-family:Calibri,sans-serif;text-align:left\"><span lang=\"ES-MX\" style=\"font-family:Arial,sans-serif\">            Asimismo, dijo, se llevar\u00e1 a cabo en los centros universitarios y unidades acad\u00e9micas profesionales de Tenancingo, Texcoco, Zumpango, Ecatepec, Amecameca, Atlacomulco, Temascaltepec, Valle de M\u00e9xico y Tianguistenco, as\u00ed como el Plantel \u201cIgnacio Pichardo Pagaza\u201d de la Escuela Preparatoria, ubicado en Almoloya de Alquisiras.<\/span><\/p>\n<p class=\"MsoNormal\" style=\"font-style:normal;font-weight:400;letter-spacing:normal;margin:0cm0cm0.0001pt;font-size:12pt;font-family:Calibri,sans-serif;text-align:left\"><span lang=\"ES-MX\" style=\"font-family:Arial,sans-serif\">Manuel Guti\u00e9rrez Romero afirm\u00f3 que cada uno de los psic\u00f3logos participantes en este programa tiene experiencia en el \u00e1rea cl\u00ednica y en trabajo con adolescentes. \u201cEst\u00e1n formados en intervenci\u00f3n en crisis y contar\u00e1n con espacios adecuados a los que los estudiantes podr\u00e1n acudir de forma voluntaria\u201d.<\/span><\/p>\n<p><span lang=\"ES-MX\" style=\"font-style:normal;font-weight:400;letter-spacing:normal;font-size:12pt;font-family:Arial,sans-serif;text-align:left\">Los j\u00f3venes, indic\u00f3 el catedr\u00e1tico de la Facultad de Ciencias de la Conducta de la UAEM, recibir\u00e1n apoyo psicol\u00f3gico, seguimiento y, en caso de ser necesario, ser\u00e1n canalizados a instancias como el Centro de Investigaci\u00f3n en Ciencias M\u00e9dicas (CICMED), el Centro de Estudios y Servicios Psicol\u00f3gicos Integrales (CESPI) de la UAEM o bien, a instituciones p\u00fablicas<\/span><span style=\"font-family:sans-serif;font-size:12.8px;font-style:normal;font-weight:400;letter-spacing:normal;float:none;text-align:left\">    <\/span><\/p>\n","protected":false},"excerpt":{"rendered":"<p>\u00b7 Esta iniciativa tiene como objetivo fortalecer las habilidades sociales de los estudiantes, afianzar su<\/p>\n","protected":false},"author":1,"featured_media":3794,"comment_status":"open","ping_status":"open","sticky":false,"template":"","format":"standard","meta":{"footnotes":""},"categories":[1],"tags":[25],"class_list":["post-3795","post","type-post","status-publish","format-standard","has-post-thumbnail","hentry","category-municipales","tag-uaem"],"yoast_head":"<!-- This site is optimized with the Yoast SEO plugin v25.3 - https:\/\/yoast.com\/wordpress\/plugins\/seo\/ -->\n<title>UAEM pondr\u00e1 en marcha Programa de Asesor\u00eda Psicol\u00f3gica para estudiantes - Volcanes<\/title>\n<meta name=\"robots\" content=\"index, follow, max-snippet:-1, max-image-preview:large, max-video-preview:-1\" \/>\n<link rel=\"canonical\" href=\"https:\/\/volcanes.net\/?p=3795\" \/>\n<meta property=\"og:locale\" content=\"es_MX\" \/>\n<meta property=\"og:type\" content=\"article\" \/>\n<meta property=\"og:title\" content=\"UAEM pondr\u00e1 en marcha Programa de Asesor\u00eda Psicol\u00f3gica para estudiantes - Volcanes\" \/>\n<meta property=\"og:description\" content=\"\u00b7 Esta iniciativa tiene como objetivo fortalecer las habilidades sociales de los estudiantes, afianzar su\" \/>\n<meta property=\"og:url\" content=\"https:\/\/volcanes.net\/?p=3795\" \/>\n<meta property=\"og:site_name\" content=\"Volcanes\" \/>\n<meta property=\"article:publisher\" content=\"https:\/\/www.facebook.com\/volcanes.net\/\" \/>\n<meta property=\"article:published_time\" content=\"2019-01-30T03:17:17+00:00\" \/>\n<meta property=\"og:image\" content=\"https:\/\/volcanes.net\/wp-content\/uploads\/2019\/01\/1548818161438930.jpg\" \/>\n\t<meta property=\"og:image:width\" content=\"683\" \/>\n\t<meta property=\"og:image:height\" content=\"1024\" \/>\n\t<meta property=\"og:image:type\" content=\"image\/jpeg\" \/>\n<meta name=\"author\" content=\"admin\" \/>\n<meta name=\"twitter:card\" content=\"summary_large_image\" \/>\n<meta name=\"twitter:label1\" content=\"Escrito por\" \/>\n\t<meta name=\"twitter:data1\" content=\"admin\" \/>\n\t<meta name=\"twitter:label2\" content=\"Tiempo de lectura\" \/>\n\t<meta name=\"twitter:data2\" content=\"2 minutos\" \/>\n<script type=\"application\/ld+json\" class=\"yoast-schema-graph\">{\"@context\":\"https:\/\/schema.org\",\"@graph\":[{\"@type\":\"Article\",\"@id\":\"https:\/\/volcanes.net\/?p=3795#article\",\"isPartOf\":{\"@id\":\"https:\/\/volcanes.net\/?p=3795\"},\"author\":{\"name\":\"admin\",\"@id\":\"https:\/\/volcanes.net\/#\/schema\/person\/4bf0f383940966a4abd53f5048c0e6b9\"},\"headline\":\"UAEM pondr\u00e1 en marcha Programa de Asesor\u00eda Psicol\u00f3gica para estudiantes\",\"datePublished\":\"2019-01-30T03:17:17+00:00\",\"mainEntityOfPage\":{\"@id\":\"https:\/\/volcanes.net\/?p=3795\"},\"wordCount\":357,\"commentCount\":0,\"publisher\":{\"@id\":\"https:\/\/volcanes.net\/#organization\"},\"image\":{\"@id\":\"https:\/\/volcanes.net\/?p=3795#primaryimage\"},\"thumbnailUrl\":\"https:\/\/volcanes.net\/wp-content\/uploads\/2019\/01\/1548818161438930.jpg\",\"keywords\":[\"UAEM\"],\"articleSection\":[\"Municipales\"],\"inLanguage\":\"es\",\"potentialAction\":[{\"@type\":\"CommentAction\",\"name\":\"Comment\",\"target\":[\"https:\/\/volcanes.net\/?p=3795#respond\"]}]},{\"@type\":\"WebPage\",\"@id\":\"https:\/\/volcanes.net\/?p=3795\",\"url\":\"https:\/\/volcanes.net\/?p=3795\",\"name\":\"UAEM pondr\u00e1 en marcha Programa de Asesor\u00eda Psicol\u00f3gica para estudiantes - Volcanes\",\"isPartOf\":{\"@id\":\"https:\/\/volcanes.net\/#website\"},\"primaryImageOfPage\":{\"@id\":\"https:\/\/volcanes.net\/?p=3795#primaryimage\"},\"image\":{\"@id\":\"https:\/\/volcanes.net\/?p=3795#primaryimage\"},\"thumbnailUrl\":\"https:\/\/volcanes.net\/wp-content\/uploads\/2019\/01\/1548818161438930.jpg\",\"datePublished\":\"2019-01-30T03:17:17+00:00\",\"breadcrumb\":{\"@id\":\"https:\/\/volcanes.net\/?p=3795#breadcrumb\"},\"inLanguage\":\"es\",\"potentialAction\":[{\"@type\":\"ReadAction\",\"target\":[\"https:\/\/volcanes.net\/?p=3795\"]}]},{\"@type\":\"ImageObject\",\"inLanguage\":\"es\",\"@id\":\"https:\/\/volcanes.net\/?p=3795#primaryimage\",\"url\":\"https:\/\/volcanes.net\/wp-content\/uploads\/2019\/01\/1548818161438930.jpg\",\"contentUrl\":\"https:\/\/volcanes.net\/wp-content\/uploads\/2019\/01\/1548818161438930.jpg\",\"width\":683,\"height\":1024},{\"@type\":\"BreadcrumbList\",\"@id\":\"https:\/\/volcanes.net\/?p=3795#breadcrumb\",\"itemListElement\":[{\"@type\":\"ListItem\",\"position\":1,\"name\":\"Portada\",\"item\":\"https:\/\/volcanes.net\/\"},{\"@type\":\"ListItem\",\"position\":2,\"name\":\"UAEM pondr\u00e1 en marcha Programa de Asesor\u00eda Psicol\u00f3gica para estudiantes\"}]},{\"@type\":\"WebSite\",\"@id\":\"https:\/\/volcanes.net\/#website\",\"url\":\"https:\/\/volcanes.net\/\",\"name\":\"Volcanes.Net\",\"description\":\"Periodismo Profesional\",\"publisher\":{\"@id\":\"https:\/\/volcanes.net\/#organization\"},\"potentialAction\":[{\"@type\":\"SearchAction\",\"target\":{\"@type\":\"EntryPoint\",\"urlTemplate\":\"https:\/\/volcanes.net\/?s={search_term_string}\"},\"query-input\":{\"@type\":\"PropertyValueSpecification\",\"valueRequired\":true,\"valueName\":\"search_term_string\"}}],\"inLanguage\":\"es\"},{\"@type\":\"Organization\",\"@id\":\"https:\/\/volcanes.net\/#organization\",\"name\":\"Grupo Volcanes\",\"url\":\"https:\/\/volcanes.net\/\",\"logo\":{\"@type\":\"ImageObject\",\"inLanguage\":\"es\",\"@id\":\"https:\/\/volcanes.net\/#\/schema\/logo\/image\/\",\"url\":\"http:\/\/volcanes.net\/wp-content\/uploads\/2017\/12\/Avatar2.jpg\",\"contentUrl\":\"http:\/\/volcanes.net\/wp-content\/uploads\/2017\/12\/Avatar2.jpg\",\"width\":378,\"height\":378,\"caption\":\"Grupo Volcanes\"},\"image\":{\"@id\":\"https:\/\/volcanes.net\/#\/schema\/logo\/image\/\"},\"sameAs\":[\"https:\/\/www.facebook.com\/volcanes.net\/\"]},{\"@type\":\"Person\",\"@id\":\"https:\/\/volcanes.net\/#\/schema\/person\/4bf0f383940966a4abd53f5048c0e6b9\",\"name\":\"admin\",\"image\":{\"@type\":\"ImageObject\",\"inLanguage\":\"es\",\"@id\":\"https:\/\/volcanes.net\/#\/schema\/person\/image\/\",\"url\":\"https:\/\/secure.gravatar.com\/avatar\/ca004e6cba8462b8cb7abc86e382930c?s=96&d=mm&r=g\",\"contentUrl\":\"https:\/\/secure.gravatar.com\/avatar\/ca004e6cba8462b8cb7abc86e382930c?s=96&d=mm&r=g\",\"caption\":\"admin\"}}]}<\/script>\n<!-- \/ Yoast SEO plugin. -->","yoast_head_json":{"title":"UAEM pondr\u00e1 en marcha Programa de Asesor\u00eda Psicol\u00f3gica para estudiantes - Volcanes","robots":{"index":"index","follow":"follow","max-snippet":"max-snippet:-1","max-image-preview":"max-image-preview:large","max-video-preview":"max-video-preview:-1"},"canonical":"https:\/\/volcanes.net\/?p=3795","og_locale":"es_MX","og_type":"article","og_title":"UAEM pondr\u00e1 en marcha Programa de Asesor\u00eda Psicol\u00f3gica para estudiantes - Volcanes","og_description":"\u00b7 Esta iniciativa tiene como objetivo fortalecer las habilidades sociales de los estudiantes, afianzar su","og_url":"https:\/\/volcanes.net\/?p=3795","og_site_name":"Volcanes","article_publisher":"https:\/\/www.facebook.com\/volcanes.net\/","article_published_time":"2019-01-30T03:17:17+00:00","og_image":[{"width":683,"height":1024,"url":"https:\/\/volcanes.net\/wp-content\/uploads\/2019\/01\/1548818161438930.jpg","type":"image\/jpeg"}],"author":"admin","twitter_card":"summary_large_image","twitter_misc":{"Escrito por":"admin","Tiempo de lectura":"2 minutos"},"schema":{"@context":"https:\/\/schema.org","@graph":[{"@type":"Article","@id":"https:\/\/volcanes.net\/?p=3795#article","isPartOf":{"@id":"https:\/\/volcanes.net\/?p=3795"},"author":{"name":"admin","@id":"https:\/\/volcanes.net\/#\/schema\/person\/4bf0f383940966a4abd53f5048c0e6b9"},"headline":"UAEM pondr\u00e1 en marcha Programa de Asesor\u00eda Psicol\u00f3gica para estudiantes","datePublished":"2019-01-30T03:17:17+00:00","mainEntityOfPage":{"@id":"https:\/\/volcanes.net\/?p=3795"},"wordCount":357,"commentCount":0,"publisher":{"@id":"https:\/\/volcanes.net\/#organization"},"image":{"@id":"https:\/\/volcanes.net\/?p=3795#primaryimage"},"thumbnailUrl":"https:\/\/volcanes.net\/wp-content\/uploads\/2019\/01\/1548818161438930.jpg","keywords":["UAEM"],"articleSection":["Municipales"],"inLanguage":"es","potentialAction":[{"@type":"CommentAction","name":"Comment","target":["https:\/\/volcanes.net\/?p=3795#respond"]}]},{"@type":"WebPage","@id":"https:\/\/volcanes.net\/?p=3795","url":"https:\/\/volcanes.net\/?p=3795","name":"UAEM pondr\u00e1 en marcha Programa de Asesor\u00eda Psicol\u00f3gica para estudiantes - Volcanes","isPartOf":{"@id":"https:\/\/volcanes.net\/#website"},"primaryImageOfPage":{"@id":"https:\/\/volcanes.net\/?p=3795#primaryimage"},"image":{"@id":"https:\/\/volcanes.net\/?p=3795#primaryimage"},"thumbnailUrl":"https:\/\/volcanes.net\/wp-content\/uploads\/2019\/01\/1548818161438930.jpg","datePublished":"2019-01-30T03:17:17+00:00","breadcrumb":{"@id":"https:\/\/volcanes.net\/?p=3795#breadcrumb"},"inLanguage":"es","potentialAction":[{"@type":"ReadAction","target":["https:\/\/volcanes.net\/?p=3795"]}]},{"@type":"ImageObject","inLanguage":"es","@id":"https:\/\/volcanes.net\/?p=3795#primaryimage","url":"https:\/\/volcanes.net\/wp-content\/uploads\/2019\/01\/1548818161438930.jpg","contentUrl":"https:\/\/volcanes.net\/wp-content\/uploads\/2019\/01\/1548818161438930.jpg","width":683,"height":1024},{"@type":"BreadcrumbList","@id":"https:\/\/volcanes.net\/?p=3795#breadcrumb","itemListElement":[{"@type":"ListItem","position":1,"name":"Portada","item":"https:\/\/volcanes.net\/"},{"@type":"ListItem","position":2,"name":"UAEM pondr\u00e1 en marcha Programa de Asesor\u00eda Psicol\u00f3gica para estudiantes"}]},{"@type":"WebSite","@id":"https:\/\/volcanes.net\/#website","url":"https:\/\/volcanes.net\/","name":"Volcanes.Net","description":"Periodismo Profesional","publisher":{"@id":"https:\/\/volcanes.net\/#organization"},"potentialAction":[{"@type":"SearchAction","target":{"@type":"EntryPoint","urlTemplate":"https:\/\/volcanes.net\/?s={search_term_string}"},"query-input":{"@type":"PropertyValueSpecification","valueRequired":true,"valueName":"search_term_string"}}],"inLanguage":"es"},{"@type":"Organization","@id":"https:\/\/volcanes.net\/#organization","name":"Grupo Volcanes","url":"https:\/\/volcanes.net\/","logo":{"@type":"ImageObject","inLanguage":"es","@id":"https:\/\/volcanes.net\/#\/schema\/logo\/image\/","url":"http:\/\/volcanes.net\/wp-content\/uploads\/2017\/12\/Avatar2.jpg","contentUrl":"http:\/\/volcanes.net\/wp-content\/uploads\/2017\/12\/Avatar2.jpg","width":378,"height":378,"caption":"Grupo Volcanes"},"image":{"@id":"https:\/\/volcanes.net\/#\/schema\/logo\/image\/"},"sameAs":["https:\/\/www.facebook.com\/volcanes.net\/"]},{"@type":"Person","@id":"https:\/\/volcanes.net\/#\/schema\/person\/4bf0f383940966a4abd53f5048c0e6b9","name":"admin","image":{"@type":"ImageObject","inLanguage":"es","@id":"https:\/\/volcanes.net\/#\/schema\/person\/image\/","url":"https:\/\/secure.gravatar.com\/avatar\/ca004e6cba8462b8cb7abc86e382930c?s=96&d=mm&r=g","contentUrl":"https:\/\/secure.gravatar.com\/avatar\/ca004e6cba8462b8cb7abc86e382930c?s=96&d=mm&r=g","caption":"admin"}}]}},"_links":{"self":[{"href":"https:\/\/volcanes.net\/index.php?rest_route=\/wp\/v2\/posts\/3795"}],"collection":[{"href":"https:\/\/volcanes.net\/index.php?rest_route=\/wp\/v2\/posts"}],"about":[{"href":"https:\/\/volcanes.net\/index.php?rest_route=\/wp\/v2\/types\/post"}],"author":[{"embeddable":true,"href":"https:\/\/volcanes.net\/index.php?rest_route=\/wp\/v2\/users\/1"}],"replies":[{"embeddable":true,"href":"https:\/\/volcanes.net\/index.php?rest_route=%2Fwp%2Fv2%2Fcomments&post=3795"}],"version-history":[{"count":1,"href":"https:\/\/volcanes.net\/index.php?rest_route=\/wp\/v2\/posts\/3795\/revisions"}],"predecessor-version":[{"id":3796,"href":"https:\/\/volcanes.net\/index.php?rest_route=\/wp\/v2\/posts\/3795\/revisions\/3796"}],"wp:featuredmedia":[{"embeddable":true,"href":"https:\/\/volcanes.net\/index.php?rest_route=\/wp\/v2\/media\/3794"}],"wp:attachment":[{"href":"https:\/\/volcanes.net\/index.php?rest_route=%2Fwp%2Fv2%2Fmedia&parent=3795"}],"wp:term":[{"taxonomy":"category","embeddable":true,"href":"https:\/\/volcanes.net\/index.php?rest_route=%2Fwp%2Fv2%2Fcategories&post=3795"},{"taxonomy":"post_tag","embeddable":true,"href":"https:\/\/volcanes.net\/index.php?rest_route=%2Fwp%2Fv2%2Ftags&post=3795"}],"curies":[{"name":"wp","href":"https:\/\/api.w.org\/{rel}","templated":true}]}}