{"id":3798,"date":"2019-01-30T03:38:04","date_gmt":"2019-01-30T03:38:04","guid":{"rendered":"http:\/\/volcanes.net\/?p=3798"},"modified":"2019-01-30T03:38:04","modified_gmt":"2019-01-30T03:38:04","slug":"programas-del-gobierno-federal-apoyan-a-quienes-mas-los-necesitan-javier-gonzalez","status":"publish","type":"post","link":"https:\/\/volcanes.net\/?p=3798","title":{"rendered":"Programas del gobierno federal apoyan a quienes m\u00e1s los necesitan: Javier Gonz\u00e1lez"},"content":{"rendered":"<div style=\"margin-top: 0px; margin-bottom: 0px;\" class=\"sharethis-inline-share-buttons\" ><\/div><p>El gobierno del presidente Andr\u00e9s Manuel L\u00f3pez Obrador despliega acciones, programas y orientados al beneficio de todos, para que nunca m\u00e1s los recursos de los mexicanos sirvan al clientelismo pol\u00edtico, sostuvo el diputado Javier Gonz\u00e1lez Zepeda (PT), al inaugurar el foro \u201cTeletrabajo 4.0, la nueva era laboral y programas federales 2019\u201d.<br \/>\nEn la sede del Instituto de Estudios Legislativos (Inesle), el legislador apunt\u00f3 que desde la presidencia de la Rep\u00fablica y los partidos de la coalici\u00f3n Juntos Haremos Historia en las pasadas elecciones se trabaja por un pa\u00eds con justicia social.<br \/>\nCon la representaci\u00f3n del legislador Luis Antonio Guadarrama, presidente de esa Comisi\u00f3n legislativa, Gonz\u00e1lez Zepeda celebr\u00f3 los avances de la llamada \u201ccuarta transformaci\u00f3n industrial\u201d, pues ofrece numerosas aplicaciones en beneficio de todos, particularmente de los mexiquenses, no obstante se\u00f1al\u00f3 como un reto de las generaciones presentes lograr que las capacidades y recursos del hombre est\u00e9n al servicio de la sociedad en su conjunto, y que el nuevo horizonte tecnol\u00f3gico no se cierre para quienes viven en pobreza y marginaci\u00f3n.<br \/>\nEn el foro organizado por la Comisi\u00f3n Legislativa de Trabajo y Previsi\u00f3n Social y la Red Nacional de Organizaciones de la Sociedad Civil (Redosc), destac\u00f3 el trabajo de colectivos como Redosc, que promueven la democracia participativa como un medio para que la sociedad se involucre en la toma de decisiones.<br \/>\nLa diputada Imelda L\u00f3pez Montiel (PT) dijo que, m\u00e1s all\u00e1 de los colores y de los partidos pol\u00edticos, es obligaci\u00f3n de los servidores p\u00fablicos trabajar por el bienestar de la ciudadan\u00eda. Manifest\u00f3 su deseo de que, ante el nuevo contexto pol\u00edtico y social, las cosas se hagan de una manera diferente, siguiendo el ejemplo del presidente Andr\u00e9s Manuel L\u00f3pez Obrador, de trabajar por y para los ciudadanos. Y refrend\u00f3 el compromiso de los legisladores de vigilar la correcta ejecuci\u00f3n de los programas federales y estatales.<br \/>\nArlen Serna Espadas, delegada regional del gobierno federal, expuso que los programas federales anunciados e iniciados todav\u00eda no operan a plenitud, sino que en un primer momento atender\u00e1n a grupos prioritarios, pues el gobierno federal se encuentra en una etapa de reconstrucci\u00f3n y reconfiguraci\u00f3n de la administraci\u00f3n y de las dependencias.<br \/>\nDavid Contreras Silva, coordinador de la Red Nacional de Organizaciones de la Sociedad Civil (Redosc) asegur\u00f3 que es funci\u00f3n de la sociedad civil organizada exigir a sus gobernantes transparencia, rendici\u00f3n de cuentas y pol\u00edticas p\u00fablicas adecuadas, as\u00ed como incidir y vigilar el presupuesto, las reglas de operaci\u00f3n y las convocatorias de los programas federales.<br \/>\nAsimismo, se\u00f1al\u00f3 que el objetivo del foro es generar propuestas que puedan ser presentadas a los gobiernos, local y federal, as\u00ed como construir una alianza con los legisladores para trabajar por los problemas sociales y econ\u00f3micos que aquejan al pa\u00eds.<br \/>\nEnrique Noriega D\u00edaz, coordinador de proyectos de la Redosc, habl\u00f3 de la necesidad de contar con mecanismos de control y reglas de operaci\u00f3n de los programas federales, a fin de darle certeza y transparencia a la ejecuci\u00f3n y aplicaci\u00f3n de los recursos p\u00fablicos. Present\u00f3, adem\u00e1s, programas estrat\u00e9gicos de la Secretar\u00eda de Agricultura y Desarrollo Rural, entre ellos la producci\u00f3n para el bienestar, el cr\u00e9dito ganadero y el programa nacional de fertilizantes y precios.<br \/>\nRosario G\u00f3mora Hern\u00e1ndez, delegada regional del Instituto Nacional para el Desarrollo de Capacidades del Sector Rural A.C., explic\u00f3 que las acciones de \u00e9ste se orientan al dise\u00f1o, ejecuci\u00f3n y evaluaci\u00f3n de programas que permitan desarrollar capacidades en extensionistas, prestadores de servicios profesionales, organizaciones sociales, empresas y servidores p\u00fablicos para identificar \u00e1reas de oportunidad y realizar proyectos de desarrollo innovadores que mejoren sus procesos productivos, comerciales, organizativos y empresariales.<br \/>\nJos\u00e9 Antonio Corona, de la Direcci\u00f3n General de Empleo de la Secretar\u00eda del Trabajo del gobierno estatal, inform\u00f3 sobre los programas que opera esta dependencia tanto desde la administraci\u00f3n local, como en coordinaci\u00f3n con el gobierno federal. Entre estos, el programa B\u00e9cate, que tiene dos vertientes, una para la capacitaci\u00f3n mixta y otra de capacitaci\u00f3n para el autoempleo, adem\u00e1s de los programas Fomento al Autoempleo, Bolsa de Trabajo en L\u00ednea, Ferias de Empleo y Abriendo Espacios.<\/p>\n","protected":false},"excerpt":{"rendered":"<p>El gobierno del presidente Andr\u00e9s Manuel L\u00f3pez Obrador despliega acciones, programas y orientados al beneficio<\/p>\n","protected":false},"author":1,"featured_media":3797,"comment_status":"open","ping_status":"open","sticky":false,"template":"","format":"standard","meta":{"footnotes":""},"categories":[3],"tags":[192],"class_list":["post-3798","post","type-post","status-publish","format-standard","has-post-thumbnail","hentry","category-estatales","tag-legislatura-edomex"],"yoast_head":"<!-- This site is optimized with the Yoast SEO plugin v25.3 - https:\/\/yoast.com\/wordpress\/plugins\/seo\/ -->\n<title>Programas del gobierno federal apoyan a quienes m\u00e1s los necesitan: Javier Gonz\u00e1lez - Volcanes<\/title>\n<meta name=\"robots\" content=\"index, follow, max-snippet:-1, max-image-preview:large, max-video-preview:-1\" \/>\n<link rel=\"canonical\" href=\"https:\/\/volcanes.net\/?p=3798\" \/>\n<meta property=\"og:locale\" content=\"es_MX\" \/>\n<meta property=\"og:type\" content=\"article\" \/>\n<meta property=\"og:title\" content=\"Programas del gobierno federal apoyan a quienes m\u00e1s los necesitan: Javier Gonz\u00e1lez - Volcanes\" \/>\n<meta property=\"og:description\" content=\"El gobierno del presidente Andr\u00e9s Manuel L\u00f3pez Obrador despliega acciones, programas y orientados al beneficio\" \/>\n<meta property=\"og:url\" content=\"https:\/\/volcanes.net\/?p=3798\" \/>\n<meta property=\"og:site_name\" content=\"Volcanes\" \/>\n<meta property=\"article:publisher\" content=\"https:\/\/www.facebook.com\/volcanes.net\/\" \/>\n<meta property=\"article:published_time\" content=\"2019-01-30T03:38:04+00:00\" \/>\n<meta property=\"og:image\" content=\"https:\/\/volcanes.net\/wp-content\/uploads\/2019\/01\/1548819451787879.jpg\" \/>\n\t<meta property=\"og:image:width\" content=\"512\" \/>\n\t<meta property=\"og:image:height\" content=\"342\" \/>\n\t<meta property=\"og:image:type\" content=\"image\/jpeg\" \/>\n<meta name=\"author\" content=\"admin\" \/>\n<meta name=\"twitter:card\" content=\"summary_large_image\" \/>\n<meta name=\"twitter:label1\" content=\"Escrito por\" \/>\n\t<meta name=\"twitter:data1\" content=\"admin\" \/>\n\t<meta name=\"twitter:label2\" content=\"Tiempo de lectura\" \/>\n\t<meta name=\"twitter:data2\" content=\"4 minutos\" \/>\n<script type=\"application\/ld+json\" class=\"yoast-schema-graph\">{\"@context\":\"https:\/\/schema.org\",\"@graph\":[{\"@type\":\"Article\",\"@id\":\"https:\/\/volcanes.net\/?p=3798#article\",\"isPartOf\":{\"@id\":\"https:\/\/volcanes.net\/?p=3798\"},\"author\":{\"name\":\"admin\",\"@id\":\"https:\/\/volcanes.net\/#\/schema\/person\/4bf0f383940966a4abd53f5048c0e6b9\"},\"headline\":\"Programas del gobierno federal apoyan a quienes m\u00e1s los necesitan: Javier Gonz\u00e1lez\",\"datePublished\":\"2019-01-30T03:38:04+00:00\",\"mainEntityOfPage\":{\"@id\":\"https:\/\/volcanes.net\/?p=3798\"},\"wordCount\":746,\"commentCount\":0,\"publisher\":{\"@id\":\"https:\/\/volcanes.net\/#organization\"},\"image\":{\"@id\":\"https:\/\/volcanes.net\/?p=3798#primaryimage\"},\"thumbnailUrl\":\"https:\/\/volcanes.net\/wp-content\/uploads\/2019\/01\/1548819451787879.jpg\",\"keywords\":[\"Legislatura Edomex\"],\"articleSection\":[\"Estatales\"],\"inLanguage\":\"es\",\"potentialAction\":[{\"@type\":\"CommentAction\",\"name\":\"Comment\",\"target\":[\"https:\/\/volcanes.net\/?p=3798#respond\"]}]},{\"@type\":\"WebPage\",\"@id\":\"https:\/\/volcanes.net\/?p=3798\",\"url\":\"https:\/\/volcanes.net\/?p=3798\",\"name\":\"Programas del gobierno federal apoyan a quienes m\u00e1s los necesitan: Javier Gonz\u00e1lez - Volcanes\",\"isPartOf\":{\"@id\":\"https:\/\/volcanes.net\/#website\"},\"primaryImageOfPage\":{\"@id\":\"https:\/\/volcanes.net\/?p=3798#primaryimage\"},\"image\":{\"@id\":\"https:\/\/volcanes.net\/?p=3798#primaryimage\"},\"thumbnailUrl\":\"https:\/\/volcanes.net\/wp-content\/uploads\/2019\/01\/1548819451787879.jpg\",\"datePublished\":\"2019-01-30T03:38:04+00:00\",\"breadcrumb\":{\"@id\":\"https:\/\/volcanes.net\/?p=3798#breadcrumb\"},\"inLanguage\":\"es\",\"potentialAction\":[{\"@type\":\"ReadAction\",\"target\":[\"https:\/\/volcanes.net\/?p=3798\"]}]},{\"@type\":\"ImageObject\",\"inLanguage\":\"es\",\"@id\":\"https:\/\/volcanes.net\/?p=3798#primaryimage\",\"url\":\"https:\/\/volcanes.net\/wp-content\/uploads\/2019\/01\/1548819451787879.jpg\",\"contentUrl\":\"https:\/\/volcanes.net\/wp-content\/uploads\/2019\/01\/1548819451787879.jpg\",\"width\":512,\"height\":342},{\"@type\":\"BreadcrumbList\",\"@id\":\"https:\/\/volcanes.net\/?p=3798#breadcrumb\",\"itemListElement\":[{\"@type\":\"ListItem\",\"position\":1,\"name\":\"Portada\",\"item\":\"https:\/\/volcanes.net\/\"},{\"@type\":\"ListItem\",\"position\":2,\"name\":\"Programas del gobierno federal apoyan a quienes m\u00e1s los necesitan: Javier Gonz\u00e1lez\"}]},{\"@type\":\"WebSite\",\"@id\":\"https:\/\/volcanes.net\/#website\",\"url\":\"https:\/\/volcanes.net\/\",\"name\":\"Volcanes.Net\",\"description\":\"Periodismo Profesional\",\"publisher\":{\"@id\":\"https:\/\/volcanes.net\/#organization\"},\"potentialAction\":[{\"@type\":\"SearchAction\",\"target\":{\"@type\":\"EntryPoint\",\"urlTemplate\":\"https:\/\/volcanes.net\/?s={search_term_string}\"},\"query-input\":{\"@type\":\"PropertyValueSpecification\",\"valueRequired\":true,\"valueName\":\"search_term_string\"}}],\"inLanguage\":\"es\"},{\"@type\":\"Organization\",\"@id\":\"https:\/\/volcanes.net\/#organization\",\"name\":\"Grupo Volcanes\",\"url\":\"https:\/\/volcanes.net\/\",\"logo\":{\"@type\":\"ImageObject\",\"inLanguage\":\"es\",\"@id\":\"https:\/\/volcanes.net\/#\/schema\/logo\/image\/\",\"url\":\"http:\/\/volcanes.net\/wp-content\/uploads\/2017\/12\/Avatar2.jpg\",\"contentUrl\":\"http:\/\/volcanes.net\/wp-content\/uploads\/2017\/12\/Avatar2.jpg\",\"width\":378,\"height\":378,\"caption\":\"Grupo Volcanes\"},\"image\":{\"@id\":\"https:\/\/volcanes.net\/#\/schema\/logo\/image\/\"},\"sameAs\":[\"https:\/\/www.facebook.com\/volcanes.net\/\"]},{\"@type\":\"Person\",\"@id\":\"https:\/\/volcanes.net\/#\/schema\/person\/4bf0f383940966a4abd53f5048c0e6b9\",\"name\":\"admin\",\"image\":{\"@type\":\"ImageObject\",\"inLanguage\":\"es\",\"@id\":\"https:\/\/volcanes.net\/#\/schema\/person\/image\/\",\"url\":\"https:\/\/secure.gravatar.com\/avatar\/ca004e6cba8462b8cb7abc86e382930c?s=96&d=mm&r=g\",\"contentUrl\":\"https:\/\/secure.gravatar.com\/avatar\/ca004e6cba8462b8cb7abc86e382930c?s=96&d=mm&r=g\",\"caption\":\"admin\"}}]}<\/script>\n<!-- \/ Yoast SEO plugin. -->","yoast_head_json":{"title":"Programas del gobierno federal apoyan a quienes m\u00e1s los necesitan: Javier Gonz\u00e1lez - Volcanes","robots":{"index":"index","follow":"follow","max-snippet":"max-snippet:-1","max-image-preview":"max-image-preview:large","max-video-preview":"max-video-preview:-1"},"canonical":"https:\/\/volcanes.net\/?p=3798","og_locale":"es_MX","og_type":"article","og_title":"Programas del gobierno federal apoyan a quienes m\u00e1s los necesitan: Javier Gonz\u00e1lez - Volcanes","og_description":"El gobierno del presidente Andr\u00e9s Manuel L\u00f3pez Obrador despliega acciones, programas y orientados al beneficio","og_url":"https:\/\/volcanes.net\/?p=3798","og_site_name":"Volcanes","article_publisher":"https:\/\/www.facebook.com\/volcanes.net\/","article_published_time":"2019-01-30T03:38:04+00:00","og_image":[{"width":512,"height":342,"url":"https:\/\/volcanes.net\/wp-content\/uploads\/2019\/01\/1548819451787879.jpg","type":"image\/jpeg"}],"author":"admin","twitter_card":"summary_large_image","twitter_misc":{"Escrito por":"admin","Tiempo de lectura":"4 minutos"},"schema":{"@context":"https:\/\/schema.org","@graph":[{"@type":"Article","@id":"https:\/\/volcanes.net\/?p=3798#article","isPartOf":{"@id":"https:\/\/volcanes.net\/?p=3798"},"author":{"name":"admin","@id":"https:\/\/volcanes.net\/#\/schema\/person\/4bf0f383940966a4abd53f5048c0e6b9"},"headline":"Programas del gobierno federal apoyan a quienes m\u00e1s los necesitan: Javier Gonz\u00e1lez","datePublished":"2019-01-30T03:38:04+00:00","mainEntityOfPage":{"@id":"https:\/\/volcanes.net\/?p=3798"},"wordCount":746,"commentCount":0,"publisher":{"@id":"https:\/\/volcanes.net\/#organization"},"image":{"@id":"https:\/\/volcanes.net\/?p=3798#primaryimage"},"thumbnailUrl":"https:\/\/volcanes.net\/wp-content\/uploads\/2019\/01\/1548819451787879.jpg","keywords":["Legislatura Edomex"],"articleSection":["Estatales"],"inLanguage":"es","potentialAction":[{"@type":"CommentAction","name":"Comment","target":["https:\/\/volcanes.net\/?p=3798#respond"]}]},{"@type":"WebPage","@id":"https:\/\/volcanes.net\/?p=3798","url":"https:\/\/volcanes.net\/?p=3798","name":"Programas del gobierno federal apoyan a quienes m\u00e1s los necesitan: Javier Gonz\u00e1lez - Volcanes","isPartOf":{"@id":"https:\/\/volcanes.net\/#website"},"primaryImageOfPage":{"@id":"https:\/\/volcanes.net\/?p=3798#primaryimage"},"image":{"@id":"https:\/\/volcanes.net\/?p=3798#primaryimage"},"thumbnailUrl":"https:\/\/volcanes.net\/wp-content\/uploads\/2019\/01\/1548819451787879.jpg","datePublished":"2019-01-30T03:38:04+00:00","breadcrumb":{"@id":"https:\/\/volcanes.net\/?p=3798#breadcrumb"},"inLanguage":"es","potentialAction":[{"@type":"ReadAction","target":["https:\/\/volcanes.net\/?p=3798"]}]},{"@type":"ImageObject","inLanguage":"es","@id":"https:\/\/volcanes.net\/?p=3798#primaryimage","url":"https:\/\/volcanes.net\/wp-content\/uploads\/2019\/01\/1548819451787879.jpg","contentUrl":"https:\/\/volcanes.net\/wp-content\/uploads\/2019\/01\/1548819451787879.jpg","width":512,"height":342},{"@type":"BreadcrumbList","@id":"https:\/\/volcanes.net\/?p=3798#breadcrumb","itemListElement":[{"@type":"ListItem","position":1,"name":"Portada","item":"https:\/\/volcanes.net\/"},{"@type":"ListItem","position":2,"name":"Programas del gobierno federal apoyan a quienes m\u00e1s los necesitan: Javier Gonz\u00e1lez"}]},{"@type":"WebSite","@id":"https:\/\/volcanes.net\/#website","url":"https:\/\/volcanes.net\/","name":"Volcanes.Net","description":"Periodismo Profesional","publisher":{"@id":"https:\/\/volcanes.net\/#organization"},"potentialAction":[{"@type":"SearchAction","target":{"@type":"EntryPoint","urlTemplate":"https:\/\/volcanes.net\/?s={search_term_string}"},"query-input":{"@type":"PropertyValueSpecification","valueRequired":true,"valueName":"search_term_string"}}],"inLanguage":"es"},{"@type":"Organization","@id":"https:\/\/volcanes.net\/#organization","name":"Grupo Volcanes","url":"https:\/\/volcanes.net\/","logo":{"@type":"ImageObject","inLanguage":"es","@id":"https:\/\/volcanes.net\/#\/schema\/logo\/image\/","url":"http:\/\/volcanes.net\/wp-content\/uploads\/2017\/12\/Avatar2.jpg","contentUrl":"http:\/\/volcanes.net\/wp-content\/uploads\/2017\/12\/Avatar2.jpg","width":378,"height":378,"caption":"Grupo Volcanes"},"image":{"@id":"https:\/\/volcanes.net\/#\/schema\/logo\/image\/"},"sameAs":["https:\/\/www.facebook.com\/volcanes.net\/"]},{"@type":"Person","@id":"https:\/\/volcanes.net\/#\/schema\/person\/4bf0f383940966a4abd53f5048c0e6b9","name":"admin","image":{"@type":"ImageObject","inLanguage":"es","@id":"https:\/\/volcanes.net\/#\/schema\/person\/image\/","url":"https:\/\/secure.gravatar.com\/avatar\/ca004e6cba8462b8cb7abc86e382930c?s=96&d=mm&r=g","contentUrl":"https:\/\/secure.gravatar.com\/avatar\/ca004e6cba8462b8cb7abc86e382930c?s=96&d=mm&r=g","caption":"admin"}}]}},"_links":{"self":[{"href":"https:\/\/volcanes.net\/index.php?rest_route=\/wp\/v2\/posts\/3798"}],"collection":[{"href":"https:\/\/volcanes.net\/index.php?rest_route=\/wp\/v2\/posts"}],"about":[{"href":"https:\/\/volcanes.net\/index.php?rest_route=\/wp\/v2\/types\/post"}],"author":[{"embeddable":true,"href":"https:\/\/volcanes.net\/index.php?rest_route=\/wp\/v2\/users\/1"}],"replies":[{"embeddable":true,"href":"https:\/\/volcanes.net\/index.php?rest_route=%2Fwp%2Fv2%2Fcomments&post=3798"}],"version-history":[{"count":1,"href":"https:\/\/volcanes.net\/index.php?rest_route=\/wp\/v2\/posts\/3798\/revisions"}],"predecessor-version":[{"id":3799,"href":"https:\/\/volcanes.net\/index.php?rest_route=\/wp\/v2\/posts\/3798\/revisions\/3799"}],"wp:featuredmedia":[{"embeddable":true,"href":"https:\/\/volcanes.net\/index.php?rest_route=\/wp\/v2\/media\/3797"}],"wp:attachment":[{"href":"https:\/\/volcanes.net\/index.php?rest_route=%2Fwp%2Fv2%2Fmedia&parent=3798"}],"wp:term":[{"taxonomy":"category","embeddable":true,"href":"https:\/\/volcanes.net\/index.php?rest_route=%2Fwp%2Fv2%2Fcategories&post=3798"},{"taxonomy":"post_tag","embeddable":true,"href":"https:\/\/volcanes.net\/index.php?rest_route=%2Fwp%2Fv2%2Ftags&post=3798"}],"curies":[{"name":"wp","href":"https:\/\/api.w.org\/{rel}","templated":true}]}}