{"id":3820,"date":"2019-01-31T06:07:58","date_gmt":"2019-01-31T06:07:58","guid":{"rendered":"http:\/\/volcanes.net\/?p=3820"},"modified":"2019-01-31T06:07:58","modified_gmt":"2019-01-31T06:07:58","slug":"el-rector-de-la-uaem-encabezo-la-celebracion-con-motivo-del-dia-de-la-enfermera-y-el-enfermero","status":"publish","type":"post","link":"https:\/\/volcanes.net\/?p=3820","title":{"rendered":"El rector de la UAEM encabez\u00f3 la celebraci\u00f3n con motivo del D\u00eda de la Enfermera y el Enfermero"},"content":{"rendered":"<div style=\"margin-top: 0px; margin-bottom: 0px;\" class=\"sharethis-inline-share-buttons\" ><\/div><p class=\"x_gmail-p1\" style=\"border:0px;font-family:\"><span lang=\"ES-TRAD\"><span class=\"x_gmail-apple-converted-space\">Los integrantes de la Facultad de Enfermer\u00eda y Obstetricia re\u00fanen las mejores virtudes de la comunidad de la Universidad Aut\u00f3noma del Estado de M\u00e9xico, pues encarnan el compromiso social, la disposici\u00f3n para el servicio y la tenacidad acad\u00e9mica en beneficio del ser humano, sostuvo el rector Alfredo Barrera Baca, durante la celebraci\u00f3n con motivo del D\u00eda de la Enfermera y el Enfermero.<\/span><\/span><\/p>\n<p class=\"x_gmail-p1\" style=\"border:0px;font-family:\"><span class=\"x_gmail-apple-converted-space\"><span lang=\"ES-TRAD\">            Antes de entregar a la catedr\u00e1tica Patricia Cruz Bello el reconocimiento por la obtenci\u00f3n del estatus \u201cen Consolidaci\u00f3n\u201d del Cuerpo Acad\u00e9mico \u201cEjercicio en Enfermer\u00eda\u201d, Barrera Baca manifest\u00f3 que el personal de enfermer\u00eda expresa en su quehacer cotidiano la vocaci\u00f3n f\u00e9rrea por la vida, voluntad indoblegable por la salud y la b\u00fasqueda incesante del conocimiento a favor de los seres humanos. <\/span><\/span><\/p>\n<p class=\"x_gmail-p1\" style=\"border:0px;font-family:\"><span class=\"x_gmail-apple-converted-space\"><span lang=\"ES-TRAD\">            Acompa\u00f1ado por la directora de la Facultad de Enfermer\u00eda y Obstetricia, Guadalupe Andrea S\u00e1nchez Arias, el rector asever\u00f3 que los planes y programas de estudio de ese espacio universitario remiten a las mejores tradiciones acad\u00e9micas del entonces Instituto Cient\u00edfico y Literario, a su esfuerzo por preservar la calidad en la ense\u00f1anza que certifica la pertinencia de la Aut\u00f3noma mexiquense.<\/span><\/span><\/p>\n<p class=\"x_gmail-p1\" style=\"border:0px;font-family:\"><span class=\"x_gmail-apple-converted-space\"><span lang=\"ES-TRAD\">            En presencia de la secretaria general de la Federaci\u00f3n de Asociaciones Aut\u00f3noma de Personal Acad\u00e9mico de la UAEM, Gilda Gonz\u00e1lez Villase\u00f1or, S\u00e1nchez Arias destac\u00f3 que la enfermer\u00eda es considerada una de las profesiones de mayor altruismo y convivencia continua con la fragilidad humana.<\/span><\/span><\/p>\n<p class=\"x_gmail-p1\" style=\"border:0px;font-family:\"><span class=\"x_gmail-apple-converted-space\"><span lang=\"ES-TRAD\">            Por otra parte, indic\u00f3 que los enfermeros dedicados a la docencia contribuyen al desarrollo de la teor\u00eda y pr\u00e1ctica de la profesi\u00f3n, que en la actualidad exige conocimientos cient\u00edficos para constituir el cuidado profesional.<\/span><\/span><\/p>\n<p class=\"x_gmail-p1\" style=\"border:0px;font-family:\"><span class=\"x_gmail-apple-converted-space\"><span lang=\"ES-TRAD\">            Abund\u00f3 que aunado a la formaci\u00f3n cient\u00edfica, acad\u00e9mica y cl\u00ednica, los enfermeros y enfermeras de la UAEM adquieren capacidades humanitarias y morales en el cuidado de los pacientes; adem\u00e1s, se desempe\u00f1an profesionalmente en escenarios cl\u00ednicos y comunitarios.<\/span><\/span><\/p>\n","protected":false},"excerpt":{"rendered":"<p>Los integrantes de la Facultad de Enfermer\u00eda y Obstetricia re\u00fanen las mejores virtudes de la<\/p>\n","protected":false},"author":1,"featured_media":3819,"comment_status":"open","ping_status":"open","sticky":false,"template":"","format":"standard","meta":{"footnotes":""},"categories":[1],"tags":[25],"class_list":["post-3820","post","type-post","status-publish","format-standard","has-post-thumbnail","hentry","category-municipales","tag-uaem"],"yoast_head":"<!-- This site is optimized with the Yoast SEO plugin v25.3 - https:\/\/yoast.com\/wordpress\/plugins\/seo\/ -->\n<title>El rector de la UAEM encabez\u00f3 la celebraci\u00f3n con motivo del D\u00eda de la Enfermera y el Enfermero - Volcanes<\/title>\n<meta name=\"robots\" content=\"index, follow, max-snippet:-1, max-image-preview:large, max-video-preview:-1\" \/>\n<link rel=\"canonical\" href=\"https:\/\/volcanes.net\/?p=3820\" \/>\n<meta property=\"og:locale\" content=\"es_MX\" \/>\n<meta property=\"og:type\" content=\"article\" \/>\n<meta property=\"og:title\" content=\"El rector de la UAEM encabez\u00f3 la celebraci\u00f3n con motivo del D\u00eda de la Enfermera y el Enfermero - Volcanes\" \/>\n<meta property=\"og:description\" content=\"Los integrantes de la Facultad de Enfermer\u00eda y Obstetricia re\u00fanen las mejores virtudes de la\" \/>\n<meta property=\"og:url\" content=\"https:\/\/volcanes.net\/?p=3820\" \/>\n<meta property=\"og:site_name\" content=\"Volcanes\" \/>\n<meta property=\"article:publisher\" content=\"https:\/\/www.facebook.com\/volcanes.net\/\" \/>\n<meta property=\"article:published_time\" content=\"2019-01-31T06:07:58+00:00\" \/>\n<meta property=\"og:image\" content=\"https:\/\/volcanes.net\/wp-content\/uploads\/2019\/01\/1548914847186514.jpeg\" \/>\n\t<meta property=\"og:image:width\" content=\"256\" \/>\n\t<meta property=\"og:image:height\" content=\"171\" \/>\n\t<meta property=\"og:image:type\" content=\"image\/jpeg\" \/>\n<meta name=\"author\" content=\"admin\" \/>\n<meta name=\"twitter:card\" content=\"summary_large_image\" \/>\n<meta name=\"twitter:label1\" content=\"Escrito por\" \/>\n\t<meta name=\"twitter:data1\" content=\"admin\" \/>\n\t<meta name=\"twitter:label2\" content=\"Tiempo de lectura\" \/>\n\t<meta name=\"twitter:data2\" content=\"2 minutos\" \/>\n<script type=\"application\/ld+json\" class=\"yoast-schema-graph\">{\"@context\":\"https:\/\/schema.org\",\"@graph\":[{\"@type\":\"Article\",\"@id\":\"https:\/\/volcanes.net\/?p=3820#article\",\"isPartOf\":{\"@id\":\"https:\/\/volcanes.net\/?p=3820\"},\"author\":{\"name\":\"admin\",\"@id\":\"https:\/\/volcanes.net\/#\/schema\/person\/4bf0f383940966a4abd53f5048c0e6b9\"},\"headline\":\"El rector de la UAEM encabez\u00f3 la celebraci\u00f3n con motivo del D\u00eda de la Enfermera y el Enfermero\",\"datePublished\":\"2019-01-31T06:07:58+00:00\",\"mainEntityOfPage\":{\"@id\":\"https:\/\/volcanes.net\/?p=3820\"},\"wordCount\":357,\"commentCount\":0,\"publisher\":{\"@id\":\"https:\/\/volcanes.net\/#organization\"},\"image\":{\"@id\":\"https:\/\/volcanes.net\/?p=3820#primaryimage\"},\"thumbnailUrl\":\"https:\/\/volcanes.net\/wp-content\/uploads\/2019\/01\/1548914847186514.jpeg\",\"keywords\":[\"UAEM\"],\"articleSection\":[\"Municipales\"],\"inLanguage\":\"es\",\"potentialAction\":[{\"@type\":\"CommentAction\",\"name\":\"Comment\",\"target\":[\"https:\/\/volcanes.net\/?p=3820#respond\"]}]},{\"@type\":\"WebPage\",\"@id\":\"https:\/\/volcanes.net\/?p=3820\",\"url\":\"https:\/\/volcanes.net\/?p=3820\",\"name\":\"El rector de la UAEM encabez\u00f3 la celebraci\u00f3n con motivo del D\u00eda de la Enfermera y el Enfermero - Volcanes\",\"isPartOf\":{\"@id\":\"https:\/\/volcanes.net\/#website\"},\"primaryImageOfPage\":{\"@id\":\"https:\/\/volcanes.net\/?p=3820#primaryimage\"},\"image\":{\"@id\":\"https:\/\/volcanes.net\/?p=3820#primaryimage\"},\"thumbnailUrl\":\"https:\/\/volcanes.net\/wp-content\/uploads\/2019\/01\/1548914847186514.jpeg\",\"datePublished\":\"2019-01-31T06:07:58+00:00\",\"breadcrumb\":{\"@id\":\"https:\/\/volcanes.net\/?p=3820#breadcrumb\"},\"inLanguage\":\"es\",\"potentialAction\":[{\"@type\":\"ReadAction\",\"target\":[\"https:\/\/volcanes.net\/?p=3820\"]}]},{\"@type\":\"ImageObject\",\"inLanguage\":\"es\",\"@id\":\"https:\/\/volcanes.net\/?p=3820#primaryimage\",\"url\":\"https:\/\/volcanes.net\/wp-content\/uploads\/2019\/01\/1548914847186514.jpeg\",\"contentUrl\":\"https:\/\/volcanes.net\/wp-content\/uploads\/2019\/01\/1548914847186514.jpeg\",\"width\":256,\"height\":171},{\"@type\":\"BreadcrumbList\",\"@id\":\"https:\/\/volcanes.net\/?p=3820#breadcrumb\",\"itemListElement\":[{\"@type\":\"ListItem\",\"position\":1,\"name\":\"Portada\",\"item\":\"https:\/\/volcanes.net\/\"},{\"@type\":\"ListItem\",\"position\":2,\"name\":\"El rector de la UAEM encabez\u00f3 la celebraci\u00f3n con motivo del D\u00eda de la Enfermera y el Enfermero\"}]},{\"@type\":\"WebSite\",\"@id\":\"https:\/\/volcanes.net\/#website\",\"url\":\"https:\/\/volcanes.net\/\",\"name\":\"Volcanes.Net\",\"description\":\"Periodismo Profesional\",\"publisher\":{\"@id\":\"https:\/\/volcanes.net\/#organization\"},\"potentialAction\":[{\"@type\":\"SearchAction\",\"target\":{\"@type\":\"EntryPoint\",\"urlTemplate\":\"https:\/\/volcanes.net\/?s={search_term_string}\"},\"query-input\":{\"@type\":\"PropertyValueSpecification\",\"valueRequired\":true,\"valueName\":\"search_term_string\"}}],\"inLanguage\":\"es\"},{\"@type\":\"Organization\",\"@id\":\"https:\/\/volcanes.net\/#organization\",\"name\":\"Grupo Volcanes\",\"url\":\"https:\/\/volcanes.net\/\",\"logo\":{\"@type\":\"ImageObject\",\"inLanguage\":\"es\",\"@id\":\"https:\/\/volcanes.net\/#\/schema\/logo\/image\/\",\"url\":\"http:\/\/volcanes.net\/wp-content\/uploads\/2017\/12\/Avatar2.jpg\",\"contentUrl\":\"http:\/\/volcanes.net\/wp-content\/uploads\/2017\/12\/Avatar2.jpg\",\"width\":378,\"height\":378,\"caption\":\"Grupo Volcanes\"},\"image\":{\"@id\":\"https:\/\/volcanes.net\/#\/schema\/logo\/image\/\"},\"sameAs\":[\"https:\/\/www.facebook.com\/volcanes.net\/\"]},{\"@type\":\"Person\",\"@id\":\"https:\/\/volcanes.net\/#\/schema\/person\/4bf0f383940966a4abd53f5048c0e6b9\",\"name\":\"admin\",\"image\":{\"@type\":\"ImageObject\",\"inLanguage\":\"es\",\"@id\":\"https:\/\/volcanes.net\/#\/schema\/person\/image\/\",\"url\":\"https:\/\/secure.gravatar.com\/avatar\/ca004e6cba8462b8cb7abc86e382930c?s=96&d=mm&r=g\",\"contentUrl\":\"https:\/\/secure.gravatar.com\/avatar\/ca004e6cba8462b8cb7abc86e382930c?s=96&d=mm&r=g\",\"caption\":\"admin\"}}]}<\/script>\n<!-- \/ Yoast SEO plugin. -->","yoast_head_json":{"title":"El rector de la UAEM encabez\u00f3 la celebraci\u00f3n con motivo del D\u00eda de la Enfermera y el Enfermero - Volcanes","robots":{"index":"index","follow":"follow","max-snippet":"max-snippet:-1","max-image-preview":"max-image-preview:large","max-video-preview":"max-video-preview:-1"},"canonical":"https:\/\/volcanes.net\/?p=3820","og_locale":"es_MX","og_type":"article","og_title":"El rector de la UAEM encabez\u00f3 la celebraci\u00f3n con motivo del D\u00eda de la Enfermera y el Enfermero - Volcanes","og_description":"Los integrantes de la Facultad de Enfermer\u00eda y Obstetricia re\u00fanen las mejores virtudes de la","og_url":"https:\/\/volcanes.net\/?p=3820","og_site_name":"Volcanes","article_publisher":"https:\/\/www.facebook.com\/volcanes.net\/","article_published_time":"2019-01-31T06:07:58+00:00","og_image":[{"width":256,"height":171,"url":"https:\/\/volcanes.net\/wp-content\/uploads\/2019\/01\/1548914847186514.jpeg","type":"image\/jpeg"}],"author":"admin","twitter_card":"summary_large_image","twitter_misc":{"Escrito por":"admin","Tiempo de lectura":"2 minutos"},"schema":{"@context":"https:\/\/schema.org","@graph":[{"@type":"Article","@id":"https:\/\/volcanes.net\/?p=3820#article","isPartOf":{"@id":"https:\/\/volcanes.net\/?p=3820"},"author":{"name":"admin","@id":"https:\/\/volcanes.net\/#\/schema\/person\/4bf0f383940966a4abd53f5048c0e6b9"},"headline":"El rector de la UAEM encabez\u00f3 la celebraci\u00f3n con motivo del D\u00eda de la Enfermera y el Enfermero","datePublished":"2019-01-31T06:07:58+00:00","mainEntityOfPage":{"@id":"https:\/\/volcanes.net\/?p=3820"},"wordCount":357,"commentCount":0,"publisher":{"@id":"https:\/\/volcanes.net\/#organization"},"image":{"@id":"https:\/\/volcanes.net\/?p=3820#primaryimage"},"thumbnailUrl":"https:\/\/volcanes.net\/wp-content\/uploads\/2019\/01\/1548914847186514.jpeg","keywords":["UAEM"],"articleSection":["Municipales"],"inLanguage":"es","potentialAction":[{"@type":"CommentAction","name":"Comment","target":["https:\/\/volcanes.net\/?p=3820#respond"]}]},{"@type":"WebPage","@id":"https:\/\/volcanes.net\/?p=3820","url":"https:\/\/volcanes.net\/?p=3820","name":"El rector de la UAEM encabez\u00f3 la celebraci\u00f3n con motivo del D\u00eda de la Enfermera y el Enfermero - Volcanes","isPartOf":{"@id":"https:\/\/volcanes.net\/#website"},"primaryImageOfPage":{"@id":"https:\/\/volcanes.net\/?p=3820#primaryimage"},"image":{"@id":"https:\/\/volcanes.net\/?p=3820#primaryimage"},"thumbnailUrl":"https:\/\/volcanes.net\/wp-content\/uploads\/2019\/01\/1548914847186514.jpeg","datePublished":"2019-01-31T06:07:58+00:00","breadcrumb":{"@id":"https:\/\/volcanes.net\/?p=3820#breadcrumb"},"inLanguage":"es","potentialAction":[{"@type":"ReadAction","target":["https:\/\/volcanes.net\/?p=3820"]}]},{"@type":"ImageObject","inLanguage":"es","@id":"https:\/\/volcanes.net\/?p=3820#primaryimage","url":"https:\/\/volcanes.net\/wp-content\/uploads\/2019\/01\/1548914847186514.jpeg","contentUrl":"https:\/\/volcanes.net\/wp-content\/uploads\/2019\/01\/1548914847186514.jpeg","width":256,"height":171},{"@type":"BreadcrumbList","@id":"https:\/\/volcanes.net\/?p=3820#breadcrumb","itemListElement":[{"@type":"ListItem","position":1,"name":"Portada","item":"https:\/\/volcanes.net\/"},{"@type":"ListItem","position":2,"name":"El rector de la UAEM encabez\u00f3 la celebraci\u00f3n con motivo del D\u00eda de la Enfermera y el Enfermero"}]},{"@type":"WebSite","@id":"https:\/\/volcanes.net\/#website","url":"https:\/\/volcanes.net\/","name":"Volcanes.Net","description":"Periodismo Profesional","publisher":{"@id":"https:\/\/volcanes.net\/#organization"},"potentialAction":[{"@type":"SearchAction","target":{"@type":"EntryPoint","urlTemplate":"https:\/\/volcanes.net\/?s={search_term_string}"},"query-input":{"@type":"PropertyValueSpecification","valueRequired":true,"valueName":"search_term_string"}}],"inLanguage":"es"},{"@type":"Organization","@id":"https:\/\/volcanes.net\/#organization","name":"Grupo Volcanes","url":"https:\/\/volcanes.net\/","logo":{"@type":"ImageObject","inLanguage":"es","@id":"https:\/\/volcanes.net\/#\/schema\/logo\/image\/","url":"http:\/\/volcanes.net\/wp-content\/uploads\/2017\/12\/Avatar2.jpg","contentUrl":"http:\/\/volcanes.net\/wp-content\/uploads\/2017\/12\/Avatar2.jpg","width":378,"height":378,"caption":"Grupo Volcanes"},"image":{"@id":"https:\/\/volcanes.net\/#\/schema\/logo\/image\/"},"sameAs":["https:\/\/www.facebook.com\/volcanes.net\/"]},{"@type":"Person","@id":"https:\/\/volcanes.net\/#\/schema\/person\/4bf0f383940966a4abd53f5048c0e6b9","name":"admin","image":{"@type":"ImageObject","inLanguage":"es","@id":"https:\/\/volcanes.net\/#\/schema\/person\/image\/","url":"https:\/\/secure.gravatar.com\/avatar\/ca004e6cba8462b8cb7abc86e382930c?s=96&d=mm&r=g","contentUrl":"https:\/\/secure.gravatar.com\/avatar\/ca004e6cba8462b8cb7abc86e382930c?s=96&d=mm&r=g","caption":"admin"}}]}},"_links":{"self":[{"href":"https:\/\/volcanes.net\/index.php?rest_route=\/wp\/v2\/posts\/3820"}],"collection":[{"href":"https:\/\/volcanes.net\/index.php?rest_route=\/wp\/v2\/posts"}],"about":[{"href":"https:\/\/volcanes.net\/index.php?rest_route=\/wp\/v2\/types\/post"}],"author":[{"embeddable":true,"href":"https:\/\/volcanes.net\/index.php?rest_route=\/wp\/v2\/users\/1"}],"replies":[{"embeddable":true,"href":"https:\/\/volcanes.net\/index.php?rest_route=%2Fwp%2Fv2%2Fcomments&post=3820"}],"version-history":[{"count":1,"href":"https:\/\/volcanes.net\/index.php?rest_route=\/wp\/v2\/posts\/3820\/revisions"}],"predecessor-version":[{"id":3821,"href":"https:\/\/volcanes.net\/index.php?rest_route=\/wp\/v2\/posts\/3820\/revisions\/3821"}],"wp:featuredmedia":[{"embeddable":true,"href":"https:\/\/volcanes.net\/index.php?rest_route=\/wp\/v2\/media\/3819"}],"wp:attachment":[{"href":"https:\/\/volcanes.net\/index.php?rest_route=%2Fwp%2Fv2%2Fmedia&parent=3820"}],"wp:term":[{"taxonomy":"category","embeddable":true,"href":"https:\/\/volcanes.net\/index.php?rest_route=%2Fwp%2Fv2%2Fcategories&post=3820"},{"taxonomy":"post_tag","embeddable":true,"href":"https:\/\/volcanes.net\/index.php?rest_route=%2Fwp%2Fv2%2Ftags&post=3820"}],"curies":[{"name":"wp","href":"https:\/\/api.w.org\/{rel}","templated":true}]}}