{"id":3823,"date":"2019-01-31T06:13:51","date_gmt":"2019-01-31T06:13:51","guid":{"rendered":"http:\/\/volcanes.net\/?p=3823"},"modified":"2019-01-31T06:13:51","modified_gmt":"2019-01-31T06:13:51","slug":"garantizada-la-transparencia-en-eleccion-en-puebla-afirman-consejeros","status":"publish","type":"post","link":"https:\/\/volcanes.net\/?p=3823","title":{"rendered":"Garantizada la transparencia en elecci\u00f3n en Puebla, afirman consejeros"},"content":{"rendered":"<div style=\"margin-top: 0px; margin-bottom: 0px;\" class=\"sharethis-inline-share-buttons\" ><\/div><p style=\"border:0px;font-family:\">Los consejeros del Instituto Nacional Electoral (INE) Pamela San Mart\u00edn y Benito Nacif Hern\u00e1ndez afirmaron que est\u00e1 garantizada la transparencia y confiabilidad de la elecci\u00f3n extraordinaria que se realizar\u00e1 en Puebla para la elecci\u00f3n de gobernador.<\/p>\n<p style=\"border:0px;font-family:\">En entrevistas por separado, puntualizaron que independientemente de si el INE atrae o no la organizaci\u00f3n completa de esos comicios, los poblanos deben estar seguros que ellos son quienes elegir\u00e1n de manera libre.<\/p>\n<p style=\"border:0px;font-family:\">El jueves se vence el plazo para que el Congreso de Puebla emita la convocatoria para los comicios y puntualice los plazos establecidos para la realizaci\u00f3n de los mismos, y debido a la situaci\u00f3n pol\u00edtica en la entidad, dirigentes de Morena y PAN han solicitado al INE analizar la posibilidad de organizar la elecci\u00f3n extraordinaria.<\/p>\n<p style=\"border:0px;font-family:\">En ese sentido, el consejero electoral Benito Nacif, presidente de la Comisi\u00f3n de Fiscalizaci\u00f3n del INE, apunt\u00f3 que est\u00e1n atentos a lo que digan las fuerzas pol\u00edticas sobre este tema, sobre todo los que participar\u00e1n en estas elecciones.<\/p>\n<p style=\"border:0px;font-family:\">Consider\u00f3 que \u201csi hay consenso tendr\u00edamos que buscar un esquema por el cual el instituto asume m\u00e1s una intervenci\u00f3n mayor en el proceso electoral. Nuestro objetivo es dar certeza y tranquilidad a la opini\u00f3n p\u00fablica de que vamos a tener una elecci\u00f3n apegada a los altos est\u00e1ndares de administraci\u00f3n electoral que se establecen en la ley y que son parte de nuestra normalidad democr\u00e1tica en este pa\u00eds\u201d.<\/p>\n<p style=\"border:0px;font-family:\">Record\u00f3 que el origen de esta situaci\u00f3n fue una tragedia, el fallecimiento de la gobernadora de Puebla, Martha Erika Alonso, y su esposo el senador del PAN, Rafael Moreno Valle, en un accidente a\u00e9reo, el pasado 24 de diciembre.<\/p>\n<p style=\"border:0px;font-family:\">\u201cLo que si les puedo decir es que desde aqu\u00ed, en el INE, haremos todos lo que est\u00e1 a nuestro alcance para darle tranquilidad a la opini\u00f3n p\u00fablica y la ciudadan\u00eda de Puebla de que tendr\u00e1 unas elecciones transparentes y, sobre todo libres\u201d, expres\u00f3.<\/p>\n<p style=\"border:0px;font-family:\">En tanto que la consejera Pamela San Mart\u00edn, presidenta de la Comisi\u00f3n Temporal para el Seguimiento de los Procesos Electorales 2018-209, aclar\u00f3 que el plazo que vence ma\u00f1ana no es para que los consejeros decidan si atraen o no la elecci\u00f3n de Puebla, sino para que salga la convocatoria para las elecciones.<\/p>\n<p style=\"border:0px;font-family:\">Explic\u00f3 que quienes pueden solicitar la asunci\u00f3n de las elecciones son: por lo menos cuatro consejeros del INE y la mayor\u00eda de los integrantes del Organismo P\u00fablico Electoral Local (OPLE), y para tomar la decisi\u00f3n es por mayor\u00eda calificada en el Consejo General del INE, es decir, el voto de ocho de los 11 consejeros.<\/p>\n<p style=\"border:0px;font-family:\">Coincidi\u00f3 en que el tema fundamental, independientemente de la decisi\u00f3n que se tome, es que los poblanos pueden tener la seguridad de que el proceso electoral se celebrar\u00e1 con absolutamente todas las garant\u00edas para que ellos definan, con su voto, quien ser\u00e1 quien ocupe la gubernatura del estado.<\/p>\n","protected":false},"excerpt":{"rendered":"<p>Los consejeros del Instituto Nacional Electoral (INE) Pamela San Mart\u00edn y Benito Nacif Hern\u00e1ndez afirmaron<\/p>\n","protected":false},"author":1,"featured_media":3822,"comment_status":"open","ping_status":"open","sticky":false,"template":"","format":"standard","meta":{"footnotes":""},"categories":[1],"tags":[170],"class_list":["post-3823","post","type-post","status-publish","format-standard","has-post-thumbnail","hentry","category-municipales","tag-puebla"],"yoast_head":"<!-- This site is optimized with the Yoast SEO plugin v25.3 - https:\/\/yoast.com\/wordpress\/plugins\/seo\/ -->\n<title>Garantizada la transparencia en elecci\u00f3n en Puebla, afirman consejeros - Volcanes<\/title>\n<meta name=\"robots\" content=\"index, follow, max-snippet:-1, max-image-preview:large, max-video-preview:-1\" \/>\n<link rel=\"canonical\" href=\"https:\/\/volcanes.net\/?p=3823\" \/>\n<meta property=\"og:locale\" content=\"es_MX\" \/>\n<meta property=\"og:type\" content=\"article\" \/>\n<meta property=\"og:title\" content=\"Garantizada la transparencia en elecci\u00f3n en Puebla, afirman consejeros - Volcanes\" \/>\n<meta property=\"og:description\" content=\"Los consejeros del Instituto Nacional Electoral (INE) Pamela San Mart\u00edn y Benito Nacif Hern\u00e1ndez afirmaron\" \/>\n<meta property=\"og:url\" content=\"https:\/\/volcanes.net\/?p=3823\" \/>\n<meta property=\"og:site_name\" content=\"Volcanes\" \/>\n<meta property=\"article:publisher\" content=\"https:\/\/www.facebook.com\/volcanes.net\/\" \/>\n<meta property=\"article:published_time\" content=\"2019-01-31T06:13:51+00:00\" \/>\n<meta property=\"og:image\" content=\"https:\/\/volcanes.net\/wp-content\/uploads\/2019\/01\/oos1ReKq4GEkMw8Zrg1yL5GArlxfSMnmmDVu_4Y1KpH2sROZbAdguJzpXtPTojFPKCXUdoo8gTqNT6kNh0geFAgs.jpeg\" \/>\n\t<meta property=\"og:image:width\" content=\"512\" \/>\n\t<meta property=\"og:image:height\" content=\"341\" \/>\n\t<meta property=\"og:image:type\" content=\"image\/jpeg\" \/>\n<meta name=\"author\" content=\"admin\" \/>\n<meta name=\"twitter:card\" content=\"summary_large_image\" \/>\n<meta name=\"twitter:label1\" content=\"Escrito por\" \/>\n\t<meta name=\"twitter:data1\" content=\"admin\" \/>\n\t<meta name=\"twitter:label2\" content=\"Tiempo de lectura\" \/>\n\t<meta name=\"twitter:data2\" content=\"3 minutos\" \/>\n<script type=\"application\/ld+json\" class=\"yoast-schema-graph\">{\"@context\":\"https:\/\/schema.org\",\"@graph\":[{\"@type\":\"Article\",\"@id\":\"https:\/\/volcanes.net\/?p=3823#article\",\"isPartOf\":{\"@id\":\"https:\/\/volcanes.net\/?p=3823\"},\"author\":{\"name\":\"admin\",\"@id\":\"https:\/\/volcanes.net\/#\/schema\/person\/4bf0f383940966a4abd53f5048c0e6b9\"},\"headline\":\"Garantizada la transparencia en elecci\u00f3n en Puebla, afirman consejeros\",\"datePublished\":\"2019-01-31T06:13:51+00:00\",\"mainEntityOfPage\":{\"@id\":\"https:\/\/volcanes.net\/?p=3823\"},\"wordCount\":516,\"commentCount\":0,\"publisher\":{\"@id\":\"https:\/\/volcanes.net\/#organization\"},\"image\":{\"@id\":\"https:\/\/volcanes.net\/?p=3823#primaryimage\"},\"thumbnailUrl\":\"https:\/\/volcanes.net\/wp-content\/uploads\/2019\/01\/oos1ReKq4GEkMw8Zrg1yL5GArlxfSMnmmDVu_4Y1KpH2sROZbAdguJzpXtPTojFPKCXUdoo8gTqNT6kNh0geFAgs.jpeg\",\"keywords\":[\"Puebla\"],\"articleSection\":[\"Municipales\"],\"inLanguage\":\"es\",\"potentialAction\":[{\"@type\":\"CommentAction\",\"name\":\"Comment\",\"target\":[\"https:\/\/volcanes.net\/?p=3823#respond\"]}]},{\"@type\":\"WebPage\",\"@id\":\"https:\/\/volcanes.net\/?p=3823\",\"url\":\"https:\/\/volcanes.net\/?p=3823\",\"name\":\"Garantizada la transparencia en elecci\u00f3n en Puebla, afirman consejeros - Volcanes\",\"isPartOf\":{\"@id\":\"https:\/\/volcanes.net\/#website\"},\"primaryImageOfPage\":{\"@id\":\"https:\/\/volcanes.net\/?p=3823#primaryimage\"},\"image\":{\"@id\":\"https:\/\/volcanes.net\/?p=3823#primaryimage\"},\"thumbnailUrl\":\"https:\/\/volcanes.net\/wp-content\/uploads\/2019\/01\/oos1ReKq4GEkMw8Zrg1yL5GArlxfSMnmmDVu_4Y1KpH2sROZbAdguJzpXtPTojFPKCXUdoo8gTqNT6kNh0geFAgs.jpeg\",\"datePublished\":\"2019-01-31T06:13:51+00:00\",\"breadcrumb\":{\"@id\":\"https:\/\/volcanes.net\/?p=3823#breadcrumb\"},\"inLanguage\":\"es\",\"potentialAction\":[{\"@type\":\"ReadAction\",\"target\":[\"https:\/\/volcanes.net\/?p=3823\"]}]},{\"@type\":\"ImageObject\",\"inLanguage\":\"es\",\"@id\":\"https:\/\/volcanes.net\/?p=3823#primaryimage\",\"url\":\"https:\/\/volcanes.net\/wp-content\/uploads\/2019\/01\/oos1ReKq4GEkMw8Zrg1yL5GArlxfSMnmmDVu_4Y1KpH2sROZbAdguJzpXtPTojFPKCXUdoo8gTqNT6kNh0geFAgs.jpeg\",\"contentUrl\":\"https:\/\/volcanes.net\/wp-content\/uploads\/2019\/01\/oos1ReKq4GEkMw8Zrg1yL5GArlxfSMnmmDVu_4Y1KpH2sROZbAdguJzpXtPTojFPKCXUdoo8gTqNT6kNh0geFAgs.jpeg\",\"width\":512,\"height\":341},{\"@type\":\"BreadcrumbList\",\"@id\":\"https:\/\/volcanes.net\/?p=3823#breadcrumb\",\"itemListElement\":[{\"@type\":\"ListItem\",\"position\":1,\"name\":\"Portada\",\"item\":\"https:\/\/volcanes.net\/\"},{\"@type\":\"ListItem\",\"position\":2,\"name\":\"Garantizada la transparencia en elecci\u00f3n en Puebla, afirman consejeros\"}]},{\"@type\":\"WebSite\",\"@id\":\"https:\/\/volcanes.net\/#website\",\"url\":\"https:\/\/volcanes.net\/\",\"name\":\"Volcanes.Net\",\"description\":\"Periodismo Profesional\",\"publisher\":{\"@id\":\"https:\/\/volcanes.net\/#organization\"},\"potentialAction\":[{\"@type\":\"SearchAction\",\"target\":{\"@type\":\"EntryPoint\",\"urlTemplate\":\"https:\/\/volcanes.net\/?s={search_term_string}\"},\"query-input\":{\"@type\":\"PropertyValueSpecification\",\"valueRequired\":true,\"valueName\":\"search_term_string\"}}],\"inLanguage\":\"es\"},{\"@type\":\"Organization\",\"@id\":\"https:\/\/volcanes.net\/#organization\",\"name\":\"Grupo Volcanes\",\"url\":\"https:\/\/volcanes.net\/\",\"logo\":{\"@type\":\"ImageObject\",\"inLanguage\":\"es\",\"@id\":\"https:\/\/volcanes.net\/#\/schema\/logo\/image\/\",\"url\":\"http:\/\/volcanes.net\/wp-content\/uploads\/2017\/12\/Avatar2.jpg\",\"contentUrl\":\"http:\/\/volcanes.net\/wp-content\/uploads\/2017\/12\/Avatar2.jpg\",\"width\":378,\"height\":378,\"caption\":\"Grupo Volcanes\"},\"image\":{\"@id\":\"https:\/\/volcanes.net\/#\/schema\/logo\/image\/\"},\"sameAs\":[\"https:\/\/www.facebook.com\/volcanes.net\/\"]},{\"@type\":\"Person\",\"@id\":\"https:\/\/volcanes.net\/#\/schema\/person\/4bf0f383940966a4abd53f5048c0e6b9\",\"name\":\"admin\",\"image\":{\"@type\":\"ImageObject\",\"inLanguage\":\"es\",\"@id\":\"https:\/\/volcanes.net\/#\/schema\/person\/image\/\",\"url\":\"https:\/\/secure.gravatar.com\/avatar\/ca004e6cba8462b8cb7abc86e382930c?s=96&d=mm&r=g\",\"contentUrl\":\"https:\/\/secure.gravatar.com\/avatar\/ca004e6cba8462b8cb7abc86e382930c?s=96&d=mm&r=g\",\"caption\":\"admin\"}}]}<\/script>\n<!-- \/ Yoast SEO plugin. -->","yoast_head_json":{"title":"Garantizada la transparencia en elecci\u00f3n en Puebla, afirman consejeros - Volcanes","robots":{"index":"index","follow":"follow","max-snippet":"max-snippet:-1","max-image-preview":"max-image-preview:large","max-video-preview":"max-video-preview:-1"},"canonical":"https:\/\/volcanes.net\/?p=3823","og_locale":"es_MX","og_type":"article","og_title":"Garantizada la transparencia en elecci\u00f3n en Puebla, afirman consejeros - Volcanes","og_description":"Los consejeros del Instituto Nacional Electoral (INE) Pamela San Mart\u00edn y Benito Nacif Hern\u00e1ndez afirmaron","og_url":"https:\/\/volcanes.net\/?p=3823","og_site_name":"Volcanes","article_publisher":"https:\/\/www.facebook.com\/volcanes.net\/","article_published_time":"2019-01-31T06:13:51+00:00","og_image":[{"width":512,"height":341,"url":"https:\/\/volcanes.net\/wp-content\/uploads\/2019\/01\/oos1ReKq4GEkMw8Zrg1yL5GArlxfSMnmmDVu_4Y1KpH2sROZbAdguJzpXtPTojFPKCXUdoo8gTqNT6kNh0geFAgs.jpeg","type":"image\/jpeg"}],"author":"admin","twitter_card":"summary_large_image","twitter_misc":{"Escrito por":"admin","Tiempo de lectura":"3 minutos"},"schema":{"@context":"https:\/\/schema.org","@graph":[{"@type":"Article","@id":"https:\/\/volcanes.net\/?p=3823#article","isPartOf":{"@id":"https:\/\/volcanes.net\/?p=3823"},"author":{"name":"admin","@id":"https:\/\/volcanes.net\/#\/schema\/person\/4bf0f383940966a4abd53f5048c0e6b9"},"headline":"Garantizada la transparencia en elecci\u00f3n en Puebla, afirman consejeros","datePublished":"2019-01-31T06:13:51+00:00","mainEntityOfPage":{"@id":"https:\/\/volcanes.net\/?p=3823"},"wordCount":516,"commentCount":0,"publisher":{"@id":"https:\/\/volcanes.net\/#organization"},"image":{"@id":"https:\/\/volcanes.net\/?p=3823#primaryimage"},"thumbnailUrl":"https:\/\/volcanes.net\/wp-content\/uploads\/2019\/01\/oos1ReKq4GEkMw8Zrg1yL5GArlxfSMnmmDVu_4Y1KpH2sROZbAdguJzpXtPTojFPKCXUdoo8gTqNT6kNh0geFAgs.jpeg","keywords":["Puebla"],"articleSection":["Municipales"],"inLanguage":"es","potentialAction":[{"@type":"CommentAction","name":"Comment","target":["https:\/\/volcanes.net\/?p=3823#respond"]}]},{"@type":"WebPage","@id":"https:\/\/volcanes.net\/?p=3823","url":"https:\/\/volcanes.net\/?p=3823","name":"Garantizada la transparencia en elecci\u00f3n en Puebla, afirman consejeros - Volcanes","isPartOf":{"@id":"https:\/\/volcanes.net\/#website"},"primaryImageOfPage":{"@id":"https:\/\/volcanes.net\/?p=3823#primaryimage"},"image":{"@id":"https:\/\/volcanes.net\/?p=3823#primaryimage"},"thumbnailUrl":"https:\/\/volcanes.net\/wp-content\/uploads\/2019\/01\/oos1ReKq4GEkMw8Zrg1yL5GArlxfSMnmmDVu_4Y1KpH2sROZbAdguJzpXtPTojFPKCXUdoo8gTqNT6kNh0geFAgs.jpeg","datePublished":"2019-01-31T06:13:51+00:00","breadcrumb":{"@id":"https:\/\/volcanes.net\/?p=3823#breadcrumb"},"inLanguage":"es","potentialAction":[{"@type":"ReadAction","target":["https:\/\/volcanes.net\/?p=3823"]}]},{"@type":"ImageObject","inLanguage":"es","@id":"https:\/\/volcanes.net\/?p=3823#primaryimage","url":"https:\/\/volcanes.net\/wp-content\/uploads\/2019\/01\/oos1ReKq4GEkMw8Zrg1yL5GArlxfSMnmmDVu_4Y1KpH2sROZbAdguJzpXtPTojFPKCXUdoo8gTqNT6kNh0geFAgs.jpeg","contentUrl":"https:\/\/volcanes.net\/wp-content\/uploads\/2019\/01\/oos1ReKq4GEkMw8Zrg1yL5GArlxfSMnmmDVu_4Y1KpH2sROZbAdguJzpXtPTojFPKCXUdoo8gTqNT6kNh0geFAgs.jpeg","width":512,"height":341},{"@type":"BreadcrumbList","@id":"https:\/\/volcanes.net\/?p=3823#breadcrumb","itemListElement":[{"@type":"ListItem","position":1,"name":"Portada","item":"https:\/\/volcanes.net\/"},{"@type":"ListItem","position":2,"name":"Garantizada la transparencia en elecci\u00f3n en Puebla, afirman consejeros"}]},{"@type":"WebSite","@id":"https:\/\/volcanes.net\/#website","url":"https:\/\/volcanes.net\/","name":"Volcanes.Net","description":"Periodismo Profesional","publisher":{"@id":"https:\/\/volcanes.net\/#organization"},"potentialAction":[{"@type":"SearchAction","target":{"@type":"EntryPoint","urlTemplate":"https:\/\/volcanes.net\/?s={search_term_string}"},"query-input":{"@type":"PropertyValueSpecification","valueRequired":true,"valueName":"search_term_string"}}],"inLanguage":"es"},{"@type":"Organization","@id":"https:\/\/volcanes.net\/#organization","name":"Grupo Volcanes","url":"https:\/\/volcanes.net\/","logo":{"@type":"ImageObject","inLanguage":"es","@id":"https:\/\/volcanes.net\/#\/schema\/logo\/image\/","url":"http:\/\/volcanes.net\/wp-content\/uploads\/2017\/12\/Avatar2.jpg","contentUrl":"http:\/\/volcanes.net\/wp-content\/uploads\/2017\/12\/Avatar2.jpg","width":378,"height":378,"caption":"Grupo Volcanes"},"image":{"@id":"https:\/\/volcanes.net\/#\/schema\/logo\/image\/"},"sameAs":["https:\/\/www.facebook.com\/volcanes.net\/"]},{"@type":"Person","@id":"https:\/\/volcanes.net\/#\/schema\/person\/4bf0f383940966a4abd53f5048c0e6b9","name":"admin","image":{"@type":"ImageObject","inLanguage":"es","@id":"https:\/\/volcanes.net\/#\/schema\/person\/image\/","url":"https:\/\/secure.gravatar.com\/avatar\/ca004e6cba8462b8cb7abc86e382930c?s=96&d=mm&r=g","contentUrl":"https:\/\/secure.gravatar.com\/avatar\/ca004e6cba8462b8cb7abc86e382930c?s=96&d=mm&r=g","caption":"admin"}}]}},"_links":{"self":[{"href":"https:\/\/volcanes.net\/index.php?rest_route=\/wp\/v2\/posts\/3823"}],"collection":[{"href":"https:\/\/volcanes.net\/index.php?rest_route=\/wp\/v2\/posts"}],"about":[{"href":"https:\/\/volcanes.net\/index.php?rest_route=\/wp\/v2\/types\/post"}],"author":[{"embeddable":true,"href":"https:\/\/volcanes.net\/index.php?rest_route=\/wp\/v2\/users\/1"}],"replies":[{"embeddable":true,"href":"https:\/\/volcanes.net\/index.php?rest_route=%2Fwp%2Fv2%2Fcomments&post=3823"}],"version-history":[{"count":1,"href":"https:\/\/volcanes.net\/index.php?rest_route=\/wp\/v2\/posts\/3823\/revisions"}],"predecessor-version":[{"id":3824,"href":"https:\/\/volcanes.net\/index.php?rest_route=\/wp\/v2\/posts\/3823\/revisions\/3824"}],"wp:featuredmedia":[{"embeddable":true,"href":"https:\/\/volcanes.net\/index.php?rest_route=\/wp\/v2\/media\/3822"}],"wp:attachment":[{"href":"https:\/\/volcanes.net\/index.php?rest_route=%2Fwp%2Fv2%2Fmedia&parent=3823"}],"wp:term":[{"taxonomy":"category","embeddable":true,"href":"https:\/\/volcanes.net\/index.php?rest_route=%2Fwp%2Fv2%2Fcategories&post=3823"},{"taxonomy":"post_tag","embeddable":true,"href":"https:\/\/volcanes.net\/index.php?rest_route=%2Fwp%2Fv2%2Ftags&post=3823"}],"curies":[{"name":"wp","href":"https:\/\/api.w.org\/{rel}","templated":true}]}}