{"id":3838,"date":"2019-01-31T19:27:53","date_gmt":"2019-01-31T19:27:53","guid":{"rendered":"http:\/\/volcanes.net\/?p=3838"},"modified":"2019-01-31T19:27:53","modified_gmt":"2019-01-31T19:27:53","slug":"otorgan-reconocimiento-a-alcalde-de-nezahualcoyotl","status":"publish","type":"post","link":"https:\/\/volcanes.net\/?p=3838","title":{"rendered":"Otorgan reconocimiento a Alcalde de Nezahualc\u00f3yotl"},"content":{"rendered":"<div style=\"margin-top: 0px; margin-bottom: 0px;\" class=\"sharethis-inline-share-buttons\" ><\/div><p>-De los 125 municipios en el Estado de M\u00e9xico, s\u00f3lo 59 fueron reconocidos por sus avances<\/p>\n<div class=\"mail-message-content collapsible zoom-normal mail-show-images\" style=\"overflow-wrap:break-word; color:rgb(0,0,0); font-family:sans-serif; font-size:12.8px; font-style:normal; font-variant-ligatures:normal; font-variant-caps:normal; font-weight:400; letter-spacing:normal; orphans:2text-indent:0px; text-transform:none; white-space:normal; widows:2; word-spacing:0px; -webkit-text-stroke-width:0px; text-decoration-style:initial; text-decoration-color:initial; display:block; margin:16px0px; text-align:left;\">\n<div class=\"clear\">\n<div dir=\"ltr\">\n<p class=\"MsoNormal\" style=\"line-height:11.75pt; margin:0cm0cm8pt; font-size:11pt; font-family:Calibri,sans-serif;\">\n<p class=\"MsoNormal\" style=\"line-height:11.75pt; margin:0cm0cm8pt; font-size:11pt; font-family:Calibri,sans-serif;\">Durante la Tercera Sesi\u00f3n de Cabildo del gobierno municipal de Nezahualc\u00f3yotl, el alcalde Juan Hugo de la Rosa Garc\u00eda, recibi\u00f3 por parte del Instituto Nacional para el Federalismo y el Desarrollo Municipal (INAFED), un reconocimiento en la categor\u00eda \u201cAvance de la Transformaci\u00f3n\u201d por su participaci\u00f3n y labor en el Programa de Agenda para el Desarrollo Municipal 2018 de manos de la maestra M\u00f3nica Estrada Hern\u00e1ndez.<\/p>\n<p class=\"MsoNormal\" style=\"line-height:11.75pt; margin:0cm0cm8pt; font-size:11pt; font-family:Calibri,sans-serif;\">\n<p class=\"MsoNormal\" style=\"line-height:11.75pt; margin:0cm0cm8pt; font-size:11pt; font-family:Calibri,sans-serif;\">El presidente municipal inform\u00f3 que este programa fue dise\u00f1ado por la Secretaria de Gobernaci\u00f3n, a trav\u00e9s del INAFED y busca fortalecer las capacidades institucionales de los municipios, ayud\u00e1ndoles a detectar sus prioridades y a dise\u00f1ar acciones que les permitan alcanzar resultados concretos y verificables como es el caso de Nezahualc\u00f3yotl.<\/p>\n<p class=\"MsoNormal\" style=\"line-height:11.75pt; margin:0cm0cm8pt; font-size:11pt; font-family:Calibri,sans-serif;\">\n<p class=\"MsoNormal\" style=\"line-height:11.75pt; margin:0cm0cm8pt; font-size:11pt; font-family:Calibri,sans-serif;\">Detall\u00f3 que, de acuerdo con el INAFED, de los 125 municipios que conforman el Estado de M\u00e9xico, 108 fueron verificados, de los cuales \u00fanicamente 59 fueron reconocidos por su avance de la transformaci\u00f3n para el Desarrollo Municipal, al tiempo que destac\u00f3 que el registro al Programa fue de manera voluntaria y que de los 2 mil 458 gobiernos municipales en todo el pa\u00eds, Nezahualc\u00f3yotl form\u00f3 parte de los 2 mil 290 que se registraron y asumieron dicha responsabilidad en beneficio de sus ciudades, pues lament\u00f3 que cerca del 7% del total opt\u00f3 por no iniciar el proceso.<\/p>\n<p class=\"MsoNormal\" style=\"line-height:11.75pt; margin:0cm0cm8pt; font-size:11pt; font-family:Calibri,sans-serif;\">\n<p class=\"MsoNormal\" style=\"line-height:11.75pt; margin:0cm0cm8pt; font-size:11pt; font-family:Calibri,sans-serif;\">Por su parte, M\u00f3nica Estrada Hern\u00e1ndez, enlace del INAFED, explic\u00f3 que, durante este proceso, el gobierno municipal de Nezahualc\u00f3yotl, as\u00ed como el resto de los municipios del Estado de M\u00e9xico, contaron con una Instancia verificadora que fue la encargada de revisar tanto los resultados reportados por los municipios como el panorama de la gesti\u00f3n de la administraci\u00f3n p\u00fablica y los logros de su desempe\u00f1o.<\/p>\n<p class=\"MsoNormal\" style=\"line-height:11.75pt; margin:0cm0cm8pt; font-size:11pt; font-family:Calibri,sans-serif;\">\n<p class=\"MsoNormal\" style=\"line-height:11.75pt; margin:0cm0cm8pt; font-size:11pt; font-family:Calibri,sans-serif;\">De la Rosa Garc\u00eda expres\u00f3 su gratitud al Instituto por tal reconocimiento y a\u00f1adi\u00f3 que es un honor trabajar de la mano con dicha instituci\u00f3n pues gracias al Programa, en Nezahualc\u00f3yotl, se ha logrado obtener un beneficio y mejora en su gesti\u00f3n administrativa, adem\u00e1s de detectar y priorizar las necesidades, lo que contribuye de manera significativa a mejorar la calidad de vida de la poblaci\u00f3n.<\/p>\n<p class=\"MsoNormal\" style=\"line-height:11.75pt; margin:0cm0cm8pt; font-size:11pt; font-family:Calibri,sans-serif;\">\n<p class=\"MsoNormal\" style=\"line-height:11.75pt; margin:0cm0cm8pt; font-size:11pt; font-family:Calibri,sans-serif;\">Por \u00faltimo, el presidente municipal Juan Hugo de la Rosa Garc\u00eda agradeci\u00f3 el reconocimiento y asegur\u00f3 que su administraci\u00f3n seguir\u00e1 colaborando con estos programas que buscan mayor efectividad, transparencia y alcances en beneficio de todos.<\/p>\n<\/div>\n<\/div>\n<\/div>\n","protected":false},"excerpt":{"rendered":"<p>-De los 125 municipios en el Estado de M\u00e9xico, s\u00f3lo 59 fueron reconocidos por sus<\/p>\n","protected":false},"author":1,"featured_media":3837,"comment_status":"open","ping_status":"open","sticky":false,"template":"","format":"standard","meta":{"footnotes":""},"categories":[1],"tags":[21],"class_list":["post-3838","post","type-post","status-publish","format-standard","has-post-thumbnail","hentry","category-municipales","tag-nezahualcoyotl"],"yoast_head":"<!-- This site is optimized with the Yoast SEO plugin v25.3 - https:\/\/yoast.com\/wordpress\/plugins\/seo\/ -->\n<title>Otorgan reconocimiento a Alcalde de Nezahualc\u00f3yotl - Volcanes<\/title>\n<meta name=\"robots\" content=\"index, follow, max-snippet:-1, max-image-preview:large, max-video-preview:-1\" \/>\n<link rel=\"canonical\" href=\"https:\/\/volcanes.net\/?p=3838\" \/>\n<meta property=\"og:locale\" content=\"es_MX\" \/>\n<meta property=\"og:type\" content=\"article\" \/>\n<meta property=\"og:title\" content=\"Otorgan reconocimiento a Alcalde de Nezahualc\u00f3yotl - Volcanes\" \/>\n<meta property=\"og:description\" content=\"-De los 125 municipios en el Estado de M\u00e9xico, s\u00f3lo 59 fueron reconocidos por sus\" \/>\n<meta property=\"og:url\" content=\"https:\/\/volcanes.net\/?p=3838\" \/>\n<meta property=\"og:site_name\" content=\"Volcanes\" \/>\n<meta property=\"article:publisher\" content=\"https:\/\/www.facebook.com\/volcanes.net\/\" \/>\n<meta property=\"article:published_time\" content=\"2019-01-31T19:27:53+00:00\" \/>\n<meta property=\"og:image\" content=\"https:\/\/volcanes.net\/wp-content\/uploads\/2019\/01\/51007271_2609411692407567_827200676755931136_n.jpg\" \/>\n\t<meta property=\"og:image:width\" content=\"960\" \/>\n\t<meta property=\"og:image:height\" content=\"720\" \/>\n\t<meta property=\"og:image:type\" content=\"image\/jpeg\" \/>\n<meta name=\"author\" content=\"admin\" \/>\n<meta name=\"twitter:card\" content=\"summary_large_image\" \/>\n<meta name=\"twitter:label1\" content=\"Escrito por\" \/>\n\t<meta name=\"twitter:data1\" content=\"admin\" \/>\n\t<meta name=\"twitter:label2\" content=\"Tiempo de lectura\" \/>\n\t<meta name=\"twitter:data2\" content=\"2 minutos\" \/>\n<script type=\"application\/ld+json\" class=\"yoast-schema-graph\">{\"@context\":\"https:\/\/schema.org\",\"@graph\":[{\"@type\":\"Article\",\"@id\":\"https:\/\/volcanes.net\/?p=3838#article\",\"isPartOf\":{\"@id\":\"https:\/\/volcanes.net\/?p=3838\"},\"author\":{\"name\":\"admin\",\"@id\":\"https:\/\/volcanes.net\/#\/schema\/person\/4bf0f383940966a4abd53f5048c0e6b9\"},\"headline\":\"Otorgan reconocimiento a Alcalde de Nezahualc\u00f3yotl\",\"datePublished\":\"2019-01-31T19:27:53+00:00\",\"mainEntityOfPage\":{\"@id\":\"https:\/\/volcanes.net\/?p=3838\"},\"wordCount\":425,\"commentCount\":0,\"publisher\":{\"@id\":\"https:\/\/volcanes.net\/#organization\"},\"image\":{\"@id\":\"https:\/\/volcanes.net\/?p=3838#primaryimage\"},\"thumbnailUrl\":\"https:\/\/volcanes.net\/wp-content\/uploads\/2019\/01\/51007271_2609411692407567_827200676755931136_n.jpg\",\"keywords\":[\"Nezahualc\u00f3yotl\"],\"articleSection\":[\"Municipales\"],\"inLanguage\":\"es\",\"potentialAction\":[{\"@type\":\"CommentAction\",\"name\":\"Comment\",\"target\":[\"https:\/\/volcanes.net\/?p=3838#respond\"]}]},{\"@type\":\"WebPage\",\"@id\":\"https:\/\/volcanes.net\/?p=3838\",\"url\":\"https:\/\/volcanes.net\/?p=3838\",\"name\":\"Otorgan reconocimiento a Alcalde de Nezahualc\u00f3yotl - Volcanes\",\"isPartOf\":{\"@id\":\"https:\/\/volcanes.net\/#website\"},\"primaryImageOfPage\":{\"@id\":\"https:\/\/volcanes.net\/?p=3838#primaryimage\"},\"image\":{\"@id\":\"https:\/\/volcanes.net\/?p=3838#primaryimage\"},\"thumbnailUrl\":\"https:\/\/volcanes.net\/wp-content\/uploads\/2019\/01\/51007271_2609411692407567_827200676755931136_n.jpg\",\"datePublished\":\"2019-01-31T19:27:53+00:00\",\"breadcrumb\":{\"@id\":\"https:\/\/volcanes.net\/?p=3838#breadcrumb\"},\"inLanguage\":\"es\",\"potentialAction\":[{\"@type\":\"ReadAction\",\"target\":[\"https:\/\/volcanes.net\/?p=3838\"]}]},{\"@type\":\"ImageObject\",\"inLanguage\":\"es\",\"@id\":\"https:\/\/volcanes.net\/?p=3838#primaryimage\",\"url\":\"https:\/\/volcanes.net\/wp-content\/uploads\/2019\/01\/51007271_2609411692407567_827200676755931136_n.jpg\",\"contentUrl\":\"https:\/\/volcanes.net\/wp-content\/uploads\/2019\/01\/51007271_2609411692407567_827200676755931136_n.jpg\",\"width\":960,\"height\":720},{\"@type\":\"BreadcrumbList\",\"@id\":\"https:\/\/volcanes.net\/?p=3838#breadcrumb\",\"itemListElement\":[{\"@type\":\"ListItem\",\"position\":1,\"name\":\"Portada\",\"item\":\"https:\/\/volcanes.net\/\"},{\"@type\":\"ListItem\",\"position\":2,\"name\":\"Otorgan reconocimiento a Alcalde de Nezahualc\u00f3yotl\"}]},{\"@type\":\"WebSite\",\"@id\":\"https:\/\/volcanes.net\/#website\",\"url\":\"https:\/\/volcanes.net\/\",\"name\":\"Volcanes.Net\",\"description\":\"Periodismo Profesional\",\"publisher\":{\"@id\":\"https:\/\/volcanes.net\/#organization\"},\"potentialAction\":[{\"@type\":\"SearchAction\",\"target\":{\"@type\":\"EntryPoint\",\"urlTemplate\":\"https:\/\/volcanes.net\/?s={search_term_string}\"},\"query-input\":{\"@type\":\"PropertyValueSpecification\",\"valueRequired\":true,\"valueName\":\"search_term_string\"}}],\"inLanguage\":\"es\"},{\"@type\":\"Organization\",\"@id\":\"https:\/\/volcanes.net\/#organization\",\"name\":\"Grupo Volcanes\",\"url\":\"https:\/\/volcanes.net\/\",\"logo\":{\"@type\":\"ImageObject\",\"inLanguage\":\"es\",\"@id\":\"https:\/\/volcanes.net\/#\/schema\/logo\/image\/\",\"url\":\"http:\/\/volcanes.net\/wp-content\/uploads\/2017\/12\/Avatar2.jpg\",\"contentUrl\":\"http:\/\/volcanes.net\/wp-content\/uploads\/2017\/12\/Avatar2.jpg\",\"width\":378,\"height\":378,\"caption\":\"Grupo Volcanes\"},\"image\":{\"@id\":\"https:\/\/volcanes.net\/#\/schema\/logo\/image\/\"},\"sameAs\":[\"https:\/\/www.facebook.com\/volcanes.net\/\"]},{\"@type\":\"Person\",\"@id\":\"https:\/\/volcanes.net\/#\/schema\/person\/4bf0f383940966a4abd53f5048c0e6b9\",\"name\":\"admin\",\"image\":{\"@type\":\"ImageObject\",\"inLanguage\":\"es\",\"@id\":\"https:\/\/volcanes.net\/#\/schema\/person\/image\/\",\"url\":\"https:\/\/secure.gravatar.com\/avatar\/ca004e6cba8462b8cb7abc86e382930c?s=96&d=mm&r=g\",\"contentUrl\":\"https:\/\/secure.gravatar.com\/avatar\/ca004e6cba8462b8cb7abc86e382930c?s=96&d=mm&r=g\",\"caption\":\"admin\"}}]}<\/script>\n<!-- \/ Yoast SEO plugin. -->","yoast_head_json":{"title":"Otorgan reconocimiento a Alcalde de Nezahualc\u00f3yotl - Volcanes","robots":{"index":"index","follow":"follow","max-snippet":"max-snippet:-1","max-image-preview":"max-image-preview:large","max-video-preview":"max-video-preview:-1"},"canonical":"https:\/\/volcanes.net\/?p=3838","og_locale":"es_MX","og_type":"article","og_title":"Otorgan reconocimiento a Alcalde de Nezahualc\u00f3yotl - Volcanes","og_description":"-De los 125 municipios en el Estado de M\u00e9xico, s\u00f3lo 59 fueron reconocidos por sus","og_url":"https:\/\/volcanes.net\/?p=3838","og_site_name":"Volcanes","article_publisher":"https:\/\/www.facebook.com\/volcanes.net\/","article_published_time":"2019-01-31T19:27:53+00:00","og_image":[{"width":960,"height":720,"url":"https:\/\/volcanes.net\/wp-content\/uploads\/2019\/01\/51007271_2609411692407567_827200676755931136_n.jpg","type":"image\/jpeg"}],"author":"admin","twitter_card":"summary_large_image","twitter_misc":{"Escrito por":"admin","Tiempo de lectura":"2 minutos"},"schema":{"@context":"https:\/\/schema.org","@graph":[{"@type":"Article","@id":"https:\/\/volcanes.net\/?p=3838#article","isPartOf":{"@id":"https:\/\/volcanes.net\/?p=3838"},"author":{"name":"admin","@id":"https:\/\/volcanes.net\/#\/schema\/person\/4bf0f383940966a4abd53f5048c0e6b9"},"headline":"Otorgan reconocimiento a Alcalde de Nezahualc\u00f3yotl","datePublished":"2019-01-31T19:27:53+00:00","mainEntityOfPage":{"@id":"https:\/\/volcanes.net\/?p=3838"},"wordCount":425,"commentCount":0,"publisher":{"@id":"https:\/\/volcanes.net\/#organization"},"image":{"@id":"https:\/\/volcanes.net\/?p=3838#primaryimage"},"thumbnailUrl":"https:\/\/volcanes.net\/wp-content\/uploads\/2019\/01\/51007271_2609411692407567_827200676755931136_n.jpg","keywords":["Nezahualc\u00f3yotl"],"articleSection":["Municipales"],"inLanguage":"es","potentialAction":[{"@type":"CommentAction","name":"Comment","target":["https:\/\/volcanes.net\/?p=3838#respond"]}]},{"@type":"WebPage","@id":"https:\/\/volcanes.net\/?p=3838","url":"https:\/\/volcanes.net\/?p=3838","name":"Otorgan reconocimiento a Alcalde de Nezahualc\u00f3yotl - Volcanes","isPartOf":{"@id":"https:\/\/volcanes.net\/#website"},"primaryImageOfPage":{"@id":"https:\/\/volcanes.net\/?p=3838#primaryimage"},"image":{"@id":"https:\/\/volcanes.net\/?p=3838#primaryimage"},"thumbnailUrl":"https:\/\/volcanes.net\/wp-content\/uploads\/2019\/01\/51007271_2609411692407567_827200676755931136_n.jpg","datePublished":"2019-01-31T19:27:53+00:00","breadcrumb":{"@id":"https:\/\/volcanes.net\/?p=3838#breadcrumb"},"inLanguage":"es","potentialAction":[{"@type":"ReadAction","target":["https:\/\/volcanes.net\/?p=3838"]}]},{"@type":"ImageObject","inLanguage":"es","@id":"https:\/\/volcanes.net\/?p=3838#primaryimage","url":"https:\/\/volcanes.net\/wp-content\/uploads\/2019\/01\/51007271_2609411692407567_827200676755931136_n.jpg","contentUrl":"https:\/\/volcanes.net\/wp-content\/uploads\/2019\/01\/51007271_2609411692407567_827200676755931136_n.jpg","width":960,"height":720},{"@type":"BreadcrumbList","@id":"https:\/\/volcanes.net\/?p=3838#breadcrumb","itemListElement":[{"@type":"ListItem","position":1,"name":"Portada","item":"https:\/\/volcanes.net\/"},{"@type":"ListItem","position":2,"name":"Otorgan reconocimiento a Alcalde de Nezahualc\u00f3yotl"}]},{"@type":"WebSite","@id":"https:\/\/volcanes.net\/#website","url":"https:\/\/volcanes.net\/","name":"Volcanes.Net","description":"Periodismo Profesional","publisher":{"@id":"https:\/\/volcanes.net\/#organization"},"potentialAction":[{"@type":"SearchAction","target":{"@type":"EntryPoint","urlTemplate":"https:\/\/volcanes.net\/?s={search_term_string}"},"query-input":{"@type":"PropertyValueSpecification","valueRequired":true,"valueName":"search_term_string"}}],"inLanguage":"es"},{"@type":"Organization","@id":"https:\/\/volcanes.net\/#organization","name":"Grupo Volcanes","url":"https:\/\/volcanes.net\/","logo":{"@type":"ImageObject","inLanguage":"es","@id":"https:\/\/volcanes.net\/#\/schema\/logo\/image\/","url":"http:\/\/volcanes.net\/wp-content\/uploads\/2017\/12\/Avatar2.jpg","contentUrl":"http:\/\/volcanes.net\/wp-content\/uploads\/2017\/12\/Avatar2.jpg","width":378,"height":378,"caption":"Grupo Volcanes"},"image":{"@id":"https:\/\/volcanes.net\/#\/schema\/logo\/image\/"},"sameAs":["https:\/\/www.facebook.com\/volcanes.net\/"]},{"@type":"Person","@id":"https:\/\/volcanes.net\/#\/schema\/person\/4bf0f383940966a4abd53f5048c0e6b9","name":"admin","image":{"@type":"ImageObject","inLanguage":"es","@id":"https:\/\/volcanes.net\/#\/schema\/person\/image\/","url":"https:\/\/secure.gravatar.com\/avatar\/ca004e6cba8462b8cb7abc86e382930c?s=96&d=mm&r=g","contentUrl":"https:\/\/secure.gravatar.com\/avatar\/ca004e6cba8462b8cb7abc86e382930c?s=96&d=mm&r=g","caption":"admin"}}]}},"_links":{"self":[{"href":"https:\/\/volcanes.net\/index.php?rest_route=\/wp\/v2\/posts\/3838"}],"collection":[{"href":"https:\/\/volcanes.net\/index.php?rest_route=\/wp\/v2\/posts"}],"about":[{"href":"https:\/\/volcanes.net\/index.php?rest_route=\/wp\/v2\/types\/post"}],"author":[{"embeddable":true,"href":"https:\/\/volcanes.net\/index.php?rest_route=\/wp\/v2\/users\/1"}],"replies":[{"embeddable":true,"href":"https:\/\/volcanes.net\/index.php?rest_route=%2Fwp%2Fv2%2Fcomments&post=3838"}],"version-history":[{"count":1,"href":"https:\/\/volcanes.net\/index.php?rest_route=\/wp\/v2\/posts\/3838\/revisions"}],"predecessor-version":[{"id":3839,"href":"https:\/\/volcanes.net\/index.php?rest_route=\/wp\/v2\/posts\/3838\/revisions\/3839"}],"wp:featuredmedia":[{"embeddable":true,"href":"https:\/\/volcanes.net\/index.php?rest_route=\/wp\/v2\/media\/3837"}],"wp:attachment":[{"href":"https:\/\/volcanes.net\/index.php?rest_route=%2Fwp%2Fv2%2Fmedia&parent=3838"}],"wp:term":[{"taxonomy":"category","embeddable":true,"href":"https:\/\/volcanes.net\/index.php?rest_route=%2Fwp%2Fv2%2Fcategories&post=3838"},{"taxonomy":"post_tag","embeddable":true,"href":"https:\/\/volcanes.net\/index.php?rest_route=%2Fwp%2Fv2%2Ftags&post=3838"}],"curies":[{"name":"wp","href":"https:\/\/api.w.org\/{rel}","templated":true}]}}