{"id":3842,"date":"2019-01-31T21:07:18","date_gmt":"2019-01-31T21:07:18","guid":{"rendered":"http:\/\/volcanes.net\/?p=3842"},"modified":"2019-01-31T22:33:41","modified_gmt":"2019-01-31T22:33:41","slug":"familia-comerciante-afectada-por-el-director-de-comercio-atlautla","status":"publish","type":"post","link":"https:\/\/volcanes.net\/?p=3842","title":{"rendered":"Familia comerciante, afectada por el Director de Comercio #Atlautla"},"content":{"rendered":"<div style=\"margin-top: 0px; margin-bottom: 0px;\" class=\"sharethis-inline-share-buttons\" ><\/div><p>A 31 d\u00edas de  la nueva Administraci\u00f3n del municipio de Atlautla 2019 &#8211; 2021, comerciantes establecidos en la explanada que llevan mas de 20 a\u00f1os trabajando, denunciaron a Fernando Marin, director de reglamentos de pedir dinero por el uso de piso a vendedores de bajos recursos.<\/p>\n<p>Uno de los vendedores afectados por el director, fue Guadalupe Amaro explic\u00f3 que al negarse a dar el dinero que el director le ped\u00eda, en represalia al otro dia regres\u00f3 y les pidi\u00f3 que desalojaran el lugar y se establecieran  dentro del mercado municipal , pero sin asignarles ya un espacio propio, situaci\u00f3n que los afecta pues ellos han vendido ah\u00ed por 20 a\u00f1os, dej\u00e1ndolos sin su principal entrada para el sustento de su familia.<\/p>\n","protected":false},"excerpt":{"rendered":"<p>A 31 d\u00edas de la nueva Administraci\u00f3n del municipio de Atlautla 2019 &#8211; 2021, comerciantes<\/p>\n","protected":false},"author":1,"featured_media":3843,"comment_status":"open","ping_status":"open","sticky":false,"template":"","format":"standard","meta":{"footnotes":""},"categories":[1],"tags":[80],"class_list":["post-3842","post","type-post","status-publish","format-standard","has-post-thumbnail","hentry","category-municipales","tag-atlautla"],"yoast_head":"<!-- This site is optimized with the Yoast SEO plugin v25.3 - https:\/\/yoast.com\/wordpress\/plugins\/seo\/ -->\n<title>Familia comerciante, afectada por el Director de Comercio #Atlautla - Volcanes<\/title>\n<meta name=\"robots\" content=\"index, follow, max-snippet:-1, max-image-preview:large, max-video-preview:-1\" \/>\n<link rel=\"canonical\" href=\"https:\/\/volcanes.net\/?p=3842\" \/>\n<meta property=\"og:locale\" content=\"es_MX\" \/>\n<meta property=\"og:type\" content=\"article\" \/>\n<meta property=\"og:title\" content=\"Familia comerciante, afectada por el Director de Comercio #Atlautla - Volcanes\" \/>\n<meta property=\"og:description\" content=\"A 31 d\u00edas de la nueva Administraci\u00f3n del municipio de Atlautla 2019 &#8211; 2021, comerciantes\" \/>\n<meta property=\"og:url\" content=\"https:\/\/volcanes.net\/?p=3842\" \/>\n<meta property=\"og:site_name\" content=\"Volcanes\" \/>\n<meta property=\"article:publisher\" content=\"https:\/\/www.facebook.com\/volcanes.net\/\" \/>\n<meta property=\"article:published_time\" content=\"2019-01-31T21:07:18+00:00\" \/>\n<meta property=\"article:modified_time\" content=\"2019-01-31T22:33:41+00:00\" \/>\n<meta property=\"og:image\" content=\"https:\/\/volcanes.net\/wp-content\/uploads\/2019\/01\/WhatsApp-Image-2019-01-31-at-12.46.19-PM.jpeg\" \/>\n\t<meta property=\"og:image:width\" content=\"448\" \/>\n\t<meta property=\"og:image:height\" content=\"218\" \/>\n\t<meta property=\"og:image:type\" content=\"image\/jpeg\" \/>\n<meta name=\"author\" content=\"admin\" \/>\n<meta name=\"twitter:card\" content=\"summary_large_image\" \/>\n<meta name=\"twitter:label1\" content=\"Escrito por\" \/>\n\t<meta name=\"twitter:data1\" content=\"admin\" \/>\n\t<meta name=\"twitter:label2\" content=\"Tiempo de lectura\" \/>\n\t<meta name=\"twitter:data2\" content=\"1 minuto\" \/>\n<script type=\"application\/ld+json\" class=\"yoast-schema-graph\">{\"@context\":\"https:\/\/schema.org\",\"@graph\":[{\"@type\":\"Article\",\"@id\":\"https:\/\/volcanes.net\/?p=3842#article\",\"isPartOf\":{\"@id\":\"https:\/\/volcanes.net\/?p=3842\"},\"author\":{\"name\":\"admin\",\"@id\":\"https:\/\/volcanes.net\/#\/schema\/person\/4bf0f383940966a4abd53f5048c0e6b9\"},\"headline\":\"Familia comerciante, afectada por el Director de Comercio #Atlautla\",\"datePublished\":\"2019-01-31T21:07:18+00:00\",\"dateModified\":\"2019-01-31T22:33:41+00:00\",\"mainEntityOfPage\":{\"@id\":\"https:\/\/volcanes.net\/?p=3842\"},\"wordCount\":131,\"commentCount\":0,\"publisher\":{\"@id\":\"https:\/\/volcanes.net\/#organization\"},\"image\":{\"@id\":\"https:\/\/volcanes.net\/?p=3842#primaryimage\"},\"thumbnailUrl\":\"https:\/\/volcanes.net\/wp-content\/uploads\/2019\/01\/WhatsApp-Image-2019-01-31-at-12.46.19-PM.jpeg\",\"keywords\":[\"Atlautla\"],\"articleSection\":[\"Municipales\"],\"inLanguage\":\"es\",\"potentialAction\":[{\"@type\":\"CommentAction\",\"name\":\"Comment\",\"target\":[\"https:\/\/volcanes.net\/?p=3842#respond\"]}]},{\"@type\":\"WebPage\",\"@id\":\"https:\/\/volcanes.net\/?p=3842\",\"url\":\"https:\/\/volcanes.net\/?p=3842\",\"name\":\"Familia comerciante, afectada por el Director de Comercio #Atlautla - Volcanes\",\"isPartOf\":{\"@id\":\"https:\/\/volcanes.net\/#website\"},\"primaryImageOfPage\":{\"@id\":\"https:\/\/volcanes.net\/?p=3842#primaryimage\"},\"image\":{\"@id\":\"https:\/\/volcanes.net\/?p=3842#primaryimage\"},\"thumbnailUrl\":\"https:\/\/volcanes.net\/wp-content\/uploads\/2019\/01\/WhatsApp-Image-2019-01-31-at-12.46.19-PM.jpeg\",\"datePublished\":\"2019-01-31T21:07:18+00:00\",\"dateModified\":\"2019-01-31T22:33:41+00:00\",\"breadcrumb\":{\"@id\":\"https:\/\/volcanes.net\/?p=3842#breadcrumb\"},\"inLanguage\":\"es\",\"potentialAction\":[{\"@type\":\"ReadAction\",\"target\":[\"https:\/\/volcanes.net\/?p=3842\"]}]},{\"@type\":\"ImageObject\",\"inLanguage\":\"es\",\"@id\":\"https:\/\/volcanes.net\/?p=3842#primaryimage\",\"url\":\"https:\/\/volcanes.net\/wp-content\/uploads\/2019\/01\/WhatsApp-Image-2019-01-31-at-12.46.19-PM.jpeg\",\"contentUrl\":\"https:\/\/volcanes.net\/wp-content\/uploads\/2019\/01\/WhatsApp-Image-2019-01-31-at-12.46.19-PM.jpeg\",\"width\":448,\"height\":218},{\"@type\":\"BreadcrumbList\",\"@id\":\"https:\/\/volcanes.net\/?p=3842#breadcrumb\",\"itemListElement\":[{\"@type\":\"ListItem\",\"position\":1,\"name\":\"Portada\",\"item\":\"https:\/\/volcanes.net\/\"},{\"@type\":\"ListItem\",\"position\":2,\"name\":\"Familia comerciante, afectada por el Director de Comercio #Atlautla\"}]},{\"@type\":\"WebSite\",\"@id\":\"https:\/\/volcanes.net\/#website\",\"url\":\"https:\/\/volcanes.net\/\",\"name\":\"Volcanes.Net\",\"description\":\"Periodismo Profesional\",\"publisher\":{\"@id\":\"https:\/\/volcanes.net\/#organization\"},\"potentialAction\":[{\"@type\":\"SearchAction\",\"target\":{\"@type\":\"EntryPoint\",\"urlTemplate\":\"https:\/\/volcanes.net\/?s={search_term_string}\"},\"query-input\":{\"@type\":\"PropertyValueSpecification\",\"valueRequired\":true,\"valueName\":\"search_term_string\"}}],\"inLanguage\":\"es\"},{\"@type\":\"Organization\",\"@id\":\"https:\/\/volcanes.net\/#organization\",\"name\":\"Grupo Volcanes\",\"url\":\"https:\/\/volcanes.net\/\",\"logo\":{\"@type\":\"ImageObject\",\"inLanguage\":\"es\",\"@id\":\"https:\/\/volcanes.net\/#\/schema\/logo\/image\/\",\"url\":\"http:\/\/volcanes.net\/wp-content\/uploads\/2017\/12\/Avatar2.jpg\",\"contentUrl\":\"http:\/\/volcanes.net\/wp-content\/uploads\/2017\/12\/Avatar2.jpg\",\"width\":378,\"height\":378,\"caption\":\"Grupo Volcanes\"},\"image\":{\"@id\":\"https:\/\/volcanes.net\/#\/schema\/logo\/image\/\"},\"sameAs\":[\"https:\/\/www.facebook.com\/volcanes.net\/\"]},{\"@type\":\"Person\",\"@id\":\"https:\/\/volcanes.net\/#\/schema\/person\/4bf0f383940966a4abd53f5048c0e6b9\",\"name\":\"admin\",\"image\":{\"@type\":\"ImageObject\",\"inLanguage\":\"es\",\"@id\":\"https:\/\/volcanes.net\/#\/schema\/person\/image\/\",\"url\":\"https:\/\/secure.gravatar.com\/avatar\/ca004e6cba8462b8cb7abc86e382930c?s=96&d=mm&r=g\",\"contentUrl\":\"https:\/\/secure.gravatar.com\/avatar\/ca004e6cba8462b8cb7abc86e382930c?s=96&d=mm&r=g\",\"caption\":\"admin\"}}]}<\/script>\n<!-- \/ Yoast SEO plugin. -->","yoast_head_json":{"title":"Familia comerciante, afectada por el Director de Comercio #Atlautla - Volcanes","robots":{"index":"index","follow":"follow","max-snippet":"max-snippet:-1","max-image-preview":"max-image-preview:large","max-video-preview":"max-video-preview:-1"},"canonical":"https:\/\/volcanes.net\/?p=3842","og_locale":"es_MX","og_type":"article","og_title":"Familia comerciante, afectada por el Director de Comercio #Atlautla - Volcanes","og_description":"A 31 d\u00edas de la nueva Administraci\u00f3n del municipio de Atlautla 2019 &#8211; 2021, comerciantes","og_url":"https:\/\/volcanes.net\/?p=3842","og_site_name":"Volcanes","article_publisher":"https:\/\/www.facebook.com\/volcanes.net\/","article_published_time":"2019-01-31T21:07:18+00:00","article_modified_time":"2019-01-31T22:33:41+00:00","og_image":[{"width":448,"height":218,"url":"https:\/\/volcanes.net\/wp-content\/uploads\/2019\/01\/WhatsApp-Image-2019-01-31-at-12.46.19-PM.jpeg","type":"image\/jpeg"}],"author":"admin","twitter_card":"summary_large_image","twitter_misc":{"Escrito por":"admin","Tiempo de lectura":"1 minuto"},"schema":{"@context":"https:\/\/schema.org","@graph":[{"@type":"Article","@id":"https:\/\/volcanes.net\/?p=3842#article","isPartOf":{"@id":"https:\/\/volcanes.net\/?p=3842"},"author":{"name":"admin","@id":"https:\/\/volcanes.net\/#\/schema\/person\/4bf0f383940966a4abd53f5048c0e6b9"},"headline":"Familia comerciante, afectada por el Director de Comercio #Atlautla","datePublished":"2019-01-31T21:07:18+00:00","dateModified":"2019-01-31T22:33:41+00:00","mainEntityOfPage":{"@id":"https:\/\/volcanes.net\/?p=3842"},"wordCount":131,"commentCount":0,"publisher":{"@id":"https:\/\/volcanes.net\/#organization"},"image":{"@id":"https:\/\/volcanes.net\/?p=3842#primaryimage"},"thumbnailUrl":"https:\/\/volcanes.net\/wp-content\/uploads\/2019\/01\/WhatsApp-Image-2019-01-31-at-12.46.19-PM.jpeg","keywords":["Atlautla"],"articleSection":["Municipales"],"inLanguage":"es","potentialAction":[{"@type":"CommentAction","name":"Comment","target":["https:\/\/volcanes.net\/?p=3842#respond"]}]},{"@type":"WebPage","@id":"https:\/\/volcanes.net\/?p=3842","url":"https:\/\/volcanes.net\/?p=3842","name":"Familia comerciante, afectada por el Director de Comercio #Atlautla - Volcanes","isPartOf":{"@id":"https:\/\/volcanes.net\/#website"},"primaryImageOfPage":{"@id":"https:\/\/volcanes.net\/?p=3842#primaryimage"},"image":{"@id":"https:\/\/volcanes.net\/?p=3842#primaryimage"},"thumbnailUrl":"https:\/\/volcanes.net\/wp-content\/uploads\/2019\/01\/WhatsApp-Image-2019-01-31-at-12.46.19-PM.jpeg","datePublished":"2019-01-31T21:07:18+00:00","dateModified":"2019-01-31T22:33:41+00:00","breadcrumb":{"@id":"https:\/\/volcanes.net\/?p=3842#breadcrumb"},"inLanguage":"es","potentialAction":[{"@type":"ReadAction","target":["https:\/\/volcanes.net\/?p=3842"]}]},{"@type":"ImageObject","inLanguage":"es","@id":"https:\/\/volcanes.net\/?p=3842#primaryimage","url":"https:\/\/volcanes.net\/wp-content\/uploads\/2019\/01\/WhatsApp-Image-2019-01-31-at-12.46.19-PM.jpeg","contentUrl":"https:\/\/volcanes.net\/wp-content\/uploads\/2019\/01\/WhatsApp-Image-2019-01-31-at-12.46.19-PM.jpeg","width":448,"height":218},{"@type":"BreadcrumbList","@id":"https:\/\/volcanes.net\/?p=3842#breadcrumb","itemListElement":[{"@type":"ListItem","position":1,"name":"Portada","item":"https:\/\/volcanes.net\/"},{"@type":"ListItem","position":2,"name":"Familia comerciante, afectada por el Director de Comercio #Atlautla"}]},{"@type":"WebSite","@id":"https:\/\/volcanes.net\/#website","url":"https:\/\/volcanes.net\/","name":"Volcanes.Net","description":"Periodismo Profesional","publisher":{"@id":"https:\/\/volcanes.net\/#organization"},"potentialAction":[{"@type":"SearchAction","target":{"@type":"EntryPoint","urlTemplate":"https:\/\/volcanes.net\/?s={search_term_string}"},"query-input":{"@type":"PropertyValueSpecification","valueRequired":true,"valueName":"search_term_string"}}],"inLanguage":"es"},{"@type":"Organization","@id":"https:\/\/volcanes.net\/#organization","name":"Grupo Volcanes","url":"https:\/\/volcanes.net\/","logo":{"@type":"ImageObject","inLanguage":"es","@id":"https:\/\/volcanes.net\/#\/schema\/logo\/image\/","url":"http:\/\/volcanes.net\/wp-content\/uploads\/2017\/12\/Avatar2.jpg","contentUrl":"http:\/\/volcanes.net\/wp-content\/uploads\/2017\/12\/Avatar2.jpg","width":378,"height":378,"caption":"Grupo Volcanes"},"image":{"@id":"https:\/\/volcanes.net\/#\/schema\/logo\/image\/"},"sameAs":["https:\/\/www.facebook.com\/volcanes.net\/"]},{"@type":"Person","@id":"https:\/\/volcanes.net\/#\/schema\/person\/4bf0f383940966a4abd53f5048c0e6b9","name":"admin","image":{"@type":"ImageObject","inLanguage":"es","@id":"https:\/\/volcanes.net\/#\/schema\/person\/image\/","url":"https:\/\/secure.gravatar.com\/avatar\/ca004e6cba8462b8cb7abc86e382930c?s=96&d=mm&r=g","contentUrl":"https:\/\/secure.gravatar.com\/avatar\/ca004e6cba8462b8cb7abc86e382930c?s=96&d=mm&r=g","caption":"admin"}}]}},"_links":{"self":[{"href":"https:\/\/volcanes.net\/index.php?rest_route=\/wp\/v2\/posts\/3842"}],"collection":[{"href":"https:\/\/volcanes.net\/index.php?rest_route=\/wp\/v2\/posts"}],"about":[{"href":"https:\/\/volcanes.net\/index.php?rest_route=\/wp\/v2\/types\/post"}],"author":[{"embeddable":true,"href":"https:\/\/volcanes.net\/index.php?rest_route=\/wp\/v2\/users\/1"}],"replies":[{"embeddable":true,"href":"https:\/\/volcanes.net\/index.php?rest_route=%2Fwp%2Fv2%2Fcomments&post=3842"}],"version-history":[{"count":3,"href":"https:\/\/volcanes.net\/index.php?rest_route=\/wp\/v2\/posts\/3842\/revisions"}],"predecessor-version":[{"id":3856,"href":"https:\/\/volcanes.net\/index.php?rest_route=\/wp\/v2\/posts\/3842\/revisions\/3856"}],"wp:featuredmedia":[{"embeddable":true,"href":"https:\/\/volcanes.net\/index.php?rest_route=\/wp\/v2\/media\/3843"}],"wp:attachment":[{"href":"https:\/\/volcanes.net\/index.php?rest_route=%2Fwp%2Fv2%2Fmedia&parent=3842"}],"wp:term":[{"taxonomy":"category","embeddable":true,"href":"https:\/\/volcanes.net\/index.php?rest_route=%2Fwp%2Fv2%2Fcategories&post=3842"},{"taxonomy":"post_tag","embeddable":true,"href":"https:\/\/volcanes.net\/index.php?rest_route=%2Fwp%2Fv2%2Ftags&post=3842"}],"curies":[{"name":"wp","href":"https:\/\/api.w.org\/{rel}","templated":true}]}}