{"id":3845,"date":"2019-01-31T21:28:08","date_gmt":"2019-01-31T21:28:08","guid":{"rendered":"http:\/\/volcanes.net\/?p=3845"},"modified":"2019-01-31T21:28:08","modified_gmt":"2019-01-31T21:28:08","slug":"calendario-para-beneficiarios-del-programa-pension-universal-para-adultos-mayores-atlautla","status":"publish","type":"post","link":"https:\/\/volcanes.net\/?p=3845","title":{"rendered":"Calendario para beneficiarios del programa  &#8220;Pensi\u00f3n Universal para Adultos Mayores&#8221; #Atlautla"},"content":{"rendered":"<div style=\"margin-top: 0px; margin-bottom: 0px;\" class=\"sharethis-inline-share-buttons\" ><\/div><p>Atlautla<\/p>\n<p>&nbsp;<\/p>\n<p>La Direcci\u00f3n de Desarrollo Social del Ayuntamiento de Atlautla, Edo de M\u00e9xico, 2019 &#8211; 2021\u00a0 dio a conocer a todos los beneficiarios del programa Pensi\u00f3n Universal para Adultos Mayores&#8221; la siguiente calendarizaci\u00f3n para su primer apoyo.<\/p>\n<p>05 DE FEBRERO<\/p>\n<p>ATLAUTLA DE VICTORIA CABECERA MUNICIPAL.<\/p>\n<p>DE LA LETRA (A a la M) 10:00 AM.<\/p>\n<p>DE LA LETRA (N a la Z) 11:00 AM.<\/p>\n<p>06 DE FEBRERO LOCALIDADES.<\/p>\n<p>LAS DELICIAS 10:00 AM.<\/p>\n<p>POPO PARK 10:00 AM.<\/p>\n<p>SAN ANDR\u00c9S TLAL\u00c1MAC 10:00 AM.<\/p>\n<p>SAN JUAN TEPECOCULCO 10:00 AM.<\/p>\n<p>RANCHER\u00cdAS 10:00 AM.<\/p>\n<p>ATLAUTLA CAMP 10:00 AM.<\/p>\n<p>06 DE FEBRERO LUGAR: DELEGACI\u00d3N DE SAN JUAN TEHUIXTITL\u00c1N.<\/p>\n<p>SAN JUAN TEHUIXTITL\u00c1N 14:00.<\/p>\n<p>Incluyendo que para todos los adultos mayores con discapacidad tendr\u00e1n que presentarse 9:30 representantes que asistan al operativo por ausencia del adulto mayor deber\u00e1n presentar su constancia m\u00e9dica con las caracter\u00edsticas que requiere las reglas de operaci\u00f3n, hoja membretada, fecha actual, sello, c\u00e9dula profesional. form\u00e1ndose en la letra correspondiente al apellido del am de manera ordinaria.<\/p>\n<p>Se comunic\u00f3 tambi\u00e9n el pago de marcha para las siguientes personas.<\/p>\n<p>Atlautla<\/p>\n<p>Nombre de los beneficiarios<\/p>\n<p>Gonz\u00e1lez Flores Ricardo.<\/p>\n<p>Soto Carmona Amparo del Socorro.<\/p>\n<p>Popo Park<\/p>\n<p>Nombre del beneficiario<\/p>\n<p>Reyes Ram\u00edrez Mar\u00eda Luisa<\/p>\n<p>San Juan Tepecoculco.<\/p>\n<p>Nombre del beneficiario<\/p>\n<p>Balbuena Amaro Pedro.<\/p>\n<p>Favor de llevar los siguientes documentos:<\/p>\n<p>2 copias de acta de defunci\u00f3n.<\/p>\n<p>2 copias de la ine de titular.<\/p>\n<p>2 copias de representante.<\/p>\n<p>2 copias de tr\u00e1mite que se hizo de pago marcha y originales.<\/p>\n<p><em>&#8220;este programa es p\u00fablico, ajeno a cualquier partido pol\u00edtico. Queda prohibido el uso para fines distintos a los establecidos en el programa&#8221;. <\/em><\/p>\n","protected":false},"excerpt":{"rendered":"<p>Atlautla &nbsp; La Direcci\u00f3n de Desarrollo Social del Ayuntamiento de Atlautla, Edo de M\u00e9xico, 2019<\/p>\n","protected":false},"author":1,"featured_media":2983,"comment_status":"open","ping_status":"open","sticky":false,"template":"","format":"standard","meta":{"footnotes":""},"categories":[1],"tags":[],"class_list":["post-3845","post","type-post","status-publish","format-standard","has-post-thumbnail","hentry","category-municipales"],"yoast_head":"<!-- This site is optimized with the Yoast SEO plugin v25.3 - https:\/\/yoast.com\/wordpress\/plugins\/seo\/ -->\n<title>Calendario para beneficiarios del programa &quot;Pensi\u00f3n Universal para Adultos Mayores&quot; #Atlautla - Volcanes<\/title>\n<meta name=\"robots\" content=\"index, follow, max-snippet:-1, max-image-preview:large, max-video-preview:-1\" \/>\n<link rel=\"canonical\" href=\"https:\/\/volcanes.net\/?p=3845\" \/>\n<meta property=\"og:locale\" content=\"es_MX\" \/>\n<meta property=\"og:type\" content=\"article\" \/>\n<meta property=\"og:title\" content=\"Calendario para beneficiarios del programa &quot;Pensi\u00f3n Universal para Adultos Mayores&quot; #Atlautla - Volcanes\" \/>\n<meta property=\"og:description\" content=\"Atlautla &nbsp; La Direcci\u00f3n de Desarrollo Social del Ayuntamiento de Atlautla, Edo de M\u00e9xico, 2019\" \/>\n<meta property=\"og:url\" content=\"https:\/\/volcanes.net\/?p=3845\" \/>\n<meta property=\"og:site_name\" content=\"Volcanes\" \/>\n<meta property=\"article:publisher\" content=\"https:\/\/www.facebook.com\/volcanes.net\/\" \/>\n<meta property=\"article:published_time\" content=\"2019-01-31T21:28:08+00:00\" \/>\n<meta property=\"og:image\" content=\"https:\/\/volcanes.net\/wp-content\/uploads\/2018\/11\/mexiq-e1547125660912.jpg\" \/>\n\t<meta property=\"og:image:width\" content=\"500\" \/>\n\t<meta property=\"og:image:height\" content=\"100\" \/>\n\t<meta property=\"og:image:type\" content=\"image\/jpeg\" \/>\n<meta name=\"author\" content=\"admin\" \/>\n<meta name=\"twitter:card\" content=\"summary_large_image\" \/>\n<meta name=\"twitter:label1\" content=\"Escrito por\" \/>\n\t<meta name=\"twitter:data1\" content=\"admin\" \/>\n\t<meta name=\"twitter:label2\" content=\"Tiempo de lectura\" \/>\n\t<meta name=\"twitter:data2\" content=\"1 minuto\" \/>\n<script type=\"application\/ld+json\" class=\"yoast-schema-graph\">{\"@context\":\"https:\/\/schema.org\",\"@graph\":[{\"@type\":\"Article\",\"@id\":\"https:\/\/volcanes.net\/?p=3845#article\",\"isPartOf\":{\"@id\":\"https:\/\/volcanes.net\/?p=3845\"},\"author\":{\"name\":\"admin\",\"@id\":\"https:\/\/volcanes.net\/#\/schema\/person\/4bf0f383940966a4abd53f5048c0e6b9\"},\"headline\":\"Calendario para beneficiarios del programa &#8220;Pensi\u00f3n Universal para Adultos Mayores&#8221; #Atlautla\",\"datePublished\":\"2019-01-31T21:28:08+00:00\",\"mainEntityOfPage\":{\"@id\":\"https:\/\/volcanes.net\/?p=3845\"},\"wordCount\":279,\"commentCount\":0,\"publisher\":{\"@id\":\"https:\/\/volcanes.net\/#organization\"},\"image\":{\"@id\":\"https:\/\/volcanes.net\/?p=3845#primaryimage\"},\"thumbnailUrl\":\"https:\/\/volcanes.net\/wp-content\/uploads\/2018\/11\/mexiq-e1547125660912.jpg\",\"articleSection\":[\"Municipales\"],\"inLanguage\":\"es\",\"potentialAction\":[{\"@type\":\"CommentAction\",\"name\":\"Comment\",\"target\":[\"https:\/\/volcanes.net\/?p=3845#respond\"]}]},{\"@type\":\"WebPage\",\"@id\":\"https:\/\/volcanes.net\/?p=3845\",\"url\":\"https:\/\/volcanes.net\/?p=3845\",\"name\":\"Calendario para beneficiarios del programa \\\"Pensi\u00f3n Universal para Adultos Mayores\\\" #Atlautla - Volcanes\",\"isPartOf\":{\"@id\":\"https:\/\/volcanes.net\/#website\"},\"primaryImageOfPage\":{\"@id\":\"https:\/\/volcanes.net\/?p=3845#primaryimage\"},\"image\":{\"@id\":\"https:\/\/volcanes.net\/?p=3845#primaryimage\"},\"thumbnailUrl\":\"https:\/\/volcanes.net\/wp-content\/uploads\/2018\/11\/mexiq-e1547125660912.jpg\",\"datePublished\":\"2019-01-31T21:28:08+00:00\",\"breadcrumb\":{\"@id\":\"https:\/\/volcanes.net\/?p=3845#breadcrumb\"},\"inLanguage\":\"es\",\"potentialAction\":[{\"@type\":\"ReadAction\",\"target\":[\"https:\/\/volcanes.net\/?p=3845\"]}]},{\"@type\":\"ImageObject\",\"inLanguage\":\"es\",\"@id\":\"https:\/\/volcanes.net\/?p=3845#primaryimage\",\"url\":\"https:\/\/volcanes.net\/wp-content\/uploads\/2018\/11\/mexiq-e1547125660912.jpg\",\"contentUrl\":\"https:\/\/volcanes.net\/wp-content\/uploads\/2018\/11\/mexiq-e1547125660912.jpg\",\"width\":500,\"height\":100},{\"@type\":\"BreadcrumbList\",\"@id\":\"https:\/\/volcanes.net\/?p=3845#breadcrumb\",\"itemListElement\":[{\"@type\":\"ListItem\",\"position\":1,\"name\":\"Portada\",\"item\":\"https:\/\/volcanes.net\/\"},{\"@type\":\"ListItem\",\"position\":2,\"name\":\"Calendario para beneficiarios del programa &#8220;Pensi\u00f3n Universal para Adultos Mayores&#8221; #Atlautla\"}]},{\"@type\":\"WebSite\",\"@id\":\"https:\/\/volcanes.net\/#website\",\"url\":\"https:\/\/volcanes.net\/\",\"name\":\"Volcanes.Net\",\"description\":\"Periodismo Profesional\",\"publisher\":{\"@id\":\"https:\/\/volcanes.net\/#organization\"},\"potentialAction\":[{\"@type\":\"SearchAction\",\"target\":{\"@type\":\"EntryPoint\",\"urlTemplate\":\"https:\/\/volcanes.net\/?s={search_term_string}\"},\"query-input\":{\"@type\":\"PropertyValueSpecification\",\"valueRequired\":true,\"valueName\":\"search_term_string\"}}],\"inLanguage\":\"es\"},{\"@type\":\"Organization\",\"@id\":\"https:\/\/volcanes.net\/#organization\",\"name\":\"Grupo Volcanes\",\"url\":\"https:\/\/volcanes.net\/\",\"logo\":{\"@type\":\"ImageObject\",\"inLanguage\":\"es\",\"@id\":\"https:\/\/volcanes.net\/#\/schema\/logo\/image\/\",\"url\":\"http:\/\/volcanes.net\/wp-content\/uploads\/2017\/12\/Avatar2.jpg\",\"contentUrl\":\"http:\/\/volcanes.net\/wp-content\/uploads\/2017\/12\/Avatar2.jpg\",\"width\":378,\"height\":378,\"caption\":\"Grupo Volcanes\"},\"image\":{\"@id\":\"https:\/\/volcanes.net\/#\/schema\/logo\/image\/\"},\"sameAs\":[\"https:\/\/www.facebook.com\/volcanes.net\/\"]},{\"@type\":\"Person\",\"@id\":\"https:\/\/volcanes.net\/#\/schema\/person\/4bf0f383940966a4abd53f5048c0e6b9\",\"name\":\"admin\",\"image\":{\"@type\":\"ImageObject\",\"inLanguage\":\"es\",\"@id\":\"https:\/\/volcanes.net\/#\/schema\/person\/image\/\",\"url\":\"https:\/\/secure.gravatar.com\/avatar\/ca004e6cba8462b8cb7abc86e382930c?s=96&d=mm&r=g\",\"contentUrl\":\"https:\/\/secure.gravatar.com\/avatar\/ca004e6cba8462b8cb7abc86e382930c?s=96&d=mm&r=g\",\"caption\":\"admin\"}}]}<\/script>\n<!-- \/ Yoast SEO plugin. -->","yoast_head_json":{"title":"Calendario para beneficiarios del programa \"Pensi\u00f3n Universal para Adultos Mayores\" #Atlautla - Volcanes","robots":{"index":"index","follow":"follow","max-snippet":"max-snippet:-1","max-image-preview":"max-image-preview:large","max-video-preview":"max-video-preview:-1"},"canonical":"https:\/\/volcanes.net\/?p=3845","og_locale":"es_MX","og_type":"article","og_title":"Calendario para beneficiarios del programa \"Pensi\u00f3n Universal para Adultos Mayores\" #Atlautla - Volcanes","og_description":"Atlautla &nbsp; La Direcci\u00f3n de Desarrollo Social del Ayuntamiento de Atlautla, Edo de M\u00e9xico, 2019","og_url":"https:\/\/volcanes.net\/?p=3845","og_site_name":"Volcanes","article_publisher":"https:\/\/www.facebook.com\/volcanes.net\/","article_published_time":"2019-01-31T21:28:08+00:00","og_image":[{"width":500,"height":100,"url":"https:\/\/volcanes.net\/wp-content\/uploads\/2018\/11\/mexiq-e1547125660912.jpg","type":"image\/jpeg"}],"author":"admin","twitter_card":"summary_large_image","twitter_misc":{"Escrito por":"admin","Tiempo de lectura":"1 minuto"},"schema":{"@context":"https:\/\/schema.org","@graph":[{"@type":"Article","@id":"https:\/\/volcanes.net\/?p=3845#article","isPartOf":{"@id":"https:\/\/volcanes.net\/?p=3845"},"author":{"name":"admin","@id":"https:\/\/volcanes.net\/#\/schema\/person\/4bf0f383940966a4abd53f5048c0e6b9"},"headline":"Calendario para beneficiarios del programa &#8220;Pensi\u00f3n Universal para Adultos Mayores&#8221; #Atlautla","datePublished":"2019-01-31T21:28:08+00:00","mainEntityOfPage":{"@id":"https:\/\/volcanes.net\/?p=3845"},"wordCount":279,"commentCount":0,"publisher":{"@id":"https:\/\/volcanes.net\/#organization"},"image":{"@id":"https:\/\/volcanes.net\/?p=3845#primaryimage"},"thumbnailUrl":"https:\/\/volcanes.net\/wp-content\/uploads\/2018\/11\/mexiq-e1547125660912.jpg","articleSection":["Municipales"],"inLanguage":"es","potentialAction":[{"@type":"CommentAction","name":"Comment","target":["https:\/\/volcanes.net\/?p=3845#respond"]}]},{"@type":"WebPage","@id":"https:\/\/volcanes.net\/?p=3845","url":"https:\/\/volcanes.net\/?p=3845","name":"Calendario para beneficiarios del programa \"Pensi\u00f3n Universal para Adultos Mayores\" #Atlautla - Volcanes","isPartOf":{"@id":"https:\/\/volcanes.net\/#website"},"primaryImageOfPage":{"@id":"https:\/\/volcanes.net\/?p=3845#primaryimage"},"image":{"@id":"https:\/\/volcanes.net\/?p=3845#primaryimage"},"thumbnailUrl":"https:\/\/volcanes.net\/wp-content\/uploads\/2018\/11\/mexiq-e1547125660912.jpg","datePublished":"2019-01-31T21:28:08+00:00","breadcrumb":{"@id":"https:\/\/volcanes.net\/?p=3845#breadcrumb"},"inLanguage":"es","potentialAction":[{"@type":"ReadAction","target":["https:\/\/volcanes.net\/?p=3845"]}]},{"@type":"ImageObject","inLanguage":"es","@id":"https:\/\/volcanes.net\/?p=3845#primaryimage","url":"https:\/\/volcanes.net\/wp-content\/uploads\/2018\/11\/mexiq-e1547125660912.jpg","contentUrl":"https:\/\/volcanes.net\/wp-content\/uploads\/2018\/11\/mexiq-e1547125660912.jpg","width":500,"height":100},{"@type":"BreadcrumbList","@id":"https:\/\/volcanes.net\/?p=3845#breadcrumb","itemListElement":[{"@type":"ListItem","position":1,"name":"Portada","item":"https:\/\/volcanes.net\/"},{"@type":"ListItem","position":2,"name":"Calendario para beneficiarios del programa &#8220;Pensi\u00f3n Universal para Adultos Mayores&#8221; #Atlautla"}]},{"@type":"WebSite","@id":"https:\/\/volcanes.net\/#website","url":"https:\/\/volcanes.net\/","name":"Volcanes.Net","description":"Periodismo Profesional","publisher":{"@id":"https:\/\/volcanes.net\/#organization"},"potentialAction":[{"@type":"SearchAction","target":{"@type":"EntryPoint","urlTemplate":"https:\/\/volcanes.net\/?s={search_term_string}"},"query-input":{"@type":"PropertyValueSpecification","valueRequired":true,"valueName":"search_term_string"}}],"inLanguage":"es"},{"@type":"Organization","@id":"https:\/\/volcanes.net\/#organization","name":"Grupo Volcanes","url":"https:\/\/volcanes.net\/","logo":{"@type":"ImageObject","inLanguage":"es","@id":"https:\/\/volcanes.net\/#\/schema\/logo\/image\/","url":"http:\/\/volcanes.net\/wp-content\/uploads\/2017\/12\/Avatar2.jpg","contentUrl":"http:\/\/volcanes.net\/wp-content\/uploads\/2017\/12\/Avatar2.jpg","width":378,"height":378,"caption":"Grupo Volcanes"},"image":{"@id":"https:\/\/volcanes.net\/#\/schema\/logo\/image\/"},"sameAs":["https:\/\/www.facebook.com\/volcanes.net\/"]},{"@type":"Person","@id":"https:\/\/volcanes.net\/#\/schema\/person\/4bf0f383940966a4abd53f5048c0e6b9","name":"admin","image":{"@type":"ImageObject","inLanguage":"es","@id":"https:\/\/volcanes.net\/#\/schema\/person\/image\/","url":"https:\/\/secure.gravatar.com\/avatar\/ca004e6cba8462b8cb7abc86e382930c?s=96&d=mm&r=g","contentUrl":"https:\/\/secure.gravatar.com\/avatar\/ca004e6cba8462b8cb7abc86e382930c?s=96&d=mm&r=g","caption":"admin"}}]}},"_links":{"self":[{"href":"https:\/\/volcanes.net\/index.php?rest_route=\/wp\/v2\/posts\/3845"}],"collection":[{"href":"https:\/\/volcanes.net\/index.php?rest_route=\/wp\/v2\/posts"}],"about":[{"href":"https:\/\/volcanes.net\/index.php?rest_route=\/wp\/v2\/types\/post"}],"author":[{"embeddable":true,"href":"https:\/\/volcanes.net\/index.php?rest_route=\/wp\/v2\/users\/1"}],"replies":[{"embeddable":true,"href":"https:\/\/volcanes.net\/index.php?rest_route=%2Fwp%2Fv2%2Fcomments&post=3845"}],"version-history":[{"count":1,"href":"https:\/\/volcanes.net\/index.php?rest_route=\/wp\/v2\/posts\/3845\/revisions"}],"predecessor-version":[{"id":3846,"href":"https:\/\/volcanes.net\/index.php?rest_route=\/wp\/v2\/posts\/3845\/revisions\/3846"}],"wp:featuredmedia":[{"embeddable":true,"href":"https:\/\/volcanes.net\/index.php?rest_route=\/wp\/v2\/media\/2983"}],"wp:attachment":[{"href":"https:\/\/volcanes.net\/index.php?rest_route=%2Fwp%2Fv2%2Fmedia&parent=3845"}],"wp:term":[{"taxonomy":"category","embeddable":true,"href":"https:\/\/volcanes.net\/index.php?rest_route=%2Fwp%2Fv2%2Fcategories&post=3845"},{"taxonomy":"post_tag","embeddable":true,"href":"https:\/\/volcanes.net\/index.php?rest_route=%2Fwp%2Fv2%2Ftags&post=3845"}],"curies":[{"name":"wp","href":"https:\/\/api.w.org\/{rel}","templated":true}]}}