{"id":3875,"date":"2019-02-01T19:23:33","date_gmt":"2019-02-01T19:23:33","guid":{"rendered":"http:\/\/volcanes.net\/?p=3875"},"modified":"2019-02-01T22:34:32","modified_gmt":"2019-02-01T22:34:32","slug":"rectora-de-la-universidad-politecnica-de-atlautla-brinda-mensaje-a-la-ciudania-de-chalco","status":"publish","type":"post","link":"https:\/\/volcanes.net\/?p=3875","title":{"rendered":"Rectora de la Universidad Polit\u00e9cnica de Atlautla brinda mensaje a la ciudadan\u00eda de Chalco"},"content":{"rendered":"<div style=\"margin-top: 0px; margin-bottom: 0px;\" class=\"sharethis-inline-share-buttons\" ><\/div><p>En el evento a conmemoraci\u00f3n del 195 aniversario de la erecci\u00f3n del municipio de Chalco, la Mtra. en Adm\u00f3n., Elizabeth Torres Ramos rectora de la Universidad Polit\u00e9cnica de Atlautla en representaci\u00f3n del Gobernador Alfredo del Mazo Maza, brind\u00f3 un mensaje afectivo a la ciudadan\u00eda de Chalco, destacando lo importante que es el municipio por ser un gran centro pol\u00edtico- comercial y de servicios lo cual congrega a una sociedad caracterizada por su trabajo y dedicaci\u00f3n.<br \/>\nPor su ubicaci\u00f3n es el enlace con los municipios del oriente del Edomex con la Ciudad de M\u00e9xico.<br \/>\nFelicit\u00f3 a los habitantes por el trabajo continuo, reconociendo que el municipio seguir\u00e1 creciendo junto con el nuevo Presidente Municipal en conjunto con el Gobernador quien tiene el compromiso de que haya Familias fuertes con Decisiones Firmes.<\/p>\n","protected":false},"excerpt":{"rendered":"<p>En el evento a conmemoraci\u00f3n del 195 aniversario de la erecci\u00f3n del municipio de Chalco,<\/p>\n","protected":false},"author":1,"featured_media":3877,"comment_status":"open","ping_status":"open","sticky":false,"template":"","format":"standard","meta":{"footnotes":""},"categories":[1],"tags":[9],"class_list":["post-3875","post","type-post","status-publish","format-standard","has-post-thumbnail","hentry","category-municipales","tag-chalco"],"yoast_head":"<!-- This site is optimized with the Yoast SEO plugin v25.3 - https:\/\/yoast.com\/wordpress\/plugins\/seo\/ -->\n<title>Rectora de la Universidad Polit\u00e9cnica de Atlautla brinda mensaje a la ciudadan\u00eda de Chalco - Volcanes<\/title>\n<meta name=\"robots\" content=\"index, follow, max-snippet:-1, max-image-preview:large, max-video-preview:-1\" \/>\n<link rel=\"canonical\" href=\"https:\/\/volcanes.net\/?p=3875\" \/>\n<meta property=\"og:locale\" content=\"es_MX\" \/>\n<meta property=\"og:type\" content=\"article\" \/>\n<meta property=\"og:title\" content=\"Rectora de la Universidad Polit\u00e9cnica de Atlautla brinda mensaje a la ciudadan\u00eda de Chalco - Volcanes\" \/>\n<meta property=\"og:description\" content=\"En el evento a conmemoraci\u00f3n del 195 aniversario de la erecci\u00f3n del municipio de Chalco,\" \/>\n<meta property=\"og:url\" content=\"https:\/\/volcanes.net\/?p=3875\" \/>\n<meta property=\"og:site_name\" content=\"Volcanes\" \/>\n<meta property=\"article:publisher\" content=\"https:\/\/www.facebook.com\/volcanes.net\/\" \/>\n<meta property=\"article:published_time\" content=\"2019-02-01T19:23:33+00:00\" \/>\n<meta property=\"article:modified_time\" content=\"2019-02-01T22:34:32+00:00\" \/>\n<meta property=\"og:image\" content=\"https:\/\/volcanes.net\/wp-content\/uploads\/2019\/02\/WhatsApp-Image-2019-02-01-at-1.21.20-PM.jpeg\" \/>\n\t<meta property=\"og:image:width\" content=\"1280\" \/>\n\t<meta property=\"og:image:height\" content=\"623\" \/>\n\t<meta property=\"og:image:type\" content=\"image\/jpeg\" \/>\n<meta name=\"author\" content=\"admin\" \/>\n<meta name=\"twitter:card\" content=\"summary_large_image\" \/>\n<meta name=\"twitter:label1\" content=\"Escrito por\" \/>\n\t<meta name=\"twitter:data1\" content=\"admin\" \/>\n\t<meta name=\"twitter:label2\" content=\"Tiempo de lectura\" \/>\n\t<meta name=\"twitter:data2\" content=\"1 minuto\" \/>\n<script type=\"application\/ld+json\" class=\"yoast-schema-graph\">{\"@context\":\"https:\/\/schema.org\",\"@graph\":[{\"@type\":\"Article\",\"@id\":\"https:\/\/volcanes.net\/?p=3875#article\",\"isPartOf\":{\"@id\":\"https:\/\/volcanes.net\/?p=3875\"},\"author\":{\"name\":\"admin\",\"@id\":\"https:\/\/volcanes.net\/#\/schema\/person\/4bf0f383940966a4abd53f5048c0e6b9\"},\"headline\":\"Rectora de la Universidad Polit\u00e9cnica de Atlautla brinda mensaje a la ciudadan\u00eda de Chalco\",\"datePublished\":\"2019-02-01T19:23:33+00:00\",\"dateModified\":\"2019-02-01T22:34:32+00:00\",\"mainEntityOfPage\":{\"@id\":\"https:\/\/volcanes.net\/?p=3875\"},\"wordCount\":155,\"commentCount\":0,\"publisher\":{\"@id\":\"https:\/\/volcanes.net\/#organization\"},\"image\":{\"@id\":\"https:\/\/volcanes.net\/?p=3875#primaryimage\"},\"thumbnailUrl\":\"https:\/\/volcanes.net\/wp-content\/uploads\/2019\/02\/WhatsApp-Image-2019-02-01-at-1.21.20-PM.jpeg\",\"keywords\":[\"Chalco\"],\"articleSection\":[\"Municipales\"],\"inLanguage\":\"es\",\"potentialAction\":[{\"@type\":\"CommentAction\",\"name\":\"Comment\",\"target\":[\"https:\/\/volcanes.net\/?p=3875#respond\"]}]},{\"@type\":\"WebPage\",\"@id\":\"https:\/\/volcanes.net\/?p=3875\",\"url\":\"https:\/\/volcanes.net\/?p=3875\",\"name\":\"Rectora de la Universidad Polit\u00e9cnica de Atlautla brinda mensaje a la ciudadan\u00eda de Chalco - Volcanes\",\"isPartOf\":{\"@id\":\"https:\/\/volcanes.net\/#website\"},\"primaryImageOfPage\":{\"@id\":\"https:\/\/volcanes.net\/?p=3875#primaryimage\"},\"image\":{\"@id\":\"https:\/\/volcanes.net\/?p=3875#primaryimage\"},\"thumbnailUrl\":\"https:\/\/volcanes.net\/wp-content\/uploads\/2019\/02\/WhatsApp-Image-2019-02-01-at-1.21.20-PM.jpeg\",\"datePublished\":\"2019-02-01T19:23:33+00:00\",\"dateModified\":\"2019-02-01T22:34:32+00:00\",\"breadcrumb\":{\"@id\":\"https:\/\/volcanes.net\/?p=3875#breadcrumb\"},\"inLanguage\":\"es\",\"potentialAction\":[{\"@type\":\"ReadAction\",\"target\":[\"https:\/\/volcanes.net\/?p=3875\"]}]},{\"@type\":\"ImageObject\",\"inLanguage\":\"es\",\"@id\":\"https:\/\/volcanes.net\/?p=3875#primaryimage\",\"url\":\"https:\/\/volcanes.net\/wp-content\/uploads\/2019\/02\/WhatsApp-Image-2019-02-01-at-1.21.20-PM.jpeg\",\"contentUrl\":\"https:\/\/volcanes.net\/wp-content\/uploads\/2019\/02\/WhatsApp-Image-2019-02-01-at-1.21.20-PM.jpeg\",\"width\":1280,\"height\":623},{\"@type\":\"BreadcrumbList\",\"@id\":\"https:\/\/volcanes.net\/?p=3875#breadcrumb\",\"itemListElement\":[{\"@type\":\"ListItem\",\"position\":1,\"name\":\"Portada\",\"item\":\"https:\/\/volcanes.net\/\"},{\"@type\":\"ListItem\",\"position\":2,\"name\":\"Rectora de la Universidad Polit\u00e9cnica de Atlautla brinda mensaje a la ciudadan\u00eda de Chalco\"}]},{\"@type\":\"WebSite\",\"@id\":\"https:\/\/volcanes.net\/#website\",\"url\":\"https:\/\/volcanes.net\/\",\"name\":\"Volcanes.Net\",\"description\":\"Periodismo Profesional\",\"publisher\":{\"@id\":\"https:\/\/volcanes.net\/#organization\"},\"potentialAction\":[{\"@type\":\"SearchAction\",\"target\":{\"@type\":\"EntryPoint\",\"urlTemplate\":\"https:\/\/volcanes.net\/?s={search_term_string}\"},\"query-input\":{\"@type\":\"PropertyValueSpecification\",\"valueRequired\":true,\"valueName\":\"search_term_string\"}}],\"inLanguage\":\"es\"},{\"@type\":\"Organization\",\"@id\":\"https:\/\/volcanes.net\/#organization\",\"name\":\"Grupo Volcanes\",\"url\":\"https:\/\/volcanes.net\/\",\"logo\":{\"@type\":\"ImageObject\",\"inLanguage\":\"es\",\"@id\":\"https:\/\/volcanes.net\/#\/schema\/logo\/image\/\",\"url\":\"http:\/\/volcanes.net\/wp-content\/uploads\/2017\/12\/Avatar2.jpg\",\"contentUrl\":\"http:\/\/volcanes.net\/wp-content\/uploads\/2017\/12\/Avatar2.jpg\",\"width\":378,\"height\":378,\"caption\":\"Grupo Volcanes\"},\"image\":{\"@id\":\"https:\/\/volcanes.net\/#\/schema\/logo\/image\/\"},\"sameAs\":[\"https:\/\/www.facebook.com\/volcanes.net\/\"]},{\"@type\":\"Person\",\"@id\":\"https:\/\/volcanes.net\/#\/schema\/person\/4bf0f383940966a4abd53f5048c0e6b9\",\"name\":\"admin\",\"image\":{\"@type\":\"ImageObject\",\"inLanguage\":\"es\",\"@id\":\"https:\/\/volcanes.net\/#\/schema\/person\/image\/\",\"url\":\"https:\/\/secure.gravatar.com\/avatar\/ca004e6cba8462b8cb7abc86e382930c?s=96&d=mm&r=g\",\"contentUrl\":\"https:\/\/secure.gravatar.com\/avatar\/ca004e6cba8462b8cb7abc86e382930c?s=96&d=mm&r=g\",\"caption\":\"admin\"}}]}<\/script>\n<!-- \/ Yoast SEO plugin. -->","yoast_head_json":{"title":"Rectora de la Universidad Polit\u00e9cnica de Atlautla brinda mensaje a la ciudadan\u00eda de Chalco - Volcanes","robots":{"index":"index","follow":"follow","max-snippet":"max-snippet:-1","max-image-preview":"max-image-preview:large","max-video-preview":"max-video-preview:-1"},"canonical":"https:\/\/volcanes.net\/?p=3875","og_locale":"es_MX","og_type":"article","og_title":"Rectora de la Universidad Polit\u00e9cnica de Atlautla brinda mensaje a la ciudadan\u00eda de Chalco - Volcanes","og_description":"En el evento a conmemoraci\u00f3n del 195 aniversario de la erecci\u00f3n del municipio de Chalco,","og_url":"https:\/\/volcanes.net\/?p=3875","og_site_name":"Volcanes","article_publisher":"https:\/\/www.facebook.com\/volcanes.net\/","article_published_time":"2019-02-01T19:23:33+00:00","article_modified_time":"2019-02-01T22:34:32+00:00","og_image":[{"width":1280,"height":623,"url":"https:\/\/volcanes.net\/wp-content\/uploads\/2019\/02\/WhatsApp-Image-2019-02-01-at-1.21.20-PM.jpeg","type":"image\/jpeg"}],"author":"admin","twitter_card":"summary_large_image","twitter_misc":{"Escrito por":"admin","Tiempo de lectura":"1 minuto"},"schema":{"@context":"https:\/\/schema.org","@graph":[{"@type":"Article","@id":"https:\/\/volcanes.net\/?p=3875#article","isPartOf":{"@id":"https:\/\/volcanes.net\/?p=3875"},"author":{"name":"admin","@id":"https:\/\/volcanes.net\/#\/schema\/person\/4bf0f383940966a4abd53f5048c0e6b9"},"headline":"Rectora de la Universidad Polit\u00e9cnica de Atlautla brinda mensaje a la ciudadan\u00eda de Chalco","datePublished":"2019-02-01T19:23:33+00:00","dateModified":"2019-02-01T22:34:32+00:00","mainEntityOfPage":{"@id":"https:\/\/volcanes.net\/?p=3875"},"wordCount":155,"commentCount":0,"publisher":{"@id":"https:\/\/volcanes.net\/#organization"},"image":{"@id":"https:\/\/volcanes.net\/?p=3875#primaryimage"},"thumbnailUrl":"https:\/\/volcanes.net\/wp-content\/uploads\/2019\/02\/WhatsApp-Image-2019-02-01-at-1.21.20-PM.jpeg","keywords":["Chalco"],"articleSection":["Municipales"],"inLanguage":"es","potentialAction":[{"@type":"CommentAction","name":"Comment","target":["https:\/\/volcanes.net\/?p=3875#respond"]}]},{"@type":"WebPage","@id":"https:\/\/volcanes.net\/?p=3875","url":"https:\/\/volcanes.net\/?p=3875","name":"Rectora de la Universidad Polit\u00e9cnica de Atlautla brinda mensaje a la ciudadan\u00eda de Chalco - Volcanes","isPartOf":{"@id":"https:\/\/volcanes.net\/#website"},"primaryImageOfPage":{"@id":"https:\/\/volcanes.net\/?p=3875#primaryimage"},"image":{"@id":"https:\/\/volcanes.net\/?p=3875#primaryimage"},"thumbnailUrl":"https:\/\/volcanes.net\/wp-content\/uploads\/2019\/02\/WhatsApp-Image-2019-02-01-at-1.21.20-PM.jpeg","datePublished":"2019-02-01T19:23:33+00:00","dateModified":"2019-02-01T22:34:32+00:00","breadcrumb":{"@id":"https:\/\/volcanes.net\/?p=3875#breadcrumb"},"inLanguage":"es","potentialAction":[{"@type":"ReadAction","target":["https:\/\/volcanes.net\/?p=3875"]}]},{"@type":"ImageObject","inLanguage":"es","@id":"https:\/\/volcanes.net\/?p=3875#primaryimage","url":"https:\/\/volcanes.net\/wp-content\/uploads\/2019\/02\/WhatsApp-Image-2019-02-01-at-1.21.20-PM.jpeg","contentUrl":"https:\/\/volcanes.net\/wp-content\/uploads\/2019\/02\/WhatsApp-Image-2019-02-01-at-1.21.20-PM.jpeg","width":1280,"height":623},{"@type":"BreadcrumbList","@id":"https:\/\/volcanes.net\/?p=3875#breadcrumb","itemListElement":[{"@type":"ListItem","position":1,"name":"Portada","item":"https:\/\/volcanes.net\/"},{"@type":"ListItem","position":2,"name":"Rectora de la Universidad Polit\u00e9cnica de Atlautla brinda mensaje a la ciudadan\u00eda de Chalco"}]},{"@type":"WebSite","@id":"https:\/\/volcanes.net\/#website","url":"https:\/\/volcanes.net\/","name":"Volcanes.Net","description":"Periodismo Profesional","publisher":{"@id":"https:\/\/volcanes.net\/#organization"},"potentialAction":[{"@type":"SearchAction","target":{"@type":"EntryPoint","urlTemplate":"https:\/\/volcanes.net\/?s={search_term_string}"},"query-input":{"@type":"PropertyValueSpecification","valueRequired":true,"valueName":"search_term_string"}}],"inLanguage":"es"},{"@type":"Organization","@id":"https:\/\/volcanes.net\/#organization","name":"Grupo Volcanes","url":"https:\/\/volcanes.net\/","logo":{"@type":"ImageObject","inLanguage":"es","@id":"https:\/\/volcanes.net\/#\/schema\/logo\/image\/","url":"http:\/\/volcanes.net\/wp-content\/uploads\/2017\/12\/Avatar2.jpg","contentUrl":"http:\/\/volcanes.net\/wp-content\/uploads\/2017\/12\/Avatar2.jpg","width":378,"height":378,"caption":"Grupo Volcanes"},"image":{"@id":"https:\/\/volcanes.net\/#\/schema\/logo\/image\/"},"sameAs":["https:\/\/www.facebook.com\/volcanes.net\/"]},{"@type":"Person","@id":"https:\/\/volcanes.net\/#\/schema\/person\/4bf0f383940966a4abd53f5048c0e6b9","name":"admin","image":{"@type":"ImageObject","inLanguage":"es","@id":"https:\/\/volcanes.net\/#\/schema\/person\/image\/","url":"https:\/\/secure.gravatar.com\/avatar\/ca004e6cba8462b8cb7abc86e382930c?s=96&d=mm&r=g","contentUrl":"https:\/\/secure.gravatar.com\/avatar\/ca004e6cba8462b8cb7abc86e382930c?s=96&d=mm&r=g","caption":"admin"}}]}},"_links":{"self":[{"href":"https:\/\/volcanes.net\/index.php?rest_route=\/wp\/v2\/posts\/3875"}],"collection":[{"href":"https:\/\/volcanes.net\/index.php?rest_route=\/wp\/v2\/posts"}],"about":[{"href":"https:\/\/volcanes.net\/index.php?rest_route=\/wp\/v2\/types\/post"}],"author":[{"embeddable":true,"href":"https:\/\/volcanes.net\/index.php?rest_route=\/wp\/v2\/users\/1"}],"replies":[{"embeddable":true,"href":"https:\/\/volcanes.net\/index.php?rest_route=%2Fwp%2Fv2%2Fcomments&post=3875"}],"version-history":[{"count":3,"href":"https:\/\/volcanes.net\/index.php?rest_route=\/wp\/v2\/posts\/3875\/revisions"}],"predecessor-version":[{"id":3889,"href":"https:\/\/volcanes.net\/index.php?rest_route=\/wp\/v2\/posts\/3875\/revisions\/3889"}],"wp:featuredmedia":[{"embeddable":true,"href":"https:\/\/volcanes.net\/index.php?rest_route=\/wp\/v2\/media\/3877"}],"wp:attachment":[{"href":"https:\/\/volcanes.net\/index.php?rest_route=%2Fwp%2Fv2%2Fmedia&parent=3875"}],"wp:term":[{"taxonomy":"category","embeddable":true,"href":"https:\/\/volcanes.net\/index.php?rest_route=%2Fwp%2Fv2%2Fcategories&post=3875"},{"taxonomy":"post_tag","embeddable":true,"href":"https:\/\/volcanes.net\/index.php?rest_route=%2Fwp%2Fv2%2Ftags&post=3875"}],"curies":[{"name":"wp","href":"https:\/\/api.w.org\/{rel}","templated":true}]}}