{"id":3896,"date":"2019-02-01T23:25:43","date_gmt":"2019-02-01T23:25:43","guid":{"rendered":"http:\/\/volcanes.net\/?p=3896"},"modified":"2019-02-01T23:25:43","modified_gmt":"2019-02-01T23:25:43","slug":"con-trabajo-entusiasmo-e-inversion-social-el-gobierno-de-mexico-llevara-bienestar-al-campo-maria-luisa-albores-gonzalez","status":"publish","type":"post","link":"https:\/\/volcanes.net\/?p=3896","title":{"rendered":"Con trabajo, entusiasmo e inversi\u00f3n social, el Gobierno de M\u00e9xico llevar\u00e1 bienestar al campo: Mar\u00eda Luisa Albores Gonz\u00e1lez"},"content":{"rendered":"<div style=\"margin-top: 0px; margin-bottom: 0px;\" class=\"sharethis-inline-share-buttons\" ><\/div><p><span style=\"font-size:14pt; font-family:Symbol; color:black;\"><span>\u00b7<span style=\"font:7pt\" timesnewroman\";\">       <span> <\/span><\/span><\/span><\/span><span style=\"font-size:14pt; font-family:\" timesnewroman\",serif; color:black;\"><b><u>La secretaria de Bienestar acompa\u00f1\u00f3 al presidente L\u00f3pez Obrador a la puesta en marcha del programa Sembrando Vida<\/u><\/b><\/span><\/p>\n<p align=\"center\" class=\"MsoNormal\" style=\"color:rgb(0,0,0); font-family:sans-serif; font-size:12.8px; font-style:normal; font-variant-ligatures:normal; font-variant-caps:normal; font-weight:400; letter-spacing:normal; orphans:2; text-indent:0px; text-transform:none; white-space:normal; widows:2; word-spacing:0px; -webkit-text-stroke-width:0px; text-decoration-style:initial; text-decoration-color:initial; margin-bottom:0.0001ptline-height:normal; text-align:center;\"><span style=\"font-size:14pt; font-family:\" timesnewroman\",serif; color:black;\"><b> <\/b><\/span><\/p>\n<p align=\"center\" class=\"MsoNormal\" style=\"color:rgb(0,0,0); font-family:sans-serif; font-size:12.8px; font-style:normal; font-variant-ligatures:normal; font-variant-caps:normal; font-weight:400; letter-spacing:normal; orphans:2; text-indent:0px; text-transform:none; white-space:normal; widows:2; word-spacing:0px; -webkit-text-stroke-width:0px; text-decoration-style:initial; text-decoration-color:initial; margin-bottom:0.0001ptline-height:normal; text-align:center;\"><span style=\"font-size:14pt; font-family:\" timesnewroman\",serif; color:black;\"><b><u>\u2022        Es uno de los tres programas prioritarios que tiene a su cargo la dependencia<\/u><\/b><\/span><u><\/u><\/p>\n<p align=\"center\" class=\"MsoNormal\" style=\"color:rgb(0,0,0); font-family:sans-serif; font-size:12.8px; font-style:normal; font-variant-ligatures:normal; font-variant-caps:normal; font-weight:400; letter-spacing:normal; orphans:2; text-indent:0px; text-transform:none; white-space:normal; widows:2; word-spacing:0px; -webkit-text-stroke-width:0px; text-decoration-style:initial; text-decoration-color:initial; margin-bottom:0.0001ptline-height:normal; text-align:center;\"><span style=\"font-size:14pt; font-family:\" timesnewroman\",serif; color:black;\"><b> <\/b><\/span><\/p>\n<p align=\"center\" class=\"MsoNormal\" style=\"color:rgb(0,0,0); font-family:sans-serif; font-size:12.8px; font-style:normal; font-variant-ligatures:normal; font-variant-caps:normal; font-weight:400; letter-spacing:normal; orphans:2; text-indent:0px; text-transform:none; white-space:normal; widows:2; word-spacing:0px; -webkit-text-stroke-width:0px; text-decoration-style:initial; text-decoration-color:initial; margin-bottom:0.0001ptline-height:normal; text-align:center;\"><span style=\"font-size:14pt; font-family:\" timesnewroman\",serif; color:black;\"><b><u>\u2022        Prev\u00e9 la plantaci\u00f3n de \u00e1rboles en un mill\u00f3n de hect\u00e1reas de 19 estados del pa\u00eds<\/u><\/b><\/span><u><\/u><\/p>\n<p align=\"center\" class=\"MsoNormal\" style=\"color:rgb(0,0,0); font-family:sans-serif; font-size:12.8px; font-style:normal; font-variant-ligatures:normal; font-variant-caps:normal; font-weight:400; letter-spacing:normal; orphans:2; text-indent:0px; text-transform:none; white-space:normal; widows:2; word-spacing:0px; -webkit-text-stroke-width:0px; text-decoration-style:initial; text-decoration-color:initial; margin-bottom:0.0001ptline-height:normal; text-align:center;\"><span style=\"font-size:16pt; font-family:\" timesnewroman\",serif; color:black;\"><b> <\/b><\/span><\/p>\n<p class=\"MsoNormal\" style=\"color:rgb(0,0,0); font-family:sans-serif; font-size:12.8px; font-style:normal; font-variant-ligatures:normal; font-variant-caps:normal; font-weight:400; letter-spacing:normal; orphans:2; text-indent:0px; text-transform:none; white-space:normal; widows:2; word-spacing:0px; -webkit-text-stroke-width:0px; text-decoration-style:initial; text-decoration-color:initial; margin-bottom:0.0001ptline-height:normal; text-align:left;\"><span style=\"font-size:14pt; font-family:\" timesnewroman\",serif; color:black;\"><u>Con objeto de recuperar el campo mexicano, propiciar arraigo comunitario y evitar la migraci\u00f3n, se puso en marcha hoy Sembrando Vida, uno de los tres programas prioritarios de la presente administraci\u00f3n, a cargo la Secretar\u00eda de Bienestar, y que tiene como meta la plantaci\u00f3n de \u00e1rboles frutales y maderables en un mill\u00f3n de hect\u00e1reas de 19 estados de la Rep\u00fablica.<\/u><\/span><u><\/u><\/p>\n<p class=\"MsoNormal\" style=\"color:rgb(0,0,0); font-family:sans-serif; font-size:12.8px; font-style:normal; font-variant-ligatures:normal; font-variant-caps:normal; font-weight:400; letter-spacing:normal; orphans:2; text-indent:0px; text-transform:none; white-space:normal; widows:2; word-spacing:0px; -webkit-text-stroke-width:0px; text-decoration-style:initial; text-decoration-color:initial; margin-bottom:0.0001ptline-height:normal; text-align:left;\"><span style=\"font-size:14pt; font-family:\" timesnewroman\",serif; color:black;\"> <\/span><\/p>\n<p class=\"MsoNormal\" style=\"color:rgb(0,0,0); font-family:sans-serif; font-size:12.8px; font-style:normal; font-variant-ligatures:normal; font-variant-caps:normal; font-weight:400; letter-spacing:normal; orphans:2; text-indent:0px; text-transform:none; white-space:normal; widows:2; word-spacing:0px; -webkit-text-stroke-width:0px; text-decoration-style:initial; text-decoration-color:initial; margin-bottom:0.0001ptline-height:normal; text-align:left;\"><span style=\"font-size:14pt; font-family:\" timesnewroman\",serif; color:black;\"><u>El presidente Andr\u00e9s Manuel L\u00f3pez Obrador encabez\u00f3 la ceremonia de inauguraci\u00f3n de este programa en el municipio de C\u00e1rdenas, Tabasco. En el evento, la titular de la Secretar\u00eda de Bienestar, Mar\u00eda Luisa Albores Gonz\u00e1lez, expres\u00f3 que el motivo de la restauraci\u00f3n productiva a la reforestaci\u00f3n se debe a que es \u201cun trabajo de acompa\u00f1amiento directo al productor, a quienes son guardianes de su territorio y que pueden volver a recuperar el arraigo y el amor por la tierra; a trav\u00e9s de la inclusi\u00f3n productiva se podr\u00e1 rescatar del olvido al campo\u201d.<\/u><\/span><u><\/u><\/p>\n<p class=\"MsoNormal\" style=\"color:rgb(0,0,0); font-family:sans-serif; font-size:12.8px; font-style:normal; font-variant-ligatures:normal; font-variant-caps:normal; font-weight:400; letter-spacing:normal; orphans:2; text-indent:0px; text-transform:none; white-space:normal; widows:2; word-spacing:0px; -webkit-text-stroke-width:0px; text-decoration-style:initial; text-decoration-color:initial; margin-bottom:0.0001ptline-height:normal; text-align:left;\"><span style=\"font-size:14pt; font-family:\" timesnewroman\",serif; color:black;\"> <\/span><\/p>\n<p class=\"MsoNormal\" style=\"color:rgb(0,0,0); font-family:sans-serif; font-size:12.8px; font-style:normal; font-variant-ligatures:normal; font-variant-caps:normal; font-weight:400; letter-spacing:normal; orphans:2; text-indent:0px; text-transform:none; white-space:normal; widows:2; word-spacing:0px; -webkit-text-stroke-width:0px; text-decoration-style:initial; text-decoration-color:initial; margin-bottom:0.0001ptline-height:normal; text-align:left;\"><span style=\"font-size:14pt; font-family:\" timesnewroman\",serif; color:black;\"><u>La secretaria de Bienestar, enfatiz\u00f3 que el campo significa amor por la tierra, identidad, cultura, formas solidarias y democr\u00e1ticas de organizaci\u00f3n, de participaci\u00f3n, y record\u00f3 que su importancia recae en el papel imprescindible que tiene para la producci\u00f3n de los alimentos que consume nuestro pueblo. Sin embargo, agreg\u00f3, el modelo econ\u00f3mico de los pasados 30 a\u00f1os conden\u00f3 al campo al abandono y lo sumi\u00f3 en una profunda injusticia social.<\/u><\/span><u><\/u><\/p>\n<p class=\"MsoNormal\" style=\"color:rgb(0,0,0); font-family:sans-serif; font-size:12.8px; font-style:normal; font-variant-ligatures:normal; font-variant-caps:normal; font-weight:400; letter-spacing:normal; orphans:2; text-indent:0px; text-transform:none; white-space:normal; widows:2; word-spacing:0px; -webkit-text-stroke-width:0px; text-decoration-style:initial; text-decoration-color:initial; margin-bottom:0.0001ptline-height:normal; text-align:left;\"><span style=\"font-size:14pt; font-family:\" timesnewroman\",serif; color:black;\"> <\/span><\/p>\n<p class=\"MsoNormal\" style=\"color:rgb(0,0,0); font-family:sans-serif; font-size:12.8px; font-style:normal; font-variant-ligatures:normal; font-variant-caps:normal; font-weight:400; letter-spacing:normal; orphans:2; text-indent:0px; text-transform:none; white-space:normal; widows:2; word-spacing:0px; -webkit-text-stroke-width:0px; text-decoration-style:initial; text-decoration-color:initial; margin-bottom:0.0001ptline-height:normal; text-align:left;\"><span style=\"font-size:14pt; font-family:\" timesnewroman\",serif; color:black;\"><u>Los grandes capitales, a\u00f1adi\u00f3, en lugar de prosperidad, han despojado a las comunidades y degradado los bosques y las selvas. Tan es as\u00ed, dijo, que seis de cada diez mexicanos que habitan en zonas rurales est\u00e1n en situaci\u00f3n de pobreza, al mismo tiempo que la pobreza extrema en el campo es tres veces mayor que en las zonas urbanas.<\/u><\/span><u><\/u><\/p>\n<p class=\"MsoNormal\" style=\"color:rgb(0,0,0); font-family:sans-serif; font-size:12.8px; font-style:normal; font-variant-ligatures:normal; font-variant-caps:normal; font-weight:400; letter-spacing:normal; orphans:2; text-indent:0px; text-transform:none; white-space:normal; widows:2; word-spacing:0px; -webkit-text-stroke-width:0px; text-decoration-style:initial; text-decoration-color:initial; margin-bottom:0.0001ptline-height:normal; text-align:left;\"><span style=\"font-size:14pt; font-family:\" timesnewroman\",serif; color:black;\"> <\/span><\/p>\n<p class=\"MsoNormal\" style=\"color:rgb(0,0,0); font-family:sans-serif; font-size:12.8px; font-style:normal; font-variant-ligatures:normal; font-variant-caps:normal; font-weight:400; letter-spacing:normal; orphans:2; text-indent:0px; text-transform:none; white-space:normal; widows:2; word-spacing:0px; -webkit-text-stroke-width:0px; text-decoration-style:initial; text-decoration-color:initial; margin-bottom:0.0001ptline-height:normal; text-align:left;\"><span style=\"font-size:14pt; font-family:\" timesnewroman\",serif; color:black;\"><u>Indic\u00f3 que el Gobierno de M\u00e9xico quiere evitar que la gente siga migrando y que el objetivo es dignificar la autonom\u00eda del sector y posibilitar la autosuficiencia alimentaria, as\u00ed como rescatar la identidad del agro, sus productos y las comunidades involucradas. Inform\u00f3 que cada productor va a plantar 2.5 hect\u00e1reas durante seis a\u00f1os.<\/u><\/span><u><\/u><\/p>\n<p class=\"MsoNormal\" style=\"color:rgb(0,0,0); font-family:sans-serif; font-size:12.8px; font-style:normal; font-variant-ligatures:normal; font-variant-caps:normal; font-weight:400; letter-spacing:normal; orphans:2; text-indent:0px; text-transform:none; white-space:normal; widows:2; word-spacing:0px; -webkit-text-stroke-width:0px; text-decoration-style:initial; text-decoration-color:initial; margin-bottom:0.0001ptline-height:normal; text-align:left;\"><span style=\"font-size:14pt; font-family:\" timesnewroman\",serif; color:black;\"> <\/span><\/p>\n<p class=\"MsoNormal\" style=\"color:rgb(0,0,0); font-family:sans-serif; font-size:12.8px; font-style:normal; font-variant-ligatures:normal; font-variant-caps:normal; font-weight:400; letter-spacing:normal; orphans:2; text-indent:0px; text-transform:none; white-space:normal; widows:2; word-spacing:0px; -webkit-text-stroke-width:0px; text-decoration-style:initial; text-decoration-color:initial; margin-bottom:0.0001ptline-height:normal; text-align:left;\"><span style=\"font-size:14pt; font-family:\" timesnewroman\",serif; color:black;\"><u>Asimismo, explic\u00f3 que los beneficios que el proceso generar\u00e1 se podr\u00e1n observar en tres etapas: a corto plazo, con la puesta en operaci\u00f3n de la Milpa Intercalada con frutales (Miaf), como frijol y calabaza, que servir\u00e1n para el consumo de las familias; a mediano plazo, con los frutos que produzcan los \u00e1rboles y, a largo plazo, con la explotaci\u00f3n racional de la madera, como caoba y  cedro.<\/u><\/span><u><\/u><\/p>\n<p class=\"MsoNormal\" style=\"color:rgb(0,0,0); font-family:sans-serif; font-size:12.8px; font-style:normal; font-variant-ligatures:normal; font-variant-caps:normal; font-weight:400; letter-spacing:normal; orphans:2; text-indent:0px; text-transform:none; white-space:normal; widows:2; word-spacing:0px; -webkit-text-stroke-width:0px; text-decoration-style:initial; text-decoration-color:initial; margin-bottom:0.0001ptline-height:normal; text-align:left;\"><span style=\"font-size:14pt; font-family:\" timesnewroman\",serif; color:black;\"> <\/span><\/p>\n<p class=\"MsoNormal\" style=\"color:rgb(0,0,0); font-family:sans-serif; font-size:12.8px; font-style:normal; font-variant-ligatures:normal; font-variant-caps:normal; font-weight:400; letter-spacing:normal; orphans:2; text-indent:0px; text-transform:none; white-space:normal; widows:2; word-spacing:0px; -webkit-text-stroke-width:0px; text-decoration-style:initial; text-decoration-color:initial; margin-bottom:0.0001ptline-height:normal; text-align:left;\"><span style=\"font-size:14pt; font-family:\" timesnewroman\",serif; color:black;\"><u>Se pagar\u00e1n cinco mil pesos mensuales al ejidatario, comunero o peque\u00f1o propietario por el trabajo que realizar\u00e1n de lunes a s\u00e1bado. De esta cantidad, 500 pesos se destinar\u00e1n a un fondo de ahorro para generar econom\u00eda social y econom\u00edas internas en las comunidades. \u201cEsto no es una d\u00e1diva, sino un reconocimiento al esfuerzo de las productoras y los productores\u201d, sostuvo.<\/u><\/span><u><\/u><\/p>\n<p class=\"MsoNormal\" style=\"color:rgb(0,0,0); font-family:sans-serif; font-size:12.8px; font-style:normal; font-variant-ligatures:normal; font-variant-caps:normal; font-weight:400; letter-spacing:normal; orphans:2; text-indent:0px; text-transform:none; white-space:normal; widows:2; word-spacing:0px; -webkit-text-stroke-width:0px; text-decoration-style:initial; text-decoration-color:initial; margin-bottom:0.0001ptline-height:normal; text-align:left;\"><span style=\"font-size:14pt; font-family:\" timesnewroman\",serif; color:black;\"> <\/span><\/p>\n<p class=\"MsoNormal\" style=\"color:rgb(0,0,0); font-family:sans-serif; font-size:12.8px; font-style:normal; font-variant-ligatures:normal; font-variant-caps:normal; font-weight:400; letter-spacing:normal; orphans:2; text-indent:0px; text-transform:none; white-space:normal; widows:2; word-spacing:0px; -webkit-text-stroke-width:0px; text-decoration-style:initial; text-decoration-color:initial; margin-bottom:0.0001ptline-height:normal; text-align:left;\"><span style=\"font-size:14pt; font-family:\" timesnewroman\",serif; color:black;\"><u>Adem\u00e1s, habr\u00e1 apoyos directos con insumo y herramientas, as\u00ed como la asistencia a trav\u00e9s de 2 mil 388 t\u00e9cnicos y facilitadores, entre bi\u00f3logos, agr\u00f3nomos, antrop\u00f3logos y trabajadores sociales. Albores Gonz\u00e1lez destac\u00f3 que ya se est\u00e1 trabajando en mil 900 ejidos y 361 municipios de ocho entidades, de los cuales 113 son ind\u00edgenas.<\/u><\/span><u><\/u><\/p>\n<p class=\"MsoNormal\" style=\"color:rgb(0,0,0); font-family:sans-serif; font-size:12.8px; font-style:normal; font-variant-ligatures:normal; font-variant-caps:normal; font-weight:400; letter-spacing:normal; orphans:2; text-indent:0px; text-transform:none; white-space:normal; widows:2; word-spacing:0px; -webkit-text-stroke-width:0px; text-decoration-style:initial; text-decoration-color:initial; margin-bottom:0.0001ptline-height:normal; text-align:left;\"><span style=\"font-size:14pt; font-family:\" timesnewroman\",serif; color:black;\"> <\/span><\/p>\n<p class=\"MsoNormal\" style=\"color:rgb(0,0,0); font-family:sans-serif; font-size:12.8px; font-style:normal; font-variant-ligatures:normal; font-variant-caps:normal; font-weight:400; letter-spacing:normal; orphans:2; text-indent:0px; text-transform:none; white-space:normal; widows:2; word-spacing:0px; -webkit-text-stroke-width:0px; text-decoration-style:initial; text-decoration-color:initial; margin-bottom:0.0001ptline-height:normal; text-align:left;\"><span style=\"font-size:14pt; font-family:\" timesnewroman\",serif; color:black;\"><u>La meta para 2019, se\u00f1al\u00f3, es atender a 230 mil productores y, para el periodo 2019-2020, abarcar 19 entidades del territorio nacional. \u201cEstamos hablando de participar con m\u00e1s de 14 pueblos ind\u00edgenas: nahuas, mayas, popolocas, zoques, chinantecos, totonacos, choles, tzeltales, tzotziles, mazatecos, mames, chontales de Tabasco\u201d, asegur\u00f3.<\/u><\/span><u><\/u><\/p>\n<p class=\"MsoNormal\" style=\"color:rgb(0,0,0); font-family:sans-serif; font-size:12.8px; font-style:normal; font-variant-ligatures:normal; font-variant-caps:normal; font-weight:400; letter-spacing:normal; orphans:2; text-indent:0px; text-transform:none; white-space:normal; widows:2; word-spacing:0px; -webkit-text-stroke-width:0px; text-decoration-style:initial; text-decoration-color:initial; margin-bottom:0.0001ptline-height:normal; text-align:left;\"><span style=\"font-size:14pt; font-family:\" timesnewroman\",serif; color:black;\"> <\/span><\/p>\n<p class=\"MsoNormal\" style=\"color:rgb(0,0,0); font-family:sans-serif; font-size:12.8px; font-style:normal; font-variant-ligatures:normal; font-variant-caps:normal; font-weight:400; letter-spacing:normal; orphans:2; text-indent:0px; text-transform:none; white-space:normal; widows:2; word-spacing:0px; -webkit-text-stroke-width:0px; text-decoration-style:initial; text-decoration-color:initial; margin-bottom:0.0001ptline-height:normal; text-align:left;\"><span style=\"font-size:14pt; font-family:\" timesnewroman\",serif; color:black;\"><u>\u201cHoy podemos anunciar que ya est\u00e1n incluidas las primeras 60 mil familias campesinas y campesinos en este programa, y ya se est\u00e1 depositando su primer apoyo, y a la brevedad recibir\u00e1n su tarjeta, donde se va ir depositando cada mes. Para el d\u00eda 20 de febrero planteamos que est\u00e9n los 220 mil y, un poco m\u00e1s adelante, los 10 mil que nos faltan\u201d, enfatiz\u00f3 la titular de Bienestar.<\/u><\/span><u><\/u><\/p>\n<p class=\"MsoNormal\" style=\"color:rgb(0,0,0); font-family:sans-serif; font-size:12.8px; font-style:normal; font-variant-ligatures:normal; font-variant-caps:normal; font-weight:400; letter-spacing:normal; orphans:2; text-indent:0px; text-transform:none; white-space:normal; widows:2; word-spacing:0px; -webkit-text-stroke-width:0px; text-decoration-style:initial; text-decoration-color:initial; margin-bottom:0.0001ptline-height:normal; text-align:left;\"><span style=\"font-size:14pt; font-family:\" timesnewroman\",serif; color:black;\"> <\/span><\/p>\n<p class=\"MsoNormal\" style=\"color:rgb(0,0,0); font-family:sans-serif; font-size:12.8px; font-style:normal; font-variant-ligatures:normal; font-variant-caps:normal; font-weight:400; letter-spacing:normal; orphans:2; text-indent:0px; text-transform:none; white-space:normal; widows:2; word-spacing:0px; -webkit-text-stroke-width:0px; text-decoration-style:initial; text-decoration-color:initial; margin-bottom:0.0001ptline-height:normal; text-align:left;\"><span style=\"font-size:14pt; font-family:\" timesnewroman\",serif; color:black;\"><u>Ante el gobernador de la entidad, Ad\u00e1n Augusto L\u00f3pez Hern\u00e1ndez, Albores Gonz\u00e1lez manifest\u00f3 que el Gobierno de M\u00e9xico atacar\u00e1 de ra\u00edz el problema de pobreza y rezago en que se encuentran las zonas rurales, por lo que dej\u00f3 atr\u00e1s la instrumentaci\u00f3n de programas asistencialistas que s\u00f3lo representaban un paliativo, y subray\u00f3 que se busca contribuir al desarrollo con un enfoque de sustentabilidad que resulte en bienestar para las familias campesinas.<\/u><\/span><u><\/u><\/p>\n<p class=\"MsoNormal\" style=\"color:rgb(0,0,0); font-family:sans-serif; font-size:12.8px; font-style:normal; font-variant-ligatures:normal; font-variant-caps:normal; font-weight:400; letter-spacing:normal; orphans:2; text-indent:0px; text-transform:none; white-space:normal; widows:2; word-spacing:0px; -webkit-text-stroke-width:0px; text-decoration-style:initial; text-decoration-color:initial; margin-bottom:0.0001ptline-height:normal; text-align:left;\"><span style=\"font-size:14pt; font-family:\" timesnewroman\",serif; color:black;\"> <\/span><\/p>\n<p class=\"MsoNormal\" style=\"color:rgb(0,0,0); font-family:sans-serif; font-size:12.8px; font-style:normal; font-variant-ligatures:normal; font-variant-caps:normal; font-weight:400; letter-spacing:normal; orphans:2; text-indent:0px; text-transform:none; white-space:normal; widows:2; word-spacing:0px; -webkit-text-stroke-width:0px; text-decoration-style:initial; text-decoration-color:initial; margin-bottom:0.0001ptline-height:normal; text-align:left;\"><span style=\"font-size:14pt; font-family:\" timesnewroman\",serif; color:black;\"><u>La inversi\u00f3n social en la implementaci\u00f3n de este programa es de 15 mil millones de pesos para el presente a\u00f1o y en el despliegue de acciones para impulsar el desarrollo de las zonas rurales del pa\u00eds destaca la generaci\u00f3n de 400 mil fuentes de trabajo.<\/u><\/span><u><\/u><\/p>\n<p class=\"MsoNormal\" style=\"color:rgb(0,0,0); font-family:sans-serif; font-size:12.8px; font-style:normal; font-variant-ligatures:normal; font-variant-caps:normal; font-weight:400; letter-spacing:normal; orphans:2; text-indent:0px; text-transform:none; white-space:normal; widows:2; word-spacing:0px; -webkit-text-stroke-width:0px; text-decoration-style:initial; text-decoration-color:initial; margin-bottom:0.0001ptline-height:normal; text-align:left;\"><span style=\"font-size:14pt; font-family:\" timesnewroman\",serif; color:black;\"> <\/span><\/p>\n<p class=\"MsoNormal\" style=\"color:rgb(0,0,0); font-family:sans-serif; font-size:12.8px; font-style:normal; font-variant-ligatures:normal; font-variant-caps:normal; font-weight:400; letter-spacing:normal; orphans:2; text-indent:0px; text-transform:none; white-space:normal; widows:2; word-spacing:0px; -webkit-text-stroke-width:0px; text-decoration-style:initial; text-decoration-color:initial; margin-bottom:0.0001ptline-height:normal; text-align:left;\"><span style=\"font-size:14pt; font-family:\" timesnewroman\",serif; color:black;\"><u>Este programa tiene como meta la plantaci\u00f3n de \u00e1rboles en un mill\u00f3n de hect\u00e1reas de los estados de Campeche, Chiapas, Chihuahua, Colima, Guerrero, Hidalgo, Michoac\u00e1n, Morelos, Oaxaca, Puebla, Quintana Roo, San Luis Potos\u00ed, Sinaloa, Tabasco, Tamaulipas, Tlaxcala, Veracruz y Yucat\u00e1n.<\/u><\/span><u><\/u><\/p>\n<p class=\"MsoNormal\" style=\"color:rgb(0,0,0); font-family:sans-serif; font-size:12.8px; font-style:normal; font-variant-ligatures:normal; font-variant-caps:normal; font-weight:400; letter-spacing:normal; orphans:2; text-indent:0px; text-transform:none; white-space:normal; widows:2; word-spacing:0px; -webkit-text-stroke-width:0px; text-decoration-style:initial; text-decoration-color:initial; margin-bottom:0.0001ptline-height:normal; text-align:left;\"><span style=\"font-size:14pt; font-family:\" timesnewroman\",serif; color:black;\"> <\/span><\/p>\n<p class=\"MsoNormal\" style=\"color:rgb(0,0,0); font-family:sans-serif; font-size:12.8px; font-style:normal; font-variant-ligatures:normal; font-variant-caps:normal; font-weight:400; letter-spacing:normal; orphans:2; text-indent:0px; text-transform:none; white-space:normal; widows:2; word-spacing:0px; -webkit-text-stroke-width:0px; text-decoration-style:initial; text-decoration-color:initial; margin-bottom:0.0001ptline-height:normal; text-align:left;\"><span style=\"font-size:14pt; font-family:\" timesnewroman\",serif; color:black;\"><u>Asistieron tambi\u00e9n a este evento, entre otros funcionarios, el titular de la Defensa, Luis Crescencio Sandoval Gonz\u00e1lez; la Secretaria de Energ\u00eda, Roc\u00edo Nahle, y el subsecretario de Inclusi\u00f3n Productiva y Desarrollo Rural y Territorial de la Secretar\u00eda de Bienestar, Javier May Rodr\u00edguez.<\/u><\/span><u><\/u><\/p>\n<p class=\"MsoNormal\" style=\"color:rgb(0,0,0); font-family:sans-serif; font-size:12.8px; font-style:normal; font-variant-ligatures:normal; font-variant-caps:normal; font-weight:400; letter-spacing:normal; orphans:2; text-indent:0px; text-transform:none; white-space:normal; widows:2; word-spacing:0px; -webkit-text-stroke-width:0px; text-decoration-style:initial; text-decoration-color:initial; margin-bottom:0.0001ptline-height:normal; text-align:left;\"><span style=\"font-size:14pt; font-family:\" timesnewroman\",serif; color:black;\"><u> <\/u><\/span><u><\/u><\/p>\n<p class=\"MsoNormal\" style=\"color:rgb(0,0,0); font-family:sans-serif; font-size:12.8px; font-style:normal; font-variant-ligatures:normal; font-variant-caps:normal; font-weight:400; letter-spacing:normal; orphans:2text-indent:0px; text-transform:none; white-space:normal; widows:2; word-spacing:0px; -webkit-text-stroke-width:0px; text-decoration-style:initial; text-decoration-color:initial; text-align:left;\"><span style=\"font-size:14pt; line-height:21.1717px; font-family:\" timesnewroman\",serif;\"><b> <\/b><\/span><\/p>\n<p class=\"MsoNormal\" style=\"color:rgb(0,0,0); font-family:sans-serif; font-size:12.8px; font-style:normal; font-variant-ligatures:normal; font-variant-caps:normal; font-weight:400; letter-spacing:normal; orphans:2; text-indent:0px; text-transform:none; white-space:normal; widows:2; word-spacing:0px; -webkit-text-stroke-width:0px; text-decoration-style:initial; text-decoration-color:initial; text-align:left;\"><span style=\"font-size:14pt; line-height:21.1717px; font-family:\" timesnewroman\",serif;\">#QueremosBienestar<\/span><\/p>\n","protected":false},"excerpt":{"rendered":"<p>\u00b7 La secretaria de Bienestar acompa\u00f1\u00f3 al presidente L\u00f3pez Obrador a la puesta en marcha<\/p>\n","protected":false},"author":1,"featured_media":3895,"comment_status":"open","ping_status":"open","sticky":false,"template":"","format":"standard","meta":{"footnotes":""},"categories":[1],"tags":[44],"class_list":["post-3896","post","type-post","status-publish","format-standard","has-post-thumbnail","hentry","category-municipales","tag-gobierno-de-la-republica"],"yoast_head":"<!-- This site is optimized with the Yoast SEO plugin v25.3 - https:\/\/yoast.com\/wordpress\/plugins\/seo\/ -->\n<title>Con trabajo, entusiasmo e inversi\u00f3n social, el Gobierno de M\u00e9xico llevar\u00e1 bienestar al campo: Mar\u00eda Luisa Albores Gonz\u00e1lez - Volcanes<\/title>\n<meta name=\"robots\" content=\"index, follow, max-snippet:-1, max-image-preview:large, max-video-preview:-1\" \/>\n<link rel=\"canonical\" href=\"https:\/\/volcanes.net\/?p=3896\" \/>\n<meta property=\"og:locale\" content=\"es_MX\" \/>\n<meta property=\"og:type\" content=\"article\" \/>\n<meta property=\"og:title\" content=\"Con trabajo, entusiasmo e inversi\u00f3n social, el Gobierno de M\u00e9xico llevar\u00e1 bienestar al campo: Mar\u00eda Luisa Albores Gonz\u00e1lez - Volcanes\" \/>\n<meta property=\"og:description\" content=\"\u00b7 La secretaria de Bienestar acompa\u00f1\u00f3 al presidente L\u00f3pez Obrador a la puesta en marcha\" \/>\n<meta property=\"og:url\" content=\"https:\/\/volcanes.net\/?p=3896\" \/>\n<meta property=\"og:site_name\" content=\"Volcanes\" \/>\n<meta property=\"article:publisher\" content=\"https:\/\/www.facebook.com\/volcanes.net\/\" \/>\n<meta property=\"article:published_time\" content=\"2019-02-01T23:25:43+00:00\" \/>\n<meta property=\"og:image\" content=\"https:\/\/volcanes.net\/wp-content\/uploads\/2019\/02\/1549063510475666.jpg\" \/>\n\t<meta property=\"og:image:width\" content=\"640\" \/>\n\t<meta property=\"og:image:height\" content=\"314\" \/>\n\t<meta property=\"og:image:type\" content=\"image\/jpeg\" \/>\n<meta name=\"author\" content=\"admin\" \/>\n<meta name=\"twitter:card\" content=\"summary_large_image\" \/>\n<meta name=\"twitter:label1\" content=\"Escrito por\" \/>\n\t<meta name=\"twitter:data1\" content=\"admin\" \/>\n\t<meta name=\"twitter:label2\" content=\"Tiempo de lectura\" \/>\n\t<meta name=\"twitter:data2\" content=\"5 minutos\" \/>\n<script type=\"application\/ld+json\" class=\"yoast-schema-graph\">{\"@context\":\"https:\/\/schema.org\",\"@graph\":[{\"@type\":\"Article\",\"@id\":\"https:\/\/volcanes.net\/?p=3896#article\",\"isPartOf\":{\"@id\":\"https:\/\/volcanes.net\/?p=3896\"},\"author\":{\"name\":\"admin\",\"@id\":\"https:\/\/volcanes.net\/#\/schema\/person\/4bf0f383940966a4abd53f5048c0e6b9\"},\"headline\":\"Con trabajo, entusiasmo e inversi\u00f3n social, el Gobierno de M\u00e9xico llevar\u00e1 bienestar al campo: Mar\u00eda Luisa Albores Gonz\u00e1lez\",\"datePublished\":\"2019-02-01T23:25:43+00:00\",\"mainEntityOfPage\":{\"@id\":\"https:\/\/volcanes.net\/?p=3896\"},\"wordCount\":964,\"commentCount\":0,\"publisher\":{\"@id\":\"https:\/\/volcanes.net\/#organization\"},\"image\":{\"@id\":\"https:\/\/volcanes.net\/?p=3896#primaryimage\"},\"thumbnailUrl\":\"https:\/\/volcanes.net\/wp-content\/uploads\/2019\/02\/1549063510475666.jpg\",\"keywords\":[\"Gobierno de la Rep\u00fablica\"],\"articleSection\":[\"Municipales\"],\"inLanguage\":\"es\",\"potentialAction\":[{\"@type\":\"CommentAction\",\"name\":\"Comment\",\"target\":[\"https:\/\/volcanes.net\/?p=3896#respond\"]}]},{\"@type\":\"WebPage\",\"@id\":\"https:\/\/volcanes.net\/?p=3896\",\"url\":\"https:\/\/volcanes.net\/?p=3896\",\"name\":\"Con trabajo, entusiasmo e inversi\u00f3n social, el Gobierno de M\u00e9xico llevar\u00e1 bienestar al campo: Mar\u00eda Luisa Albores Gonz\u00e1lez - Volcanes\",\"isPartOf\":{\"@id\":\"https:\/\/volcanes.net\/#website\"},\"primaryImageOfPage\":{\"@id\":\"https:\/\/volcanes.net\/?p=3896#primaryimage\"},\"image\":{\"@id\":\"https:\/\/volcanes.net\/?p=3896#primaryimage\"},\"thumbnailUrl\":\"https:\/\/volcanes.net\/wp-content\/uploads\/2019\/02\/1549063510475666.jpg\",\"datePublished\":\"2019-02-01T23:25:43+00:00\",\"breadcrumb\":{\"@id\":\"https:\/\/volcanes.net\/?p=3896#breadcrumb\"},\"inLanguage\":\"es\",\"potentialAction\":[{\"@type\":\"ReadAction\",\"target\":[\"https:\/\/volcanes.net\/?p=3896\"]}]},{\"@type\":\"ImageObject\",\"inLanguage\":\"es\",\"@id\":\"https:\/\/volcanes.net\/?p=3896#primaryimage\",\"url\":\"https:\/\/volcanes.net\/wp-content\/uploads\/2019\/02\/1549063510475666.jpg\",\"contentUrl\":\"https:\/\/volcanes.net\/wp-content\/uploads\/2019\/02\/1549063510475666.jpg\",\"width\":640,\"height\":314},{\"@type\":\"BreadcrumbList\",\"@id\":\"https:\/\/volcanes.net\/?p=3896#breadcrumb\",\"itemListElement\":[{\"@type\":\"ListItem\",\"position\":1,\"name\":\"Portada\",\"item\":\"https:\/\/volcanes.net\/\"},{\"@type\":\"ListItem\",\"position\":2,\"name\":\"Con trabajo, entusiasmo e inversi\u00f3n social, el Gobierno de M\u00e9xico llevar\u00e1 bienestar al campo: Mar\u00eda Luisa Albores Gonz\u00e1lez\"}]},{\"@type\":\"WebSite\",\"@id\":\"https:\/\/volcanes.net\/#website\",\"url\":\"https:\/\/volcanes.net\/\",\"name\":\"Volcanes.Net\",\"description\":\"Periodismo Profesional\",\"publisher\":{\"@id\":\"https:\/\/volcanes.net\/#organization\"},\"potentialAction\":[{\"@type\":\"SearchAction\",\"target\":{\"@type\":\"EntryPoint\",\"urlTemplate\":\"https:\/\/volcanes.net\/?s={search_term_string}\"},\"query-input\":{\"@type\":\"PropertyValueSpecification\",\"valueRequired\":true,\"valueName\":\"search_term_string\"}}],\"inLanguage\":\"es\"},{\"@type\":\"Organization\",\"@id\":\"https:\/\/volcanes.net\/#organization\",\"name\":\"Grupo Volcanes\",\"url\":\"https:\/\/volcanes.net\/\",\"logo\":{\"@type\":\"ImageObject\",\"inLanguage\":\"es\",\"@id\":\"https:\/\/volcanes.net\/#\/schema\/logo\/image\/\",\"url\":\"http:\/\/volcanes.net\/wp-content\/uploads\/2017\/12\/Avatar2.jpg\",\"contentUrl\":\"http:\/\/volcanes.net\/wp-content\/uploads\/2017\/12\/Avatar2.jpg\",\"width\":378,\"height\":378,\"caption\":\"Grupo Volcanes\"},\"image\":{\"@id\":\"https:\/\/volcanes.net\/#\/schema\/logo\/image\/\"},\"sameAs\":[\"https:\/\/www.facebook.com\/volcanes.net\/\"]},{\"@type\":\"Person\",\"@id\":\"https:\/\/volcanes.net\/#\/schema\/person\/4bf0f383940966a4abd53f5048c0e6b9\",\"name\":\"admin\",\"image\":{\"@type\":\"ImageObject\",\"inLanguage\":\"es\",\"@id\":\"https:\/\/volcanes.net\/#\/schema\/person\/image\/\",\"url\":\"https:\/\/secure.gravatar.com\/avatar\/ca004e6cba8462b8cb7abc86e382930c?s=96&d=mm&r=g\",\"contentUrl\":\"https:\/\/secure.gravatar.com\/avatar\/ca004e6cba8462b8cb7abc86e382930c?s=96&d=mm&r=g\",\"caption\":\"admin\"}}]}<\/script>\n<!-- \/ Yoast SEO plugin. -->","yoast_head_json":{"title":"Con trabajo, entusiasmo e inversi\u00f3n social, el Gobierno de M\u00e9xico llevar\u00e1 bienestar al campo: Mar\u00eda Luisa Albores Gonz\u00e1lez - Volcanes","robots":{"index":"index","follow":"follow","max-snippet":"max-snippet:-1","max-image-preview":"max-image-preview:large","max-video-preview":"max-video-preview:-1"},"canonical":"https:\/\/volcanes.net\/?p=3896","og_locale":"es_MX","og_type":"article","og_title":"Con trabajo, entusiasmo e inversi\u00f3n social, el Gobierno de M\u00e9xico llevar\u00e1 bienestar al campo: Mar\u00eda Luisa Albores Gonz\u00e1lez - Volcanes","og_description":"\u00b7 La secretaria de Bienestar acompa\u00f1\u00f3 al presidente L\u00f3pez Obrador a la puesta en marcha","og_url":"https:\/\/volcanes.net\/?p=3896","og_site_name":"Volcanes","article_publisher":"https:\/\/www.facebook.com\/volcanes.net\/","article_published_time":"2019-02-01T23:25:43+00:00","og_image":[{"width":640,"height":314,"url":"https:\/\/volcanes.net\/wp-content\/uploads\/2019\/02\/1549063510475666.jpg","type":"image\/jpeg"}],"author":"admin","twitter_card":"summary_large_image","twitter_misc":{"Escrito por":"admin","Tiempo de lectura":"5 minutos"},"schema":{"@context":"https:\/\/schema.org","@graph":[{"@type":"Article","@id":"https:\/\/volcanes.net\/?p=3896#article","isPartOf":{"@id":"https:\/\/volcanes.net\/?p=3896"},"author":{"name":"admin","@id":"https:\/\/volcanes.net\/#\/schema\/person\/4bf0f383940966a4abd53f5048c0e6b9"},"headline":"Con trabajo, entusiasmo e inversi\u00f3n social, el Gobierno de M\u00e9xico llevar\u00e1 bienestar al campo: Mar\u00eda Luisa Albores Gonz\u00e1lez","datePublished":"2019-02-01T23:25:43+00:00","mainEntityOfPage":{"@id":"https:\/\/volcanes.net\/?p=3896"},"wordCount":964,"commentCount":0,"publisher":{"@id":"https:\/\/volcanes.net\/#organization"},"image":{"@id":"https:\/\/volcanes.net\/?p=3896#primaryimage"},"thumbnailUrl":"https:\/\/volcanes.net\/wp-content\/uploads\/2019\/02\/1549063510475666.jpg","keywords":["Gobierno de la Rep\u00fablica"],"articleSection":["Municipales"],"inLanguage":"es","potentialAction":[{"@type":"CommentAction","name":"Comment","target":["https:\/\/volcanes.net\/?p=3896#respond"]}]},{"@type":"WebPage","@id":"https:\/\/volcanes.net\/?p=3896","url":"https:\/\/volcanes.net\/?p=3896","name":"Con trabajo, entusiasmo e inversi\u00f3n social, el Gobierno de M\u00e9xico llevar\u00e1 bienestar al campo: Mar\u00eda Luisa Albores Gonz\u00e1lez - Volcanes","isPartOf":{"@id":"https:\/\/volcanes.net\/#website"},"primaryImageOfPage":{"@id":"https:\/\/volcanes.net\/?p=3896#primaryimage"},"image":{"@id":"https:\/\/volcanes.net\/?p=3896#primaryimage"},"thumbnailUrl":"https:\/\/volcanes.net\/wp-content\/uploads\/2019\/02\/1549063510475666.jpg","datePublished":"2019-02-01T23:25:43+00:00","breadcrumb":{"@id":"https:\/\/volcanes.net\/?p=3896#breadcrumb"},"inLanguage":"es","potentialAction":[{"@type":"ReadAction","target":["https:\/\/volcanes.net\/?p=3896"]}]},{"@type":"ImageObject","inLanguage":"es","@id":"https:\/\/volcanes.net\/?p=3896#primaryimage","url":"https:\/\/volcanes.net\/wp-content\/uploads\/2019\/02\/1549063510475666.jpg","contentUrl":"https:\/\/volcanes.net\/wp-content\/uploads\/2019\/02\/1549063510475666.jpg","width":640,"height":314},{"@type":"BreadcrumbList","@id":"https:\/\/volcanes.net\/?p=3896#breadcrumb","itemListElement":[{"@type":"ListItem","position":1,"name":"Portada","item":"https:\/\/volcanes.net\/"},{"@type":"ListItem","position":2,"name":"Con trabajo, entusiasmo e inversi\u00f3n social, el Gobierno de M\u00e9xico llevar\u00e1 bienestar al campo: Mar\u00eda Luisa Albores Gonz\u00e1lez"}]},{"@type":"WebSite","@id":"https:\/\/volcanes.net\/#website","url":"https:\/\/volcanes.net\/","name":"Volcanes.Net","description":"Periodismo Profesional","publisher":{"@id":"https:\/\/volcanes.net\/#organization"},"potentialAction":[{"@type":"SearchAction","target":{"@type":"EntryPoint","urlTemplate":"https:\/\/volcanes.net\/?s={search_term_string}"},"query-input":{"@type":"PropertyValueSpecification","valueRequired":true,"valueName":"search_term_string"}}],"inLanguage":"es"},{"@type":"Organization","@id":"https:\/\/volcanes.net\/#organization","name":"Grupo Volcanes","url":"https:\/\/volcanes.net\/","logo":{"@type":"ImageObject","inLanguage":"es","@id":"https:\/\/volcanes.net\/#\/schema\/logo\/image\/","url":"http:\/\/volcanes.net\/wp-content\/uploads\/2017\/12\/Avatar2.jpg","contentUrl":"http:\/\/volcanes.net\/wp-content\/uploads\/2017\/12\/Avatar2.jpg","width":378,"height":378,"caption":"Grupo Volcanes"},"image":{"@id":"https:\/\/volcanes.net\/#\/schema\/logo\/image\/"},"sameAs":["https:\/\/www.facebook.com\/volcanes.net\/"]},{"@type":"Person","@id":"https:\/\/volcanes.net\/#\/schema\/person\/4bf0f383940966a4abd53f5048c0e6b9","name":"admin","image":{"@type":"ImageObject","inLanguage":"es","@id":"https:\/\/volcanes.net\/#\/schema\/person\/image\/","url":"https:\/\/secure.gravatar.com\/avatar\/ca004e6cba8462b8cb7abc86e382930c?s=96&d=mm&r=g","contentUrl":"https:\/\/secure.gravatar.com\/avatar\/ca004e6cba8462b8cb7abc86e382930c?s=96&d=mm&r=g","caption":"admin"}}]}},"_links":{"self":[{"href":"https:\/\/volcanes.net\/index.php?rest_route=\/wp\/v2\/posts\/3896"}],"collection":[{"href":"https:\/\/volcanes.net\/index.php?rest_route=\/wp\/v2\/posts"}],"about":[{"href":"https:\/\/volcanes.net\/index.php?rest_route=\/wp\/v2\/types\/post"}],"author":[{"embeddable":true,"href":"https:\/\/volcanes.net\/index.php?rest_route=\/wp\/v2\/users\/1"}],"replies":[{"embeddable":true,"href":"https:\/\/volcanes.net\/index.php?rest_route=%2Fwp%2Fv2%2Fcomments&post=3896"}],"version-history":[{"count":1,"href":"https:\/\/volcanes.net\/index.php?rest_route=\/wp\/v2\/posts\/3896\/revisions"}],"predecessor-version":[{"id":3897,"href":"https:\/\/volcanes.net\/index.php?rest_route=\/wp\/v2\/posts\/3896\/revisions\/3897"}],"wp:featuredmedia":[{"embeddable":true,"href":"https:\/\/volcanes.net\/index.php?rest_route=\/wp\/v2\/media\/3895"}],"wp:attachment":[{"href":"https:\/\/volcanes.net\/index.php?rest_route=%2Fwp%2Fv2%2Fmedia&parent=3896"}],"wp:term":[{"taxonomy":"category","embeddable":true,"href":"https:\/\/volcanes.net\/index.php?rest_route=%2Fwp%2Fv2%2Fcategories&post=3896"},{"taxonomy":"post_tag","embeddable":true,"href":"https:\/\/volcanes.net\/index.php?rest_route=%2Fwp%2Fv2%2Ftags&post=3896"}],"curies":[{"name":"wp","href":"https:\/\/api.w.org\/{rel}","templated":true}]}}