{"id":3927,"date":"2019-02-04T19:05:49","date_gmt":"2019-02-05T01:05:49","guid":{"rendered":"http:\/\/volcanes.net\/?p=3927"},"modified":"2019-02-04T19:14:09","modified_gmt":"2019-02-05T01:14:09","slug":"familiares-y-amigos-de-joven-vanesa-hacen-manifestacion","status":"publish","type":"post","link":"https:\/\/volcanes.net\/?p=3927","title":{"rendered":"Familiares y amigos de joven #Vanesa hacen manifestaci\u00f3n"},"content":{"rendered":"<div style=\"margin-top: 0px; margin-bottom: 0px;\" class=\"sharethis-inline-share-buttons\" ><\/div><p>Familiares y amigos de la Joven Vanesa realizan una manifestaci\u00f3n frente a hospital general de Zentlalpan, para exigir que sea liberada la orden de aprehensi\u00f3n en contra del presunto agresor.<\/p>\n<p>Un aproximado de 200 personas se dieron cita para apoyar a la familia Ruiz, en estos momentos dif\u00edciles.<\/p>\n<p>Cabe se\u00f1alar que el presunto agresor de la joven Vanesa quiso evadir a la justicia, brincandose a un predio contiguo a su domicilio, sin embargo este predio ten\u00eda instaladas p\u00faas de seguridad causandole cortadas en diversas partes del cuerpo, por lo que fue necesario su traslado al hospital general de Amecameca, ubicado en la delegaci\u00f3n de Zentlalpan.<\/p>\n<p>Por su parte la UAEM realiz\u00f3 un pronunciamiento a trav\u00e9s de twitter, en apoyo a la joven #Vanesa que se encontraba estudiando el \u00faltimo semestre de la carrera de nutrici\u00f3n.<\/p>\n<p><img loading=\"lazy\" decoding=\"async\" class=\"alignnone wp-image-3925 size-full\" src=\"http:\/\/volcanes.net\/wp-content\/uploads\/2019\/02\/screenshot_2019-02-04-18-56-43-437924556.png\" width=\"720\" height=\"1280\" srcset=\"https:\/\/volcanes.net\/wp-content\/uploads\/2019\/02\/screenshot_2019-02-04-18-56-43-437924556.png 720w, https:\/\/volcanes.net\/wp-content\/uploads\/2019\/02\/screenshot_2019-02-04-18-56-43-437924556-169x300.png 169w, https:\/\/volcanes.net\/wp-content\/uploads\/2019\/02\/screenshot_2019-02-04-18-56-43-437924556-197x350.png 197w, https:\/\/volcanes.net\/wp-content\/uploads\/2019\/02\/screenshot_2019-02-04-18-56-43-437924556-232x412.png 232w\" sizes=\"(max-width: 720px) 100vw, 720px\" \/><\/p>\n","protected":false},"excerpt":{"rendered":"<p>Familiares y amigos de la Joven Vanesa realizan una manifestaci\u00f3n frente a hospital general de<\/p>\n","protected":false},"author":1,"featured_media":3926,"comment_status":"open","ping_status":"open","sticky":false,"template":"","format":"standard","meta":{"footnotes":""},"categories":[1],"tags":[46],"class_list":["post-3927","post","type-post","status-publish","format-standard","has-post-thumbnail","hentry","category-municipales","tag-volcanes"],"yoast_head":"<!-- This site is optimized with the Yoast SEO plugin v25.3 - https:\/\/yoast.com\/wordpress\/plugins\/seo\/ -->\n<title>Familiares y amigos de joven #Vanesa hacen manifestaci\u00f3n - Volcanes<\/title>\n<meta name=\"robots\" content=\"index, follow, max-snippet:-1, max-image-preview:large, max-video-preview:-1\" \/>\n<link rel=\"canonical\" href=\"https:\/\/volcanes.net\/?p=3927\" \/>\n<meta property=\"og:locale\" content=\"es_MX\" \/>\n<meta property=\"og:type\" content=\"article\" \/>\n<meta property=\"og:title\" content=\"Familiares y amigos de joven #Vanesa hacen manifestaci\u00f3n - Volcanes\" \/>\n<meta property=\"og:description\" content=\"Familiares y amigos de la Joven Vanesa realizan una manifestaci\u00f3n frente a hospital general de\" \/>\n<meta property=\"og:url\" content=\"https:\/\/volcanes.net\/?p=3927\" \/>\n<meta property=\"og:site_name\" content=\"Volcanes\" \/>\n<meta property=\"article:publisher\" content=\"https:\/\/www.facebook.com\/volcanes.net\/\" \/>\n<meta property=\"article:published_time\" content=\"2019-02-05T01:05:49+00:00\" \/>\n<meta property=\"article:modified_time\" content=\"2019-02-05T01:14:09+00:00\" \/>\n<meta property=\"og:image\" content=\"https:\/\/volcanes.net\/wp-content\/uploads\/2019\/02\/IMG-20190204-WA0024.jpg\" \/>\n\t<meta property=\"og:image:width\" content=\"1040\" \/>\n\t<meta property=\"og:image:height\" content=\"780\" \/>\n\t<meta property=\"og:image:type\" content=\"image\/jpeg\" \/>\n<meta name=\"author\" content=\"admin\" \/>\n<meta name=\"twitter:card\" content=\"summary_large_image\" \/>\n<meta name=\"twitter:label1\" content=\"Escrito por\" \/>\n\t<meta name=\"twitter:data1\" content=\"admin\" \/>\n\t<meta name=\"twitter:label2\" content=\"Tiempo de lectura\" \/>\n\t<meta name=\"twitter:data2\" content=\"1 minuto\" \/>\n<script type=\"application\/ld+json\" class=\"yoast-schema-graph\">{\"@context\":\"https:\/\/schema.org\",\"@graph\":[{\"@type\":\"Article\",\"@id\":\"https:\/\/volcanes.net\/?p=3927#article\",\"isPartOf\":{\"@id\":\"https:\/\/volcanes.net\/?p=3927\"},\"author\":{\"name\":\"admin\",\"@id\":\"https:\/\/volcanes.net\/#\/schema\/person\/4bf0f383940966a4abd53f5048c0e6b9\"},\"headline\":\"Familiares y amigos de joven #Vanesa hacen manifestaci\u00f3n\",\"datePublished\":\"2019-02-05T01:05:49+00:00\",\"dateModified\":\"2019-02-05T01:14:09+00:00\",\"mainEntityOfPage\":{\"@id\":\"https:\/\/volcanes.net\/?p=3927\"},\"wordCount\":152,\"commentCount\":0,\"publisher\":{\"@id\":\"https:\/\/volcanes.net\/#organization\"},\"image\":{\"@id\":\"https:\/\/volcanes.net\/?p=3927#primaryimage\"},\"thumbnailUrl\":\"https:\/\/volcanes.net\/wp-content\/uploads\/2019\/02\/IMG-20190204-WA0024.jpg\",\"keywords\":[\"Volcanes\"],\"articleSection\":[\"Municipales\"],\"inLanguage\":\"es\",\"potentialAction\":[{\"@type\":\"CommentAction\",\"name\":\"Comment\",\"target\":[\"https:\/\/volcanes.net\/?p=3927#respond\"]}]},{\"@type\":\"WebPage\",\"@id\":\"https:\/\/volcanes.net\/?p=3927\",\"url\":\"https:\/\/volcanes.net\/?p=3927\",\"name\":\"Familiares y amigos de joven #Vanesa hacen manifestaci\u00f3n - Volcanes\",\"isPartOf\":{\"@id\":\"https:\/\/volcanes.net\/#website\"},\"primaryImageOfPage\":{\"@id\":\"https:\/\/volcanes.net\/?p=3927#primaryimage\"},\"image\":{\"@id\":\"https:\/\/volcanes.net\/?p=3927#primaryimage\"},\"thumbnailUrl\":\"https:\/\/volcanes.net\/wp-content\/uploads\/2019\/02\/IMG-20190204-WA0024.jpg\",\"datePublished\":\"2019-02-05T01:05:49+00:00\",\"dateModified\":\"2019-02-05T01:14:09+00:00\",\"breadcrumb\":{\"@id\":\"https:\/\/volcanes.net\/?p=3927#breadcrumb\"},\"inLanguage\":\"es\",\"potentialAction\":[{\"@type\":\"ReadAction\",\"target\":[\"https:\/\/volcanes.net\/?p=3927\"]}]},{\"@type\":\"ImageObject\",\"inLanguage\":\"es\",\"@id\":\"https:\/\/volcanes.net\/?p=3927#primaryimage\",\"url\":\"https:\/\/volcanes.net\/wp-content\/uploads\/2019\/02\/IMG-20190204-WA0024.jpg\",\"contentUrl\":\"https:\/\/volcanes.net\/wp-content\/uploads\/2019\/02\/IMG-20190204-WA0024.jpg\",\"width\":1040,\"height\":780},{\"@type\":\"BreadcrumbList\",\"@id\":\"https:\/\/volcanes.net\/?p=3927#breadcrumb\",\"itemListElement\":[{\"@type\":\"ListItem\",\"position\":1,\"name\":\"Portada\",\"item\":\"https:\/\/volcanes.net\/\"},{\"@type\":\"ListItem\",\"position\":2,\"name\":\"Familiares y amigos de joven #Vanesa hacen manifestaci\u00f3n\"}]},{\"@type\":\"WebSite\",\"@id\":\"https:\/\/volcanes.net\/#website\",\"url\":\"https:\/\/volcanes.net\/\",\"name\":\"Volcanes.Net\",\"description\":\"Periodismo Profesional\",\"publisher\":{\"@id\":\"https:\/\/volcanes.net\/#organization\"},\"potentialAction\":[{\"@type\":\"SearchAction\",\"target\":{\"@type\":\"EntryPoint\",\"urlTemplate\":\"https:\/\/volcanes.net\/?s={search_term_string}\"},\"query-input\":{\"@type\":\"PropertyValueSpecification\",\"valueRequired\":true,\"valueName\":\"search_term_string\"}}],\"inLanguage\":\"es\"},{\"@type\":\"Organization\",\"@id\":\"https:\/\/volcanes.net\/#organization\",\"name\":\"Grupo Volcanes\",\"url\":\"https:\/\/volcanes.net\/\",\"logo\":{\"@type\":\"ImageObject\",\"inLanguage\":\"es\",\"@id\":\"https:\/\/volcanes.net\/#\/schema\/logo\/image\/\",\"url\":\"http:\/\/volcanes.net\/wp-content\/uploads\/2017\/12\/Avatar2.jpg\",\"contentUrl\":\"http:\/\/volcanes.net\/wp-content\/uploads\/2017\/12\/Avatar2.jpg\",\"width\":378,\"height\":378,\"caption\":\"Grupo Volcanes\"},\"image\":{\"@id\":\"https:\/\/volcanes.net\/#\/schema\/logo\/image\/\"},\"sameAs\":[\"https:\/\/www.facebook.com\/volcanes.net\/\"]},{\"@type\":\"Person\",\"@id\":\"https:\/\/volcanes.net\/#\/schema\/person\/4bf0f383940966a4abd53f5048c0e6b9\",\"name\":\"admin\",\"image\":{\"@type\":\"ImageObject\",\"inLanguage\":\"es\",\"@id\":\"https:\/\/volcanes.net\/#\/schema\/person\/image\/\",\"url\":\"https:\/\/secure.gravatar.com\/avatar\/ca004e6cba8462b8cb7abc86e382930c?s=96&d=mm&r=g\",\"contentUrl\":\"https:\/\/secure.gravatar.com\/avatar\/ca004e6cba8462b8cb7abc86e382930c?s=96&d=mm&r=g\",\"caption\":\"admin\"}}]}<\/script>\n<!-- \/ Yoast SEO plugin. -->","yoast_head_json":{"title":"Familiares y amigos de joven #Vanesa hacen manifestaci\u00f3n - Volcanes","robots":{"index":"index","follow":"follow","max-snippet":"max-snippet:-1","max-image-preview":"max-image-preview:large","max-video-preview":"max-video-preview:-1"},"canonical":"https:\/\/volcanes.net\/?p=3927","og_locale":"es_MX","og_type":"article","og_title":"Familiares y amigos de joven #Vanesa hacen manifestaci\u00f3n - Volcanes","og_description":"Familiares y amigos de la Joven Vanesa realizan una manifestaci\u00f3n frente a hospital general de","og_url":"https:\/\/volcanes.net\/?p=3927","og_site_name":"Volcanes","article_publisher":"https:\/\/www.facebook.com\/volcanes.net\/","article_published_time":"2019-02-05T01:05:49+00:00","article_modified_time":"2019-02-05T01:14:09+00:00","og_image":[{"width":1040,"height":780,"url":"https:\/\/volcanes.net\/wp-content\/uploads\/2019\/02\/IMG-20190204-WA0024.jpg","type":"image\/jpeg"}],"author":"admin","twitter_card":"summary_large_image","twitter_misc":{"Escrito por":"admin","Tiempo de lectura":"1 minuto"},"schema":{"@context":"https:\/\/schema.org","@graph":[{"@type":"Article","@id":"https:\/\/volcanes.net\/?p=3927#article","isPartOf":{"@id":"https:\/\/volcanes.net\/?p=3927"},"author":{"name":"admin","@id":"https:\/\/volcanes.net\/#\/schema\/person\/4bf0f383940966a4abd53f5048c0e6b9"},"headline":"Familiares y amigos de joven #Vanesa hacen manifestaci\u00f3n","datePublished":"2019-02-05T01:05:49+00:00","dateModified":"2019-02-05T01:14:09+00:00","mainEntityOfPage":{"@id":"https:\/\/volcanes.net\/?p=3927"},"wordCount":152,"commentCount":0,"publisher":{"@id":"https:\/\/volcanes.net\/#organization"},"image":{"@id":"https:\/\/volcanes.net\/?p=3927#primaryimage"},"thumbnailUrl":"https:\/\/volcanes.net\/wp-content\/uploads\/2019\/02\/IMG-20190204-WA0024.jpg","keywords":["Volcanes"],"articleSection":["Municipales"],"inLanguage":"es","potentialAction":[{"@type":"CommentAction","name":"Comment","target":["https:\/\/volcanes.net\/?p=3927#respond"]}]},{"@type":"WebPage","@id":"https:\/\/volcanes.net\/?p=3927","url":"https:\/\/volcanes.net\/?p=3927","name":"Familiares y amigos de joven #Vanesa hacen manifestaci\u00f3n - Volcanes","isPartOf":{"@id":"https:\/\/volcanes.net\/#website"},"primaryImageOfPage":{"@id":"https:\/\/volcanes.net\/?p=3927#primaryimage"},"image":{"@id":"https:\/\/volcanes.net\/?p=3927#primaryimage"},"thumbnailUrl":"https:\/\/volcanes.net\/wp-content\/uploads\/2019\/02\/IMG-20190204-WA0024.jpg","datePublished":"2019-02-05T01:05:49+00:00","dateModified":"2019-02-05T01:14:09+00:00","breadcrumb":{"@id":"https:\/\/volcanes.net\/?p=3927#breadcrumb"},"inLanguage":"es","potentialAction":[{"@type":"ReadAction","target":["https:\/\/volcanes.net\/?p=3927"]}]},{"@type":"ImageObject","inLanguage":"es","@id":"https:\/\/volcanes.net\/?p=3927#primaryimage","url":"https:\/\/volcanes.net\/wp-content\/uploads\/2019\/02\/IMG-20190204-WA0024.jpg","contentUrl":"https:\/\/volcanes.net\/wp-content\/uploads\/2019\/02\/IMG-20190204-WA0024.jpg","width":1040,"height":780},{"@type":"BreadcrumbList","@id":"https:\/\/volcanes.net\/?p=3927#breadcrumb","itemListElement":[{"@type":"ListItem","position":1,"name":"Portada","item":"https:\/\/volcanes.net\/"},{"@type":"ListItem","position":2,"name":"Familiares y amigos de joven #Vanesa hacen manifestaci\u00f3n"}]},{"@type":"WebSite","@id":"https:\/\/volcanes.net\/#website","url":"https:\/\/volcanes.net\/","name":"Volcanes.Net","description":"Periodismo Profesional","publisher":{"@id":"https:\/\/volcanes.net\/#organization"},"potentialAction":[{"@type":"SearchAction","target":{"@type":"EntryPoint","urlTemplate":"https:\/\/volcanes.net\/?s={search_term_string}"},"query-input":{"@type":"PropertyValueSpecification","valueRequired":true,"valueName":"search_term_string"}}],"inLanguage":"es"},{"@type":"Organization","@id":"https:\/\/volcanes.net\/#organization","name":"Grupo Volcanes","url":"https:\/\/volcanes.net\/","logo":{"@type":"ImageObject","inLanguage":"es","@id":"https:\/\/volcanes.net\/#\/schema\/logo\/image\/","url":"http:\/\/volcanes.net\/wp-content\/uploads\/2017\/12\/Avatar2.jpg","contentUrl":"http:\/\/volcanes.net\/wp-content\/uploads\/2017\/12\/Avatar2.jpg","width":378,"height":378,"caption":"Grupo Volcanes"},"image":{"@id":"https:\/\/volcanes.net\/#\/schema\/logo\/image\/"},"sameAs":["https:\/\/www.facebook.com\/volcanes.net\/"]},{"@type":"Person","@id":"https:\/\/volcanes.net\/#\/schema\/person\/4bf0f383940966a4abd53f5048c0e6b9","name":"admin","image":{"@type":"ImageObject","inLanguage":"es","@id":"https:\/\/volcanes.net\/#\/schema\/person\/image\/","url":"https:\/\/secure.gravatar.com\/avatar\/ca004e6cba8462b8cb7abc86e382930c?s=96&d=mm&r=g","contentUrl":"https:\/\/secure.gravatar.com\/avatar\/ca004e6cba8462b8cb7abc86e382930c?s=96&d=mm&r=g","caption":"admin"}}]}},"_links":{"self":[{"href":"https:\/\/volcanes.net\/index.php?rest_route=\/wp\/v2\/posts\/3927"}],"collection":[{"href":"https:\/\/volcanes.net\/index.php?rest_route=\/wp\/v2\/posts"}],"about":[{"href":"https:\/\/volcanes.net\/index.php?rest_route=\/wp\/v2\/types\/post"}],"author":[{"embeddable":true,"href":"https:\/\/volcanes.net\/index.php?rest_route=\/wp\/v2\/users\/1"}],"replies":[{"embeddable":true,"href":"https:\/\/volcanes.net\/index.php?rest_route=%2Fwp%2Fv2%2Fcomments&post=3927"}],"version-history":[{"count":2,"href":"https:\/\/volcanes.net\/index.php?rest_route=\/wp\/v2\/posts\/3927\/revisions"}],"predecessor-version":[{"id":3929,"href":"https:\/\/volcanes.net\/index.php?rest_route=\/wp\/v2\/posts\/3927\/revisions\/3929"}],"wp:featuredmedia":[{"embeddable":true,"href":"https:\/\/volcanes.net\/index.php?rest_route=\/wp\/v2\/media\/3926"}],"wp:attachment":[{"href":"https:\/\/volcanes.net\/index.php?rest_route=%2Fwp%2Fv2%2Fmedia&parent=3927"}],"wp:term":[{"taxonomy":"category","embeddable":true,"href":"https:\/\/volcanes.net\/index.php?rest_route=%2Fwp%2Fv2%2Fcategories&post=3927"},{"taxonomy":"post_tag","embeddable":true,"href":"https:\/\/volcanes.net\/index.php?rest_route=%2Fwp%2Fv2%2Ftags&post=3927"}],"curies":[{"name":"wp","href":"https:\/\/api.w.org\/{rel}","templated":true}]}}