{"id":3941,"date":"2019-02-05T14:24:08","date_gmt":"2019-02-05T20:24:08","guid":{"rendered":"http:\/\/volcanes.net\/?p=3941"},"modified":"2019-02-05T14:24:08","modified_gmt":"2019-02-05T20:24:08","slug":"lopez-obrador-se-solidariza-con-periodista-secuestrado-por-huachicoleros","status":"publish","type":"post","link":"https:\/\/volcanes.net\/?p=3941","title":{"rendered":"L\u00f3pez Obrador se solidariza con periodista secuestrado por huachicoleros"},"content":{"rendered":"<div style=\"margin-top: 0px; margin-bottom: 0px;\" class=\"sharethis-inline-share-buttons\" ><\/div><p>El presidente Andr\u00e9s Manuel L\u00f3pez Obrador se solidariz\u00f3 con el periodista Daniel Blancas del peri\u00f3dico La Cr\u00f3nica, quien denunci\u00f3 que fue secuestrado por huachicoleros en Hidalgo a ra\u00edz de un reportaje que escribi\u00f3 sobre el robo de combustible en esa entidad, afirm\u00f3 en Twitter Jes\u00fas Ram\u00edrez, coordinador General de Comunicaci\u00f3n Social de la Presidencia de la Rep\u00fablica<\/p>\n<p>Ram\u00edrez Cuevas detall\u00f3 esta ma\u00f1ana a trav\u00e9s de su cuenta en esa red social que el caso del reportero Daniel Blancas ya lo atiende la Fiscal\u00eda Especial para la Atenci\u00f3n de Delitos cometidos contra de la Libertad de Expresi\u00f3n (FEADLE), de la Fiscal\u00eda General de la Rep\u00fablica (FGR), y por el mecanismo de protecci\u00f3n a periodistas de Secretar\u00eda de Gobernaci\u00f3n (Segob).<\/p>\n<p>Durante la conferencia de prensa matutina en Palacio Nacional, el periodista Blancas pregunt\u00f3 al presidente L\u00f3pez Obrador sobre las acciones que realiza el Gobierno de M\u00e9xico para proteger a los comunicadores que realizan investigaciones que afectan intereses de grupos delictivos.<\/p>\n<p>El Ejecutivo federal expres\u00f3 su solidaridad, su apoyo amplio y total, fraterno, sincero, y afirm\u00f3: \u201cEstamos luchando todos los d\u00edas para pacificar al pa\u00eds, para que no haya violencia, que nadie sea ofendido, agredido, amenazado, secuestrado, asesinado, es nuestra ocupaci\u00f3n, en eso estamos\u201d.<\/p>\n<p>En su cuenta de Twitter @JesusRCuevas, el coordinador General de Comunicaci\u00f3n Social de la Presidencia de la Rep\u00fablica difundi\u00f3: \u201cEl Presidente de M\u00e9xico se solidariza con el periodista Daniel Blancas de La Cr\u00f3nica, secuestrado por huachicoleros en Hidalgo. Su caso ya lo atiende la Fiscal\u00eda para la Atenci\u00f3n de Delitos contra la libertad de expresi\u00f3n y el mecanismo de protecci\u00f3n a periodistas de Segob\u201d.<\/p>\n","protected":false},"excerpt":{"rendered":"<p>El presidente Andr\u00e9s Manuel L\u00f3pez Obrador se solidariz\u00f3 con el periodista Daniel Blancas del peri\u00f3dico<\/p>\n","protected":false},"author":1,"featured_media":3942,"comment_status":"open","ping_status":"open","sticky":false,"template":"","format":"standard","meta":{"footnotes":""},"categories":[1],"tags":[44],"class_list":["post-3941","post","type-post","status-publish","format-standard","has-post-thumbnail","hentry","category-municipales","tag-gobierno-de-la-republica"],"yoast_head":"<!-- This site is optimized with the Yoast SEO plugin v25.3 - https:\/\/yoast.com\/wordpress\/plugins\/seo\/ -->\n<title>L\u00f3pez Obrador se solidariza con periodista secuestrado por huachicoleros - Volcanes<\/title>\n<meta name=\"robots\" content=\"index, follow, max-snippet:-1, max-image-preview:large, max-video-preview:-1\" \/>\n<link rel=\"canonical\" href=\"https:\/\/volcanes.net\/?p=3941\" \/>\n<meta property=\"og:locale\" content=\"es_MX\" \/>\n<meta property=\"og:type\" content=\"article\" \/>\n<meta property=\"og:title\" content=\"L\u00f3pez Obrador se solidariza con periodista secuestrado por huachicoleros - Volcanes\" \/>\n<meta property=\"og:description\" content=\"El presidente Andr\u00e9s Manuel L\u00f3pez Obrador se solidariz\u00f3 con el periodista Daniel Blancas del peri\u00f3dico\" \/>\n<meta property=\"og:url\" content=\"https:\/\/volcanes.net\/?p=3941\" \/>\n<meta property=\"og:site_name\" content=\"Volcanes\" \/>\n<meta property=\"article:publisher\" content=\"https:\/\/www.facebook.com\/volcanes.net\/\" \/>\n<meta property=\"article:published_time\" content=\"2019-02-05T20:24:08+00:00\" \/>\n<meta property=\"og:image\" content=\"https:\/\/volcanes.net\/wp-content\/uploads\/2019\/02\/daniel-blancas-del-peric3b3dico-la-crc3b3nica.jpeg\" \/>\n\t<meta property=\"og:image:width\" content=\"551\" \/>\n\t<meta property=\"og:image:height\" content=\"368\" \/>\n\t<meta property=\"og:image:type\" content=\"image\/jpeg\" \/>\n<meta name=\"author\" content=\"admin\" \/>\n<meta name=\"twitter:card\" content=\"summary_large_image\" \/>\n<meta name=\"twitter:label1\" content=\"Escrito por\" \/>\n\t<meta name=\"twitter:data1\" content=\"admin\" \/>\n\t<meta name=\"twitter:label2\" content=\"Tiempo de lectura\" \/>\n\t<meta name=\"twitter:data2\" content=\"1 minuto\" \/>\n<script type=\"application\/ld+json\" class=\"yoast-schema-graph\">{\"@context\":\"https:\/\/schema.org\",\"@graph\":[{\"@type\":\"Article\",\"@id\":\"https:\/\/volcanes.net\/?p=3941#article\",\"isPartOf\":{\"@id\":\"https:\/\/volcanes.net\/?p=3941\"},\"author\":{\"name\":\"admin\",\"@id\":\"https:\/\/volcanes.net\/#\/schema\/person\/4bf0f383940966a4abd53f5048c0e6b9\"},\"headline\":\"L\u00f3pez Obrador se solidariza con periodista secuestrado por huachicoleros\",\"datePublished\":\"2019-02-05T20:24:08+00:00\",\"mainEntityOfPage\":{\"@id\":\"https:\/\/volcanes.net\/?p=3941\"},\"wordCount\":308,\"commentCount\":0,\"publisher\":{\"@id\":\"https:\/\/volcanes.net\/#organization\"},\"image\":{\"@id\":\"https:\/\/volcanes.net\/?p=3941#primaryimage\"},\"thumbnailUrl\":\"https:\/\/volcanes.net\/wp-content\/uploads\/2019\/02\/daniel-blancas-del-peric3b3dico-la-crc3b3nica.jpeg\",\"keywords\":[\"Gobierno de la Rep\u00fablica\"],\"articleSection\":[\"Municipales\"],\"inLanguage\":\"es\",\"potentialAction\":[{\"@type\":\"CommentAction\",\"name\":\"Comment\",\"target\":[\"https:\/\/volcanes.net\/?p=3941#respond\"]}]},{\"@type\":\"WebPage\",\"@id\":\"https:\/\/volcanes.net\/?p=3941\",\"url\":\"https:\/\/volcanes.net\/?p=3941\",\"name\":\"L\u00f3pez Obrador se solidariza con periodista secuestrado por huachicoleros - Volcanes\",\"isPartOf\":{\"@id\":\"https:\/\/volcanes.net\/#website\"},\"primaryImageOfPage\":{\"@id\":\"https:\/\/volcanes.net\/?p=3941#primaryimage\"},\"image\":{\"@id\":\"https:\/\/volcanes.net\/?p=3941#primaryimage\"},\"thumbnailUrl\":\"https:\/\/volcanes.net\/wp-content\/uploads\/2019\/02\/daniel-blancas-del-peric3b3dico-la-crc3b3nica.jpeg\",\"datePublished\":\"2019-02-05T20:24:08+00:00\",\"breadcrumb\":{\"@id\":\"https:\/\/volcanes.net\/?p=3941#breadcrumb\"},\"inLanguage\":\"es\",\"potentialAction\":[{\"@type\":\"ReadAction\",\"target\":[\"https:\/\/volcanes.net\/?p=3941\"]}]},{\"@type\":\"ImageObject\",\"inLanguage\":\"es\",\"@id\":\"https:\/\/volcanes.net\/?p=3941#primaryimage\",\"url\":\"https:\/\/volcanes.net\/wp-content\/uploads\/2019\/02\/daniel-blancas-del-peric3b3dico-la-crc3b3nica.jpeg\",\"contentUrl\":\"https:\/\/volcanes.net\/wp-content\/uploads\/2019\/02\/daniel-blancas-del-peric3b3dico-la-crc3b3nica.jpeg\",\"width\":551,\"height\":368},{\"@type\":\"BreadcrumbList\",\"@id\":\"https:\/\/volcanes.net\/?p=3941#breadcrumb\",\"itemListElement\":[{\"@type\":\"ListItem\",\"position\":1,\"name\":\"Portada\",\"item\":\"https:\/\/volcanes.net\/\"},{\"@type\":\"ListItem\",\"position\":2,\"name\":\"L\u00f3pez Obrador se solidariza con periodista secuestrado por huachicoleros\"}]},{\"@type\":\"WebSite\",\"@id\":\"https:\/\/volcanes.net\/#website\",\"url\":\"https:\/\/volcanes.net\/\",\"name\":\"Volcanes.Net\",\"description\":\"Periodismo Profesional\",\"publisher\":{\"@id\":\"https:\/\/volcanes.net\/#organization\"},\"potentialAction\":[{\"@type\":\"SearchAction\",\"target\":{\"@type\":\"EntryPoint\",\"urlTemplate\":\"https:\/\/volcanes.net\/?s={search_term_string}\"},\"query-input\":{\"@type\":\"PropertyValueSpecification\",\"valueRequired\":true,\"valueName\":\"search_term_string\"}}],\"inLanguage\":\"es\"},{\"@type\":\"Organization\",\"@id\":\"https:\/\/volcanes.net\/#organization\",\"name\":\"Grupo Volcanes\",\"url\":\"https:\/\/volcanes.net\/\",\"logo\":{\"@type\":\"ImageObject\",\"inLanguage\":\"es\",\"@id\":\"https:\/\/volcanes.net\/#\/schema\/logo\/image\/\",\"url\":\"http:\/\/volcanes.net\/wp-content\/uploads\/2017\/12\/Avatar2.jpg\",\"contentUrl\":\"http:\/\/volcanes.net\/wp-content\/uploads\/2017\/12\/Avatar2.jpg\",\"width\":378,\"height\":378,\"caption\":\"Grupo Volcanes\"},\"image\":{\"@id\":\"https:\/\/volcanes.net\/#\/schema\/logo\/image\/\"},\"sameAs\":[\"https:\/\/www.facebook.com\/volcanes.net\/\"]},{\"@type\":\"Person\",\"@id\":\"https:\/\/volcanes.net\/#\/schema\/person\/4bf0f383940966a4abd53f5048c0e6b9\",\"name\":\"admin\",\"image\":{\"@type\":\"ImageObject\",\"inLanguage\":\"es\",\"@id\":\"https:\/\/volcanes.net\/#\/schema\/person\/image\/\",\"url\":\"https:\/\/secure.gravatar.com\/avatar\/ca004e6cba8462b8cb7abc86e382930c?s=96&d=mm&r=g\",\"contentUrl\":\"https:\/\/secure.gravatar.com\/avatar\/ca004e6cba8462b8cb7abc86e382930c?s=96&d=mm&r=g\",\"caption\":\"admin\"}}]}<\/script>\n<!-- \/ Yoast SEO plugin. -->","yoast_head_json":{"title":"L\u00f3pez Obrador se solidariza con periodista secuestrado por huachicoleros - Volcanes","robots":{"index":"index","follow":"follow","max-snippet":"max-snippet:-1","max-image-preview":"max-image-preview:large","max-video-preview":"max-video-preview:-1"},"canonical":"https:\/\/volcanes.net\/?p=3941","og_locale":"es_MX","og_type":"article","og_title":"L\u00f3pez Obrador se solidariza con periodista secuestrado por huachicoleros - Volcanes","og_description":"El presidente Andr\u00e9s Manuel L\u00f3pez Obrador se solidariz\u00f3 con el periodista Daniel Blancas del peri\u00f3dico","og_url":"https:\/\/volcanes.net\/?p=3941","og_site_name":"Volcanes","article_publisher":"https:\/\/www.facebook.com\/volcanes.net\/","article_published_time":"2019-02-05T20:24:08+00:00","og_image":[{"width":551,"height":368,"url":"https:\/\/volcanes.net\/wp-content\/uploads\/2019\/02\/daniel-blancas-del-peric3b3dico-la-crc3b3nica.jpeg","type":"image\/jpeg"}],"author":"admin","twitter_card":"summary_large_image","twitter_misc":{"Escrito por":"admin","Tiempo de lectura":"1 minuto"},"schema":{"@context":"https:\/\/schema.org","@graph":[{"@type":"Article","@id":"https:\/\/volcanes.net\/?p=3941#article","isPartOf":{"@id":"https:\/\/volcanes.net\/?p=3941"},"author":{"name":"admin","@id":"https:\/\/volcanes.net\/#\/schema\/person\/4bf0f383940966a4abd53f5048c0e6b9"},"headline":"L\u00f3pez Obrador se solidariza con periodista secuestrado por huachicoleros","datePublished":"2019-02-05T20:24:08+00:00","mainEntityOfPage":{"@id":"https:\/\/volcanes.net\/?p=3941"},"wordCount":308,"commentCount":0,"publisher":{"@id":"https:\/\/volcanes.net\/#organization"},"image":{"@id":"https:\/\/volcanes.net\/?p=3941#primaryimage"},"thumbnailUrl":"https:\/\/volcanes.net\/wp-content\/uploads\/2019\/02\/daniel-blancas-del-peric3b3dico-la-crc3b3nica.jpeg","keywords":["Gobierno de la Rep\u00fablica"],"articleSection":["Municipales"],"inLanguage":"es","potentialAction":[{"@type":"CommentAction","name":"Comment","target":["https:\/\/volcanes.net\/?p=3941#respond"]}]},{"@type":"WebPage","@id":"https:\/\/volcanes.net\/?p=3941","url":"https:\/\/volcanes.net\/?p=3941","name":"L\u00f3pez Obrador se solidariza con periodista secuestrado por huachicoleros - Volcanes","isPartOf":{"@id":"https:\/\/volcanes.net\/#website"},"primaryImageOfPage":{"@id":"https:\/\/volcanes.net\/?p=3941#primaryimage"},"image":{"@id":"https:\/\/volcanes.net\/?p=3941#primaryimage"},"thumbnailUrl":"https:\/\/volcanes.net\/wp-content\/uploads\/2019\/02\/daniel-blancas-del-peric3b3dico-la-crc3b3nica.jpeg","datePublished":"2019-02-05T20:24:08+00:00","breadcrumb":{"@id":"https:\/\/volcanes.net\/?p=3941#breadcrumb"},"inLanguage":"es","potentialAction":[{"@type":"ReadAction","target":["https:\/\/volcanes.net\/?p=3941"]}]},{"@type":"ImageObject","inLanguage":"es","@id":"https:\/\/volcanes.net\/?p=3941#primaryimage","url":"https:\/\/volcanes.net\/wp-content\/uploads\/2019\/02\/daniel-blancas-del-peric3b3dico-la-crc3b3nica.jpeg","contentUrl":"https:\/\/volcanes.net\/wp-content\/uploads\/2019\/02\/daniel-blancas-del-peric3b3dico-la-crc3b3nica.jpeg","width":551,"height":368},{"@type":"BreadcrumbList","@id":"https:\/\/volcanes.net\/?p=3941#breadcrumb","itemListElement":[{"@type":"ListItem","position":1,"name":"Portada","item":"https:\/\/volcanes.net\/"},{"@type":"ListItem","position":2,"name":"L\u00f3pez Obrador se solidariza con periodista secuestrado por huachicoleros"}]},{"@type":"WebSite","@id":"https:\/\/volcanes.net\/#website","url":"https:\/\/volcanes.net\/","name":"Volcanes.Net","description":"Periodismo Profesional","publisher":{"@id":"https:\/\/volcanes.net\/#organization"},"potentialAction":[{"@type":"SearchAction","target":{"@type":"EntryPoint","urlTemplate":"https:\/\/volcanes.net\/?s={search_term_string}"},"query-input":{"@type":"PropertyValueSpecification","valueRequired":true,"valueName":"search_term_string"}}],"inLanguage":"es"},{"@type":"Organization","@id":"https:\/\/volcanes.net\/#organization","name":"Grupo Volcanes","url":"https:\/\/volcanes.net\/","logo":{"@type":"ImageObject","inLanguage":"es","@id":"https:\/\/volcanes.net\/#\/schema\/logo\/image\/","url":"http:\/\/volcanes.net\/wp-content\/uploads\/2017\/12\/Avatar2.jpg","contentUrl":"http:\/\/volcanes.net\/wp-content\/uploads\/2017\/12\/Avatar2.jpg","width":378,"height":378,"caption":"Grupo Volcanes"},"image":{"@id":"https:\/\/volcanes.net\/#\/schema\/logo\/image\/"},"sameAs":["https:\/\/www.facebook.com\/volcanes.net\/"]},{"@type":"Person","@id":"https:\/\/volcanes.net\/#\/schema\/person\/4bf0f383940966a4abd53f5048c0e6b9","name":"admin","image":{"@type":"ImageObject","inLanguage":"es","@id":"https:\/\/volcanes.net\/#\/schema\/person\/image\/","url":"https:\/\/secure.gravatar.com\/avatar\/ca004e6cba8462b8cb7abc86e382930c?s=96&d=mm&r=g","contentUrl":"https:\/\/secure.gravatar.com\/avatar\/ca004e6cba8462b8cb7abc86e382930c?s=96&d=mm&r=g","caption":"admin"}}]}},"_links":{"self":[{"href":"https:\/\/volcanes.net\/index.php?rest_route=\/wp\/v2\/posts\/3941"}],"collection":[{"href":"https:\/\/volcanes.net\/index.php?rest_route=\/wp\/v2\/posts"}],"about":[{"href":"https:\/\/volcanes.net\/index.php?rest_route=\/wp\/v2\/types\/post"}],"author":[{"embeddable":true,"href":"https:\/\/volcanes.net\/index.php?rest_route=\/wp\/v2\/users\/1"}],"replies":[{"embeddable":true,"href":"https:\/\/volcanes.net\/index.php?rest_route=%2Fwp%2Fv2%2Fcomments&post=3941"}],"version-history":[{"count":1,"href":"https:\/\/volcanes.net\/index.php?rest_route=\/wp\/v2\/posts\/3941\/revisions"}],"predecessor-version":[{"id":3943,"href":"https:\/\/volcanes.net\/index.php?rest_route=\/wp\/v2\/posts\/3941\/revisions\/3943"}],"wp:featuredmedia":[{"embeddable":true,"href":"https:\/\/volcanes.net\/index.php?rest_route=\/wp\/v2\/media\/3942"}],"wp:attachment":[{"href":"https:\/\/volcanes.net\/index.php?rest_route=%2Fwp%2Fv2%2Fmedia&parent=3941"}],"wp:term":[{"taxonomy":"category","embeddable":true,"href":"https:\/\/volcanes.net\/index.php?rest_route=%2Fwp%2Fv2%2Fcategories&post=3941"},{"taxonomy":"post_tag","embeddable":true,"href":"https:\/\/volcanes.net\/index.php?rest_route=%2Fwp%2Fv2%2Ftags&post=3941"}],"curies":[{"name":"wp","href":"https:\/\/api.w.org\/{rel}","templated":true}]}}