{"id":395,"date":"2018-01-12T14:16:38","date_gmt":"2018-01-12T14:16:38","guid":{"rendered":"http:\/\/volcanes.net\/?p=395"},"modified":"2018-01-12T14:16:38","modified_gmt":"2018-01-12T14:16:38","slug":"impensable-desaparecer-el-seguro-popular-meade-kuribrena","status":"publish","type":"post","link":"https:\/\/volcanes.net\/?p=395","title":{"rendered":"Impensable desaparecer el Seguro Popular: Meade Kuribre\u00f1a"},"content":{"rendered":"<div style=\"margin-top: 0px; margin-bottom: 0px;\" class=\"sharethis-inline-share-buttons\" ><\/div><p class=\"x_MsoNormal\">El precandidato del Partido Revolucionario Institucional (PRI) a la Presidencia de la Rep\u00fablica, Jos\u00e9 Antonio Meade Kuribre\u00f1a, calific\u00f3 hoy por la tarde en esta capital que el Seguro Popular debe ser fortalecido, ya que se trata de uno de los servicios de atenci\u00f3n m\u00e9dica m\u00e1s eficiente para la poblaci\u00f3n con el que se brinda atenci\u00f3n a 53 millones de mexicanos.<\/p>\n<p class=\"x_MsoNormal\">En clara referencia al candidato presidencial de Morena, Jos\u00e9 Antonio Meade sostuvo que quien no conoce al Seguro Popular se\u00f1ala que no es seguro ni es popular. \u201cLa verdad es que echar discurso sobre salud es f\u00e1cil, lo que es dif\u00edcil es llevar la salud a 53 millones de mexicanos, 53 millones de mexicanos que hoy tienen acceso a atenci\u00f3n, a m\u00e9dico, a medicina y a cl\u00ednica; no hay manera que vayamos a dejar que el Seguro Popular desaparezca\u201d, expuso.<\/p>\n<p class=\"x_MsoNormal\">En sus conversaciones con expertos en temas de salud, Meade Kuribre\u00f1a sostuvo que L\u00f3pez Obrador pone en riesgo la salud de 53 millones de mexicanos. Dijo que la intenci\u00f3n del abanderado de Morena de cancelar el Seguro Popular rebasa los l\u00edmites de la ocurrencia, ya que afecta directamente la vida de las personas.<\/p>\n<p class=\"x_MsoNormal\">Meade reiter\u00f3 que acercar\u00e1 el cuidado m\u00e9dico a las familias, a quienes garantiz\u00f3 que el Seguro Popular ser\u00e1 m\u00e1s grande y mejor.<\/p>\n<p class=\"x_MsoNormal\">En la clausura del segundo Foro Nacional Puntos de Encuentro Salud para Todos, que se llev\u00f3 a cabo en Toluca, Estado de M\u00e9xico, Meade Kuribre\u00f1a asegur\u00f3 que el sector salud tiene la informaci\u00f3n necesaria para evitar enfermedades que tanto aquejan a la poblaci\u00f3n.<\/p>\n<p class=\"x_MsoNormal\">\u201cLa transici\u00f3n m\u00e1s importante que podemos hacer en materia de salud es movernos de los curativo a lo preventivo y como nunca estamos preparados para verlo porque tenemos mucha informaci\u00f3n, porque sabemos con la informaci\u00f3n que tenemos, qui\u00e9n est\u00e1 en riesgo y sabemos, adem\u00e1s, qu\u00e9 h\u00e1bitos tiene que cambiar para evitar caer en la medicina curativa\u201d, dijo ante expertos en esta materia.<\/p>\n<p class=\"x_MsoNormal\">Meade Kuribre\u00f1a puntualizo que para fortalecer el sector en el pa\u00eds propone 6 temas para la agenda de salud, entre los que destacan impulsar el fortalecimiento del Seguro Popular; crear Cl\u00ednicas al 100 con mejor equipamiento; fortalecer la atenci\u00f3n espec\u00edfica de salud de la mujer; establecer pol\u00edticas de salud para eliminar las carencias de la primera infancia; poner al servicio de los mexicanos la informaci\u00f3n, tecnolog\u00eda e investigaci\u00f3n para buscar nuevas medidas de prevenci\u00f3n y buscar nuevas tecnolog\u00edas para mejorar la atenci\u00f3n m\u00e9dica.<\/p>\n<p class=\"x_MsoNormal\">En el encuentro participaron el precandidato del PRI a la Jefatura de Gobierno de la Ciudad de M\u00e9xico, Mikel Arriola, Donato Sald\u00edvar Rodr\u00edguez, experto en salud de la mujer; el presidente ejecutivo de la Fundaci\u00f3n Mexicana para la Salud, Jos\u00e9 Ignacio Campillo Garc\u00eda, y el presidente ejecutivo de la Asociaci\u00f3n ALE, Carlos Castro S\u00e1nchez.<\/p>\n<p>Jos\u00e9 Antonio Meade, quien estuvo acompa\u00f1ado por su esposa Juana Cuevas, fue recibido por el presidente del Comit\u00e9 Directivo Estatal del PRI en la entidad, Ernesto Nemer Alvarez, y la senadora Ana Lilia Herrera Anzaldo.<\/p>\n<p class=\"x_MsoNormal\">Meade y su esposa recibieron del artesano local Hilario Hern\u00e1ndez S\u00e1nchez, originario del municipio de Metepec una \u00c1rbol de la Vida, artesan\u00eda que es uno de los s\u00edmbolos m\u00e1s representativos del estado.<\/p>\n<p class=\"x_MsoNormal\">Jos\u00e9 Antonio Meade Kuribre\u00f1a sostendr\u00e1 este viernes en Saltillo, Coahuila, un encuentro con la militancia priista de la entidad.<\/p>\n","protected":false},"excerpt":{"rendered":"<p>El precandidato del Partido Revolucionario Institucional (PRI) a la Presidencia de la Rep\u00fablica, Jos\u00e9 Antonio<\/p>\n","protected":false},"author":1,"featured_media":388,"comment_status":"open","ping_status":"open","sticky":false,"template":"","format":"standard","meta":{"footnotes":""},"categories":[1],"tags":[36,10],"class_list":["post-395","post","type-post","status-publish","format-standard","has-post-thumbnail","hentry","category-municipales","tag-meade","tag-pri"],"yoast_head":"<!-- This site is optimized with the Yoast SEO plugin v25.3 - https:\/\/yoast.com\/wordpress\/plugins\/seo\/ -->\n<title>Impensable desaparecer el Seguro Popular: Meade Kuribre\u00f1a - Volcanes<\/title>\n<meta name=\"robots\" content=\"index, follow, max-snippet:-1, max-image-preview:large, max-video-preview:-1\" \/>\n<link rel=\"canonical\" href=\"https:\/\/volcanes.net\/?p=395\" \/>\n<meta property=\"og:locale\" content=\"es_MX\" \/>\n<meta property=\"og:type\" content=\"article\" \/>\n<meta property=\"og:title\" content=\"Impensable desaparecer el Seguro Popular: Meade Kuribre\u00f1a - Volcanes\" \/>\n<meta property=\"og:description\" content=\"El precandidato del Partido Revolucionario Institucional (PRI) a la Presidencia de la Rep\u00fablica, Jos\u00e9 Antonio\" \/>\n<meta property=\"og:url\" content=\"https:\/\/volcanes.net\/?p=395\" \/>\n<meta property=\"og:site_name\" content=\"Volcanes\" \/>\n<meta property=\"article:publisher\" content=\"https:\/\/www.facebook.com\/volcanes.net\/\" \/>\n<meta property=\"article:published_time\" content=\"2018-01-12T14:16:38+00:00\" \/>\n<meta property=\"og:image\" content=\"https:\/\/volcanes.net\/wp-content\/uploads\/2018\/01\/meade4.jpg\" \/>\n\t<meta property=\"og:image:width\" content=\"400\" \/>\n\t<meta property=\"og:image:height\" content=\"200\" \/>\n\t<meta property=\"og:image:type\" content=\"image\/jpeg\" \/>\n<meta name=\"author\" content=\"admin\" \/>\n<meta name=\"twitter:card\" content=\"summary_large_image\" \/>\n<meta name=\"twitter:label1\" content=\"Escrito por\" \/>\n\t<meta name=\"twitter:data1\" content=\"admin\" \/>\n\t<meta name=\"twitter:label2\" content=\"Tiempo de lectura\" \/>\n\t<meta name=\"twitter:data2\" content=\"3 minutos\" \/>\n<script type=\"application\/ld+json\" class=\"yoast-schema-graph\">{\"@context\":\"https:\/\/schema.org\",\"@graph\":[{\"@type\":\"Article\",\"@id\":\"https:\/\/volcanes.net\/?p=395#article\",\"isPartOf\":{\"@id\":\"https:\/\/volcanes.net\/?p=395\"},\"author\":{\"name\":\"admin\",\"@id\":\"https:\/\/volcanes.net\/#\/schema\/person\/4bf0f383940966a4abd53f5048c0e6b9\"},\"headline\":\"Impensable desaparecer el Seguro Popular: Meade Kuribre\u00f1a\",\"datePublished\":\"2018-01-12T14:16:38+00:00\",\"mainEntityOfPage\":{\"@id\":\"https:\/\/volcanes.net\/?p=395\"},\"wordCount\":602,\"commentCount\":0,\"publisher\":{\"@id\":\"https:\/\/volcanes.net\/#organization\"},\"image\":{\"@id\":\"https:\/\/volcanes.net\/?p=395#primaryimage\"},\"thumbnailUrl\":\"https:\/\/volcanes.net\/wp-content\/uploads\/2018\/01\/meade4.jpg\",\"keywords\":[\"Meade\",\"PRI\"],\"articleSection\":[\"Municipales\"],\"inLanguage\":\"es\",\"potentialAction\":[{\"@type\":\"CommentAction\",\"name\":\"Comment\",\"target\":[\"https:\/\/volcanes.net\/?p=395#respond\"]}]},{\"@type\":\"WebPage\",\"@id\":\"https:\/\/volcanes.net\/?p=395\",\"url\":\"https:\/\/volcanes.net\/?p=395\",\"name\":\"Impensable desaparecer el Seguro Popular: Meade Kuribre\u00f1a - Volcanes\",\"isPartOf\":{\"@id\":\"https:\/\/volcanes.net\/#website\"},\"primaryImageOfPage\":{\"@id\":\"https:\/\/volcanes.net\/?p=395#primaryimage\"},\"image\":{\"@id\":\"https:\/\/volcanes.net\/?p=395#primaryimage\"},\"thumbnailUrl\":\"https:\/\/volcanes.net\/wp-content\/uploads\/2018\/01\/meade4.jpg\",\"datePublished\":\"2018-01-12T14:16:38+00:00\",\"breadcrumb\":{\"@id\":\"https:\/\/volcanes.net\/?p=395#breadcrumb\"},\"inLanguage\":\"es\",\"potentialAction\":[{\"@type\":\"ReadAction\",\"target\":[\"https:\/\/volcanes.net\/?p=395\"]}]},{\"@type\":\"ImageObject\",\"inLanguage\":\"es\",\"@id\":\"https:\/\/volcanes.net\/?p=395#primaryimage\",\"url\":\"https:\/\/volcanes.net\/wp-content\/uploads\/2018\/01\/meade4.jpg\",\"contentUrl\":\"https:\/\/volcanes.net\/wp-content\/uploads\/2018\/01\/meade4.jpg\",\"width\":400,\"height\":200},{\"@type\":\"BreadcrumbList\",\"@id\":\"https:\/\/volcanes.net\/?p=395#breadcrumb\",\"itemListElement\":[{\"@type\":\"ListItem\",\"position\":1,\"name\":\"Portada\",\"item\":\"https:\/\/volcanes.net\/\"},{\"@type\":\"ListItem\",\"position\":2,\"name\":\"Impensable desaparecer el Seguro Popular: Meade Kuribre\u00f1a\"}]},{\"@type\":\"WebSite\",\"@id\":\"https:\/\/volcanes.net\/#website\",\"url\":\"https:\/\/volcanes.net\/\",\"name\":\"Volcanes.Net\",\"description\":\"Periodismo Profesional\",\"publisher\":{\"@id\":\"https:\/\/volcanes.net\/#organization\"},\"potentialAction\":[{\"@type\":\"SearchAction\",\"target\":{\"@type\":\"EntryPoint\",\"urlTemplate\":\"https:\/\/volcanes.net\/?s={search_term_string}\"},\"query-input\":{\"@type\":\"PropertyValueSpecification\",\"valueRequired\":true,\"valueName\":\"search_term_string\"}}],\"inLanguage\":\"es\"},{\"@type\":\"Organization\",\"@id\":\"https:\/\/volcanes.net\/#organization\",\"name\":\"Grupo Volcanes\",\"url\":\"https:\/\/volcanes.net\/\",\"logo\":{\"@type\":\"ImageObject\",\"inLanguage\":\"es\",\"@id\":\"https:\/\/volcanes.net\/#\/schema\/logo\/image\/\",\"url\":\"http:\/\/volcanes.net\/wp-content\/uploads\/2017\/12\/Avatar2.jpg\",\"contentUrl\":\"http:\/\/volcanes.net\/wp-content\/uploads\/2017\/12\/Avatar2.jpg\",\"width\":378,\"height\":378,\"caption\":\"Grupo Volcanes\"},\"image\":{\"@id\":\"https:\/\/volcanes.net\/#\/schema\/logo\/image\/\"},\"sameAs\":[\"https:\/\/www.facebook.com\/volcanes.net\/\"]},{\"@type\":\"Person\",\"@id\":\"https:\/\/volcanes.net\/#\/schema\/person\/4bf0f383940966a4abd53f5048c0e6b9\",\"name\":\"admin\",\"image\":{\"@type\":\"ImageObject\",\"inLanguage\":\"es\",\"@id\":\"https:\/\/volcanes.net\/#\/schema\/person\/image\/\",\"url\":\"https:\/\/secure.gravatar.com\/avatar\/ca004e6cba8462b8cb7abc86e382930c?s=96&d=mm&r=g\",\"contentUrl\":\"https:\/\/secure.gravatar.com\/avatar\/ca004e6cba8462b8cb7abc86e382930c?s=96&d=mm&r=g\",\"caption\":\"admin\"}}]}<\/script>\n<!-- \/ Yoast SEO plugin. -->","yoast_head_json":{"title":"Impensable desaparecer el Seguro Popular: Meade Kuribre\u00f1a - Volcanes","robots":{"index":"index","follow":"follow","max-snippet":"max-snippet:-1","max-image-preview":"max-image-preview:large","max-video-preview":"max-video-preview:-1"},"canonical":"https:\/\/volcanes.net\/?p=395","og_locale":"es_MX","og_type":"article","og_title":"Impensable desaparecer el Seguro Popular: Meade Kuribre\u00f1a - Volcanes","og_description":"El precandidato del Partido Revolucionario Institucional (PRI) a la Presidencia de la Rep\u00fablica, Jos\u00e9 Antonio","og_url":"https:\/\/volcanes.net\/?p=395","og_site_name":"Volcanes","article_publisher":"https:\/\/www.facebook.com\/volcanes.net\/","article_published_time":"2018-01-12T14:16:38+00:00","og_image":[{"width":400,"height":200,"url":"https:\/\/volcanes.net\/wp-content\/uploads\/2018\/01\/meade4.jpg","type":"image\/jpeg"}],"author":"admin","twitter_card":"summary_large_image","twitter_misc":{"Escrito por":"admin","Tiempo de lectura":"3 minutos"},"schema":{"@context":"https:\/\/schema.org","@graph":[{"@type":"Article","@id":"https:\/\/volcanes.net\/?p=395#article","isPartOf":{"@id":"https:\/\/volcanes.net\/?p=395"},"author":{"name":"admin","@id":"https:\/\/volcanes.net\/#\/schema\/person\/4bf0f383940966a4abd53f5048c0e6b9"},"headline":"Impensable desaparecer el Seguro Popular: Meade Kuribre\u00f1a","datePublished":"2018-01-12T14:16:38+00:00","mainEntityOfPage":{"@id":"https:\/\/volcanes.net\/?p=395"},"wordCount":602,"commentCount":0,"publisher":{"@id":"https:\/\/volcanes.net\/#organization"},"image":{"@id":"https:\/\/volcanes.net\/?p=395#primaryimage"},"thumbnailUrl":"https:\/\/volcanes.net\/wp-content\/uploads\/2018\/01\/meade4.jpg","keywords":["Meade","PRI"],"articleSection":["Municipales"],"inLanguage":"es","potentialAction":[{"@type":"CommentAction","name":"Comment","target":["https:\/\/volcanes.net\/?p=395#respond"]}]},{"@type":"WebPage","@id":"https:\/\/volcanes.net\/?p=395","url":"https:\/\/volcanes.net\/?p=395","name":"Impensable desaparecer el Seguro Popular: Meade Kuribre\u00f1a - Volcanes","isPartOf":{"@id":"https:\/\/volcanes.net\/#website"},"primaryImageOfPage":{"@id":"https:\/\/volcanes.net\/?p=395#primaryimage"},"image":{"@id":"https:\/\/volcanes.net\/?p=395#primaryimage"},"thumbnailUrl":"https:\/\/volcanes.net\/wp-content\/uploads\/2018\/01\/meade4.jpg","datePublished":"2018-01-12T14:16:38+00:00","breadcrumb":{"@id":"https:\/\/volcanes.net\/?p=395#breadcrumb"},"inLanguage":"es","potentialAction":[{"@type":"ReadAction","target":["https:\/\/volcanes.net\/?p=395"]}]},{"@type":"ImageObject","inLanguage":"es","@id":"https:\/\/volcanes.net\/?p=395#primaryimage","url":"https:\/\/volcanes.net\/wp-content\/uploads\/2018\/01\/meade4.jpg","contentUrl":"https:\/\/volcanes.net\/wp-content\/uploads\/2018\/01\/meade4.jpg","width":400,"height":200},{"@type":"BreadcrumbList","@id":"https:\/\/volcanes.net\/?p=395#breadcrumb","itemListElement":[{"@type":"ListItem","position":1,"name":"Portada","item":"https:\/\/volcanes.net\/"},{"@type":"ListItem","position":2,"name":"Impensable desaparecer el Seguro Popular: Meade Kuribre\u00f1a"}]},{"@type":"WebSite","@id":"https:\/\/volcanes.net\/#website","url":"https:\/\/volcanes.net\/","name":"Volcanes.Net","description":"Periodismo Profesional","publisher":{"@id":"https:\/\/volcanes.net\/#organization"},"potentialAction":[{"@type":"SearchAction","target":{"@type":"EntryPoint","urlTemplate":"https:\/\/volcanes.net\/?s={search_term_string}"},"query-input":{"@type":"PropertyValueSpecification","valueRequired":true,"valueName":"search_term_string"}}],"inLanguage":"es"},{"@type":"Organization","@id":"https:\/\/volcanes.net\/#organization","name":"Grupo Volcanes","url":"https:\/\/volcanes.net\/","logo":{"@type":"ImageObject","inLanguage":"es","@id":"https:\/\/volcanes.net\/#\/schema\/logo\/image\/","url":"http:\/\/volcanes.net\/wp-content\/uploads\/2017\/12\/Avatar2.jpg","contentUrl":"http:\/\/volcanes.net\/wp-content\/uploads\/2017\/12\/Avatar2.jpg","width":378,"height":378,"caption":"Grupo Volcanes"},"image":{"@id":"https:\/\/volcanes.net\/#\/schema\/logo\/image\/"},"sameAs":["https:\/\/www.facebook.com\/volcanes.net\/"]},{"@type":"Person","@id":"https:\/\/volcanes.net\/#\/schema\/person\/4bf0f383940966a4abd53f5048c0e6b9","name":"admin","image":{"@type":"ImageObject","inLanguage":"es","@id":"https:\/\/volcanes.net\/#\/schema\/person\/image\/","url":"https:\/\/secure.gravatar.com\/avatar\/ca004e6cba8462b8cb7abc86e382930c?s=96&d=mm&r=g","contentUrl":"https:\/\/secure.gravatar.com\/avatar\/ca004e6cba8462b8cb7abc86e382930c?s=96&d=mm&r=g","caption":"admin"}}]}},"_links":{"self":[{"href":"https:\/\/volcanes.net\/index.php?rest_route=\/wp\/v2\/posts\/395"}],"collection":[{"href":"https:\/\/volcanes.net\/index.php?rest_route=\/wp\/v2\/posts"}],"about":[{"href":"https:\/\/volcanes.net\/index.php?rest_route=\/wp\/v2\/types\/post"}],"author":[{"embeddable":true,"href":"https:\/\/volcanes.net\/index.php?rest_route=\/wp\/v2\/users\/1"}],"replies":[{"embeddable":true,"href":"https:\/\/volcanes.net\/index.php?rest_route=%2Fwp%2Fv2%2Fcomments&post=395"}],"version-history":[{"count":1,"href":"https:\/\/volcanes.net\/index.php?rest_route=\/wp\/v2\/posts\/395\/revisions"}],"predecessor-version":[{"id":396,"href":"https:\/\/volcanes.net\/index.php?rest_route=\/wp\/v2\/posts\/395\/revisions\/396"}],"wp:featuredmedia":[{"embeddable":true,"href":"https:\/\/volcanes.net\/index.php?rest_route=\/wp\/v2\/media\/388"}],"wp:attachment":[{"href":"https:\/\/volcanes.net\/index.php?rest_route=%2Fwp%2Fv2%2Fmedia&parent=395"}],"wp:term":[{"taxonomy":"category","embeddable":true,"href":"https:\/\/volcanes.net\/index.php?rest_route=%2Fwp%2Fv2%2Fcategories&post=395"},{"taxonomy":"post_tag","embeddable":true,"href":"https:\/\/volcanes.net\/index.php?rest_route=%2Fwp%2Fv2%2Ftags&post=395"}],"curies":[{"name":"wp","href":"https:\/\/api.w.org\/{rel}","templated":true}]}}