{"id":3965,"date":"2019-02-06T11:46:09","date_gmt":"2019-02-06T17:46:09","guid":{"rendered":"http:\/\/volcanes.net\/?p=3965"},"modified":"2019-02-06T11:46:09","modified_gmt":"2019-02-06T17:46:09","slug":"bloqueo-de-transportistas-en-amecameca-tras-operativo-vs-ruta-85","status":"publish","type":"post","link":"https:\/\/volcanes.net\/?p=3965","title":{"rendered":"Bloqueo de Transportistas en Amecameca, tras Operativo vs Ruta 85."},"content":{"rendered":"<div style=\"margin-top: 0px; margin-bottom: 0px;\" class=\"sharethis-inline-share-buttons\" ><\/div><p>Transportistas de la Ruta 85, se manifiestan y bloquean carriles de la carretera federal M\u00e9xico-Cuautla, frente a las instalaciones de la Fiscal\u00eda Regional en Amecameca, luego del operativo implementado por la Secretaria de Movilidad del Estado de M\u00e9xico (SEMOVI), en contra de esta Ruta, tras el Feminicidio de la joven Vanessa, presuntamente cometido por un ch\u00f3fer de esa Ruta en el municipio de Ozumba.<\/p>\n<p>El operativo de la SEMOVI en contra de la Ruta 85, en d\u00f3nde operaba el presunto responsable del Feminicidio de Vanessa, inicio a primera hora de este d\u00eda, lo que provoc\u00f3 molestia entre los concesionarios y usuarios, pues se quedaron sin transporte para dirigirse principalmente a la CDMX.<\/p>\n<p>En contraparte, familiares y amigos de Vanessa han realizado diversas manifestaciones para exigir justicia por la muerte de la joven estudiante de la UAEM.<\/p>\n<p>Por su parte, autoridades educativas de la casa de estudios, pidieron una investigaci\u00f3n exhaustiva y se refuerce la seguridad en toda la zona para protecci\u00f3n de la comunidad estudiantil.<\/p>\n<p>El alcalde de Ozumba, Valent\u00edn Mart\u00ednez Castillo, en un acto c\u00edvico,<br \/>\nluego de que sus elementos detuvieron al presunto responsable,\u00a0 agrego que : &#8220;Confiamos en que la justicia y la ley, castigar\u00e1,para que este tipo de actos abominables, no queden impunes&#8221;.<\/p>\n<p>En tanto, la Fiscal\u00eda General de Justicia del Estado de M\u00e9xico (FGJEM) luego de cumplimentar la orden de aprehensi\u00f3n en contra de Ricardo \u201cN\u201d, mencion\u00f3 que es investigado por su probable participaci\u00f3n en la muerte de la joven Vanessa, de 22 a\u00f1os de edad, cuyo cuerpo fue hallado en el municipio de Ozumba.<\/p>\n<p>Este sujeto fue ingresado al Centro Penitenciario y de Reinserci\u00f3n Social de Chalco, en donde qued\u00f3 a disposici\u00f3n de un Juez, autoridad que habr\u00e1 de determinar su situaci\u00f3n legal por el delito de feminicidio.<\/p>\n","protected":false},"excerpt":{"rendered":"<p>Transportistas de la Ruta 85, se manifiestan y bloquean carriles de la carretera federal M\u00e9xico-Cuautla,<\/p>\n","protected":false},"author":1,"featured_media":3966,"comment_status":"open","ping_status":"open","sticky":false,"template":"","format":"standard","meta":{"footnotes":""},"categories":[1],"tags":[7,42,14],"class_list":["post-3965","post","type-post","status-publish","format-standard","has-post-thumbnail","hentry","category-municipales","tag-amecameca","tag-fgjem","tag-ozumba"],"yoast_head":"<!-- This site is optimized with the Yoast SEO plugin v25.3 - https:\/\/yoast.com\/wordpress\/plugins\/seo\/ -->\n<title>Bloqueo de Transportistas en Amecameca, tras Operativo vs Ruta 85. - Volcanes<\/title>\n<meta name=\"robots\" content=\"index, follow, max-snippet:-1, max-image-preview:large, max-video-preview:-1\" \/>\n<link rel=\"canonical\" href=\"https:\/\/volcanes.net\/?p=3965\" \/>\n<meta property=\"og:locale\" content=\"es_MX\" \/>\n<meta property=\"og:type\" content=\"article\" \/>\n<meta property=\"og:title\" content=\"Bloqueo de Transportistas en Amecameca, tras Operativo vs Ruta 85. - Volcanes\" \/>\n<meta property=\"og:description\" content=\"Transportistas de la Ruta 85, se manifiestan y bloquean carriles de la carretera federal M\u00e9xico-Cuautla,\" \/>\n<meta property=\"og:url\" content=\"https:\/\/volcanes.net\/?p=3965\" \/>\n<meta property=\"og:site_name\" content=\"Volcanes\" \/>\n<meta property=\"article:publisher\" content=\"https:\/\/www.facebook.com\/volcanes.net\/\" \/>\n<meta property=\"article:published_time\" content=\"2019-02-06T17:46:09+00:00\" \/>\n<meta property=\"og:image\" content=\"https:\/\/volcanes.net\/wp-content\/uploads\/2019\/02\/WhatsApp-Image-2019-02-06-at-11.39.13-AM.jpeg\" \/>\n\t<meta property=\"og:image:width\" content=\"1280\" \/>\n\t<meta property=\"og:image:height\" content=\"720\" \/>\n\t<meta property=\"og:image:type\" content=\"image\/jpeg\" \/>\n<meta name=\"author\" content=\"admin\" \/>\n<meta name=\"twitter:card\" content=\"summary_large_image\" \/>\n<meta name=\"twitter:label1\" content=\"Escrito por\" \/>\n\t<meta name=\"twitter:data1\" content=\"admin\" \/>\n\t<meta name=\"twitter:label2\" content=\"Tiempo de lectura\" \/>\n\t<meta name=\"twitter:data2\" content=\"2 minutos\" \/>\n<script type=\"application\/ld+json\" class=\"yoast-schema-graph\">{\"@context\":\"https:\/\/schema.org\",\"@graph\":[{\"@type\":\"Article\",\"@id\":\"https:\/\/volcanes.net\/?p=3965#article\",\"isPartOf\":{\"@id\":\"https:\/\/volcanes.net\/?p=3965\"},\"author\":{\"name\":\"admin\",\"@id\":\"https:\/\/volcanes.net\/#\/schema\/person\/4bf0f383940966a4abd53f5048c0e6b9\"},\"headline\":\"Bloqueo de Transportistas en Amecameca, tras Operativo vs Ruta 85.\",\"datePublished\":\"2019-02-06T17:46:09+00:00\",\"mainEntityOfPage\":{\"@id\":\"https:\/\/volcanes.net\/?p=3965\"},\"wordCount\":318,\"commentCount\":0,\"publisher\":{\"@id\":\"https:\/\/volcanes.net\/#organization\"},\"image\":{\"@id\":\"https:\/\/volcanes.net\/?p=3965#primaryimage\"},\"thumbnailUrl\":\"https:\/\/volcanes.net\/wp-content\/uploads\/2019\/02\/WhatsApp-Image-2019-02-06-at-11.39.13-AM.jpeg\",\"keywords\":[\"Amecameca\",\"FGJEM\",\"Ozumba\"],\"articleSection\":[\"Municipales\"],\"inLanguage\":\"es\",\"potentialAction\":[{\"@type\":\"CommentAction\",\"name\":\"Comment\",\"target\":[\"https:\/\/volcanes.net\/?p=3965#respond\"]}]},{\"@type\":\"WebPage\",\"@id\":\"https:\/\/volcanes.net\/?p=3965\",\"url\":\"https:\/\/volcanes.net\/?p=3965\",\"name\":\"Bloqueo de Transportistas en Amecameca, tras Operativo vs Ruta 85. - Volcanes\",\"isPartOf\":{\"@id\":\"https:\/\/volcanes.net\/#website\"},\"primaryImageOfPage\":{\"@id\":\"https:\/\/volcanes.net\/?p=3965#primaryimage\"},\"image\":{\"@id\":\"https:\/\/volcanes.net\/?p=3965#primaryimage\"},\"thumbnailUrl\":\"https:\/\/volcanes.net\/wp-content\/uploads\/2019\/02\/WhatsApp-Image-2019-02-06-at-11.39.13-AM.jpeg\",\"datePublished\":\"2019-02-06T17:46:09+00:00\",\"breadcrumb\":{\"@id\":\"https:\/\/volcanes.net\/?p=3965#breadcrumb\"},\"inLanguage\":\"es\",\"potentialAction\":[{\"@type\":\"ReadAction\",\"target\":[\"https:\/\/volcanes.net\/?p=3965\"]}]},{\"@type\":\"ImageObject\",\"inLanguage\":\"es\",\"@id\":\"https:\/\/volcanes.net\/?p=3965#primaryimage\",\"url\":\"https:\/\/volcanes.net\/wp-content\/uploads\/2019\/02\/WhatsApp-Image-2019-02-06-at-11.39.13-AM.jpeg\",\"contentUrl\":\"https:\/\/volcanes.net\/wp-content\/uploads\/2019\/02\/WhatsApp-Image-2019-02-06-at-11.39.13-AM.jpeg\",\"width\":1280,\"height\":720},{\"@type\":\"BreadcrumbList\",\"@id\":\"https:\/\/volcanes.net\/?p=3965#breadcrumb\",\"itemListElement\":[{\"@type\":\"ListItem\",\"position\":1,\"name\":\"Portada\",\"item\":\"https:\/\/volcanes.net\/\"},{\"@type\":\"ListItem\",\"position\":2,\"name\":\"Bloqueo de Transportistas en Amecameca, tras Operativo vs Ruta 85.\"}]},{\"@type\":\"WebSite\",\"@id\":\"https:\/\/volcanes.net\/#website\",\"url\":\"https:\/\/volcanes.net\/\",\"name\":\"Volcanes.Net\",\"description\":\"Periodismo Profesional\",\"publisher\":{\"@id\":\"https:\/\/volcanes.net\/#organization\"},\"potentialAction\":[{\"@type\":\"SearchAction\",\"target\":{\"@type\":\"EntryPoint\",\"urlTemplate\":\"https:\/\/volcanes.net\/?s={search_term_string}\"},\"query-input\":{\"@type\":\"PropertyValueSpecification\",\"valueRequired\":true,\"valueName\":\"search_term_string\"}}],\"inLanguage\":\"es\"},{\"@type\":\"Organization\",\"@id\":\"https:\/\/volcanes.net\/#organization\",\"name\":\"Grupo Volcanes\",\"url\":\"https:\/\/volcanes.net\/\",\"logo\":{\"@type\":\"ImageObject\",\"inLanguage\":\"es\",\"@id\":\"https:\/\/volcanes.net\/#\/schema\/logo\/image\/\",\"url\":\"http:\/\/volcanes.net\/wp-content\/uploads\/2017\/12\/Avatar2.jpg\",\"contentUrl\":\"http:\/\/volcanes.net\/wp-content\/uploads\/2017\/12\/Avatar2.jpg\",\"width\":378,\"height\":378,\"caption\":\"Grupo Volcanes\"},\"image\":{\"@id\":\"https:\/\/volcanes.net\/#\/schema\/logo\/image\/\"},\"sameAs\":[\"https:\/\/www.facebook.com\/volcanes.net\/\"]},{\"@type\":\"Person\",\"@id\":\"https:\/\/volcanes.net\/#\/schema\/person\/4bf0f383940966a4abd53f5048c0e6b9\",\"name\":\"admin\",\"image\":{\"@type\":\"ImageObject\",\"inLanguage\":\"es\",\"@id\":\"https:\/\/volcanes.net\/#\/schema\/person\/image\/\",\"url\":\"https:\/\/secure.gravatar.com\/avatar\/ca004e6cba8462b8cb7abc86e382930c?s=96&d=mm&r=g\",\"contentUrl\":\"https:\/\/secure.gravatar.com\/avatar\/ca004e6cba8462b8cb7abc86e382930c?s=96&d=mm&r=g\",\"caption\":\"admin\"}}]}<\/script>\n<!-- \/ Yoast SEO plugin. -->","yoast_head_json":{"title":"Bloqueo de Transportistas en Amecameca, tras Operativo vs Ruta 85. - Volcanes","robots":{"index":"index","follow":"follow","max-snippet":"max-snippet:-1","max-image-preview":"max-image-preview:large","max-video-preview":"max-video-preview:-1"},"canonical":"https:\/\/volcanes.net\/?p=3965","og_locale":"es_MX","og_type":"article","og_title":"Bloqueo de Transportistas en Amecameca, tras Operativo vs Ruta 85. - Volcanes","og_description":"Transportistas de la Ruta 85, se manifiestan y bloquean carriles de la carretera federal M\u00e9xico-Cuautla,","og_url":"https:\/\/volcanes.net\/?p=3965","og_site_name":"Volcanes","article_publisher":"https:\/\/www.facebook.com\/volcanes.net\/","article_published_time":"2019-02-06T17:46:09+00:00","og_image":[{"width":1280,"height":720,"url":"https:\/\/volcanes.net\/wp-content\/uploads\/2019\/02\/WhatsApp-Image-2019-02-06-at-11.39.13-AM.jpeg","type":"image\/jpeg"}],"author":"admin","twitter_card":"summary_large_image","twitter_misc":{"Escrito por":"admin","Tiempo de lectura":"2 minutos"},"schema":{"@context":"https:\/\/schema.org","@graph":[{"@type":"Article","@id":"https:\/\/volcanes.net\/?p=3965#article","isPartOf":{"@id":"https:\/\/volcanes.net\/?p=3965"},"author":{"name":"admin","@id":"https:\/\/volcanes.net\/#\/schema\/person\/4bf0f383940966a4abd53f5048c0e6b9"},"headline":"Bloqueo de Transportistas en Amecameca, tras Operativo vs Ruta 85.","datePublished":"2019-02-06T17:46:09+00:00","mainEntityOfPage":{"@id":"https:\/\/volcanes.net\/?p=3965"},"wordCount":318,"commentCount":0,"publisher":{"@id":"https:\/\/volcanes.net\/#organization"},"image":{"@id":"https:\/\/volcanes.net\/?p=3965#primaryimage"},"thumbnailUrl":"https:\/\/volcanes.net\/wp-content\/uploads\/2019\/02\/WhatsApp-Image-2019-02-06-at-11.39.13-AM.jpeg","keywords":["Amecameca","FGJEM","Ozumba"],"articleSection":["Municipales"],"inLanguage":"es","potentialAction":[{"@type":"CommentAction","name":"Comment","target":["https:\/\/volcanes.net\/?p=3965#respond"]}]},{"@type":"WebPage","@id":"https:\/\/volcanes.net\/?p=3965","url":"https:\/\/volcanes.net\/?p=3965","name":"Bloqueo de Transportistas en Amecameca, tras Operativo vs Ruta 85. - Volcanes","isPartOf":{"@id":"https:\/\/volcanes.net\/#website"},"primaryImageOfPage":{"@id":"https:\/\/volcanes.net\/?p=3965#primaryimage"},"image":{"@id":"https:\/\/volcanes.net\/?p=3965#primaryimage"},"thumbnailUrl":"https:\/\/volcanes.net\/wp-content\/uploads\/2019\/02\/WhatsApp-Image-2019-02-06-at-11.39.13-AM.jpeg","datePublished":"2019-02-06T17:46:09+00:00","breadcrumb":{"@id":"https:\/\/volcanes.net\/?p=3965#breadcrumb"},"inLanguage":"es","potentialAction":[{"@type":"ReadAction","target":["https:\/\/volcanes.net\/?p=3965"]}]},{"@type":"ImageObject","inLanguage":"es","@id":"https:\/\/volcanes.net\/?p=3965#primaryimage","url":"https:\/\/volcanes.net\/wp-content\/uploads\/2019\/02\/WhatsApp-Image-2019-02-06-at-11.39.13-AM.jpeg","contentUrl":"https:\/\/volcanes.net\/wp-content\/uploads\/2019\/02\/WhatsApp-Image-2019-02-06-at-11.39.13-AM.jpeg","width":1280,"height":720},{"@type":"BreadcrumbList","@id":"https:\/\/volcanes.net\/?p=3965#breadcrumb","itemListElement":[{"@type":"ListItem","position":1,"name":"Portada","item":"https:\/\/volcanes.net\/"},{"@type":"ListItem","position":2,"name":"Bloqueo de Transportistas en Amecameca, tras Operativo vs Ruta 85."}]},{"@type":"WebSite","@id":"https:\/\/volcanes.net\/#website","url":"https:\/\/volcanes.net\/","name":"Volcanes.Net","description":"Periodismo Profesional","publisher":{"@id":"https:\/\/volcanes.net\/#organization"},"potentialAction":[{"@type":"SearchAction","target":{"@type":"EntryPoint","urlTemplate":"https:\/\/volcanes.net\/?s={search_term_string}"},"query-input":{"@type":"PropertyValueSpecification","valueRequired":true,"valueName":"search_term_string"}}],"inLanguage":"es"},{"@type":"Organization","@id":"https:\/\/volcanes.net\/#organization","name":"Grupo Volcanes","url":"https:\/\/volcanes.net\/","logo":{"@type":"ImageObject","inLanguage":"es","@id":"https:\/\/volcanes.net\/#\/schema\/logo\/image\/","url":"http:\/\/volcanes.net\/wp-content\/uploads\/2017\/12\/Avatar2.jpg","contentUrl":"http:\/\/volcanes.net\/wp-content\/uploads\/2017\/12\/Avatar2.jpg","width":378,"height":378,"caption":"Grupo Volcanes"},"image":{"@id":"https:\/\/volcanes.net\/#\/schema\/logo\/image\/"},"sameAs":["https:\/\/www.facebook.com\/volcanes.net\/"]},{"@type":"Person","@id":"https:\/\/volcanes.net\/#\/schema\/person\/4bf0f383940966a4abd53f5048c0e6b9","name":"admin","image":{"@type":"ImageObject","inLanguage":"es","@id":"https:\/\/volcanes.net\/#\/schema\/person\/image\/","url":"https:\/\/secure.gravatar.com\/avatar\/ca004e6cba8462b8cb7abc86e382930c?s=96&d=mm&r=g","contentUrl":"https:\/\/secure.gravatar.com\/avatar\/ca004e6cba8462b8cb7abc86e382930c?s=96&d=mm&r=g","caption":"admin"}}]}},"_links":{"self":[{"href":"https:\/\/volcanes.net\/index.php?rest_route=\/wp\/v2\/posts\/3965"}],"collection":[{"href":"https:\/\/volcanes.net\/index.php?rest_route=\/wp\/v2\/posts"}],"about":[{"href":"https:\/\/volcanes.net\/index.php?rest_route=\/wp\/v2\/types\/post"}],"author":[{"embeddable":true,"href":"https:\/\/volcanes.net\/index.php?rest_route=\/wp\/v2\/users\/1"}],"replies":[{"embeddable":true,"href":"https:\/\/volcanes.net\/index.php?rest_route=%2Fwp%2Fv2%2Fcomments&post=3965"}],"version-history":[{"count":1,"href":"https:\/\/volcanes.net\/index.php?rest_route=\/wp\/v2\/posts\/3965\/revisions"}],"predecessor-version":[{"id":3967,"href":"https:\/\/volcanes.net\/index.php?rest_route=\/wp\/v2\/posts\/3965\/revisions\/3967"}],"wp:featuredmedia":[{"embeddable":true,"href":"https:\/\/volcanes.net\/index.php?rest_route=\/wp\/v2\/media\/3966"}],"wp:attachment":[{"href":"https:\/\/volcanes.net\/index.php?rest_route=%2Fwp%2Fv2%2Fmedia&parent=3965"}],"wp:term":[{"taxonomy":"category","embeddable":true,"href":"https:\/\/volcanes.net\/index.php?rest_route=%2Fwp%2Fv2%2Fcategories&post=3965"},{"taxonomy":"post_tag","embeddable":true,"href":"https:\/\/volcanes.net\/index.php?rest_route=%2Fwp%2Fv2%2Ftags&post=3965"}],"curies":[{"name":"wp","href":"https:\/\/api.w.org\/{rel}","templated":true}]}}