{"id":3968,"date":"2019-02-06T12:40:17","date_gmt":"2019-02-06T18:40:17","guid":{"rendered":"http:\/\/volcanes.net\/?p=3968"},"modified":"2019-02-06T12:40:17","modified_gmt":"2019-02-06T18:40:17","slug":"detiene-fgjem-a-sujeto-investigado-por-agresion-a-vicente-onofre-lider-del-pes-en-el-edomex","status":"publish","type":"post","link":"https:\/\/volcanes.net\/?p=3968","title":{"rendered":"Detiene FGJEM a sujeto investigado por agresi\u00f3n a Vicente Onofre l\u00edder del PES en el Edomex."},"content":{"rendered":"<div style=\"margin-top: 0px; margin-bottom: 0px;\" class=\"sharethis-inline-share-buttons\" ><\/div><p><span style=\"color: #000000;\"><span lang=\"ES-TRAD\">Elementos del Grupo T\u00e1ctico Operativo Tec\u00e1mac (GTO) de esta Fiscal\u00eda General de Justicia del Estado de M\u00e9xico (FGJEM) detuvieron a Miguel \u00c1ngel \u201cN\u201d, de 30 a\u00f1os de edad, quien es investigado por su probable participaci\u00f3n en el delito de homicidio calificado en grado de tentativa, ya que al parecer habr\u00eda participado en la agresi\u00f3n que sufri\u00f3 el dirigente del Partido Encuentro Social en el municipio de Chalco, el 9 de febrero del a\u00f1o pasado.<\/span><\/span><\/p>\n<p><span lang=\"ES-TRAD\"><span style=\"color: #000000;\">Este sujeto fue asegurado en el municipio de Acolman, en cumplimiento de una orden de aprehensi\u00f3n que fue girada en su contra por estos hechos; posteriormente fue ingresado al Centro Penitenciario y de Reinserci\u00f3n Social de Chalco, en donde la Autoridad Judicial habr\u00e1 de determinar su situaci\u00f3n legal.<\/span><\/span><\/p>\n<p><span lang=\"ES-TRAD\"><span style=\"color: #000000;\">Los hechos por los cuales es investigado se registraron el d\u00eda 9 de febrero cuando la v\u00edctima circulaba a bordo de su camioneta a la altura de la colonia Portales, en el municipio de Chalco, y un veh\u00edculo compacto tipo Shadow, de color rojo, obstru\u00eda su camino al circular muy lento; al llegar a un sem\u00e1foro detr\u00e1s de la v\u00edctima se detuvo un veh\u00edculo tipo Golf, color blanco, del cual descendieron dos sujetos, entre ellos el detenido, quien habr\u00eda disparado en varias ocasiones en contra del veh\u00edculo de la v\u00edctima.\u00a0\u00a0\u00a0\u00a0\u00a0\u00a0\u00a0\u00a0<\/span><\/span><\/p>\n<p><span lang=\"ES-TRAD\"><span style=\"color: #000000;\">Cabe se\u00f1alar que por estos hechos, en febrero del a\u00f1o pasado, elementos de la FGJEM cumplimentaron una orden de aprehensi\u00f3n en contra de Neri Ricardo \u201cN\u201d y Jafet \u201cN\u201d, posteriormente fue aprehendido tambi\u00e9n Eduardo \u201cN\u201d y en el mes de junio fue detenido Jos\u00e9 Antonio \u201cN\u201d, sujetos que de igual manera al parecer participaron en esta agresi\u00f3n. Estos individuos fueron ingresados al Centro Penitenciario y de Reinserci\u00f3n Social de Chalco, y un Juez los vincul\u00f3 a proceso por el delito que se les imputa.<\/span><\/span><\/p>\n<p><span lang=\"ES-TRAD\"><span style=\"color: #000000;\">Con esta \u00faltima detenci\u00f3n suman ya cinco personas aprehendidas y relacionadas con estos hechos.<\/span><\/span><\/p>\n<p><span lang=\"ES-TRAD\"><span style=\"color: #000000;\">Al detenido se le debe considerar inocente\u00a0\u00a0hasta que sea dictada una sentencia condenatoria en su contra.<\/span><\/span><\/p>\n<p><span lang=\"ES-TRAD\"><span style=\"color: #000000;\">La Fiscal\u00eda General de Justicia estatal hace un llamado a la ciudadan\u00eda para que en caso de que reconozca a este individuo como probable part\u00edcipe de alg\u00fan otro il\u00edcito, sea denunciado a trav\u00e9s del correo electr\u00f3nico\u00a0<a href=\"mailto:cerotolerancia@edomex.gob.mx\" target=\"_blank\" rel=\"noopener\">cerotolerancia@edomex.gob.mx<\/a>, al n\u00famero telef\u00f3nico 01 800 7028770, o bien, por medio de la aplicaci\u00f3n FGJEdomex, la cual est\u00e1 disponible de manera gratuita para todos los tel\u00e9fonos inteligentes de los sistemas iOS y Android.<\/span><\/span><\/p>\n","protected":false},"excerpt":{"rendered":"<p>Elementos del Grupo T\u00e1ctico Operativo Tec\u00e1mac (GTO) de esta Fiscal\u00eda General de Justicia del Estado<\/p>\n","protected":false},"author":1,"featured_media":3969,"comment_status":"open","ping_status":"open","sticky":false,"template":"","format":"standard","meta":{"footnotes":""},"categories":[1],"tags":[42],"class_list":["post-3968","post","type-post","status-publish","format-standard","has-post-thumbnail","hentry","category-municipales","tag-fgjem"],"yoast_head":"<!-- This site is optimized with the Yoast SEO plugin v25.3 - https:\/\/yoast.com\/wordpress\/plugins\/seo\/ -->\n<title>Detiene FGJEM a sujeto investigado por agresi\u00f3n a Vicente Onofre l\u00edder del PES en el Edomex. - Volcanes<\/title>\n<meta name=\"robots\" content=\"index, follow, max-snippet:-1, max-image-preview:large, max-video-preview:-1\" \/>\n<link rel=\"canonical\" href=\"https:\/\/volcanes.net\/?p=3968\" \/>\n<meta property=\"og:locale\" content=\"es_MX\" \/>\n<meta property=\"og:type\" content=\"article\" \/>\n<meta property=\"og:title\" content=\"Detiene FGJEM a sujeto investigado por agresi\u00f3n a Vicente Onofre l\u00edder del PES en el Edomex. - Volcanes\" \/>\n<meta property=\"og:description\" content=\"Elementos del Grupo T\u00e1ctico Operativo Tec\u00e1mac (GTO) de esta Fiscal\u00eda General de Justicia del Estado\" \/>\n<meta property=\"og:url\" content=\"https:\/\/volcanes.net\/?p=3968\" \/>\n<meta property=\"og:site_name\" content=\"Volcanes\" \/>\n<meta property=\"article:publisher\" content=\"https:\/\/www.facebook.com\/volcanes.net\/\" \/>\n<meta property=\"article:published_time\" content=\"2019-02-06T18:40:17+00:00\" \/>\n<meta property=\"og:image\" content=\"https:\/\/volcanes.net\/wp-content\/uploads\/2019\/02\/FOTO-C126.jpg\" \/>\n\t<meta property=\"og:image:width\" content=\"327\" \/>\n\t<meta property=\"og:image:height\" content=\"448\" \/>\n\t<meta property=\"og:image:type\" content=\"image\/jpeg\" \/>\n<meta name=\"author\" content=\"admin\" \/>\n<meta name=\"twitter:card\" content=\"summary_large_image\" \/>\n<meta name=\"twitter:label1\" content=\"Escrito por\" \/>\n\t<meta name=\"twitter:data1\" content=\"admin\" \/>\n\t<meta name=\"twitter:label2\" content=\"Tiempo de lectura\" \/>\n\t<meta name=\"twitter:data2\" content=\"2 minutos\" \/>\n<script type=\"application\/ld+json\" class=\"yoast-schema-graph\">{\"@context\":\"https:\/\/schema.org\",\"@graph\":[{\"@type\":\"Article\",\"@id\":\"https:\/\/volcanes.net\/?p=3968#article\",\"isPartOf\":{\"@id\":\"https:\/\/volcanes.net\/?p=3968\"},\"author\":{\"name\":\"admin\",\"@id\":\"https:\/\/volcanes.net\/#\/schema\/person\/4bf0f383940966a4abd53f5048c0e6b9\"},\"headline\":\"Detiene FGJEM a sujeto investigado por agresi\u00f3n a Vicente Onofre l\u00edder del PES en el Edomex.\",\"datePublished\":\"2019-02-06T18:40:17+00:00\",\"mainEntityOfPage\":{\"@id\":\"https:\/\/volcanes.net\/?p=3968\"},\"wordCount\":452,\"commentCount\":0,\"publisher\":{\"@id\":\"https:\/\/volcanes.net\/#organization\"},\"image\":{\"@id\":\"https:\/\/volcanes.net\/?p=3968#primaryimage\"},\"thumbnailUrl\":\"https:\/\/volcanes.net\/wp-content\/uploads\/2019\/02\/FOTO-C126.jpg\",\"keywords\":[\"FGJEM\"],\"articleSection\":[\"Municipales\"],\"inLanguage\":\"es\",\"potentialAction\":[{\"@type\":\"CommentAction\",\"name\":\"Comment\",\"target\":[\"https:\/\/volcanes.net\/?p=3968#respond\"]}]},{\"@type\":\"WebPage\",\"@id\":\"https:\/\/volcanes.net\/?p=3968\",\"url\":\"https:\/\/volcanes.net\/?p=3968\",\"name\":\"Detiene FGJEM a sujeto investigado por agresi\u00f3n a Vicente Onofre l\u00edder del PES en el Edomex. - Volcanes\",\"isPartOf\":{\"@id\":\"https:\/\/volcanes.net\/#website\"},\"primaryImageOfPage\":{\"@id\":\"https:\/\/volcanes.net\/?p=3968#primaryimage\"},\"image\":{\"@id\":\"https:\/\/volcanes.net\/?p=3968#primaryimage\"},\"thumbnailUrl\":\"https:\/\/volcanes.net\/wp-content\/uploads\/2019\/02\/FOTO-C126.jpg\",\"datePublished\":\"2019-02-06T18:40:17+00:00\",\"breadcrumb\":{\"@id\":\"https:\/\/volcanes.net\/?p=3968#breadcrumb\"},\"inLanguage\":\"es\",\"potentialAction\":[{\"@type\":\"ReadAction\",\"target\":[\"https:\/\/volcanes.net\/?p=3968\"]}]},{\"@type\":\"ImageObject\",\"inLanguage\":\"es\",\"@id\":\"https:\/\/volcanes.net\/?p=3968#primaryimage\",\"url\":\"https:\/\/volcanes.net\/wp-content\/uploads\/2019\/02\/FOTO-C126.jpg\",\"contentUrl\":\"https:\/\/volcanes.net\/wp-content\/uploads\/2019\/02\/FOTO-C126.jpg\",\"width\":327,\"height\":448},{\"@type\":\"BreadcrumbList\",\"@id\":\"https:\/\/volcanes.net\/?p=3968#breadcrumb\",\"itemListElement\":[{\"@type\":\"ListItem\",\"position\":1,\"name\":\"Portada\",\"item\":\"https:\/\/volcanes.net\/\"},{\"@type\":\"ListItem\",\"position\":2,\"name\":\"Detiene FGJEM a sujeto investigado por agresi\u00f3n a Vicente Onofre l\u00edder del PES en el Edomex.\"}]},{\"@type\":\"WebSite\",\"@id\":\"https:\/\/volcanes.net\/#website\",\"url\":\"https:\/\/volcanes.net\/\",\"name\":\"Volcanes.Net\",\"description\":\"Periodismo Profesional\",\"publisher\":{\"@id\":\"https:\/\/volcanes.net\/#organization\"},\"potentialAction\":[{\"@type\":\"SearchAction\",\"target\":{\"@type\":\"EntryPoint\",\"urlTemplate\":\"https:\/\/volcanes.net\/?s={search_term_string}\"},\"query-input\":{\"@type\":\"PropertyValueSpecification\",\"valueRequired\":true,\"valueName\":\"search_term_string\"}}],\"inLanguage\":\"es\"},{\"@type\":\"Organization\",\"@id\":\"https:\/\/volcanes.net\/#organization\",\"name\":\"Grupo Volcanes\",\"url\":\"https:\/\/volcanes.net\/\",\"logo\":{\"@type\":\"ImageObject\",\"inLanguage\":\"es\",\"@id\":\"https:\/\/volcanes.net\/#\/schema\/logo\/image\/\",\"url\":\"http:\/\/volcanes.net\/wp-content\/uploads\/2017\/12\/Avatar2.jpg\",\"contentUrl\":\"http:\/\/volcanes.net\/wp-content\/uploads\/2017\/12\/Avatar2.jpg\",\"width\":378,\"height\":378,\"caption\":\"Grupo Volcanes\"},\"image\":{\"@id\":\"https:\/\/volcanes.net\/#\/schema\/logo\/image\/\"},\"sameAs\":[\"https:\/\/www.facebook.com\/volcanes.net\/\"]},{\"@type\":\"Person\",\"@id\":\"https:\/\/volcanes.net\/#\/schema\/person\/4bf0f383940966a4abd53f5048c0e6b9\",\"name\":\"admin\",\"image\":{\"@type\":\"ImageObject\",\"inLanguage\":\"es\",\"@id\":\"https:\/\/volcanes.net\/#\/schema\/person\/image\/\",\"url\":\"https:\/\/secure.gravatar.com\/avatar\/ca004e6cba8462b8cb7abc86e382930c?s=96&d=mm&r=g\",\"contentUrl\":\"https:\/\/secure.gravatar.com\/avatar\/ca004e6cba8462b8cb7abc86e382930c?s=96&d=mm&r=g\",\"caption\":\"admin\"}}]}<\/script>\n<!-- \/ Yoast SEO plugin. -->","yoast_head_json":{"title":"Detiene FGJEM a sujeto investigado por agresi\u00f3n a Vicente Onofre l\u00edder del PES en el Edomex. - Volcanes","robots":{"index":"index","follow":"follow","max-snippet":"max-snippet:-1","max-image-preview":"max-image-preview:large","max-video-preview":"max-video-preview:-1"},"canonical":"https:\/\/volcanes.net\/?p=3968","og_locale":"es_MX","og_type":"article","og_title":"Detiene FGJEM a sujeto investigado por agresi\u00f3n a Vicente Onofre l\u00edder del PES en el Edomex. - Volcanes","og_description":"Elementos del Grupo T\u00e1ctico Operativo Tec\u00e1mac (GTO) de esta Fiscal\u00eda General de Justicia del Estado","og_url":"https:\/\/volcanes.net\/?p=3968","og_site_name":"Volcanes","article_publisher":"https:\/\/www.facebook.com\/volcanes.net\/","article_published_time":"2019-02-06T18:40:17+00:00","og_image":[{"width":327,"height":448,"url":"https:\/\/volcanes.net\/wp-content\/uploads\/2019\/02\/FOTO-C126.jpg","type":"image\/jpeg"}],"author":"admin","twitter_card":"summary_large_image","twitter_misc":{"Escrito por":"admin","Tiempo de lectura":"2 minutos"},"schema":{"@context":"https:\/\/schema.org","@graph":[{"@type":"Article","@id":"https:\/\/volcanes.net\/?p=3968#article","isPartOf":{"@id":"https:\/\/volcanes.net\/?p=3968"},"author":{"name":"admin","@id":"https:\/\/volcanes.net\/#\/schema\/person\/4bf0f383940966a4abd53f5048c0e6b9"},"headline":"Detiene FGJEM a sujeto investigado por agresi\u00f3n a Vicente Onofre l\u00edder del PES en el Edomex.","datePublished":"2019-02-06T18:40:17+00:00","mainEntityOfPage":{"@id":"https:\/\/volcanes.net\/?p=3968"},"wordCount":452,"commentCount":0,"publisher":{"@id":"https:\/\/volcanes.net\/#organization"},"image":{"@id":"https:\/\/volcanes.net\/?p=3968#primaryimage"},"thumbnailUrl":"https:\/\/volcanes.net\/wp-content\/uploads\/2019\/02\/FOTO-C126.jpg","keywords":["FGJEM"],"articleSection":["Municipales"],"inLanguage":"es","potentialAction":[{"@type":"CommentAction","name":"Comment","target":["https:\/\/volcanes.net\/?p=3968#respond"]}]},{"@type":"WebPage","@id":"https:\/\/volcanes.net\/?p=3968","url":"https:\/\/volcanes.net\/?p=3968","name":"Detiene FGJEM a sujeto investigado por agresi\u00f3n a Vicente Onofre l\u00edder del PES en el Edomex. - Volcanes","isPartOf":{"@id":"https:\/\/volcanes.net\/#website"},"primaryImageOfPage":{"@id":"https:\/\/volcanes.net\/?p=3968#primaryimage"},"image":{"@id":"https:\/\/volcanes.net\/?p=3968#primaryimage"},"thumbnailUrl":"https:\/\/volcanes.net\/wp-content\/uploads\/2019\/02\/FOTO-C126.jpg","datePublished":"2019-02-06T18:40:17+00:00","breadcrumb":{"@id":"https:\/\/volcanes.net\/?p=3968#breadcrumb"},"inLanguage":"es","potentialAction":[{"@type":"ReadAction","target":["https:\/\/volcanes.net\/?p=3968"]}]},{"@type":"ImageObject","inLanguage":"es","@id":"https:\/\/volcanes.net\/?p=3968#primaryimage","url":"https:\/\/volcanes.net\/wp-content\/uploads\/2019\/02\/FOTO-C126.jpg","contentUrl":"https:\/\/volcanes.net\/wp-content\/uploads\/2019\/02\/FOTO-C126.jpg","width":327,"height":448},{"@type":"BreadcrumbList","@id":"https:\/\/volcanes.net\/?p=3968#breadcrumb","itemListElement":[{"@type":"ListItem","position":1,"name":"Portada","item":"https:\/\/volcanes.net\/"},{"@type":"ListItem","position":2,"name":"Detiene FGJEM a sujeto investigado por agresi\u00f3n a Vicente Onofre l\u00edder del PES en el Edomex."}]},{"@type":"WebSite","@id":"https:\/\/volcanes.net\/#website","url":"https:\/\/volcanes.net\/","name":"Volcanes.Net","description":"Periodismo Profesional","publisher":{"@id":"https:\/\/volcanes.net\/#organization"},"potentialAction":[{"@type":"SearchAction","target":{"@type":"EntryPoint","urlTemplate":"https:\/\/volcanes.net\/?s={search_term_string}"},"query-input":{"@type":"PropertyValueSpecification","valueRequired":true,"valueName":"search_term_string"}}],"inLanguage":"es"},{"@type":"Organization","@id":"https:\/\/volcanes.net\/#organization","name":"Grupo Volcanes","url":"https:\/\/volcanes.net\/","logo":{"@type":"ImageObject","inLanguage":"es","@id":"https:\/\/volcanes.net\/#\/schema\/logo\/image\/","url":"http:\/\/volcanes.net\/wp-content\/uploads\/2017\/12\/Avatar2.jpg","contentUrl":"http:\/\/volcanes.net\/wp-content\/uploads\/2017\/12\/Avatar2.jpg","width":378,"height":378,"caption":"Grupo Volcanes"},"image":{"@id":"https:\/\/volcanes.net\/#\/schema\/logo\/image\/"},"sameAs":["https:\/\/www.facebook.com\/volcanes.net\/"]},{"@type":"Person","@id":"https:\/\/volcanes.net\/#\/schema\/person\/4bf0f383940966a4abd53f5048c0e6b9","name":"admin","image":{"@type":"ImageObject","inLanguage":"es","@id":"https:\/\/volcanes.net\/#\/schema\/person\/image\/","url":"https:\/\/secure.gravatar.com\/avatar\/ca004e6cba8462b8cb7abc86e382930c?s=96&d=mm&r=g","contentUrl":"https:\/\/secure.gravatar.com\/avatar\/ca004e6cba8462b8cb7abc86e382930c?s=96&d=mm&r=g","caption":"admin"}}]}},"_links":{"self":[{"href":"https:\/\/volcanes.net\/index.php?rest_route=\/wp\/v2\/posts\/3968"}],"collection":[{"href":"https:\/\/volcanes.net\/index.php?rest_route=\/wp\/v2\/posts"}],"about":[{"href":"https:\/\/volcanes.net\/index.php?rest_route=\/wp\/v2\/types\/post"}],"author":[{"embeddable":true,"href":"https:\/\/volcanes.net\/index.php?rest_route=\/wp\/v2\/users\/1"}],"replies":[{"embeddable":true,"href":"https:\/\/volcanes.net\/index.php?rest_route=%2Fwp%2Fv2%2Fcomments&post=3968"}],"version-history":[{"count":1,"href":"https:\/\/volcanes.net\/index.php?rest_route=\/wp\/v2\/posts\/3968\/revisions"}],"predecessor-version":[{"id":3970,"href":"https:\/\/volcanes.net\/index.php?rest_route=\/wp\/v2\/posts\/3968\/revisions\/3970"}],"wp:featuredmedia":[{"embeddable":true,"href":"https:\/\/volcanes.net\/index.php?rest_route=\/wp\/v2\/media\/3969"}],"wp:attachment":[{"href":"https:\/\/volcanes.net\/index.php?rest_route=%2Fwp%2Fv2%2Fmedia&parent=3968"}],"wp:term":[{"taxonomy":"category","embeddable":true,"href":"https:\/\/volcanes.net\/index.php?rest_route=%2Fwp%2Fv2%2Fcategories&post=3968"},{"taxonomy":"post_tag","embeddable":true,"href":"https:\/\/volcanes.net\/index.php?rest_route=%2Fwp%2Fv2%2Ftags&post=3968"}],"curies":[{"name":"wp","href":"https:\/\/api.w.org\/{rel}","templated":true}]}}