{"id":3997,"date":"2019-02-07T07:28:12","date_gmt":"2019-02-07T13:28:12","guid":{"rendered":"http:\/\/volcanes.net\/?p=3997"},"modified":"2019-02-07T07:28:15","modified_gmt":"2019-02-07T13:28:15","slug":"dan-platicas-en-ixtapaluca-sobre-prevencion-de-violencia-de-genero","status":"publish","type":"post","link":"https:\/\/volcanes.net\/?p=3997","title":{"rendered":"Dan pl\u00e1ticas en Ixtapaluca sobre prevenci\u00f3n de violencia de g\u00e9nero"},"content":{"rendered":"<div style=\"margin-top: 0px; margin-bottom: 0px;\" class=\"sharethis-inline-share-buttons\" ><\/div><p align=\"center\" class=\"MsoNormal\" style=\"color:rgb(0,0,0); font-style:normal; font-variant-ligatures:normal; font-variant-caps:normal; font-weight:400; letter-spacing:normal; orphans:2; text-indent:0px; text-transform:none; white-space:normal; widows:2; word-spacing:0px; -webkit-text-stroke-width:0px; text-decoration-style:initial; text-decoration-color:initialmargin:0cm0cm8pt; line-height:16.7919px; font-size:11pt; font-family:Calibri,sans-serif; text-align:center;\"><b><i>*En los centros de Salud de Ixtapaluca se informa sobre el n\u00famero de emergencia en el que pueden recibir ayuda legal y psicol\u00f3gica, adem\u00e1s de las instancias municipales a las cu\u00e1les pueden recurrir<\/i><\/b><\/p>\n<p class=\"MsoNormal\" style=\"color:rgb(0,0,0); font-style:normal; font-variant-ligatures:normal; font-variant-caps:normal; font-weight:400; letter-spacing:normal; orphans:2; text-indent:0px; text-transform:none; white-space:normal; widows:2; word-spacing:0px; -webkit-text-stroke-width:0px; text-decoration-style:initial; text-decoration-color:initialmargin:0cm0cm8pt; line-height:16.7919px; font-size:11pt; font-family:Calibri,sans-serif; text-align:left;\">Para saber qu\u00e9 hacer, a qui\u00e9n llamar, as\u00ed como recibir asesor\u00eda, doctoras de la direcci\u00f3n de Salud imparten pl\u00e1ticas informativas sobre violencia de g\u00e9nero, para que la poblaci\u00f3n est\u00e9 alerta y conozca las opciones que se otorgan en caso de haber sido v\u00edctima.  <\/p>\n<p class=\"MsoNormal\" style=\"color:rgb(0,0,0); font-style:normal; font-variant-ligatures:normal; font-variant-caps:normal; font-weight:400; letter-spacing:normal; orphans:2; text-indent:0px; text-transform:none; white-space:normal; widows:2; word-spacing:0px; -webkit-text-stroke-width:0px; text-decoration-style:initial; text-decoration-color:initialmargin:0cm0cm8pt; line-height:16.7919px; font-size:11pt; font-family:Calibri,sans-serif; text-align:left;\">En las pl\u00e1ticas impartidas en el centro de salud de la unidad Santa B\u00e1rbara y Los H\u00e9roes, se inform\u00f3 sobre qu\u00e9 es la violencia de g\u00e9nero,  y sobre todo que no s\u00f3lo sucede en mujeres, sino tambi\u00e9n en hombres, al igual se les sensibiliz\u00f3 sobre la importancia de prevenirla desde los hogares.<\/p>\n<p class=\"MsoNormal\" style=\"color:rgb(0,0,0); font-style:normal; font-variant-ligatures:normal; font-variant-caps:normal; font-weight:400; letter-spacing:normal; orphans:2; text-indent:0px; text-transform:none; white-space:normal; widows:2; word-spacing:0px; -webkit-text-stroke-width:0px; text-decoration-style:initial; text-decoration-color:initialmargin:0cm0cm8pt; line-height:16.7919px; font-size:11pt; font-family:Calibri,sans-serif; text-align:left;\">Las doctoras mencionaron que Ixtapaluca se caracteriza por trabajar para erradicar la violencia mediante acciones que se implementan en distintas \u00e1reas.<\/p>\n<p class=\"MsoNormal\" style=\"color:rgb(0,0,0); font-style:normal; font-variant-ligatures:normal; font-variant-caps:normal; font-weight:400; letter-spacing:normal; orphans:2; text-indent:0px; text-transform:none; white-space:normal; widows:2; word-spacing:0px; -webkit-text-stroke-width:0px; text-decoration-style:initial; text-decoration-color:initialmargin:0cm0cm8pt; line-height:16.7919px; font-size:11pt; font-family:Calibri,sans-serif; text-align:left;\">Entre las principales destacan el Instituto para la Protecci\u00f3n de los Derechos de las Mujeres (IPDM), donde se atienden a las mujeres que sufren violencia y se les da la ayuda necesaria.<\/p>\n<p class=\"MsoNormal\" style=\"color:rgb(0,0,0); font-style:normal; font-variant-ligatures:normal; font-variant-caps:normal; font-weight:400; letter-spacing:normal; orphans:2; text-indent:0px; text-transform:none; white-space:normal; widows:2; word-spacing:0px; -webkit-text-stroke-width:0px; text-decoration-style:initial; text-decoration-color:initialmargin:0cm0cm8pt; line-height:16.7919px; font-size:11pt; font-family:Calibri,sans-serif; text-align:left;\">Tambi\u00e9n se les explica que se cuenta con la polic\u00eda de g\u00e9nero que pertenece a la Direcci\u00f3n General de Seguridad Ciudadana, cuyos elementos se identifican por un brazalete que llevan en su uniforme y quienes tienen la instrucci\u00f3n de apoyar a las mujeres en este tipo de casos.<\/p>\n<p class=\"MsoNormal\" style=\"color:rgb(0,0,0); font-style:normal; font-variant-ligatures:normal; font-variant-caps:normal; font-weight:400; letter-spacing:normal; orphans:2; text-indent:0px; text-transform:none; white-space:normal; widows:2; word-spacing:0px; -webkit-text-stroke-width:0px; text-decoration-style:initial; text-decoration-color:initialmargin:0cm0cm8pt; line-height:16.7919px; font-size:11pt; font-family:Calibri,sans-serif; text-align:left;\">Se les inform\u00f3 sobre el n\u00famero telef\u00f3nico 01 800 10 84 053 que pertenece a la L\u00ednea sin Violencia del Estado de M\u00e9xico, al cual pueden comunicarse las 24 horas del d\u00eda, los 365 d\u00edas del a\u00f1o, para recibir atenci\u00f3n.<\/p>\n<p class=\"MsoNormal\" style=\"color:rgb(0,0,0); font-style:normal; font-variant-ligatures:normal; font-variant-caps:normal; font-weight:400; letter-spacing:normal; orphans:2; text-indent:0px; text-transform:none; white-space:normal; widows:2; word-spacing:0px; -webkit-text-stroke-width:0px; text-decoration-style:initial; text-decoration-color:initialmargin:0cm0cm8pt; line-height:16.7919px; font-size:11pt; font-family:Calibri,sans-serif; text-align:left;\">El personal de Salud precisa que quienes se comuniquen a esta l\u00ednea reciben atenci\u00f3n confidencial, y se les brinda ayuda psicol\u00f3gica, jur\u00eddica, informativa, as\u00ed como los datos de instancias de apoyo a las que pueden canalizarse.<\/p>\n","protected":false},"excerpt":{"rendered":"<p>*En los centros de Salud de Ixtapaluca se informa sobre el n\u00famero de emergencia en<\/p>\n","protected":false},"author":1,"featured_media":3996,"comment_status":"open","ping_status":"open","sticky":false,"template":"","format":"standard","meta":{"footnotes":""},"categories":[1],"tags":[6],"class_list":["post-3997","post","type-post","status-publish","format-standard","has-post-thumbnail","hentry","category-municipales","tag-ixtapaluca"],"yoast_head":"<!-- This site is optimized with the Yoast SEO plugin v25.3 - https:\/\/yoast.com\/wordpress\/plugins\/seo\/ -->\n<title>Dan pl\u00e1ticas en Ixtapaluca sobre prevenci\u00f3n de violencia de g\u00e9nero - Volcanes<\/title>\n<meta name=\"robots\" content=\"index, follow, max-snippet:-1, max-image-preview:large, max-video-preview:-1\" \/>\n<link rel=\"canonical\" href=\"https:\/\/volcanes.net\/?p=3997\" \/>\n<meta property=\"og:locale\" content=\"es_MX\" \/>\n<meta property=\"og:type\" content=\"article\" \/>\n<meta property=\"og:title\" content=\"Dan pl\u00e1ticas en Ixtapaluca sobre prevenci\u00f3n de violencia de g\u00e9nero - Volcanes\" \/>\n<meta property=\"og:description\" content=\"*En los centros de Salud de Ixtapaluca se informa sobre el n\u00famero de emergencia en\" \/>\n<meta property=\"og:url\" content=\"https:\/\/volcanes.net\/?p=3997\" \/>\n<meta property=\"og:site_name\" content=\"Volcanes\" \/>\n<meta property=\"article:publisher\" content=\"https:\/\/www.facebook.com\/volcanes.net\/\" \/>\n<meta property=\"article:published_time\" content=\"2019-02-07T13:28:12+00:00\" \/>\n<meta property=\"article:modified_time\" content=\"2019-02-07T13:28:15+00:00\" \/>\n<meta property=\"og:image\" content=\"https:\/\/volcanes.net\/wp-content\/uploads\/2019\/02\/PLATICAS-SALUD-2.jpg\" \/>\n\t<meta property=\"og:image:width\" content=\"1280\" \/>\n\t<meta property=\"og:image:height\" content=\"960\" \/>\n\t<meta property=\"og:image:type\" content=\"image\/jpeg\" \/>\n<meta name=\"author\" content=\"admin\" \/>\n<meta name=\"twitter:card\" content=\"summary_large_image\" \/>\n<meta name=\"twitter:label1\" content=\"Escrito por\" \/>\n\t<meta name=\"twitter:data1\" content=\"admin\" \/>\n\t<meta name=\"twitter:label2\" content=\"Tiempo de lectura\" \/>\n\t<meta name=\"twitter:data2\" content=\"2 minutos\" \/>\n<script type=\"application\/ld+json\" class=\"yoast-schema-graph\">{\"@context\":\"https:\/\/schema.org\",\"@graph\":[{\"@type\":\"Article\",\"@id\":\"https:\/\/volcanes.net\/?p=3997#article\",\"isPartOf\":{\"@id\":\"https:\/\/volcanes.net\/?p=3997\"},\"author\":{\"name\":\"admin\",\"@id\":\"https:\/\/volcanes.net\/#\/schema\/person\/4bf0f383940966a4abd53f5048c0e6b9\"},\"headline\":\"Dan pl\u00e1ticas en Ixtapaluca sobre prevenci\u00f3n de violencia de g\u00e9nero\",\"datePublished\":\"2019-02-07T13:28:12+00:00\",\"dateModified\":\"2019-02-07T13:28:15+00:00\",\"mainEntityOfPage\":{\"@id\":\"https:\/\/volcanes.net\/?p=3997\"},\"wordCount\":346,\"commentCount\":0,\"publisher\":{\"@id\":\"https:\/\/volcanes.net\/#organization\"},\"image\":{\"@id\":\"https:\/\/volcanes.net\/?p=3997#primaryimage\"},\"thumbnailUrl\":\"https:\/\/volcanes.net\/wp-content\/uploads\/2019\/02\/PLATICAS-SALUD-2.jpg\",\"keywords\":[\"Ixtapaluca\"],\"articleSection\":[\"Municipales\"],\"inLanguage\":\"es\",\"potentialAction\":[{\"@type\":\"CommentAction\",\"name\":\"Comment\",\"target\":[\"https:\/\/volcanes.net\/?p=3997#respond\"]}]},{\"@type\":\"WebPage\",\"@id\":\"https:\/\/volcanes.net\/?p=3997\",\"url\":\"https:\/\/volcanes.net\/?p=3997\",\"name\":\"Dan pl\u00e1ticas en Ixtapaluca sobre prevenci\u00f3n de violencia de g\u00e9nero - Volcanes\",\"isPartOf\":{\"@id\":\"https:\/\/volcanes.net\/#website\"},\"primaryImageOfPage\":{\"@id\":\"https:\/\/volcanes.net\/?p=3997#primaryimage\"},\"image\":{\"@id\":\"https:\/\/volcanes.net\/?p=3997#primaryimage\"},\"thumbnailUrl\":\"https:\/\/volcanes.net\/wp-content\/uploads\/2019\/02\/PLATICAS-SALUD-2.jpg\",\"datePublished\":\"2019-02-07T13:28:12+00:00\",\"dateModified\":\"2019-02-07T13:28:15+00:00\",\"breadcrumb\":{\"@id\":\"https:\/\/volcanes.net\/?p=3997#breadcrumb\"},\"inLanguage\":\"es\",\"potentialAction\":[{\"@type\":\"ReadAction\",\"target\":[\"https:\/\/volcanes.net\/?p=3997\"]}]},{\"@type\":\"ImageObject\",\"inLanguage\":\"es\",\"@id\":\"https:\/\/volcanes.net\/?p=3997#primaryimage\",\"url\":\"https:\/\/volcanes.net\/wp-content\/uploads\/2019\/02\/PLATICAS-SALUD-2.jpg\",\"contentUrl\":\"https:\/\/volcanes.net\/wp-content\/uploads\/2019\/02\/PLATICAS-SALUD-2.jpg\",\"width\":1280,\"height\":960},{\"@type\":\"BreadcrumbList\",\"@id\":\"https:\/\/volcanes.net\/?p=3997#breadcrumb\",\"itemListElement\":[{\"@type\":\"ListItem\",\"position\":1,\"name\":\"Portada\",\"item\":\"https:\/\/volcanes.net\/\"},{\"@type\":\"ListItem\",\"position\":2,\"name\":\"Dan pl\u00e1ticas en Ixtapaluca sobre prevenci\u00f3n de violencia de g\u00e9nero\"}]},{\"@type\":\"WebSite\",\"@id\":\"https:\/\/volcanes.net\/#website\",\"url\":\"https:\/\/volcanes.net\/\",\"name\":\"Volcanes.Net\",\"description\":\"Periodismo Profesional\",\"publisher\":{\"@id\":\"https:\/\/volcanes.net\/#organization\"},\"potentialAction\":[{\"@type\":\"SearchAction\",\"target\":{\"@type\":\"EntryPoint\",\"urlTemplate\":\"https:\/\/volcanes.net\/?s={search_term_string}\"},\"query-input\":{\"@type\":\"PropertyValueSpecification\",\"valueRequired\":true,\"valueName\":\"search_term_string\"}}],\"inLanguage\":\"es\"},{\"@type\":\"Organization\",\"@id\":\"https:\/\/volcanes.net\/#organization\",\"name\":\"Grupo Volcanes\",\"url\":\"https:\/\/volcanes.net\/\",\"logo\":{\"@type\":\"ImageObject\",\"inLanguage\":\"es\",\"@id\":\"https:\/\/volcanes.net\/#\/schema\/logo\/image\/\",\"url\":\"http:\/\/volcanes.net\/wp-content\/uploads\/2017\/12\/Avatar2.jpg\",\"contentUrl\":\"http:\/\/volcanes.net\/wp-content\/uploads\/2017\/12\/Avatar2.jpg\",\"width\":378,\"height\":378,\"caption\":\"Grupo Volcanes\"},\"image\":{\"@id\":\"https:\/\/volcanes.net\/#\/schema\/logo\/image\/\"},\"sameAs\":[\"https:\/\/www.facebook.com\/volcanes.net\/\"]},{\"@type\":\"Person\",\"@id\":\"https:\/\/volcanes.net\/#\/schema\/person\/4bf0f383940966a4abd53f5048c0e6b9\",\"name\":\"admin\",\"image\":{\"@type\":\"ImageObject\",\"inLanguage\":\"es\",\"@id\":\"https:\/\/volcanes.net\/#\/schema\/person\/image\/\",\"url\":\"https:\/\/secure.gravatar.com\/avatar\/ca004e6cba8462b8cb7abc86e382930c?s=96&d=mm&r=g\",\"contentUrl\":\"https:\/\/secure.gravatar.com\/avatar\/ca004e6cba8462b8cb7abc86e382930c?s=96&d=mm&r=g\",\"caption\":\"admin\"}}]}<\/script>\n<!-- \/ Yoast SEO plugin. -->","yoast_head_json":{"title":"Dan pl\u00e1ticas en Ixtapaluca sobre prevenci\u00f3n de violencia de g\u00e9nero - Volcanes","robots":{"index":"index","follow":"follow","max-snippet":"max-snippet:-1","max-image-preview":"max-image-preview:large","max-video-preview":"max-video-preview:-1"},"canonical":"https:\/\/volcanes.net\/?p=3997","og_locale":"es_MX","og_type":"article","og_title":"Dan pl\u00e1ticas en Ixtapaluca sobre prevenci\u00f3n de violencia de g\u00e9nero - Volcanes","og_description":"*En los centros de Salud de Ixtapaluca se informa sobre el n\u00famero de emergencia en","og_url":"https:\/\/volcanes.net\/?p=3997","og_site_name":"Volcanes","article_publisher":"https:\/\/www.facebook.com\/volcanes.net\/","article_published_time":"2019-02-07T13:28:12+00:00","article_modified_time":"2019-02-07T13:28:15+00:00","og_image":[{"width":1280,"height":960,"url":"https:\/\/volcanes.net\/wp-content\/uploads\/2019\/02\/PLATICAS-SALUD-2.jpg","type":"image\/jpeg"}],"author":"admin","twitter_card":"summary_large_image","twitter_misc":{"Escrito por":"admin","Tiempo de lectura":"2 minutos"},"schema":{"@context":"https:\/\/schema.org","@graph":[{"@type":"Article","@id":"https:\/\/volcanes.net\/?p=3997#article","isPartOf":{"@id":"https:\/\/volcanes.net\/?p=3997"},"author":{"name":"admin","@id":"https:\/\/volcanes.net\/#\/schema\/person\/4bf0f383940966a4abd53f5048c0e6b9"},"headline":"Dan pl\u00e1ticas en Ixtapaluca sobre prevenci\u00f3n de violencia de g\u00e9nero","datePublished":"2019-02-07T13:28:12+00:00","dateModified":"2019-02-07T13:28:15+00:00","mainEntityOfPage":{"@id":"https:\/\/volcanes.net\/?p=3997"},"wordCount":346,"commentCount":0,"publisher":{"@id":"https:\/\/volcanes.net\/#organization"},"image":{"@id":"https:\/\/volcanes.net\/?p=3997#primaryimage"},"thumbnailUrl":"https:\/\/volcanes.net\/wp-content\/uploads\/2019\/02\/PLATICAS-SALUD-2.jpg","keywords":["Ixtapaluca"],"articleSection":["Municipales"],"inLanguage":"es","potentialAction":[{"@type":"CommentAction","name":"Comment","target":["https:\/\/volcanes.net\/?p=3997#respond"]}]},{"@type":"WebPage","@id":"https:\/\/volcanes.net\/?p=3997","url":"https:\/\/volcanes.net\/?p=3997","name":"Dan pl\u00e1ticas en Ixtapaluca sobre prevenci\u00f3n de violencia de g\u00e9nero - Volcanes","isPartOf":{"@id":"https:\/\/volcanes.net\/#website"},"primaryImageOfPage":{"@id":"https:\/\/volcanes.net\/?p=3997#primaryimage"},"image":{"@id":"https:\/\/volcanes.net\/?p=3997#primaryimage"},"thumbnailUrl":"https:\/\/volcanes.net\/wp-content\/uploads\/2019\/02\/PLATICAS-SALUD-2.jpg","datePublished":"2019-02-07T13:28:12+00:00","dateModified":"2019-02-07T13:28:15+00:00","breadcrumb":{"@id":"https:\/\/volcanes.net\/?p=3997#breadcrumb"},"inLanguage":"es","potentialAction":[{"@type":"ReadAction","target":["https:\/\/volcanes.net\/?p=3997"]}]},{"@type":"ImageObject","inLanguage":"es","@id":"https:\/\/volcanes.net\/?p=3997#primaryimage","url":"https:\/\/volcanes.net\/wp-content\/uploads\/2019\/02\/PLATICAS-SALUD-2.jpg","contentUrl":"https:\/\/volcanes.net\/wp-content\/uploads\/2019\/02\/PLATICAS-SALUD-2.jpg","width":1280,"height":960},{"@type":"BreadcrumbList","@id":"https:\/\/volcanes.net\/?p=3997#breadcrumb","itemListElement":[{"@type":"ListItem","position":1,"name":"Portada","item":"https:\/\/volcanes.net\/"},{"@type":"ListItem","position":2,"name":"Dan pl\u00e1ticas en Ixtapaluca sobre prevenci\u00f3n de violencia de g\u00e9nero"}]},{"@type":"WebSite","@id":"https:\/\/volcanes.net\/#website","url":"https:\/\/volcanes.net\/","name":"Volcanes.Net","description":"Periodismo Profesional","publisher":{"@id":"https:\/\/volcanes.net\/#organization"},"potentialAction":[{"@type":"SearchAction","target":{"@type":"EntryPoint","urlTemplate":"https:\/\/volcanes.net\/?s={search_term_string}"},"query-input":{"@type":"PropertyValueSpecification","valueRequired":true,"valueName":"search_term_string"}}],"inLanguage":"es"},{"@type":"Organization","@id":"https:\/\/volcanes.net\/#organization","name":"Grupo Volcanes","url":"https:\/\/volcanes.net\/","logo":{"@type":"ImageObject","inLanguage":"es","@id":"https:\/\/volcanes.net\/#\/schema\/logo\/image\/","url":"http:\/\/volcanes.net\/wp-content\/uploads\/2017\/12\/Avatar2.jpg","contentUrl":"http:\/\/volcanes.net\/wp-content\/uploads\/2017\/12\/Avatar2.jpg","width":378,"height":378,"caption":"Grupo Volcanes"},"image":{"@id":"https:\/\/volcanes.net\/#\/schema\/logo\/image\/"},"sameAs":["https:\/\/www.facebook.com\/volcanes.net\/"]},{"@type":"Person","@id":"https:\/\/volcanes.net\/#\/schema\/person\/4bf0f383940966a4abd53f5048c0e6b9","name":"admin","image":{"@type":"ImageObject","inLanguage":"es","@id":"https:\/\/volcanes.net\/#\/schema\/person\/image\/","url":"https:\/\/secure.gravatar.com\/avatar\/ca004e6cba8462b8cb7abc86e382930c?s=96&d=mm&r=g","contentUrl":"https:\/\/secure.gravatar.com\/avatar\/ca004e6cba8462b8cb7abc86e382930c?s=96&d=mm&r=g","caption":"admin"}}]}},"_links":{"self":[{"href":"https:\/\/volcanes.net\/index.php?rest_route=\/wp\/v2\/posts\/3997"}],"collection":[{"href":"https:\/\/volcanes.net\/index.php?rest_route=\/wp\/v2\/posts"}],"about":[{"href":"https:\/\/volcanes.net\/index.php?rest_route=\/wp\/v2\/types\/post"}],"author":[{"embeddable":true,"href":"https:\/\/volcanes.net\/index.php?rest_route=\/wp\/v2\/users\/1"}],"replies":[{"embeddable":true,"href":"https:\/\/volcanes.net\/index.php?rest_route=%2Fwp%2Fv2%2Fcomments&post=3997"}],"version-history":[{"count":1,"href":"https:\/\/volcanes.net\/index.php?rest_route=\/wp\/v2\/posts\/3997\/revisions"}],"predecessor-version":[{"id":3998,"href":"https:\/\/volcanes.net\/index.php?rest_route=\/wp\/v2\/posts\/3997\/revisions\/3998"}],"wp:featuredmedia":[{"embeddable":true,"href":"https:\/\/volcanes.net\/index.php?rest_route=\/wp\/v2\/media\/3996"}],"wp:attachment":[{"href":"https:\/\/volcanes.net\/index.php?rest_route=%2Fwp%2Fv2%2Fmedia&parent=3997"}],"wp:term":[{"taxonomy":"category","embeddable":true,"href":"https:\/\/volcanes.net\/index.php?rest_route=%2Fwp%2Fv2%2Fcategories&post=3997"},{"taxonomy":"post_tag","embeddable":true,"href":"https:\/\/volcanes.net\/index.php?rest_route=%2Fwp%2Fv2%2Ftags&post=3997"}],"curies":[{"name":"wp","href":"https:\/\/api.w.org\/{rel}","templated":true}]}}