{"id":4001,"date":"2019-02-07T16:25:49","date_gmt":"2019-02-07T22:25:49","guid":{"rendered":"http:\/\/volcanes.net\/?p=4001"},"modified":"2019-02-07T16:25:49","modified_gmt":"2019-02-07T22:25:49","slug":"recibe-salomon-a-estudiantes-de-la-uaem","status":"publish","type":"post","link":"https:\/\/volcanes.net\/?p=4001","title":{"rendered":"Recibe Salom\u00f3n a Estudiantes de la #UAEM"},"content":{"rendered":"<div style=\"margin-top: 0px; margin-bottom: 0px;\" class=\"sharethis-inline-share-buttons\" ><\/div><p>Miguel \u00c1ngel Salom\u00f3n Cort\u00e9s, Alcalde de Amecameca, recibe a una comisi\u00f3n de estudiantes de la UAEM, plantel Amecameca, quienes protestaban en marcha pac\u00edfica por el feminicidio de la joven Vanessa, alumna de dicha instituci\u00f3n.<\/p>\n<p>El Presidente Municipal se comprometi\u00f3 a incrementar la seguridad en los planteles educativos.<br \/>\nSe trabaja de forma coordinada con los tres niveles de gobierno en prevenci\u00f3n de violencia de g\u00e9nero y seguridad.<br \/>\nAnunci\u00f3 la creaci\u00f3n de un corredor universitario, seguro y bien iluminado, en el que se utilizar\u00e1n bicicletas como alternativa ecol\u00f3gica de transporte.<br \/>\nRefrend\u00f3 su compromiso con los j\u00f3venes y conden\u00f3 los feminicidios ocurridos en la regi\u00f3n oriente del Estado de M\u00e9xico.<\/p>\n<p>El Presidente Municipal de Amecameca, Miguel \u00c1ngel Salom\u00f3n Cort\u00e9s, recibi\u00f3 esta ma\u00f1ana a una comisi\u00f3n integrada por j\u00f3venes alumnos de la Universidad Aut\u00f3noma del Estado de M\u00e9xico, plantel Amecameca, quienes encabezaban la marcha de protesta por el feminicidio de la joven Vanessa, alumna de dicha instituci\u00f3n quien perdiera la vida en Ozumba el pasado 02 de febrero del presente a\u00f1o.<\/p>\n<p>Salom\u00f3n Cort\u00e9s, se comprometi\u00f3 a incrementar la seguridad en los planteles educativos, teniendo vigilancia en ellos desde las 6:00 am, hasta que los \u00faltimos alumnos y miembros del personal de las instituciones se retiren.<\/p>\n<p>Tambi\u00e9n adelant\u00f3 la creaci\u00f3n de un corredor universitario, en el que se pondr\u00e1 especial \u00e9nfasis en la seguridad e iluminaci\u00f3n y se utilizar\u00e1n bicicletas como una alternativa ecol\u00f3gica de transporte.<\/p>\n<p>As\u00ed mismo, expres\u00f3 que trabaja de forma coordinada con los tres niveles de gobierno en temas de seguridad y que integrar\u00e1 mesas de trabajo para elaborar planes de prevenci\u00f3n de violencia de g\u00e9nero.<\/p>\n<p>El alcalde se suma a la exigencia de los alumnos de la UAEM-Amecameca y la comunidad de la rei\u00f2n de los volcanes, para poner un alto a la ola de feminicidios que azotan al Estado de M\u00e9xico y refrend\u00f3 su compromiso con las ni\u00f1as, j\u00f3venes y mujeres de su municipio.<\/p>\n","protected":false},"excerpt":{"rendered":"<p>Miguel \u00c1ngel Salom\u00f3n Cort\u00e9s, Alcalde de Amecameca, recibe a una comisi\u00f3n de estudiantes de la<\/p>\n","protected":false},"author":1,"featured_media":4000,"comment_status":"open","ping_status":"open","sticky":false,"template":"","format":"standard","meta":{"footnotes":""},"categories":[1],"tags":[7],"class_list":["post-4001","post","type-post","status-publish","format-standard","has-post-thumbnail","hentry","category-municipales","tag-amecameca"],"yoast_head":"<!-- This site is optimized with the Yoast SEO plugin v25.3 - https:\/\/yoast.com\/wordpress\/plugins\/seo\/ -->\n<title>Recibe Salom\u00f3n a Estudiantes de la #UAEM - Volcanes<\/title>\n<meta name=\"robots\" content=\"index, follow, max-snippet:-1, max-image-preview:large, max-video-preview:-1\" \/>\n<link rel=\"canonical\" href=\"https:\/\/volcanes.net\/?p=4001\" \/>\n<meta property=\"og:locale\" content=\"es_MX\" \/>\n<meta property=\"og:type\" content=\"article\" \/>\n<meta property=\"og:title\" content=\"Recibe Salom\u00f3n a Estudiantes de la #UAEM - Volcanes\" \/>\n<meta property=\"og:description\" content=\"Miguel \u00c1ngel Salom\u00f3n Cort\u00e9s, Alcalde de Amecameca, recibe a una comisi\u00f3n de estudiantes de la\" \/>\n<meta property=\"og:url\" content=\"https:\/\/volcanes.net\/?p=4001\" \/>\n<meta property=\"og:site_name\" content=\"Volcanes\" \/>\n<meta property=\"article:publisher\" content=\"https:\/\/www.facebook.com\/volcanes.net\/\" \/>\n<meta property=\"article:published_time\" content=\"2019-02-07T22:25:49+00:00\" \/>\n<meta property=\"og:image\" content=\"https:\/\/volcanes.net\/wp-content\/uploads\/2019\/02\/1549578315037209.jpg\" \/>\n\t<meta property=\"og:image:width\" content=\"640\" \/>\n\t<meta property=\"og:image:height\" content=\"360\" \/>\n\t<meta property=\"og:image:type\" content=\"image\/jpeg\" \/>\n<meta name=\"author\" content=\"admin\" \/>\n<meta name=\"twitter:card\" content=\"summary_large_image\" \/>\n<meta name=\"twitter:label1\" content=\"Escrito por\" \/>\n\t<meta name=\"twitter:data1\" content=\"admin\" \/>\n\t<meta name=\"twitter:label2\" content=\"Tiempo de lectura\" \/>\n\t<meta name=\"twitter:data2\" content=\"2 minutos\" \/>\n<script type=\"application\/ld+json\" class=\"yoast-schema-graph\">{\"@context\":\"https:\/\/schema.org\",\"@graph\":[{\"@type\":\"Article\",\"@id\":\"https:\/\/volcanes.net\/?p=4001#article\",\"isPartOf\":{\"@id\":\"https:\/\/volcanes.net\/?p=4001\"},\"author\":{\"name\":\"admin\",\"@id\":\"https:\/\/volcanes.net\/#\/schema\/person\/4bf0f383940966a4abd53f5048c0e6b9\"},\"headline\":\"Recibe Salom\u00f3n a Estudiantes de la #UAEM\",\"datePublished\":\"2019-02-07T22:25:49+00:00\",\"mainEntityOfPage\":{\"@id\":\"https:\/\/volcanes.net\/?p=4001\"},\"wordCount\":355,\"commentCount\":0,\"publisher\":{\"@id\":\"https:\/\/volcanes.net\/#organization\"},\"image\":{\"@id\":\"https:\/\/volcanes.net\/?p=4001#primaryimage\"},\"thumbnailUrl\":\"https:\/\/volcanes.net\/wp-content\/uploads\/2019\/02\/1549578315037209.jpg\",\"keywords\":[\"Amecameca\"],\"articleSection\":[\"Municipales\"],\"inLanguage\":\"es\",\"potentialAction\":[{\"@type\":\"CommentAction\",\"name\":\"Comment\",\"target\":[\"https:\/\/volcanes.net\/?p=4001#respond\"]}]},{\"@type\":\"WebPage\",\"@id\":\"https:\/\/volcanes.net\/?p=4001\",\"url\":\"https:\/\/volcanes.net\/?p=4001\",\"name\":\"Recibe Salom\u00f3n a Estudiantes de la #UAEM - Volcanes\",\"isPartOf\":{\"@id\":\"https:\/\/volcanes.net\/#website\"},\"primaryImageOfPage\":{\"@id\":\"https:\/\/volcanes.net\/?p=4001#primaryimage\"},\"image\":{\"@id\":\"https:\/\/volcanes.net\/?p=4001#primaryimage\"},\"thumbnailUrl\":\"https:\/\/volcanes.net\/wp-content\/uploads\/2019\/02\/1549578315037209.jpg\",\"datePublished\":\"2019-02-07T22:25:49+00:00\",\"breadcrumb\":{\"@id\":\"https:\/\/volcanes.net\/?p=4001#breadcrumb\"},\"inLanguage\":\"es\",\"potentialAction\":[{\"@type\":\"ReadAction\",\"target\":[\"https:\/\/volcanes.net\/?p=4001\"]}]},{\"@type\":\"ImageObject\",\"inLanguage\":\"es\",\"@id\":\"https:\/\/volcanes.net\/?p=4001#primaryimage\",\"url\":\"https:\/\/volcanes.net\/wp-content\/uploads\/2019\/02\/1549578315037209.jpg\",\"contentUrl\":\"https:\/\/volcanes.net\/wp-content\/uploads\/2019\/02\/1549578315037209.jpg\",\"width\":640,\"height\":360},{\"@type\":\"BreadcrumbList\",\"@id\":\"https:\/\/volcanes.net\/?p=4001#breadcrumb\",\"itemListElement\":[{\"@type\":\"ListItem\",\"position\":1,\"name\":\"Portada\",\"item\":\"https:\/\/volcanes.net\/\"},{\"@type\":\"ListItem\",\"position\":2,\"name\":\"Recibe Salom\u00f3n a Estudiantes de la #UAEM\"}]},{\"@type\":\"WebSite\",\"@id\":\"https:\/\/volcanes.net\/#website\",\"url\":\"https:\/\/volcanes.net\/\",\"name\":\"Volcanes.Net\",\"description\":\"Periodismo Profesional\",\"publisher\":{\"@id\":\"https:\/\/volcanes.net\/#organization\"},\"potentialAction\":[{\"@type\":\"SearchAction\",\"target\":{\"@type\":\"EntryPoint\",\"urlTemplate\":\"https:\/\/volcanes.net\/?s={search_term_string}\"},\"query-input\":{\"@type\":\"PropertyValueSpecification\",\"valueRequired\":true,\"valueName\":\"search_term_string\"}}],\"inLanguage\":\"es\"},{\"@type\":\"Organization\",\"@id\":\"https:\/\/volcanes.net\/#organization\",\"name\":\"Grupo Volcanes\",\"url\":\"https:\/\/volcanes.net\/\",\"logo\":{\"@type\":\"ImageObject\",\"inLanguage\":\"es\",\"@id\":\"https:\/\/volcanes.net\/#\/schema\/logo\/image\/\",\"url\":\"http:\/\/volcanes.net\/wp-content\/uploads\/2017\/12\/Avatar2.jpg\",\"contentUrl\":\"http:\/\/volcanes.net\/wp-content\/uploads\/2017\/12\/Avatar2.jpg\",\"width\":378,\"height\":378,\"caption\":\"Grupo Volcanes\"},\"image\":{\"@id\":\"https:\/\/volcanes.net\/#\/schema\/logo\/image\/\"},\"sameAs\":[\"https:\/\/www.facebook.com\/volcanes.net\/\"]},{\"@type\":\"Person\",\"@id\":\"https:\/\/volcanes.net\/#\/schema\/person\/4bf0f383940966a4abd53f5048c0e6b9\",\"name\":\"admin\",\"image\":{\"@type\":\"ImageObject\",\"inLanguage\":\"es\",\"@id\":\"https:\/\/volcanes.net\/#\/schema\/person\/image\/\",\"url\":\"https:\/\/secure.gravatar.com\/avatar\/ca004e6cba8462b8cb7abc86e382930c?s=96&d=mm&r=g\",\"contentUrl\":\"https:\/\/secure.gravatar.com\/avatar\/ca004e6cba8462b8cb7abc86e382930c?s=96&d=mm&r=g\",\"caption\":\"admin\"}}]}<\/script>\n<!-- \/ Yoast SEO plugin. -->","yoast_head_json":{"title":"Recibe Salom\u00f3n a Estudiantes de la #UAEM - Volcanes","robots":{"index":"index","follow":"follow","max-snippet":"max-snippet:-1","max-image-preview":"max-image-preview:large","max-video-preview":"max-video-preview:-1"},"canonical":"https:\/\/volcanes.net\/?p=4001","og_locale":"es_MX","og_type":"article","og_title":"Recibe Salom\u00f3n a Estudiantes de la #UAEM - Volcanes","og_description":"Miguel \u00c1ngel Salom\u00f3n Cort\u00e9s, Alcalde de Amecameca, recibe a una comisi\u00f3n de estudiantes de la","og_url":"https:\/\/volcanes.net\/?p=4001","og_site_name":"Volcanes","article_publisher":"https:\/\/www.facebook.com\/volcanes.net\/","article_published_time":"2019-02-07T22:25:49+00:00","og_image":[{"width":640,"height":360,"url":"https:\/\/volcanes.net\/wp-content\/uploads\/2019\/02\/1549578315037209.jpg","type":"image\/jpeg"}],"author":"admin","twitter_card":"summary_large_image","twitter_misc":{"Escrito por":"admin","Tiempo de lectura":"2 minutos"},"schema":{"@context":"https:\/\/schema.org","@graph":[{"@type":"Article","@id":"https:\/\/volcanes.net\/?p=4001#article","isPartOf":{"@id":"https:\/\/volcanes.net\/?p=4001"},"author":{"name":"admin","@id":"https:\/\/volcanes.net\/#\/schema\/person\/4bf0f383940966a4abd53f5048c0e6b9"},"headline":"Recibe Salom\u00f3n a Estudiantes de la #UAEM","datePublished":"2019-02-07T22:25:49+00:00","mainEntityOfPage":{"@id":"https:\/\/volcanes.net\/?p=4001"},"wordCount":355,"commentCount":0,"publisher":{"@id":"https:\/\/volcanes.net\/#organization"},"image":{"@id":"https:\/\/volcanes.net\/?p=4001#primaryimage"},"thumbnailUrl":"https:\/\/volcanes.net\/wp-content\/uploads\/2019\/02\/1549578315037209.jpg","keywords":["Amecameca"],"articleSection":["Municipales"],"inLanguage":"es","potentialAction":[{"@type":"CommentAction","name":"Comment","target":["https:\/\/volcanes.net\/?p=4001#respond"]}]},{"@type":"WebPage","@id":"https:\/\/volcanes.net\/?p=4001","url":"https:\/\/volcanes.net\/?p=4001","name":"Recibe Salom\u00f3n a Estudiantes de la #UAEM - Volcanes","isPartOf":{"@id":"https:\/\/volcanes.net\/#website"},"primaryImageOfPage":{"@id":"https:\/\/volcanes.net\/?p=4001#primaryimage"},"image":{"@id":"https:\/\/volcanes.net\/?p=4001#primaryimage"},"thumbnailUrl":"https:\/\/volcanes.net\/wp-content\/uploads\/2019\/02\/1549578315037209.jpg","datePublished":"2019-02-07T22:25:49+00:00","breadcrumb":{"@id":"https:\/\/volcanes.net\/?p=4001#breadcrumb"},"inLanguage":"es","potentialAction":[{"@type":"ReadAction","target":["https:\/\/volcanes.net\/?p=4001"]}]},{"@type":"ImageObject","inLanguage":"es","@id":"https:\/\/volcanes.net\/?p=4001#primaryimage","url":"https:\/\/volcanes.net\/wp-content\/uploads\/2019\/02\/1549578315037209.jpg","contentUrl":"https:\/\/volcanes.net\/wp-content\/uploads\/2019\/02\/1549578315037209.jpg","width":640,"height":360},{"@type":"BreadcrumbList","@id":"https:\/\/volcanes.net\/?p=4001#breadcrumb","itemListElement":[{"@type":"ListItem","position":1,"name":"Portada","item":"https:\/\/volcanes.net\/"},{"@type":"ListItem","position":2,"name":"Recibe Salom\u00f3n a Estudiantes de la #UAEM"}]},{"@type":"WebSite","@id":"https:\/\/volcanes.net\/#website","url":"https:\/\/volcanes.net\/","name":"Volcanes.Net","description":"Periodismo Profesional","publisher":{"@id":"https:\/\/volcanes.net\/#organization"},"potentialAction":[{"@type":"SearchAction","target":{"@type":"EntryPoint","urlTemplate":"https:\/\/volcanes.net\/?s={search_term_string}"},"query-input":{"@type":"PropertyValueSpecification","valueRequired":true,"valueName":"search_term_string"}}],"inLanguage":"es"},{"@type":"Organization","@id":"https:\/\/volcanes.net\/#organization","name":"Grupo Volcanes","url":"https:\/\/volcanes.net\/","logo":{"@type":"ImageObject","inLanguage":"es","@id":"https:\/\/volcanes.net\/#\/schema\/logo\/image\/","url":"http:\/\/volcanes.net\/wp-content\/uploads\/2017\/12\/Avatar2.jpg","contentUrl":"http:\/\/volcanes.net\/wp-content\/uploads\/2017\/12\/Avatar2.jpg","width":378,"height":378,"caption":"Grupo Volcanes"},"image":{"@id":"https:\/\/volcanes.net\/#\/schema\/logo\/image\/"},"sameAs":["https:\/\/www.facebook.com\/volcanes.net\/"]},{"@type":"Person","@id":"https:\/\/volcanes.net\/#\/schema\/person\/4bf0f383940966a4abd53f5048c0e6b9","name":"admin","image":{"@type":"ImageObject","inLanguage":"es","@id":"https:\/\/volcanes.net\/#\/schema\/person\/image\/","url":"https:\/\/secure.gravatar.com\/avatar\/ca004e6cba8462b8cb7abc86e382930c?s=96&d=mm&r=g","contentUrl":"https:\/\/secure.gravatar.com\/avatar\/ca004e6cba8462b8cb7abc86e382930c?s=96&d=mm&r=g","caption":"admin"}}]}},"_links":{"self":[{"href":"https:\/\/volcanes.net\/index.php?rest_route=\/wp\/v2\/posts\/4001"}],"collection":[{"href":"https:\/\/volcanes.net\/index.php?rest_route=\/wp\/v2\/posts"}],"about":[{"href":"https:\/\/volcanes.net\/index.php?rest_route=\/wp\/v2\/types\/post"}],"author":[{"embeddable":true,"href":"https:\/\/volcanes.net\/index.php?rest_route=\/wp\/v2\/users\/1"}],"replies":[{"embeddable":true,"href":"https:\/\/volcanes.net\/index.php?rest_route=%2Fwp%2Fv2%2Fcomments&post=4001"}],"version-history":[{"count":1,"href":"https:\/\/volcanes.net\/index.php?rest_route=\/wp\/v2\/posts\/4001\/revisions"}],"predecessor-version":[{"id":4002,"href":"https:\/\/volcanes.net\/index.php?rest_route=\/wp\/v2\/posts\/4001\/revisions\/4002"}],"wp:featuredmedia":[{"embeddable":true,"href":"https:\/\/volcanes.net\/index.php?rest_route=\/wp\/v2\/media\/4000"}],"wp:attachment":[{"href":"https:\/\/volcanes.net\/index.php?rest_route=%2Fwp%2Fv2%2Fmedia&parent=4001"}],"wp:term":[{"taxonomy":"category","embeddable":true,"href":"https:\/\/volcanes.net\/index.php?rest_route=%2Fwp%2Fv2%2Fcategories&post=4001"},{"taxonomy":"post_tag","embeddable":true,"href":"https:\/\/volcanes.net\/index.php?rest_route=%2Fwp%2Fv2%2Ftags&post=4001"}],"curies":[{"name":"wp","href":"https:\/\/api.w.org\/{rel}","templated":true}]}}