{"id":4004,"date":"2019-02-07T17:43:01","date_gmt":"2019-02-07T23:43:01","guid":{"rendered":"http:\/\/volcanes.net\/?p=4004"},"modified":"2019-02-07T17:44:10","modified_gmt":"2019-02-07T23:44:10","slug":"marchan-estudiantes-de-la-uaem-en-amecameca-vs-feminicidios","status":"publish","type":"post","link":"https:\/\/volcanes.net\/?p=4004","title":{"rendered":"Marchan Estudiantes de la UAEM en Amecameca, VS Feminicidios"},"content":{"rendered":"<div style=\"margin-top: 0px; margin-bottom: 0px;\" class=\"sharethis-inline-share-buttons\" ><\/div><p>Jos\u00e9 Cruz Garc\u00eda O.<\/p>\n<p>Alumnos y catedr\u00e1ticos del Centro Universitario de la UAEM, Campus Amecameca, salieron a manifestarse exigiendo justicia para Vanessa, qui\u00e9n fue violada y asesinada a bordo de una unidad de transporte p\u00fablico, cuando se dirig\u00eda hacia su hogar, as\u00ed como de las agresiones que viven d\u00eda a d\u00eda en la Regi\u00f3n.<\/p>\n<p>Con lonas y cartulinas en mano, recorrieron las principales calles y avenidas de la cabecera municipal de Amecameca, alzando la voz y exigiendo un alto a los feminicidios en el pa\u00eds.<\/p>\n<p>*\u201cQuiero ver a mis amigas graduadas NO sepultadas NI violentadas \u201c, \u201cDe camino a casa Quiero ser Libre\u201c* eran de las frases con las que marchaban.<\/p>\n<p>En entrevista, Yoali, compa\u00f1era de Vanessa, qui\u00e9n cursaba el 8o. Semestre de la carrera de Nutrici\u00f3n de esta facultad educativa, mencion\u00f3 que no asimila la ausencia de su compa\u00f1era.<\/p>\n<p>*&#8221;No pod\u00eda creerlo, me qued\u00e9 en shock, sigo sin creerlo, siento que es un d\u00eda en que s\u00f3lo falt\u00f3 a la escuela y que al siguiente d\u00eda ah\u00ed va a estar&#8221;.*<\/p>\n<p>Laura Valdez, estudiante de Derecho en la misma instituci\u00f3n, se\u00f1al\u00f3&#8230;<\/p>\n<p>*&#8221;Queremos regresar todo mundo sano a casa, ustedes como hombre, mujeres, todos, queremos llegar y ver a nuestros familiares sanos y seguros&#8221;.*<\/p>\n<p>Para Martha Cecit, profesora de Nutrici\u00f3n en el Centro Universitario Amecameca, el feminicidio de Vanessa los llena de indignaci\u00f3n y preocupaci\u00f3n&#8230;<\/p>\n<p>*&#8221;Hay mucha indignaci\u00f3n, mucho enojo y un sentido de impotencia ante esta circunstancia, verdaderamente estamos consternados, se ve en las noticias muchas cosas, pero ahora nos toc\u00f3 a nosotros con una alumna de la licenciatura, y si estamos mal, nos damos cuenta de la situaci\u00f3n del pa\u00eds en general y sobre todo de esta zona oriente, muchos alumnos reportan atracos en las combis, los bajan a golpes, si hay problemas muy fuertes, sabemos de secuestros, sabemos de muchas cosas, pero en alg\u00fan punto deber\u00e1 intervenir la autoridad&#8221;.*<\/p>\n<p>Al t\u00e9rmino de la manifestaci\u00f3n, una comision de alumnos se reuni\u00f3 con Miguel \u00c1ngel Salom\u00f3n Cort\u00e9s, alcalde de Amecameca qui\u00e9n se comprometi\u00f3 a reforzar las medidas de seguridad en torno a la Universidad.. .<\/p>\n<p>*&#8221;Tenerles lo que es presencia policiaca desde las 6 de la ma\u00f1ana, hasta la \u00faltima salida del estudiante de la Universidad&#8230;me comprometo a realizar un corredor universitario en d\u00f3nde se les va a dar las garant\u00edas, alumbrado p\u00fablico&#8221;.*<\/p>\n<p>Agreg\u00f3, que est\u00e1n realizando una base de datos de los choferes de las rutas de transporte en la regi\u00f3n&#8230;<\/p>\n<p>*&#8221;El municipio que encabeza un servidor, est\u00e1 haciendo una base de datos para saber qui\u00e9nes son los conductores, d\u00f3nde viven y a quienes transportan&#8221;.*<\/p>\n<p>La comunidad estudiantil y autoridades locales, esperan las acciones de gobierno en torno a la regularizaci\u00f3n y ordenamiento en el transporte, as\u00ed como a la determinaci\u00f3n que tomar\u00e1 el juez que lleva el caso de Roberto&#8221;N&#8221; presunto asesino de Vanessa, qui\u00e9n se encuentra recluido en el Penal de Chalco.<\/p>\n","protected":false},"excerpt":{"rendered":"<p>Jos\u00e9 Cruz Garc\u00eda O. Alumnos y catedr\u00e1ticos del Centro Universitario de la UAEM, Campus Amecameca,<\/p>\n","protected":false},"author":1,"featured_media":4003,"comment_status":"open","ping_status":"open","sticky":false,"template":"","format":"standard","meta":{"footnotes":""},"categories":[1],"tags":[7],"class_list":["post-4004","post","type-post","status-publish","format-standard","has-post-thumbnail","hentry","category-municipales","tag-amecameca"],"yoast_head":"<!-- This site is optimized with the Yoast SEO plugin v25.3 - https:\/\/yoast.com\/wordpress\/plugins\/seo\/ -->\n<title>Marchan Estudiantes de la UAEM en Amecameca, VS Feminicidios - Volcanes<\/title>\n<meta name=\"robots\" content=\"index, follow, max-snippet:-1, max-image-preview:large, max-video-preview:-1\" \/>\n<link rel=\"canonical\" href=\"https:\/\/volcanes.net\/?p=4004\" \/>\n<meta property=\"og:locale\" content=\"es_MX\" \/>\n<meta property=\"og:type\" content=\"article\" \/>\n<meta property=\"og:title\" content=\"Marchan Estudiantes de la UAEM en Amecameca, VS Feminicidios - Volcanes\" \/>\n<meta property=\"og:description\" content=\"Jos\u00e9 Cruz Garc\u00eda O. Alumnos y catedr\u00e1ticos del Centro Universitario de la UAEM, Campus Amecameca,\" \/>\n<meta property=\"og:url\" content=\"https:\/\/volcanes.net\/?p=4004\" \/>\n<meta property=\"og:site_name\" content=\"Volcanes\" \/>\n<meta property=\"article:publisher\" content=\"https:\/\/www.facebook.com\/volcanes.net\/\" \/>\n<meta property=\"article:published_time\" content=\"2019-02-07T23:43:01+00:00\" \/>\n<meta property=\"article:modified_time\" content=\"2019-02-07T23:44:10+00:00\" \/>\n<meta property=\"og:image\" content=\"https:\/\/volcanes.net\/wp-content\/uploads\/2019\/02\/FB_IMG_1549582566386.jpg\" \/>\n\t<meta property=\"og:image:width\" content=\"720\" \/>\n\t<meta property=\"og:image:height\" content=\"927\" \/>\n\t<meta property=\"og:image:type\" content=\"image\/jpeg\" \/>\n<meta name=\"author\" content=\"admin\" \/>\n<meta name=\"twitter:card\" content=\"summary_large_image\" \/>\n<meta name=\"twitter:label1\" content=\"Escrito por\" \/>\n\t<meta name=\"twitter:data1\" content=\"admin\" \/>\n\t<meta name=\"twitter:label2\" content=\"Tiempo de lectura\" \/>\n\t<meta name=\"twitter:data2\" content=\"3 minutos\" \/>\n<script type=\"application\/ld+json\" class=\"yoast-schema-graph\">{\"@context\":\"https:\/\/schema.org\",\"@graph\":[{\"@type\":\"Article\",\"@id\":\"https:\/\/volcanes.net\/?p=4004#article\",\"isPartOf\":{\"@id\":\"https:\/\/volcanes.net\/?p=4004\"},\"author\":{\"name\":\"admin\",\"@id\":\"https:\/\/volcanes.net\/#\/schema\/person\/4bf0f383940966a4abd53f5048c0e6b9\"},\"headline\":\"Marchan Estudiantes de la UAEM en Amecameca, VS Feminicidios\",\"datePublished\":\"2019-02-07T23:43:01+00:00\",\"dateModified\":\"2019-02-07T23:44:10+00:00\",\"mainEntityOfPage\":{\"@id\":\"https:\/\/volcanes.net\/?p=4004\"},\"wordCount\":525,\"commentCount\":0,\"publisher\":{\"@id\":\"https:\/\/volcanes.net\/#organization\"},\"image\":{\"@id\":\"https:\/\/volcanes.net\/?p=4004#primaryimage\"},\"thumbnailUrl\":\"https:\/\/volcanes.net\/wp-content\/uploads\/2019\/02\/FB_IMG_1549582566386.jpg\",\"keywords\":[\"Amecameca\"],\"articleSection\":[\"Municipales\"],\"inLanguage\":\"es\",\"potentialAction\":[{\"@type\":\"CommentAction\",\"name\":\"Comment\",\"target\":[\"https:\/\/volcanes.net\/?p=4004#respond\"]}]},{\"@type\":\"WebPage\",\"@id\":\"https:\/\/volcanes.net\/?p=4004\",\"url\":\"https:\/\/volcanes.net\/?p=4004\",\"name\":\"Marchan Estudiantes de la UAEM en Amecameca, VS Feminicidios - Volcanes\",\"isPartOf\":{\"@id\":\"https:\/\/volcanes.net\/#website\"},\"primaryImageOfPage\":{\"@id\":\"https:\/\/volcanes.net\/?p=4004#primaryimage\"},\"image\":{\"@id\":\"https:\/\/volcanes.net\/?p=4004#primaryimage\"},\"thumbnailUrl\":\"https:\/\/volcanes.net\/wp-content\/uploads\/2019\/02\/FB_IMG_1549582566386.jpg\",\"datePublished\":\"2019-02-07T23:43:01+00:00\",\"dateModified\":\"2019-02-07T23:44:10+00:00\",\"breadcrumb\":{\"@id\":\"https:\/\/volcanes.net\/?p=4004#breadcrumb\"},\"inLanguage\":\"es\",\"potentialAction\":[{\"@type\":\"ReadAction\",\"target\":[\"https:\/\/volcanes.net\/?p=4004\"]}]},{\"@type\":\"ImageObject\",\"inLanguage\":\"es\",\"@id\":\"https:\/\/volcanes.net\/?p=4004#primaryimage\",\"url\":\"https:\/\/volcanes.net\/wp-content\/uploads\/2019\/02\/FB_IMG_1549582566386.jpg\",\"contentUrl\":\"https:\/\/volcanes.net\/wp-content\/uploads\/2019\/02\/FB_IMG_1549582566386.jpg\",\"width\":720,\"height\":927},{\"@type\":\"BreadcrumbList\",\"@id\":\"https:\/\/volcanes.net\/?p=4004#breadcrumb\",\"itemListElement\":[{\"@type\":\"ListItem\",\"position\":1,\"name\":\"Portada\",\"item\":\"https:\/\/volcanes.net\/\"},{\"@type\":\"ListItem\",\"position\":2,\"name\":\"Marchan Estudiantes de la UAEM en Amecameca, VS Feminicidios\"}]},{\"@type\":\"WebSite\",\"@id\":\"https:\/\/volcanes.net\/#website\",\"url\":\"https:\/\/volcanes.net\/\",\"name\":\"Volcanes.Net\",\"description\":\"Periodismo Profesional\",\"publisher\":{\"@id\":\"https:\/\/volcanes.net\/#organization\"},\"potentialAction\":[{\"@type\":\"SearchAction\",\"target\":{\"@type\":\"EntryPoint\",\"urlTemplate\":\"https:\/\/volcanes.net\/?s={search_term_string}\"},\"query-input\":{\"@type\":\"PropertyValueSpecification\",\"valueRequired\":true,\"valueName\":\"search_term_string\"}}],\"inLanguage\":\"es\"},{\"@type\":\"Organization\",\"@id\":\"https:\/\/volcanes.net\/#organization\",\"name\":\"Grupo Volcanes\",\"url\":\"https:\/\/volcanes.net\/\",\"logo\":{\"@type\":\"ImageObject\",\"inLanguage\":\"es\",\"@id\":\"https:\/\/volcanes.net\/#\/schema\/logo\/image\/\",\"url\":\"http:\/\/volcanes.net\/wp-content\/uploads\/2017\/12\/Avatar2.jpg\",\"contentUrl\":\"http:\/\/volcanes.net\/wp-content\/uploads\/2017\/12\/Avatar2.jpg\",\"width\":378,\"height\":378,\"caption\":\"Grupo Volcanes\"},\"image\":{\"@id\":\"https:\/\/volcanes.net\/#\/schema\/logo\/image\/\"},\"sameAs\":[\"https:\/\/www.facebook.com\/volcanes.net\/\"]},{\"@type\":\"Person\",\"@id\":\"https:\/\/volcanes.net\/#\/schema\/person\/4bf0f383940966a4abd53f5048c0e6b9\",\"name\":\"admin\",\"image\":{\"@type\":\"ImageObject\",\"inLanguage\":\"es\",\"@id\":\"https:\/\/volcanes.net\/#\/schema\/person\/image\/\",\"url\":\"https:\/\/secure.gravatar.com\/avatar\/ca004e6cba8462b8cb7abc86e382930c?s=96&d=mm&r=g\",\"contentUrl\":\"https:\/\/secure.gravatar.com\/avatar\/ca004e6cba8462b8cb7abc86e382930c?s=96&d=mm&r=g\",\"caption\":\"admin\"}}]}<\/script>\n<!-- \/ Yoast SEO plugin. -->","yoast_head_json":{"title":"Marchan Estudiantes de la UAEM en Amecameca, VS Feminicidios - Volcanes","robots":{"index":"index","follow":"follow","max-snippet":"max-snippet:-1","max-image-preview":"max-image-preview:large","max-video-preview":"max-video-preview:-1"},"canonical":"https:\/\/volcanes.net\/?p=4004","og_locale":"es_MX","og_type":"article","og_title":"Marchan Estudiantes de la UAEM en Amecameca, VS Feminicidios - Volcanes","og_description":"Jos\u00e9 Cruz Garc\u00eda O. Alumnos y catedr\u00e1ticos del Centro Universitario de la UAEM, Campus Amecameca,","og_url":"https:\/\/volcanes.net\/?p=4004","og_site_name":"Volcanes","article_publisher":"https:\/\/www.facebook.com\/volcanes.net\/","article_published_time":"2019-02-07T23:43:01+00:00","article_modified_time":"2019-02-07T23:44:10+00:00","og_image":[{"width":720,"height":927,"url":"https:\/\/volcanes.net\/wp-content\/uploads\/2019\/02\/FB_IMG_1549582566386.jpg","type":"image\/jpeg"}],"author":"admin","twitter_card":"summary_large_image","twitter_misc":{"Escrito por":"admin","Tiempo de lectura":"3 minutos"},"schema":{"@context":"https:\/\/schema.org","@graph":[{"@type":"Article","@id":"https:\/\/volcanes.net\/?p=4004#article","isPartOf":{"@id":"https:\/\/volcanes.net\/?p=4004"},"author":{"name":"admin","@id":"https:\/\/volcanes.net\/#\/schema\/person\/4bf0f383940966a4abd53f5048c0e6b9"},"headline":"Marchan Estudiantes de la UAEM en Amecameca, VS Feminicidios","datePublished":"2019-02-07T23:43:01+00:00","dateModified":"2019-02-07T23:44:10+00:00","mainEntityOfPage":{"@id":"https:\/\/volcanes.net\/?p=4004"},"wordCount":525,"commentCount":0,"publisher":{"@id":"https:\/\/volcanes.net\/#organization"},"image":{"@id":"https:\/\/volcanes.net\/?p=4004#primaryimage"},"thumbnailUrl":"https:\/\/volcanes.net\/wp-content\/uploads\/2019\/02\/FB_IMG_1549582566386.jpg","keywords":["Amecameca"],"articleSection":["Municipales"],"inLanguage":"es","potentialAction":[{"@type":"CommentAction","name":"Comment","target":["https:\/\/volcanes.net\/?p=4004#respond"]}]},{"@type":"WebPage","@id":"https:\/\/volcanes.net\/?p=4004","url":"https:\/\/volcanes.net\/?p=4004","name":"Marchan Estudiantes de la UAEM en Amecameca, VS Feminicidios - Volcanes","isPartOf":{"@id":"https:\/\/volcanes.net\/#website"},"primaryImageOfPage":{"@id":"https:\/\/volcanes.net\/?p=4004#primaryimage"},"image":{"@id":"https:\/\/volcanes.net\/?p=4004#primaryimage"},"thumbnailUrl":"https:\/\/volcanes.net\/wp-content\/uploads\/2019\/02\/FB_IMG_1549582566386.jpg","datePublished":"2019-02-07T23:43:01+00:00","dateModified":"2019-02-07T23:44:10+00:00","breadcrumb":{"@id":"https:\/\/volcanes.net\/?p=4004#breadcrumb"},"inLanguage":"es","potentialAction":[{"@type":"ReadAction","target":["https:\/\/volcanes.net\/?p=4004"]}]},{"@type":"ImageObject","inLanguage":"es","@id":"https:\/\/volcanes.net\/?p=4004#primaryimage","url":"https:\/\/volcanes.net\/wp-content\/uploads\/2019\/02\/FB_IMG_1549582566386.jpg","contentUrl":"https:\/\/volcanes.net\/wp-content\/uploads\/2019\/02\/FB_IMG_1549582566386.jpg","width":720,"height":927},{"@type":"BreadcrumbList","@id":"https:\/\/volcanes.net\/?p=4004#breadcrumb","itemListElement":[{"@type":"ListItem","position":1,"name":"Portada","item":"https:\/\/volcanes.net\/"},{"@type":"ListItem","position":2,"name":"Marchan Estudiantes de la UAEM en Amecameca, VS Feminicidios"}]},{"@type":"WebSite","@id":"https:\/\/volcanes.net\/#website","url":"https:\/\/volcanes.net\/","name":"Volcanes.Net","description":"Periodismo Profesional","publisher":{"@id":"https:\/\/volcanes.net\/#organization"},"potentialAction":[{"@type":"SearchAction","target":{"@type":"EntryPoint","urlTemplate":"https:\/\/volcanes.net\/?s={search_term_string}"},"query-input":{"@type":"PropertyValueSpecification","valueRequired":true,"valueName":"search_term_string"}}],"inLanguage":"es"},{"@type":"Organization","@id":"https:\/\/volcanes.net\/#organization","name":"Grupo Volcanes","url":"https:\/\/volcanes.net\/","logo":{"@type":"ImageObject","inLanguage":"es","@id":"https:\/\/volcanes.net\/#\/schema\/logo\/image\/","url":"http:\/\/volcanes.net\/wp-content\/uploads\/2017\/12\/Avatar2.jpg","contentUrl":"http:\/\/volcanes.net\/wp-content\/uploads\/2017\/12\/Avatar2.jpg","width":378,"height":378,"caption":"Grupo Volcanes"},"image":{"@id":"https:\/\/volcanes.net\/#\/schema\/logo\/image\/"},"sameAs":["https:\/\/www.facebook.com\/volcanes.net\/"]},{"@type":"Person","@id":"https:\/\/volcanes.net\/#\/schema\/person\/4bf0f383940966a4abd53f5048c0e6b9","name":"admin","image":{"@type":"ImageObject","inLanguage":"es","@id":"https:\/\/volcanes.net\/#\/schema\/person\/image\/","url":"https:\/\/secure.gravatar.com\/avatar\/ca004e6cba8462b8cb7abc86e382930c?s=96&d=mm&r=g","contentUrl":"https:\/\/secure.gravatar.com\/avatar\/ca004e6cba8462b8cb7abc86e382930c?s=96&d=mm&r=g","caption":"admin"}}]}},"_links":{"self":[{"href":"https:\/\/volcanes.net\/index.php?rest_route=\/wp\/v2\/posts\/4004"}],"collection":[{"href":"https:\/\/volcanes.net\/index.php?rest_route=\/wp\/v2\/posts"}],"about":[{"href":"https:\/\/volcanes.net\/index.php?rest_route=\/wp\/v2\/types\/post"}],"author":[{"embeddable":true,"href":"https:\/\/volcanes.net\/index.php?rest_route=\/wp\/v2\/users\/1"}],"replies":[{"embeddable":true,"href":"https:\/\/volcanes.net\/index.php?rest_route=%2Fwp%2Fv2%2Fcomments&post=4004"}],"version-history":[{"count":2,"href":"https:\/\/volcanes.net\/index.php?rest_route=\/wp\/v2\/posts\/4004\/revisions"}],"predecessor-version":[{"id":4006,"href":"https:\/\/volcanes.net\/index.php?rest_route=\/wp\/v2\/posts\/4004\/revisions\/4006"}],"wp:featuredmedia":[{"embeddable":true,"href":"https:\/\/volcanes.net\/index.php?rest_route=\/wp\/v2\/media\/4003"}],"wp:attachment":[{"href":"https:\/\/volcanes.net\/index.php?rest_route=%2Fwp%2Fv2%2Fmedia&parent=4004"}],"wp:term":[{"taxonomy":"category","embeddable":true,"href":"https:\/\/volcanes.net\/index.php?rest_route=%2Fwp%2Fv2%2Fcategories&post=4004"},{"taxonomy":"post_tag","embeddable":true,"href":"https:\/\/volcanes.net\/index.php?rest_route=%2Fwp%2Fv2%2Ftags&post=4004"}],"curies":[{"name":"wp","href":"https:\/\/api.w.org\/{rel}","templated":true}]}}