{"id":401,"date":"2018-01-12T14:21:01","date_gmt":"2018-01-12T14:21:01","guid":{"rendered":"http:\/\/volcanes.net\/?p=401"},"modified":"2018-01-12T14:21:01","modified_gmt":"2018-01-12T14:21:01","slug":"gobierno-federal-respeta-propuestas-de-precandidatos-navarrete-prida","status":"publish","type":"post","link":"https:\/\/volcanes.net\/?p=401","title":{"rendered":"Gobierno federal respeta propuestas de precandidatos Navarrete Prida"},"content":{"rendered":"<div style=\"margin-top: 0px; margin-bottom: 0px;\" class=\"sharethis-inline-share-buttons\" ><\/div><p>El titular de la Secretar\u00eda de Gobernaci\u00f3n (Segob), Alfonso Navarrete Prida, se\u00f1al\u00f3 que colaborar\u00e1 con gobernabilidad democr\u00e1tica para tener una elecci\u00f3n pac\u00edfica y se retomen las condiciones de seguridad, as\u00ed como ve con mucho respeto las propuestas de precandidatos.<\/p>\n<p>En entrevista radiof\u00f3nica con Joaqu\u00edn L\u00f3pez D\u00f3riga, para Grupo Radio F\u00f3rmula, el funcionario federal dijo que se trabajar\u00e1 para que el proceso electoral de este a\u00f1o se lleve a cabo en las mejores condiciones de transparencia y libre expresi\u00f3n pac\u00edfica.<\/p>\n<p>Cuestionado sobre la propuesta de Andr\u00e9s Manuel L\u00f3pez Obrador de crear una Guardia Nacional integrada por fuerzas policiales y militares, Navarrete Prida llam\u00f3 a reflexionar si la soluci\u00f3n es centralizar o fortalecer el pacto federal y asumir cada quien la tarea que le corresponde de materia de seguridad.<\/p>\n<p>Manifest\u00f3 su respeto a las propuestas que presentan candidatos o precandidatos, aunque consider\u00f3 \u201cmuy dif\u00edcil\u201d la propuesta del tabasque\u00f1o, dado el \u201ccosto de tratar de unificar a todas las fuerzas federales bajo un solo mando, independientemente de resolver o no el tema de los fueros\u201d.<\/p>\n<p>Y \u201ccon todo el costo que nos llevara hacer todo esto -no me refiero al econ\u00f3mico sino al pol\u00edtico entre otros- a una situaci\u00f3n que concluimos , cuando el tema lo viven todos los d\u00edas ciudadanos en materia de delincuencia.<\/p>\n<p>Sobre la propuesta de L\u00f3pez Obrador de otorgar amnist\u00eda a los delincuentes, el titular de la Secretaar\u00eda de Gobernaci\u00f3n coment\u00f3 que sin duda la sociedad ya ha evaluado esa medida, sin embargo \u201cyo no veo c\u00f3mo una v\u00edctima pueda pensar que pol\u00edticamente la amnist\u00eda le hizo justicia\u201d.<\/p>\n<p>Sin embardo, el funcionario federal opin\u00f3 que la gente sabr\u00e1 valorar si es lo que quiere cuando ha sufrido de un delito.<\/p>\n<p>En otro tema, dijo que si bien el fuero federal y local son claros, no se puede escatimar en estos momentos el reconocimiento a las Fuerzas Armadas que con patriotismo, no se han rehusado a colaborar y auxiliar en materia de seguridad p\u00fablica.<\/p>\n<p>\u201cNo hay un solo partido que no haya sido gobierno que no haya enfrentado el mismo problema de inseguridad sin tener soluciones definitivas\u201d a un problema que estructural como el de la inseguridad.<\/p>\n<p>\u201cPensemos qu\u00e9 pasar\u00eda sin las Fuerzas Armadas en este momento en Tamaulipas, Chihuahua o en algunas partes del sureste. La verdad es que la poblaci\u00f3n se sentir\u00eda a\u00fan m\u00e1s todav\u00eda desprotegida y ese ha sido un problema de los niveles de gobierno civiles de todos los partidos pol\u00edticos, no responsabilidad de un s\u00f3lo nivel de gobierno o de un partido\u201d, agreg\u00f3.<\/p>\n<p>En torno a su llegada al Antiguo Palacio de Cobi\u00e1n, expres\u00f3 que su tarea ser\u00e1 de continuar el trabajo importante que se ha hecho de cinco a\u00f1os de gobierno conforme a lo establecido en el Plan Nacional de Desarrollo (PND), \u201clo que obliga, desde luego, a no improvisar sino para concluir\u201d.<\/p>\n<p>\u201cNo llego a aprender. Llego a ejecutar programas, a mostrar resultados, llego a ayudar en un cierre de administraci\u00f3n y, sobre todo, a colaborar en gobernabilidad democr\u00e1tica que es responsabilidad de los tres niveles de gobierno y de los poderes p\u00fablicos para que tengamos una elecci\u00f3n pac\u00edfica\u201d, abund\u00f3.<\/p>\n<p>Adem\u00e1s, para que se retomen \u201ccondiciones de seguridad para los mexicanos en aquellas regiones donde estamos teniendo grandes problemas\u201d, a\u00f1adi\u00f3.<\/p>\n","protected":false},"excerpt":{"rendered":"<p>El titular de la Secretar\u00eda de Gobernaci\u00f3n (Segob), Alfonso Navarrete Prida, se\u00f1al\u00f3 que colaborar\u00e1 con<\/p>\n","protected":false},"author":1,"featured_media":389,"comment_status":"open","ping_status":"open","sticky":false,"template":"","format":"standard","meta":{"footnotes":""},"categories":[1],"tags":[58],"class_list":["post-401","post","type-post","status-publish","format-standard","has-post-thumbnail","hentry","category-municipales","tag-segob"],"yoast_head":"<!-- This site is optimized with the Yoast SEO plugin v25.3 - https:\/\/yoast.com\/wordpress\/plugins\/seo\/ -->\n<title>Gobierno federal respeta propuestas de precandidatos Navarrete Prida - Volcanes<\/title>\n<meta name=\"robots\" content=\"index, follow, max-snippet:-1, max-image-preview:large, max-video-preview:-1\" \/>\n<link rel=\"canonical\" href=\"https:\/\/volcanes.net\/?p=401\" \/>\n<meta property=\"og:locale\" content=\"es_MX\" \/>\n<meta property=\"og:type\" content=\"article\" \/>\n<meta property=\"og:title\" content=\"Gobierno federal respeta propuestas de precandidatos Navarrete Prida - Volcanes\" \/>\n<meta property=\"og:description\" content=\"El titular de la Secretar\u00eda de Gobernaci\u00f3n (Segob), Alfonso Navarrete Prida, se\u00f1al\u00f3 que colaborar\u00e1 con\" \/>\n<meta property=\"og:url\" content=\"https:\/\/volcanes.net\/?p=401\" \/>\n<meta property=\"og:site_name\" content=\"Volcanes\" \/>\n<meta property=\"article:publisher\" content=\"https:\/\/www.facebook.com\/volcanes.net\/\" \/>\n<meta property=\"article:published_time\" content=\"2018-01-12T14:21:01+00:00\" \/>\n<meta property=\"og:image\" content=\"https:\/\/volcanes.net\/wp-content\/uploads\/2018\/01\/np1.jpg\" \/>\n\t<meta property=\"og:image:width\" content=\"400\" \/>\n\t<meta property=\"og:image:height\" content=\"200\" \/>\n\t<meta property=\"og:image:type\" content=\"image\/jpeg\" \/>\n<meta name=\"author\" content=\"admin\" \/>\n<meta name=\"twitter:card\" content=\"summary_large_image\" \/>\n<meta name=\"twitter:label1\" content=\"Escrito por\" \/>\n\t<meta name=\"twitter:data1\" content=\"admin\" \/>\n\t<meta name=\"twitter:label2\" content=\"Tiempo de lectura\" \/>\n\t<meta name=\"twitter:data2\" content=\"3 minutos\" \/>\n<script type=\"application\/ld+json\" class=\"yoast-schema-graph\">{\"@context\":\"https:\/\/schema.org\",\"@graph\":[{\"@type\":\"Article\",\"@id\":\"https:\/\/volcanes.net\/?p=401#article\",\"isPartOf\":{\"@id\":\"https:\/\/volcanes.net\/?p=401\"},\"author\":{\"name\":\"admin\",\"@id\":\"https:\/\/volcanes.net\/#\/schema\/person\/4bf0f383940966a4abd53f5048c0e6b9\"},\"headline\":\"Gobierno federal respeta propuestas de precandidatos Navarrete Prida\",\"datePublished\":\"2018-01-12T14:21:01+00:00\",\"mainEntityOfPage\":{\"@id\":\"https:\/\/volcanes.net\/?p=401\"},\"wordCount\":593,\"commentCount\":0,\"publisher\":{\"@id\":\"https:\/\/volcanes.net\/#organization\"},\"image\":{\"@id\":\"https:\/\/volcanes.net\/?p=401#primaryimage\"},\"thumbnailUrl\":\"https:\/\/volcanes.net\/wp-content\/uploads\/2018\/01\/np1.jpg\",\"keywords\":[\"SEGOB\"],\"articleSection\":[\"Municipales\"],\"inLanguage\":\"es\",\"potentialAction\":[{\"@type\":\"CommentAction\",\"name\":\"Comment\",\"target\":[\"https:\/\/volcanes.net\/?p=401#respond\"]}]},{\"@type\":\"WebPage\",\"@id\":\"https:\/\/volcanes.net\/?p=401\",\"url\":\"https:\/\/volcanes.net\/?p=401\",\"name\":\"Gobierno federal respeta propuestas de precandidatos Navarrete Prida - Volcanes\",\"isPartOf\":{\"@id\":\"https:\/\/volcanes.net\/#website\"},\"primaryImageOfPage\":{\"@id\":\"https:\/\/volcanes.net\/?p=401#primaryimage\"},\"image\":{\"@id\":\"https:\/\/volcanes.net\/?p=401#primaryimage\"},\"thumbnailUrl\":\"https:\/\/volcanes.net\/wp-content\/uploads\/2018\/01\/np1.jpg\",\"datePublished\":\"2018-01-12T14:21:01+00:00\",\"breadcrumb\":{\"@id\":\"https:\/\/volcanes.net\/?p=401#breadcrumb\"},\"inLanguage\":\"es\",\"potentialAction\":[{\"@type\":\"ReadAction\",\"target\":[\"https:\/\/volcanes.net\/?p=401\"]}]},{\"@type\":\"ImageObject\",\"inLanguage\":\"es\",\"@id\":\"https:\/\/volcanes.net\/?p=401#primaryimage\",\"url\":\"https:\/\/volcanes.net\/wp-content\/uploads\/2018\/01\/np1.jpg\",\"contentUrl\":\"https:\/\/volcanes.net\/wp-content\/uploads\/2018\/01\/np1.jpg\",\"width\":400,\"height\":200},{\"@type\":\"BreadcrumbList\",\"@id\":\"https:\/\/volcanes.net\/?p=401#breadcrumb\",\"itemListElement\":[{\"@type\":\"ListItem\",\"position\":1,\"name\":\"Portada\",\"item\":\"https:\/\/volcanes.net\/\"},{\"@type\":\"ListItem\",\"position\":2,\"name\":\"Gobierno federal respeta propuestas de precandidatos Navarrete Prida\"}]},{\"@type\":\"WebSite\",\"@id\":\"https:\/\/volcanes.net\/#website\",\"url\":\"https:\/\/volcanes.net\/\",\"name\":\"Volcanes.Net\",\"description\":\"Periodismo Profesional\",\"publisher\":{\"@id\":\"https:\/\/volcanes.net\/#organization\"},\"potentialAction\":[{\"@type\":\"SearchAction\",\"target\":{\"@type\":\"EntryPoint\",\"urlTemplate\":\"https:\/\/volcanes.net\/?s={search_term_string}\"},\"query-input\":{\"@type\":\"PropertyValueSpecification\",\"valueRequired\":true,\"valueName\":\"search_term_string\"}}],\"inLanguage\":\"es\"},{\"@type\":\"Organization\",\"@id\":\"https:\/\/volcanes.net\/#organization\",\"name\":\"Grupo Volcanes\",\"url\":\"https:\/\/volcanes.net\/\",\"logo\":{\"@type\":\"ImageObject\",\"inLanguage\":\"es\",\"@id\":\"https:\/\/volcanes.net\/#\/schema\/logo\/image\/\",\"url\":\"http:\/\/volcanes.net\/wp-content\/uploads\/2017\/12\/Avatar2.jpg\",\"contentUrl\":\"http:\/\/volcanes.net\/wp-content\/uploads\/2017\/12\/Avatar2.jpg\",\"width\":378,\"height\":378,\"caption\":\"Grupo Volcanes\"},\"image\":{\"@id\":\"https:\/\/volcanes.net\/#\/schema\/logo\/image\/\"},\"sameAs\":[\"https:\/\/www.facebook.com\/volcanes.net\/\"]},{\"@type\":\"Person\",\"@id\":\"https:\/\/volcanes.net\/#\/schema\/person\/4bf0f383940966a4abd53f5048c0e6b9\",\"name\":\"admin\",\"image\":{\"@type\":\"ImageObject\",\"inLanguage\":\"es\",\"@id\":\"https:\/\/volcanes.net\/#\/schema\/person\/image\/\",\"url\":\"https:\/\/secure.gravatar.com\/avatar\/ca004e6cba8462b8cb7abc86e382930c?s=96&d=mm&r=g\",\"contentUrl\":\"https:\/\/secure.gravatar.com\/avatar\/ca004e6cba8462b8cb7abc86e382930c?s=96&d=mm&r=g\",\"caption\":\"admin\"}}]}<\/script>\n<!-- \/ Yoast SEO plugin. -->","yoast_head_json":{"title":"Gobierno federal respeta propuestas de precandidatos Navarrete Prida - Volcanes","robots":{"index":"index","follow":"follow","max-snippet":"max-snippet:-1","max-image-preview":"max-image-preview:large","max-video-preview":"max-video-preview:-1"},"canonical":"https:\/\/volcanes.net\/?p=401","og_locale":"es_MX","og_type":"article","og_title":"Gobierno federal respeta propuestas de precandidatos Navarrete Prida - Volcanes","og_description":"El titular de la Secretar\u00eda de Gobernaci\u00f3n (Segob), Alfonso Navarrete Prida, se\u00f1al\u00f3 que colaborar\u00e1 con","og_url":"https:\/\/volcanes.net\/?p=401","og_site_name":"Volcanes","article_publisher":"https:\/\/www.facebook.com\/volcanes.net\/","article_published_time":"2018-01-12T14:21:01+00:00","og_image":[{"width":400,"height":200,"url":"https:\/\/volcanes.net\/wp-content\/uploads\/2018\/01\/np1.jpg","type":"image\/jpeg"}],"author":"admin","twitter_card":"summary_large_image","twitter_misc":{"Escrito por":"admin","Tiempo de lectura":"3 minutos"},"schema":{"@context":"https:\/\/schema.org","@graph":[{"@type":"Article","@id":"https:\/\/volcanes.net\/?p=401#article","isPartOf":{"@id":"https:\/\/volcanes.net\/?p=401"},"author":{"name":"admin","@id":"https:\/\/volcanes.net\/#\/schema\/person\/4bf0f383940966a4abd53f5048c0e6b9"},"headline":"Gobierno federal respeta propuestas de precandidatos Navarrete Prida","datePublished":"2018-01-12T14:21:01+00:00","mainEntityOfPage":{"@id":"https:\/\/volcanes.net\/?p=401"},"wordCount":593,"commentCount":0,"publisher":{"@id":"https:\/\/volcanes.net\/#organization"},"image":{"@id":"https:\/\/volcanes.net\/?p=401#primaryimage"},"thumbnailUrl":"https:\/\/volcanes.net\/wp-content\/uploads\/2018\/01\/np1.jpg","keywords":["SEGOB"],"articleSection":["Municipales"],"inLanguage":"es","potentialAction":[{"@type":"CommentAction","name":"Comment","target":["https:\/\/volcanes.net\/?p=401#respond"]}]},{"@type":"WebPage","@id":"https:\/\/volcanes.net\/?p=401","url":"https:\/\/volcanes.net\/?p=401","name":"Gobierno federal respeta propuestas de precandidatos Navarrete Prida - Volcanes","isPartOf":{"@id":"https:\/\/volcanes.net\/#website"},"primaryImageOfPage":{"@id":"https:\/\/volcanes.net\/?p=401#primaryimage"},"image":{"@id":"https:\/\/volcanes.net\/?p=401#primaryimage"},"thumbnailUrl":"https:\/\/volcanes.net\/wp-content\/uploads\/2018\/01\/np1.jpg","datePublished":"2018-01-12T14:21:01+00:00","breadcrumb":{"@id":"https:\/\/volcanes.net\/?p=401#breadcrumb"},"inLanguage":"es","potentialAction":[{"@type":"ReadAction","target":["https:\/\/volcanes.net\/?p=401"]}]},{"@type":"ImageObject","inLanguage":"es","@id":"https:\/\/volcanes.net\/?p=401#primaryimage","url":"https:\/\/volcanes.net\/wp-content\/uploads\/2018\/01\/np1.jpg","contentUrl":"https:\/\/volcanes.net\/wp-content\/uploads\/2018\/01\/np1.jpg","width":400,"height":200},{"@type":"BreadcrumbList","@id":"https:\/\/volcanes.net\/?p=401#breadcrumb","itemListElement":[{"@type":"ListItem","position":1,"name":"Portada","item":"https:\/\/volcanes.net\/"},{"@type":"ListItem","position":2,"name":"Gobierno federal respeta propuestas de precandidatos Navarrete Prida"}]},{"@type":"WebSite","@id":"https:\/\/volcanes.net\/#website","url":"https:\/\/volcanes.net\/","name":"Volcanes.Net","description":"Periodismo Profesional","publisher":{"@id":"https:\/\/volcanes.net\/#organization"},"potentialAction":[{"@type":"SearchAction","target":{"@type":"EntryPoint","urlTemplate":"https:\/\/volcanes.net\/?s={search_term_string}"},"query-input":{"@type":"PropertyValueSpecification","valueRequired":true,"valueName":"search_term_string"}}],"inLanguage":"es"},{"@type":"Organization","@id":"https:\/\/volcanes.net\/#organization","name":"Grupo Volcanes","url":"https:\/\/volcanes.net\/","logo":{"@type":"ImageObject","inLanguage":"es","@id":"https:\/\/volcanes.net\/#\/schema\/logo\/image\/","url":"http:\/\/volcanes.net\/wp-content\/uploads\/2017\/12\/Avatar2.jpg","contentUrl":"http:\/\/volcanes.net\/wp-content\/uploads\/2017\/12\/Avatar2.jpg","width":378,"height":378,"caption":"Grupo Volcanes"},"image":{"@id":"https:\/\/volcanes.net\/#\/schema\/logo\/image\/"},"sameAs":["https:\/\/www.facebook.com\/volcanes.net\/"]},{"@type":"Person","@id":"https:\/\/volcanes.net\/#\/schema\/person\/4bf0f383940966a4abd53f5048c0e6b9","name":"admin","image":{"@type":"ImageObject","inLanguage":"es","@id":"https:\/\/volcanes.net\/#\/schema\/person\/image\/","url":"https:\/\/secure.gravatar.com\/avatar\/ca004e6cba8462b8cb7abc86e382930c?s=96&d=mm&r=g","contentUrl":"https:\/\/secure.gravatar.com\/avatar\/ca004e6cba8462b8cb7abc86e382930c?s=96&d=mm&r=g","caption":"admin"}}]}},"_links":{"self":[{"href":"https:\/\/volcanes.net\/index.php?rest_route=\/wp\/v2\/posts\/401"}],"collection":[{"href":"https:\/\/volcanes.net\/index.php?rest_route=\/wp\/v2\/posts"}],"about":[{"href":"https:\/\/volcanes.net\/index.php?rest_route=\/wp\/v2\/types\/post"}],"author":[{"embeddable":true,"href":"https:\/\/volcanes.net\/index.php?rest_route=\/wp\/v2\/users\/1"}],"replies":[{"embeddable":true,"href":"https:\/\/volcanes.net\/index.php?rest_route=%2Fwp%2Fv2%2Fcomments&post=401"}],"version-history":[{"count":1,"href":"https:\/\/volcanes.net\/index.php?rest_route=\/wp\/v2\/posts\/401\/revisions"}],"predecessor-version":[{"id":402,"href":"https:\/\/volcanes.net\/index.php?rest_route=\/wp\/v2\/posts\/401\/revisions\/402"}],"wp:featuredmedia":[{"embeddable":true,"href":"https:\/\/volcanes.net\/index.php?rest_route=\/wp\/v2\/media\/389"}],"wp:attachment":[{"href":"https:\/\/volcanes.net\/index.php?rest_route=%2Fwp%2Fv2%2Fmedia&parent=401"}],"wp:term":[{"taxonomy":"category","embeddable":true,"href":"https:\/\/volcanes.net\/index.php?rest_route=%2Fwp%2Fv2%2Fcategories&post=401"},{"taxonomy":"post_tag","embeddable":true,"href":"https:\/\/volcanes.net\/index.php?rest_route=%2Fwp%2Fv2%2Ftags&post=401"}],"curies":[{"name":"wp","href":"https:\/\/api.w.org\/{rel}","templated":true}]}}