{"id":4015,"date":"2019-02-08T07:02:56","date_gmt":"2019-02-08T13:02:56","guid":{"rendered":"http:\/\/volcanes.net\/?p=4015"},"modified":"2019-02-08T07:03:13","modified_gmt":"2019-02-08T13:03:13","slug":"convocatoria-de-foros-de-participacion-ciudadana-en-ixtapaluca","status":"publish","type":"post","link":"https:\/\/volcanes.net\/?p=4015","title":{"rendered":"Convocatoria de Foros de participaci\u00f3n Ciudadana en Ixtapaluca"},"content":{"rendered":"<div style=\"margin-top: 0px; margin-bottom: 0px;\" class=\"sharethis-inline-share-buttons\" ><\/div><p>Para la elaboraci\u00f3n e integraci\u00f3n del Plan de Desarrollo Municipal y como instrumento de participaci\u00f3n social para captar y considerar las propuestas y aportaciones de la sociedad, el Ayuntamiento de Ixtapaluca convoca a la ciudadan\u00eda ixtapaluquense a participar en los Foros de Consulta y Participaci\u00f3n Ciudadana 2019-2021.<\/p>\n<p class=\"MsoNormal\" style=\"color:rgb(0,0,0); font-style:normal; font-variant-ligatures:normal; font-variant-caps:normal; font-weight:400; letter-spacing:normal; orphans:2; text-indent:0px; text-transform:none; white-space:normal; widows:2; word-spacing:0px; -webkit-text-stroke-width:0px; text-decoration-style:initial; text-decoration-color:initialmargin:0cm0cm10pt; line-height:18.0473px; font-size:11pt; font-family:Calibri,sans-serif; text-align:left;\">Dichos foros se llevar\u00e1n a cabo del 20 al 23 de febrero pr\u00f3ximo. Tratar\u00e1n sobre: Sociedad Incluyente con los temas Educaci\u00f3n y Cultura, Salud y Asistencia Social, Deporte y Recreaci\u00f3n, Grupos Vulnerables.<\/p>\n<p class=\"MsoNormal\" style=\"color:rgb(0,0,0); font-style:normal; font-variant-ligatures:normal; font-variant-caps:normal; font-weight:400; letter-spacing:normal; orphans:2; text-indent:0px; text-transform:none; white-space:normal; widows:2; word-spacing:0px; -webkit-text-stroke-width:0px; text-decoration-style:initial; text-decoration-color:initialmargin:0cm0cm10pt; line-height:18.0473px; font-size:11pt; font-family:Calibri,sans-serif; text-align:left;\">En el Foro Municipio Seguro y Protegido, con las tem\u00e1ticas Seguridad P\u00fablica y Tr\u00e1nsito, Protecci\u00f3n Civil, Derechos Humanos y Procuraci\u00f3n de Justicia; en el de Planeaci\u00f3n Urbana y Ordenamiento Municipal y un Gobierno de Resultados, los temas ser\u00e1n:  Vivienda, Ordenamiento Ecol\u00f3gico y Territorial, Desarrollo Urbano y Catastro.<\/p>\n<p class=\"MsoNormal\" style=\"color:rgb(0,0,0); font-style:normal; font-variant-ligatures:normal; font-variant-caps:normal; font-weight:400; letter-spacing:normal; orphans:2; text-indent:0px; text-transform:none; white-space:normal; widows:2; word-spacing:0px; -webkit-text-stroke-width:0px; text-decoration-style:initial; text-decoration-color:initialmargin:0cm0cm10pt; line-height:18.0473px; font-size:11pt; font-family:Calibri,sans-serif; text-align:left;\">Y en el de Desarrollo Econ\u00f3mico, Sustentable y Eficiente, las mesas tem\u00e1ticas abarcar\u00e1n Turismo y Actividades Econ\u00f3micas Alternativas, Movilidad Municipal, Desarrollo Rural y Progreso en el Campo, Medio Ambiente y Recursos Naturales.<\/p>\n<p class=\"MsoNormal\" style=\"color:rgb(0,0,0); font-style:normal; font-variant-ligatures:normal; font-variant-caps:normal; font-weight:400; letter-spacing:normal; orphans:2; text-indent:0px; text-transform:none; white-space:normal; widows:2; word-spacing:0px; -webkit-text-stroke-width:0px; text-decoration-style:initial; text-decoration-color:initialmargin:0cm0cm10pt; line-height:18.0473px; font-size:11pt; font-family:Calibri,sans-serif; text-align:left;\">Las personas interesadas en participar deber\u00e1n ser mayores de 18 a\u00f1os, residir en el municipio y presentar en una exposici\u00f3n una problem\u00e1tica de su comunidad y la propuesta de soluci\u00f3n.<\/p>\n<p class=\"MsoNormal\" style=\"color:rgb(0,0,0); font-style:normal; font-variant-ligatures:normal; font-variant-caps:normal; font-weight:400; letter-spacing:normal; orphans:2; text-indent:0px; text-transform:none; white-space:normal; widows:2; word-spacing:0px; -webkit-text-stroke-width:0px; text-decoration-style:initial; text-decoration-color:initialmargin:0cm0cm10pt; line-height:18.0473px; font-size:11pt; font-family:Calibri,sans-serif; text-align:left;\">La ponencia deber\u00e1 tener una extensi\u00f3n no mayor a tres cuartillas, la cual ser\u00e1 entregada en un sobre cerrado con los datos de identificaci\u00f3n en la parte frontal del mismo el d\u00eda de la celebraci\u00f3n del foro, en la mesa tem\u00e1tica correspondiente.<\/p>\n<p class=\"MsoNormal\" style=\"color:rgb(0,0,0); font-style:normal; font-variant-ligatures:normal; font-variant-caps:normal; font-weight:400; letter-spacing:normal; orphans:2; text-indent:0px; text-transform:none; white-space:normal; widows:2; word-spacing:0px; -webkit-text-stroke-width:0px; text-decoration-style:initial; text-decoration-color:initialmargin:0cm0cm10pt; line-height:18.0473px; font-size:11pt; font-family:Calibri,sans-serif; text-align:left;\">Tambi\u00e9n podr\u00e1n entregarse en la Direcci\u00f3n General de Planeaci\u00f3n, Evaluaci\u00f3n y Seguimiento del edificio de palacio municipal, en Municipio Libre No. 1, Ixtapaluca Centro, y al correo electr\u00f3nico<span> <\/span><a href=\"mailto:planeaci%C3%B3n2019.2021@gmail.com\" target=\"_blank\" rel=\"noreferrer\" style=\"text-decoration: none; color: blue;\">planeaci\u00f3n2019.2021@gmail.com<\/a>.<\/p>\n<p class=\"MsoNormal\" style=\"color:rgb(0,0,0); font-style:normal; font-variant-ligatures:normal; font-variant-caps:normal; font-weight:400; letter-spacing:normal; orphans:2; text-indent:0px; text-transform:none; white-space:normal; widows:2; word-spacing:0px; -webkit-text-stroke-width:0px; text-decoration-style:initial; text-decoration-color:initialmargin:0cm0cm10pt; line-height:18.0473px; font-size:11pt; font-family:Calibri,sans-serif; text-align:left;\">Las ponentes que cumplan con los lineamientos de la presente convocatoria recibir\u00e1n reconocimiento de participaci\u00f3n.<\/p>\n","protected":false},"excerpt":{"rendered":"<p>Para la elaboraci\u00f3n e integraci\u00f3n del Plan de Desarrollo Municipal y como instrumento de participaci\u00f3n<\/p>\n","protected":false},"author":1,"featured_media":4014,"comment_status":"open","ping_status":"open","sticky":false,"template":"","format":"standard","meta":{"footnotes":""},"categories":[1],"tags":[6],"class_list":["post-4015","post","type-post","status-publish","format-standard","has-post-thumbnail","hentry","category-municipales","tag-ixtapaluca"],"yoast_head":"<!-- This site is optimized with the Yoast SEO plugin v25.3 - https:\/\/yoast.com\/wordpress\/plugins\/seo\/ -->\n<title>Convocatoria de Foros de participaci\u00f3n Ciudadana en Ixtapaluca - Volcanes<\/title>\n<meta name=\"robots\" content=\"index, follow, max-snippet:-1, max-image-preview:large, max-video-preview:-1\" \/>\n<link rel=\"canonical\" href=\"https:\/\/volcanes.net\/?p=4015\" \/>\n<meta property=\"og:locale\" content=\"es_MX\" \/>\n<meta property=\"og:type\" content=\"article\" \/>\n<meta property=\"og:title\" content=\"Convocatoria de Foros de participaci\u00f3n Ciudadana en Ixtapaluca - Volcanes\" \/>\n<meta property=\"og:description\" content=\"Para la elaboraci\u00f3n e integraci\u00f3n del Plan de Desarrollo Municipal y como instrumento de participaci\u00f3n\" \/>\n<meta property=\"og:url\" content=\"https:\/\/volcanes.net\/?p=4015\" \/>\n<meta property=\"og:site_name\" content=\"Volcanes\" \/>\n<meta property=\"article:publisher\" content=\"https:\/\/www.facebook.com\/volcanes.net\/\" \/>\n<meta property=\"article:published_time\" content=\"2019-02-08T13:02:56+00:00\" \/>\n<meta property=\"article:modified_time\" content=\"2019-02-08T13:03:13+00:00\" \/>\n<meta property=\"og:image\" content=\"https:\/\/volcanes.net\/wp-content\/uploads\/2019\/02\/1549630911423111.jpg\" \/>\n\t<meta property=\"og:image:width\" content=\"1936\" \/>\n\t<meta property=\"og:image:height\" content=\"1296\" \/>\n\t<meta property=\"og:image:type\" content=\"image\/jpeg\" \/>\n<meta name=\"author\" content=\"admin\" \/>\n<meta name=\"twitter:card\" content=\"summary_large_image\" \/>\n<meta name=\"twitter:label1\" content=\"Escrito por\" \/>\n\t<meta name=\"twitter:data1\" content=\"admin\" \/>\n\t<meta name=\"twitter:label2\" content=\"Tiempo de lectura\" \/>\n\t<meta name=\"twitter:data2\" content=\"2 minutos\" \/>\n<script type=\"application\/ld+json\" class=\"yoast-schema-graph\">{\"@context\":\"https:\/\/schema.org\",\"@graph\":[{\"@type\":\"Article\",\"@id\":\"https:\/\/volcanes.net\/?p=4015#article\",\"isPartOf\":{\"@id\":\"https:\/\/volcanes.net\/?p=4015\"},\"author\":{\"name\":\"admin\",\"@id\":\"https:\/\/volcanes.net\/#\/schema\/person\/4bf0f383940966a4abd53f5048c0e6b9\"},\"headline\":\"Convocatoria de Foros de participaci\u00f3n Ciudadana en Ixtapaluca\",\"datePublished\":\"2019-02-08T13:02:56+00:00\",\"dateModified\":\"2019-02-08T13:03:13+00:00\",\"mainEntityOfPage\":{\"@id\":\"https:\/\/volcanes.net\/?p=4015\"},\"wordCount\":322,\"commentCount\":0,\"publisher\":{\"@id\":\"https:\/\/volcanes.net\/#organization\"},\"image\":{\"@id\":\"https:\/\/volcanes.net\/?p=4015#primaryimage\"},\"thumbnailUrl\":\"https:\/\/volcanes.net\/wp-content\/uploads\/2019\/02\/1549630911423111.jpg\",\"keywords\":[\"Ixtapaluca\"],\"articleSection\":[\"Municipales\"],\"inLanguage\":\"es\",\"potentialAction\":[{\"@type\":\"CommentAction\",\"name\":\"Comment\",\"target\":[\"https:\/\/volcanes.net\/?p=4015#respond\"]}]},{\"@type\":\"WebPage\",\"@id\":\"https:\/\/volcanes.net\/?p=4015\",\"url\":\"https:\/\/volcanes.net\/?p=4015\",\"name\":\"Convocatoria de Foros de participaci\u00f3n Ciudadana en Ixtapaluca - Volcanes\",\"isPartOf\":{\"@id\":\"https:\/\/volcanes.net\/#website\"},\"primaryImageOfPage\":{\"@id\":\"https:\/\/volcanes.net\/?p=4015#primaryimage\"},\"image\":{\"@id\":\"https:\/\/volcanes.net\/?p=4015#primaryimage\"},\"thumbnailUrl\":\"https:\/\/volcanes.net\/wp-content\/uploads\/2019\/02\/1549630911423111.jpg\",\"datePublished\":\"2019-02-08T13:02:56+00:00\",\"dateModified\":\"2019-02-08T13:03:13+00:00\",\"breadcrumb\":{\"@id\":\"https:\/\/volcanes.net\/?p=4015#breadcrumb\"},\"inLanguage\":\"es\",\"potentialAction\":[{\"@type\":\"ReadAction\",\"target\":[\"https:\/\/volcanes.net\/?p=4015\"]}]},{\"@type\":\"ImageObject\",\"inLanguage\":\"es\",\"@id\":\"https:\/\/volcanes.net\/?p=4015#primaryimage\",\"url\":\"https:\/\/volcanes.net\/wp-content\/uploads\/2019\/02\/1549630911423111.jpg\",\"contentUrl\":\"https:\/\/volcanes.net\/wp-content\/uploads\/2019\/02\/1549630911423111.jpg\",\"width\":1936,\"height\":1296},{\"@type\":\"BreadcrumbList\",\"@id\":\"https:\/\/volcanes.net\/?p=4015#breadcrumb\",\"itemListElement\":[{\"@type\":\"ListItem\",\"position\":1,\"name\":\"Portada\",\"item\":\"https:\/\/volcanes.net\/\"},{\"@type\":\"ListItem\",\"position\":2,\"name\":\"Convocatoria de Foros de participaci\u00f3n Ciudadana en Ixtapaluca\"}]},{\"@type\":\"WebSite\",\"@id\":\"https:\/\/volcanes.net\/#website\",\"url\":\"https:\/\/volcanes.net\/\",\"name\":\"Volcanes.Net\",\"description\":\"Periodismo Profesional\",\"publisher\":{\"@id\":\"https:\/\/volcanes.net\/#organization\"},\"potentialAction\":[{\"@type\":\"SearchAction\",\"target\":{\"@type\":\"EntryPoint\",\"urlTemplate\":\"https:\/\/volcanes.net\/?s={search_term_string}\"},\"query-input\":{\"@type\":\"PropertyValueSpecification\",\"valueRequired\":true,\"valueName\":\"search_term_string\"}}],\"inLanguage\":\"es\"},{\"@type\":\"Organization\",\"@id\":\"https:\/\/volcanes.net\/#organization\",\"name\":\"Grupo Volcanes\",\"url\":\"https:\/\/volcanes.net\/\",\"logo\":{\"@type\":\"ImageObject\",\"inLanguage\":\"es\",\"@id\":\"https:\/\/volcanes.net\/#\/schema\/logo\/image\/\",\"url\":\"http:\/\/volcanes.net\/wp-content\/uploads\/2017\/12\/Avatar2.jpg\",\"contentUrl\":\"http:\/\/volcanes.net\/wp-content\/uploads\/2017\/12\/Avatar2.jpg\",\"width\":378,\"height\":378,\"caption\":\"Grupo Volcanes\"},\"image\":{\"@id\":\"https:\/\/volcanes.net\/#\/schema\/logo\/image\/\"},\"sameAs\":[\"https:\/\/www.facebook.com\/volcanes.net\/\"]},{\"@type\":\"Person\",\"@id\":\"https:\/\/volcanes.net\/#\/schema\/person\/4bf0f383940966a4abd53f5048c0e6b9\",\"name\":\"admin\",\"image\":{\"@type\":\"ImageObject\",\"inLanguage\":\"es\",\"@id\":\"https:\/\/volcanes.net\/#\/schema\/person\/image\/\",\"url\":\"https:\/\/secure.gravatar.com\/avatar\/ca004e6cba8462b8cb7abc86e382930c?s=96&d=mm&r=g\",\"contentUrl\":\"https:\/\/secure.gravatar.com\/avatar\/ca004e6cba8462b8cb7abc86e382930c?s=96&d=mm&r=g\",\"caption\":\"admin\"}}]}<\/script>\n<!-- \/ Yoast SEO plugin. -->","yoast_head_json":{"title":"Convocatoria de Foros de participaci\u00f3n Ciudadana en Ixtapaluca - Volcanes","robots":{"index":"index","follow":"follow","max-snippet":"max-snippet:-1","max-image-preview":"max-image-preview:large","max-video-preview":"max-video-preview:-1"},"canonical":"https:\/\/volcanes.net\/?p=4015","og_locale":"es_MX","og_type":"article","og_title":"Convocatoria de Foros de participaci\u00f3n Ciudadana en Ixtapaluca - Volcanes","og_description":"Para la elaboraci\u00f3n e integraci\u00f3n del Plan de Desarrollo Municipal y como instrumento de participaci\u00f3n","og_url":"https:\/\/volcanes.net\/?p=4015","og_site_name":"Volcanes","article_publisher":"https:\/\/www.facebook.com\/volcanes.net\/","article_published_time":"2019-02-08T13:02:56+00:00","article_modified_time":"2019-02-08T13:03:13+00:00","og_image":[{"width":1936,"height":1296,"url":"https:\/\/volcanes.net\/wp-content\/uploads\/2019\/02\/1549630911423111.jpg","type":"image\/jpeg"}],"author":"admin","twitter_card":"summary_large_image","twitter_misc":{"Escrito por":"admin","Tiempo de lectura":"2 minutos"},"schema":{"@context":"https:\/\/schema.org","@graph":[{"@type":"Article","@id":"https:\/\/volcanes.net\/?p=4015#article","isPartOf":{"@id":"https:\/\/volcanes.net\/?p=4015"},"author":{"name":"admin","@id":"https:\/\/volcanes.net\/#\/schema\/person\/4bf0f383940966a4abd53f5048c0e6b9"},"headline":"Convocatoria de Foros de participaci\u00f3n Ciudadana en Ixtapaluca","datePublished":"2019-02-08T13:02:56+00:00","dateModified":"2019-02-08T13:03:13+00:00","mainEntityOfPage":{"@id":"https:\/\/volcanes.net\/?p=4015"},"wordCount":322,"commentCount":0,"publisher":{"@id":"https:\/\/volcanes.net\/#organization"},"image":{"@id":"https:\/\/volcanes.net\/?p=4015#primaryimage"},"thumbnailUrl":"https:\/\/volcanes.net\/wp-content\/uploads\/2019\/02\/1549630911423111.jpg","keywords":["Ixtapaluca"],"articleSection":["Municipales"],"inLanguage":"es","potentialAction":[{"@type":"CommentAction","name":"Comment","target":["https:\/\/volcanes.net\/?p=4015#respond"]}]},{"@type":"WebPage","@id":"https:\/\/volcanes.net\/?p=4015","url":"https:\/\/volcanes.net\/?p=4015","name":"Convocatoria de Foros de participaci\u00f3n Ciudadana en Ixtapaluca - Volcanes","isPartOf":{"@id":"https:\/\/volcanes.net\/#website"},"primaryImageOfPage":{"@id":"https:\/\/volcanes.net\/?p=4015#primaryimage"},"image":{"@id":"https:\/\/volcanes.net\/?p=4015#primaryimage"},"thumbnailUrl":"https:\/\/volcanes.net\/wp-content\/uploads\/2019\/02\/1549630911423111.jpg","datePublished":"2019-02-08T13:02:56+00:00","dateModified":"2019-02-08T13:03:13+00:00","breadcrumb":{"@id":"https:\/\/volcanes.net\/?p=4015#breadcrumb"},"inLanguage":"es","potentialAction":[{"@type":"ReadAction","target":["https:\/\/volcanes.net\/?p=4015"]}]},{"@type":"ImageObject","inLanguage":"es","@id":"https:\/\/volcanes.net\/?p=4015#primaryimage","url":"https:\/\/volcanes.net\/wp-content\/uploads\/2019\/02\/1549630911423111.jpg","contentUrl":"https:\/\/volcanes.net\/wp-content\/uploads\/2019\/02\/1549630911423111.jpg","width":1936,"height":1296},{"@type":"BreadcrumbList","@id":"https:\/\/volcanes.net\/?p=4015#breadcrumb","itemListElement":[{"@type":"ListItem","position":1,"name":"Portada","item":"https:\/\/volcanes.net\/"},{"@type":"ListItem","position":2,"name":"Convocatoria de Foros de participaci\u00f3n Ciudadana en Ixtapaluca"}]},{"@type":"WebSite","@id":"https:\/\/volcanes.net\/#website","url":"https:\/\/volcanes.net\/","name":"Volcanes.Net","description":"Periodismo Profesional","publisher":{"@id":"https:\/\/volcanes.net\/#organization"},"potentialAction":[{"@type":"SearchAction","target":{"@type":"EntryPoint","urlTemplate":"https:\/\/volcanes.net\/?s={search_term_string}"},"query-input":{"@type":"PropertyValueSpecification","valueRequired":true,"valueName":"search_term_string"}}],"inLanguage":"es"},{"@type":"Organization","@id":"https:\/\/volcanes.net\/#organization","name":"Grupo Volcanes","url":"https:\/\/volcanes.net\/","logo":{"@type":"ImageObject","inLanguage":"es","@id":"https:\/\/volcanes.net\/#\/schema\/logo\/image\/","url":"http:\/\/volcanes.net\/wp-content\/uploads\/2017\/12\/Avatar2.jpg","contentUrl":"http:\/\/volcanes.net\/wp-content\/uploads\/2017\/12\/Avatar2.jpg","width":378,"height":378,"caption":"Grupo Volcanes"},"image":{"@id":"https:\/\/volcanes.net\/#\/schema\/logo\/image\/"},"sameAs":["https:\/\/www.facebook.com\/volcanes.net\/"]},{"@type":"Person","@id":"https:\/\/volcanes.net\/#\/schema\/person\/4bf0f383940966a4abd53f5048c0e6b9","name":"admin","image":{"@type":"ImageObject","inLanguage":"es","@id":"https:\/\/volcanes.net\/#\/schema\/person\/image\/","url":"https:\/\/secure.gravatar.com\/avatar\/ca004e6cba8462b8cb7abc86e382930c?s=96&d=mm&r=g","contentUrl":"https:\/\/secure.gravatar.com\/avatar\/ca004e6cba8462b8cb7abc86e382930c?s=96&d=mm&r=g","caption":"admin"}}]}},"_links":{"self":[{"href":"https:\/\/volcanes.net\/index.php?rest_route=\/wp\/v2\/posts\/4015"}],"collection":[{"href":"https:\/\/volcanes.net\/index.php?rest_route=\/wp\/v2\/posts"}],"about":[{"href":"https:\/\/volcanes.net\/index.php?rest_route=\/wp\/v2\/types\/post"}],"author":[{"embeddable":true,"href":"https:\/\/volcanes.net\/index.php?rest_route=\/wp\/v2\/users\/1"}],"replies":[{"embeddable":true,"href":"https:\/\/volcanes.net\/index.php?rest_route=%2Fwp%2Fv2%2Fcomments&post=4015"}],"version-history":[{"count":1,"href":"https:\/\/volcanes.net\/index.php?rest_route=\/wp\/v2\/posts\/4015\/revisions"}],"predecessor-version":[{"id":4016,"href":"https:\/\/volcanes.net\/index.php?rest_route=\/wp\/v2\/posts\/4015\/revisions\/4016"}],"wp:featuredmedia":[{"embeddable":true,"href":"https:\/\/volcanes.net\/index.php?rest_route=\/wp\/v2\/media\/4014"}],"wp:attachment":[{"href":"https:\/\/volcanes.net\/index.php?rest_route=%2Fwp%2Fv2%2Fmedia&parent=4015"}],"wp:term":[{"taxonomy":"category","embeddable":true,"href":"https:\/\/volcanes.net\/index.php?rest_route=%2Fwp%2Fv2%2Fcategories&post=4015"},{"taxonomy":"post_tag","embeddable":true,"href":"https:\/\/volcanes.net\/index.php?rest_route=%2Fwp%2Fv2%2Ftags&post=4015"}],"curies":[{"name":"wp","href":"https:\/\/api.w.org\/{rel}","templated":true}]}}