{"id":4018,"date":"2019-02-08T07:08:26","date_gmt":"2019-02-08T13:08:26","guid":{"rendered":"http:\/\/volcanes.net\/?p=4018"},"modified":"2019-02-08T07:08:26","modified_gmt":"2019-02-08T13:08:26","slug":"solicitara-alcalde-de-neza-pase-gratuito-de-residente-en-casetas-del-circuito-exterior-mexiquense-para-habitantes","status":"publish","type":"post","link":"https:\/\/volcanes.net\/?p=4018","title":{"rendered":"Solicitar\u00e1 alcalde de Neza \u201cpase gratuito de residente\u201d en casetas del circuito exterior mexiquense para habitantes"},"content":{"rendered":"<div style=\"margin-top: 0px; margin-bottom: 0px;\" class=\"sharethis-inline-share-buttons\" ><\/div><p><span style=\"font-size:12pt; line-height:18.3184px; font-family:Arial,sans-serif;\">Para mejorar la movilidad de Nezahualc\u00f3yotl y apoyar la econom\u00eda de sus habitantes, el Cabildo de Nezahualc\u00f3yotl aprob\u00f3 por unanimidad, solicitar al Gobernador del Estado de M\u00e9xico, Alfredo del Mazo Maza, a la Secretar\u00eda de Comunicaciones y Transportes estatal y la C\u00e1mara de Diputados mexiquense, el pase gratuito de residencia para sus habitantes en las casetas de cobro T3, A6 y A7 del Circuito Exterior Mexiquense, toda vez que su pago es sumamente gravoso para quienes deben trasladarse de la zona norte a la centro de la ciudad y viceversa, as\u00ed lo inform\u00f3 el presidente municipal Juan Hugo de la Rosa Garc\u00eda.<\/span><\/p>\n<p class=\"MsoNormal\" style=\"color:rgb(0,0,0); font-style:normal; font-variant-ligatures:normal; font-variant-caps:normal; font-weight:400; letter-spacing:normal; orphans:2text-indent:0px; text-transform:none; white-space:normal; widows:2; word-spacing:0px; -webkit-text-stroke-width:0px; text-decoration-style:initial; text-decoration-color:initial; margin:0cm0cm8pt; line-height:16.7919px; font-size:11pt; font-family:Calibri,sans-serif; text-align:left;\"><span style=\"font-size:12pt; line-height:18.3184px; font-family:Arial,sans-serif;\"> <\/span><\/p>\n<p class=\"MsoNormal\" style=\"color:rgb(0,0,0); font-style:normal; font-variant-ligatures:normal; font-variant-caps:normal; font-weight:400; letter-spacing:normal; orphans:2text-indent:0px; text-transform:none; white-space:normal; widows:2; word-spacing:0px; -webkit-text-stroke-width:0px; text-decoration-style:initial; text-decoration-color:initial; margin:0cm0cm8pt; line-height:16.7919px; font-size:11pt; font-family:Calibri,sans-serif; text-align:left;\"><span style=\"font-size:12pt; line-height:18.3184px; font-family:Arial,sans-serif;\"> El alcalde precis\u00f3 que la acci\u00f3n responde a la responsabilidad que tiene el Cabildo de atender las demandas de la poblaci\u00f3n, la cual tras las afectaciones que dejaron los sismos de septiembre de 2017 y provocaron el cierre del puente vehicular que cruza avenida Perif\u00e9rico Oriente sobre el brazo derecho del R\u00edo Churubusco no tiene mayor opci\u00f3n que tomar la v\u00eda de cuota para trasladarse a la zona norte o centro y as\u00ed evitar asentamientos vehiculares que incrementan los tiempos de traslado hasta por m\u00e1s de dos horas.<\/span><\/p>\n<p class=\"MsoNormal\" style=\"color:rgb(0,0,0); font-style:normal; font-variant-ligatures:normal; font-variant-caps:normal; font-weight:400; letter-spacing:normal; orphans:2text-indent:0px; text-transform:none; white-space:normal; widows:2; word-spacing:0px; -webkit-text-stroke-width:0px; text-decoration-style:initial; text-decoration-color:initial; margin:0cm0cm8pt; line-height:16.7919px; font-size:11pt; font-family:Calibri,sans-serif; text-align:left;\"><span style=\"font-size:12pt; line-height:18.3184px; font-family:Arial,sans-serif;\"> <\/span><\/p>\n<p class=\"MsoNormal\" style=\"color:rgb(0,0,0); font-style:normal; font-variant-ligatures:normal; font-variant-caps:normal; font-weight:400; letter-spacing:normal; orphans:2text-indent:0px; text-transform:none; white-space:normal; widows:2; word-spacing:0px; -webkit-text-stroke-width:0px; text-decoration-style:initial; text-decoration-color:initial; margin:0cm0cm8pt; line-height:16.7919px; font-size:11pt; font-family:Calibri,sans-serif; text-align:left;\"><span style=\"font-size:12pt; line-height:18.3184px; font-family:Arial,sans-serif;\">De la Rosa Garc\u00eda se\u00f1al\u00f3 que, en promedio un residente del municipio gasta 88 pesos por recorrer una distancia aproximada de 12 kil\u00f3metros, cifra que coloca a esta vialidad dentro de las m\u00e1s caras del pa\u00eds, a pesar de que la empresa espa\u00f1ola OHL encargada de administrar esta v\u00eda de comunicaci\u00f3n, no brinda un servicio de calidad e incumple varias de las reglas de operaci\u00f3n establecidas, por lo que incluso deber\u00eda considerarse, en un momento dado, el retiro de la concesi\u00f3n.<\/span><\/p>\n<p class=\"MsoNormal\" style=\"color:rgb(0,0,0); font-style:normal; font-variant-ligatures:normal; font-variant-caps:normal; font-weight:400; letter-spacing:normal; orphans:2text-indent:0px; text-transform:none; white-space:normal; widows:2; word-spacing:0px; -webkit-text-stroke-width:0px; text-decoration-style:initial; text-decoration-color:initial; margin:0cm0cm8pt; line-height:16.7919px; font-size:11pt; font-family:Calibri,sans-serif; text-align:left;\"><span style=\"font-size:12pt; line-height:18.3184px; font-family:Arial,sans-serif;\"> <\/span><\/p>\n<p class=\"MsoNormal\" style=\"color:rgb(0,0,0); font-style:normal; font-variant-ligatures:normal; font-variant-caps:normal; font-weight:400; letter-spacing:normal; orphans:2text-indent:0px; text-transform:none; white-space:normal; widows:2; word-spacing:0px; -webkit-text-stroke-width:0px; text-decoration-style:initial; text-decoration-color:initial; margin:0cm0cm8pt; line-height:16.7919px; font-size:11pt; font-family:Calibri,sans-serif; text-align:left;\"><span style=\"font-size:12pt; line-height:18.3184px; font-family:Arial,sans-serif;\">Resalt\u00f3 que, por su parte el Gobierno municipal ha buscado agilizar los traslados por las v\u00edas libres, contribuyendo especialmente a facilitar el tr\u00e1nsito en el Perif\u00e9rico Oriente, como la implementaci\u00f3n de m\u00e1s de 2 km de un carril en contraflujo en el cuerpo poniente (sentido norte-sur), el mantenimiento preventivo y diversas adecuaciones.<\/span><\/p>\n<p class=\"MsoNormal\" style=\"color:rgb(0,0,0); font-style:normal; font-variant-ligatures:normal; font-variant-caps:normal; font-weight:400; letter-spacing:normal; orphans:2text-indent:0px; text-transform:none; white-space:normal; widows:2; word-spacing:0px; -webkit-text-stroke-width:0px; text-decoration-style:initial; text-decoration-color:initial; margin:0cm0cm8pt; line-height:16.7919px; font-size:11pt; font-family:Calibri,sans-serif; text-align:left;\"><span style=\"font-size:12pt; line-height:18.3184px; font-family:Arial,sans-serif;\"> <\/span><\/p>\n<p class=\"MsoNormal\" style=\"color:rgb(0,0,0); font-style:normal; font-variant-ligatures:normal; font-variant-caps:normal; font-weight:400; letter-spacing:normal; orphans:2text-indent:0px; text-transform:none; white-space:normal; widows:2; word-spacing:0px; -webkit-text-stroke-width:0px; text-decoration-style:initial; text-decoration-color:initial; margin:0cm0cm8pt; line-height:16.7919px; font-size:11pt; font-family:Calibri,sans-serif; text-align:left;\"><span style=\"font-size:12pt; line-height:18.3184px; font-family:Arial,sans-serif;\">Indic\u00f3 que, a pesar de ello y dado que la Junta Local de Caminos del Estado de M\u00e9xico, organismo encargado del Perif\u00e9rico Oriente y su brazo derecho del R\u00edo Churubusco, no ha logrado concluir su reparaci\u00f3n, se motiva y funda la solicitud de otorgar el libre tr\u00e1nsito a los ciudadanos del municipio, pues es su derecho la libre movilidad en su ciudad.  <\/span><\/p>\n<p class=\"MsoNormal\" style=\"color:rgb(0,0,0); font-style:normal; font-variant-ligatures:normal; font-variant-caps:normal; font-weight:400; letter-spacing:normal; orphans:2text-indent:0px; text-transform:none; white-space:normal; widows:2; word-spacing:0px; -webkit-text-stroke-width:0px; text-decoration-style:initial; text-decoration-color:initial; margin:0cm0cm8pt; line-height:16.7919px; font-size:11pt; font-family:Calibri,sans-serif; text-align:left;\"><span style=\"font-size:12pt; line-height:18.3184px; font-family:Arial,sans-serif;\"> <\/span><\/p>\n<p class=\"MsoNormal\" style=\"color:rgb(0,0,0); font-style:normal; font-variant-ligatures:normal; font-variant-caps:normal; font-weight:400; letter-spacing:normal; orphans:2text-indent:0px; text-transform:none; white-space:normal; widows:2; word-spacing:0px; -webkit-text-stroke-width:0px; text-decoration-style:initial; text-decoration-color:initial; margin:0cm0cm8pt; line-height:16.7919px; font-size:11pt; font-family:Calibri,sans-serif; text-align:left;\"><span style=\"font-size:12pt; line-height:18.3184px; font-family:Arial,sans-serif;\">Para finalizar, el presidente municipal Juan Hugo de la Rosa Garc\u00eda confi\u00f3 en la sensibilidad del gobernador del estado Alfredo del Mazo, la Legislatura local y las dependencias involucradas para atender su solicitud, al tiempo de comprometerse junto con todos los ediles a realizar las acciones necesarias para lograr el libre tr\u00e1nsito en el Circuito Exterior Mexiquense para los nezatlenses.<\/span><\/p>\n","protected":false},"excerpt":{"rendered":"<p>Para mejorar la movilidad de Nezahualc\u00f3yotl y apoyar la econom\u00eda de sus habitantes, el Cabildo<\/p>\n","protected":false},"author":1,"featured_media":4017,"comment_status":"open","ping_status":"open","sticky":false,"template":"","format":"standard","meta":{"footnotes":""},"categories":[1],"tags":[21],"class_list":["post-4018","post","type-post","status-publish","format-standard","has-post-thumbnail","hentry","category-municipales","tag-nezahualcoyotl"],"yoast_head":"<!-- This site is optimized with the Yoast SEO plugin v25.3 - https:\/\/yoast.com\/wordpress\/plugins\/seo\/ -->\n<title>Solicitar\u00e1 alcalde de Neza \u201cpase gratuito de residente\u201d en casetas del circuito exterior mexiquense para habitantes - Volcanes<\/title>\n<meta name=\"robots\" content=\"index, follow, max-snippet:-1, max-image-preview:large, max-video-preview:-1\" \/>\n<link rel=\"canonical\" href=\"https:\/\/volcanes.net\/?p=4018\" \/>\n<meta property=\"og:locale\" content=\"es_MX\" \/>\n<meta property=\"og:type\" content=\"article\" \/>\n<meta property=\"og:title\" content=\"Solicitar\u00e1 alcalde de Neza \u201cpase gratuito de residente\u201d en casetas del circuito exterior mexiquense para habitantes - Volcanes\" \/>\n<meta property=\"og:description\" content=\"Para mejorar la movilidad de Nezahualc\u00f3yotl y apoyar la econom\u00eda de sus habitantes, el Cabildo\" \/>\n<meta property=\"og:url\" content=\"https:\/\/volcanes.net\/?p=4018\" \/>\n<meta property=\"og:site_name\" content=\"Volcanes\" \/>\n<meta property=\"article:publisher\" content=\"https:\/\/www.facebook.com\/volcanes.net\/\" \/>\n<meta property=\"article:published_time\" content=\"2019-02-08T13:08:26+00:00\" \/>\n<meta property=\"og:image\" content=\"https:\/\/volcanes.net\/wp-content\/uploads\/2019\/02\/154963127821292.jpeg\" \/>\n\t<meta property=\"og:image:width\" content=\"640\" \/>\n\t<meta property=\"og:image:height\" content=\"485\" \/>\n\t<meta property=\"og:image:type\" content=\"image\/jpeg\" \/>\n<meta name=\"author\" content=\"admin\" \/>\n<meta name=\"twitter:card\" content=\"summary_large_image\" \/>\n<meta name=\"twitter:label1\" content=\"Escrito por\" \/>\n\t<meta name=\"twitter:data1\" content=\"admin\" \/>\n\t<meta name=\"twitter:label2\" content=\"Tiempo de lectura\" \/>\n\t<meta name=\"twitter:data2\" content=\"2 minutos\" \/>\n<script type=\"application\/ld+json\" class=\"yoast-schema-graph\">{\"@context\":\"https:\/\/schema.org\",\"@graph\":[{\"@type\":\"Article\",\"@id\":\"https:\/\/volcanes.net\/?p=4018#article\",\"isPartOf\":{\"@id\":\"https:\/\/volcanes.net\/?p=4018\"},\"author\":{\"name\":\"admin\",\"@id\":\"https:\/\/volcanes.net\/#\/schema\/person\/4bf0f383940966a4abd53f5048c0e6b9\"},\"headline\":\"Solicitar\u00e1 alcalde de Neza \u201cpase gratuito de residente\u201d en casetas del circuito exterior mexiquense para habitantes\",\"datePublished\":\"2019-02-08T13:08:26+00:00\",\"mainEntityOfPage\":{\"@id\":\"https:\/\/volcanes.net\/?p=4018\"},\"wordCount\":494,\"commentCount\":0,\"publisher\":{\"@id\":\"https:\/\/volcanes.net\/#organization\"},\"image\":{\"@id\":\"https:\/\/volcanes.net\/?p=4018#primaryimage\"},\"thumbnailUrl\":\"https:\/\/volcanes.net\/wp-content\/uploads\/2019\/02\/154963127821292.jpeg\",\"keywords\":[\"Nezahualc\u00f3yotl\"],\"articleSection\":[\"Municipales\"],\"inLanguage\":\"es\",\"potentialAction\":[{\"@type\":\"CommentAction\",\"name\":\"Comment\",\"target\":[\"https:\/\/volcanes.net\/?p=4018#respond\"]}]},{\"@type\":\"WebPage\",\"@id\":\"https:\/\/volcanes.net\/?p=4018\",\"url\":\"https:\/\/volcanes.net\/?p=4018\",\"name\":\"Solicitar\u00e1 alcalde de Neza \u201cpase gratuito de residente\u201d en casetas del circuito exterior mexiquense para habitantes - Volcanes\",\"isPartOf\":{\"@id\":\"https:\/\/volcanes.net\/#website\"},\"primaryImageOfPage\":{\"@id\":\"https:\/\/volcanes.net\/?p=4018#primaryimage\"},\"image\":{\"@id\":\"https:\/\/volcanes.net\/?p=4018#primaryimage\"},\"thumbnailUrl\":\"https:\/\/volcanes.net\/wp-content\/uploads\/2019\/02\/154963127821292.jpeg\",\"datePublished\":\"2019-02-08T13:08:26+00:00\",\"breadcrumb\":{\"@id\":\"https:\/\/volcanes.net\/?p=4018#breadcrumb\"},\"inLanguage\":\"es\",\"potentialAction\":[{\"@type\":\"ReadAction\",\"target\":[\"https:\/\/volcanes.net\/?p=4018\"]}]},{\"@type\":\"ImageObject\",\"inLanguage\":\"es\",\"@id\":\"https:\/\/volcanes.net\/?p=4018#primaryimage\",\"url\":\"https:\/\/volcanes.net\/wp-content\/uploads\/2019\/02\/154963127821292.jpeg\",\"contentUrl\":\"https:\/\/volcanes.net\/wp-content\/uploads\/2019\/02\/154963127821292.jpeg\",\"width\":640,\"height\":485},{\"@type\":\"BreadcrumbList\",\"@id\":\"https:\/\/volcanes.net\/?p=4018#breadcrumb\",\"itemListElement\":[{\"@type\":\"ListItem\",\"position\":1,\"name\":\"Portada\",\"item\":\"https:\/\/volcanes.net\/\"},{\"@type\":\"ListItem\",\"position\":2,\"name\":\"Solicitar\u00e1 alcalde de Neza \u201cpase gratuito de residente\u201d en casetas del circuito exterior mexiquense para habitantes\"}]},{\"@type\":\"WebSite\",\"@id\":\"https:\/\/volcanes.net\/#website\",\"url\":\"https:\/\/volcanes.net\/\",\"name\":\"Volcanes.Net\",\"description\":\"Periodismo Profesional\",\"publisher\":{\"@id\":\"https:\/\/volcanes.net\/#organization\"},\"potentialAction\":[{\"@type\":\"SearchAction\",\"target\":{\"@type\":\"EntryPoint\",\"urlTemplate\":\"https:\/\/volcanes.net\/?s={search_term_string}\"},\"query-input\":{\"@type\":\"PropertyValueSpecification\",\"valueRequired\":true,\"valueName\":\"search_term_string\"}}],\"inLanguage\":\"es\"},{\"@type\":\"Organization\",\"@id\":\"https:\/\/volcanes.net\/#organization\",\"name\":\"Grupo Volcanes\",\"url\":\"https:\/\/volcanes.net\/\",\"logo\":{\"@type\":\"ImageObject\",\"inLanguage\":\"es\",\"@id\":\"https:\/\/volcanes.net\/#\/schema\/logo\/image\/\",\"url\":\"http:\/\/volcanes.net\/wp-content\/uploads\/2017\/12\/Avatar2.jpg\",\"contentUrl\":\"http:\/\/volcanes.net\/wp-content\/uploads\/2017\/12\/Avatar2.jpg\",\"width\":378,\"height\":378,\"caption\":\"Grupo Volcanes\"},\"image\":{\"@id\":\"https:\/\/volcanes.net\/#\/schema\/logo\/image\/\"},\"sameAs\":[\"https:\/\/www.facebook.com\/volcanes.net\/\"]},{\"@type\":\"Person\",\"@id\":\"https:\/\/volcanes.net\/#\/schema\/person\/4bf0f383940966a4abd53f5048c0e6b9\",\"name\":\"admin\",\"image\":{\"@type\":\"ImageObject\",\"inLanguage\":\"es\",\"@id\":\"https:\/\/volcanes.net\/#\/schema\/person\/image\/\",\"url\":\"https:\/\/secure.gravatar.com\/avatar\/ca004e6cba8462b8cb7abc86e382930c?s=96&d=mm&r=g\",\"contentUrl\":\"https:\/\/secure.gravatar.com\/avatar\/ca004e6cba8462b8cb7abc86e382930c?s=96&d=mm&r=g\",\"caption\":\"admin\"}}]}<\/script>\n<!-- \/ Yoast SEO plugin. -->","yoast_head_json":{"title":"Solicitar\u00e1 alcalde de Neza \u201cpase gratuito de residente\u201d en casetas del circuito exterior mexiquense para habitantes - Volcanes","robots":{"index":"index","follow":"follow","max-snippet":"max-snippet:-1","max-image-preview":"max-image-preview:large","max-video-preview":"max-video-preview:-1"},"canonical":"https:\/\/volcanes.net\/?p=4018","og_locale":"es_MX","og_type":"article","og_title":"Solicitar\u00e1 alcalde de Neza \u201cpase gratuito de residente\u201d en casetas del circuito exterior mexiquense para habitantes - Volcanes","og_description":"Para mejorar la movilidad de Nezahualc\u00f3yotl y apoyar la econom\u00eda de sus habitantes, el Cabildo","og_url":"https:\/\/volcanes.net\/?p=4018","og_site_name":"Volcanes","article_publisher":"https:\/\/www.facebook.com\/volcanes.net\/","article_published_time":"2019-02-08T13:08:26+00:00","og_image":[{"width":640,"height":485,"url":"https:\/\/volcanes.net\/wp-content\/uploads\/2019\/02\/154963127821292.jpeg","type":"image\/jpeg"}],"author":"admin","twitter_card":"summary_large_image","twitter_misc":{"Escrito por":"admin","Tiempo de lectura":"2 minutos"},"schema":{"@context":"https:\/\/schema.org","@graph":[{"@type":"Article","@id":"https:\/\/volcanes.net\/?p=4018#article","isPartOf":{"@id":"https:\/\/volcanes.net\/?p=4018"},"author":{"name":"admin","@id":"https:\/\/volcanes.net\/#\/schema\/person\/4bf0f383940966a4abd53f5048c0e6b9"},"headline":"Solicitar\u00e1 alcalde de Neza \u201cpase gratuito de residente\u201d en casetas del circuito exterior mexiquense para habitantes","datePublished":"2019-02-08T13:08:26+00:00","mainEntityOfPage":{"@id":"https:\/\/volcanes.net\/?p=4018"},"wordCount":494,"commentCount":0,"publisher":{"@id":"https:\/\/volcanes.net\/#organization"},"image":{"@id":"https:\/\/volcanes.net\/?p=4018#primaryimage"},"thumbnailUrl":"https:\/\/volcanes.net\/wp-content\/uploads\/2019\/02\/154963127821292.jpeg","keywords":["Nezahualc\u00f3yotl"],"articleSection":["Municipales"],"inLanguage":"es","potentialAction":[{"@type":"CommentAction","name":"Comment","target":["https:\/\/volcanes.net\/?p=4018#respond"]}]},{"@type":"WebPage","@id":"https:\/\/volcanes.net\/?p=4018","url":"https:\/\/volcanes.net\/?p=4018","name":"Solicitar\u00e1 alcalde de Neza \u201cpase gratuito de residente\u201d en casetas del circuito exterior mexiquense para habitantes - Volcanes","isPartOf":{"@id":"https:\/\/volcanes.net\/#website"},"primaryImageOfPage":{"@id":"https:\/\/volcanes.net\/?p=4018#primaryimage"},"image":{"@id":"https:\/\/volcanes.net\/?p=4018#primaryimage"},"thumbnailUrl":"https:\/\/volcanes.net\/wp-content\/uploads\/2019\/02\/154963127821292.jpeg","datePublished":"2019-02-08T13:08:26+00:00","breadcrumb":{"@id":"https:\/\/volcanes.net\/?p=4018#breadcrumb"},"inLanguage":"es","potentialAction":[{"@type":"ReadAction","target":["https:\/\/volcanes.net\/?p=4018"]}]},{"@type":"ImageObject","inLanguage":"es","@id":"https:\/\/volcanes.net\/?p=4018#primaryimage","url":"https:\/\/volcanes.net\/wp-content\/uploads\/2019\/02\/154963127821292.jpeg","contentUrl":"https:\/\/volcanes.net\/wp-content\/uploads\/2019\/02\/154963127821292.jpeg","width":640,"height":485},{"@type":"BreadcrumbList","@id":"https:\/\/volcanes.net\/?p=4018#breadcrumb","itemListElement":[{"@type":"ListItem","position":1,"name":"Portada","item":"https:\/\/volcanes.net\/"},{"@type":"ListItem","position":2,"name":"Solicitar\u00e1 alcalde de Neza \u201cpase gratuito de residente\u201d en casetas del circuito exterior mexiquense para habitantes"}]},{"@type":"WebSite","@id":"https:\/\/volcanes.net\/#website","url":"https:\/\/volcanes.net\/","name":"Volcanes.Net","description":"Periodismo Profesional","publisher":{"@id":"https:\/\/volcanes.net\/#organization"},"potentialAction":[{"@type":"SearchAction","target":{"@type":"EntryPoint","urlTemplate":"https:\/\/volcanes.net\/?s={search_term_string}"},"query-input":{"@type":"PropertyValueSpecification","valueRequired":true,"valueName":"search_term_string"}}],"inLanguage":"es"},{"@type":"Organization","@id":"https:\/\/volcanes.net\/#organization","name":"Grupo Volcanes","url":"https:\/\/volcanes.net\/","logo":{"@type":"ImageObject","inLanguage":"es","@id":"https:\/\/volcanes.net\/#\/schema\/logo\/image\/","url":"http:\/\/volcanes.net\/wp-content\/uploads\/2017\/12\/Avatar2.jpg","contentUrl":"http:\/\/volcanes.net\/wp-content\/uploads\/2017\/12\/Avatar2.jpg","width":378,"height":378,"caption":"Grupo Volcanes"},"image":{"@id":"https:\/\/volcanes.net\/#\/schema\/logo\/image\/"},"sameAs":["https:\/\/www.facebook.com\/volcanes.net\/"]},{"@type":"Person","@id":"https:\/\/volcanes.net\/#\/schema\/person\/4bf0f383940966a4abd53f5048c0e6b9","name":"admin","image":{"@type":"ImageObject","inLanguage":"es","@id":"https:\/\/volcanes.net\/#\/schema\/person\/image\/","url":"https:\/\/secure.gravatar.com\/avatar\/ca004e6cba8462b8cb7abc86e382930c?s=96&d=mm&r=g","contentUrl":"https:\/\/secure.gravatar.com\/avatar\/ca004e6cba8462b8cb7abc86e382930c?s=96&d=mm&r=g","caption":"admin"}}]}},"_links":{"self":[{"href":"https:\/\/volcanes.net\/index.php?rest_route=\/wp\/v2\/posts\/4018"}],"collection":[{"href":"https:\/\/volcanes.net\/index.php?rest_route=\/wp\/v2\/posts"}],"about":[{"href":"https:\/\/volcanes.net\/index.php?rest_route=\/wp\/v2\/types\/post"}],"author":[{"embeddable":true,"href":"https:\/\/volcanes.net\/index.php?rest_route=\/wp\/v2\/users\/1"}],"replies":[{"embeddable":true,"href":"https:\/\/volcanes.net\/index.php?rest_route=%2Fwp%2Fv2%2Fcomments&post=4018"}],"version-history":[{"count":1,"href":"https:\/\/volcanes.net\/index.php?rest_route=\/wp\/v2\/posts\/4018\/revisions"}],"predecessor-version":[{"id":4019,"href":"https:\/\/volcanes.net\/index.php?rest_route=\/wp\/v2\/posts\/4018\/revisions\/4019"}],"wp:featuredmedia":[{"embeddable":true,"href":"https:\/\/volcanes.net\/index.php?rest_route=\/wp\/v2\/media\/4017"}],"wp:attachment":[{"href":"https:\/\/volcanes.net\/index.php?rest_route=%2Fwp%2Fv2%2Fmedia&parent=4018"}],"wp:term":[{"taxonomy":"category","embeddable":true,"href":"https:\/\/volcanes.net\/index.php?rest_route=%2Fwp%2Fv2%2Fcategories&post=4018"},{"taxonomy":"post_tag","embeddable":true,"href":"https:\/\/volcanes.net\/index.php?rest_route=%2Fwp%2Fv2%2Ftags&post=4018"}],"curies":[{"name":"wp","href":"https:\/\/api.w.org\/{rel}","templated":true}]}}