{"id":4036,"date":"2019-02-11T11:45:00","date_gmt":"2019-02-11T17:45:00","guid":{"rendered":"http:\/\/volcanes.net\/?p=4036"},"modified":"2019-02-11T11:52:55","modified_gmt":"2019-02-11T17:52:55","slug":"estudiantes-de-uaem-participaran-en-rally-del-festival-internacional-de-cine-de-guanajuato","status":"publish","type":"post","link":"https:\/\/volcanes.net\/?p=4036","title":{"rendered":"Estudiantes de UAEM participar\u00e1n en rally del  Festival Internacional de Cine de Guanajuato"},"content":{"rendered":"<div style=\"margin-top: 0px; margin-bottom: 0px;\" class=\"sharethis-inline-share-buttons\" ><\/div><p style=\"font-weight: 400;\"><em>El proyecto de \u201cEl sorprendente S\u00e1nchez\u201d fue seleccionado de entre m\u00e1s de 150 proyectos de estudiantes de instituciones de educaci\u00f3n superior de todo el pa\u00eds.<\/em><\/p>\n<p style=\"font-weight: 400;\">Con el proyecto para desarrollar el cortometraje \u201cEl sorprendente S\u00e1nchez\u201d, un equipo conformado por 10 estudiantes de la Escuela de Artes Esc\u00e9nicas de la Universidad Aut\u00f3noma del Estado de M\u00e9xico fue seleccionado para participar en el\u00a0XI Rally Universitario del XXII Festival Internacional de Cine de Guanajuato, que se llevar\u00e1 a cabo del\u00a019 al 28 de julio de 2019\u00a0en las ciudades de\u00a0San Miguel de Allende\u00a0y\u00a0Guanajuato.<\/p>\n<p style=\"font-weight: 400;\">En entrevista, Jorge Luis Rojas Hern\u00e1ndez, alumno de la Licenciatura en Estudios Cinematogr\u00e1ficos, inform\u00f3 que su trabajo fue seleccionado de entre m\u00e1s de 150 proyectos de estudiantes de instituciones de educaci\u00f3n superior de todo el pa\u00eds.<\/p>\n<p style=\"font-weight: 400;\">Precis\u00f3 que \u00fanicamente cinco equipos tendr\u00e1n la oportunidad de realizar su cortometraje en un tiempo l\u00edmite de 48 horas y que su producci\u00f3n trata sobre un joven que trabaja en un call center y es aficionado a los c\u00f3mics. \u201cEn su intento de salir de su cotidianidad, asiste a un casting en el que se buscan superh\u00e9roes\u201d.<\/p>\n<p style=\"font-weight: 400;\">Rojas Hern\u00e1ndez detall\u00f3 que al igual que el resto de los seleccionados, ser\u00e1n capacitados por parte de expertos en diversos temas, en la Ciudad de M\u00e9xico, Guanajuato y San Miguel de Allende.<\/p>\n<p style=\"font-weight: 400;\">\u201cTomaremos m\u00e1s de 28 talleres, en los que tendremos la oportunidad de aprender m\u00e1s sobre fotograf\u00eda, producci\u00f3n cinematogr\u00e1fica y hasta estrategias para recaudar fondos para nuestro proyecto\u201d.<\/p>\n<p style=\"font-weight: 400;\">Es la primera ocasi\u00f3n, subray\u00f3, que la m\u00e1xima casa de estudios mexiquense participa en este rally. \u201cEs un gran orgullo haber superado las fases anteriores y tener la oportunidad de mostrar nuestro talento\u201d.<\/p>\n<p style=\"font-weight: 400;\">Finalmente, Jorge Luis Rojas Hern\u00e1ndez resalt\u00f3 que el pr\u00f3ximo 19 de febrero iniciar\u00e1n una campa\u00f1a publicitaria, a trav\u00e9s de la plataforma Kickstarter, con el objetivo de, durante un mes, recaudar fondos para su proyecto.<\/p>\n<p style=\"font-weight: 400;\">\n","protected":false},"excerpt":{"rendered":"<p>El proyecto de \u201cEl sorprendente S\u00e1nchez\u201d fue seleccionado de entre m\u00e1s de 150 proyectos de<\/p>\n","protected":false},"author":1,"featured_media":4040,"comment_status":"open","ping_status":"open","sticky":false,"template":"","format":"standard","meta":{"footnotes":""},"categories":[1],"tags":[25],"class_list":["post-4036","post","type-post","status-publish","format-standard","has-post-thumbnail","hentry","category-municipales","tag-uaem"],"yoast_head":"<!-- This site is optimized with the Yoast SEO plugin v25.3 - https:\/\/yoast.com\/wordpress\/plugins\/seo\/ -->\n<title>Estudiantes de UAEM participar\u00e1n en rally del Festival Internacional de Cine de Guanajuato - Volcanes<\/title>\n<meta name=\"robots\" content=\"index, follow, max-snippet:-1, max-image-preview:large, max-video-preview:-1\" \/>\n<link rel=\"canonical\" href=\"https:\/\/volcanes.net\/?p=4036\" \/>\n<meta property=\"og:locale\" content=\"es_MX\" \/>\n<meta property=\"og:type\" content=\"article\" \/>\n<meta property=\"og:title\" content=\"Estudiantes de UAEM participar\u00e1n en rally del Festival Internacional de Cine de Guanajuato - Volcanes\" \/>\n<meta property=\"og:description\" content=\"El proyecto de \u201cEl sorprendente S\u00e1nchez\u201d fue seleccionado de entre m\u00e1s de 150 proyectos de\" \/>\n<meta property=\"og:url\" content=\"https:\/\/volcanes.net\/?p=4036\" \/>\n<meta property=\"og:site_name\" content=\"Volcanes\" \/>\n<meta property=\"article:publisher\" content=\"https:\/\/www.facebook.com\/volcanes.net\/\" \/>\n<meta property=\"article:published_time\" content=\"2019-02-11T17:45:00+00:00\" \/>\n<meta property=\"article:modified_time\" content=\"2019-02-11T17:52:55+00:00\" \/>\n<meta property=\"og:image\" content=\"https:\/\/volcanes.net\/wp-content\/uploads\/2019\/02\/comun-0104-12-1.jpg\" \/>\n\t<meta property=\"og:image:width\" content=\"299\" \/>\n\t<meta property=\"og:image:height\" content=\"448\" \/>\n\t<meta property=\"og:image:type\" content=\"image\/jpeg\" \/>\n<meta name=\"author\" content=\"admin\" \/>\n<meta name=\"twitter:card\" content=\"summary_large_image\" \/>\n<meta name=\"twitter:label1\" content=\"Escrito por\" \/>\n\t<meta name=\"twitter:data1\" content=\"admin\" \/>\n\t<meta name=\"twitter:label2\" content=\"Tiempo de lectura\" \/>\n\t<meta name=\"twitter:data2\" content=\"2 minutos\" \/>\n<script type=\"application\/ld+json\" class=\"yoast-schema-graph\">{\"@context\":\"https:\/\/schema.org\",\"@graph\":[{\"@type\":\"Article\",\"@id\":\"https:\/\/volcanes.net\/?p=4036#article\",\"isPartOf\":{\"@id\":\"https:\/\/volcanes.net\/?p=4036\"},\"author\":{\"name\":\"admin\",\"@id\":\"https:\/\/volcanes.net\/#\/schema\/person\/4bf0f383940966a4abd53f5048c0e6b9\"},\"headline\":\"Estudiantes de UAEM participar\u00e1n en rally del Festival Internacional de Cine de Guanajuato\",\"datePublished\":\"2019-02-11T17:45:00+00:00\",\"dateModified\":\"2019-02-11T17:52:55+00:00\",\"mainEntityOfPage\":{\"@id\":\"https:\/\/volcanes.net\/?p=4036\"},\"wordCount\":352,\"commentCount\":0,\"publisher\":{\"@id\":\"https:\/\/volcanes.net\/#organization\"},\"image\":{\"@id\":\"https:\/\/volcanes.net\/?p=4036#primaryimage\"},\"thumbnailUrl\":\"https:\/\/volcanes.net\/wp-content\/uploads\/2019\/02\/comun-0104-12-1.jpg\",\"keywords\":[\"UAEM\"],\"articleSection\":[\"Municipales\"],\"inLanguage\":\"es\",\"potentialAction\":[{\"@type\":\"CommentAction\",\"name\":\"Comment\",\"target\":[\"https:\/\/volcanes.net\/?p=4036#respond\"]}]},{\"@type\":\"WebPage\",\"@id\":\"https:\/\/volcanes.net\/?p=4036\",\"url\":\"https:\/\/volcanes.net\/?p=4036\",\"name\":\"Estudiantes de UAEM participar\u00e1n en rally del Festival Internacional de Cine de Guanajuato - Volcanes\",\"isPartOf\":{\"@id\":\"https:\/\/volcanes.net\/#website\"},\"primaryImageOfPage\":{\"@id\":\"https:\/\/volcanes.net\/?p=4036#primaryimage\"},\"image\":{\"@id\":\"https:\/\/volcanes.net\/?p=4036#primaryimage\"},\"thumbnailUrl\":\"https:\/\/volcanes.net\/wp-content\/uploads\/2019\/02\/comun-0104-12-1.jpg\",\"datePublished\":\"2019-02-11T17:45:00+00:00\",\"dateModified\":\"2019-02-11T17:52:55+00:00\",\"breadcrumb\":{\"@id\":\"https:\/\/volcanes.net\/?p=4036#breadcrumb\"},\"inLanguage\":\"es\",\"potentialAction\":[{\"@type\":\"ReadAction\",\"target\":[\"https:\/\/volcanes.net\/?p=4036\"]}]},{\"@type\":\"ImageObject\",\"inLanguage\":\"es\",\"@id\":\"https:\/\/volcanes.net\/?p=4036#primaryimage\",\"url\":\"https:\/\/volcanes.net\/wp-content\/uploads\/2019\/02\/comun-0104-12-1.jpg\",\"contentUrl\":\"https:\/\/volcanes.net\/wp-content\/uploads\/2019\/02\/comun-0104-12-1.jpg\",\"width\":299,\"height\":448},{\"@type\":\"BreadcrumbList\",\"@id\":\"https:\/\/volcanes.net\/?p=4036#breadcrumb\",\"itemListElement\":[{\"@type\":\"ListItem\",\"position\":1,\"name\":\"Portada\",\"item\":\"https:\/\/volcanes.net\/\"},{\"@type\":\"ListItem\",\"position\":2,\"name\":\"Estudiantes de UAEM participar\u00e1n en rally del Festival Internacional de Cine de Guanajuato\"}]},{\"@type\":\"WebSite\",\"@id\":\"https:\/\/volcanes.net\/#website\",\"url\":\"https:\/\/volcanes.net\/\",\"name\":\"Volcanes.Net\",\"description\":\"Periodismo Profesional\",\"publisher\":{\"@id\":\"https:\/\/volcanes.net\/#organization\"},\"potentialAction\":[{\"@type\":\"SearchAction\",\"target\":{\"@type\":\"EntryPoint\",\"urlTemplate\":\"https:\/\/volcanes.net\/?s={search_term_string}\"},\"query-input\":{\"@type\":\"PropertyValueSpecification\",\"valueRequired\":true,\"valueName\":\"search_term_string\"}}],\"inLanguage\":\"es\"},{\"@type\":\"Organization\",\"@id\":\"https:\/\/volcanes.net\/#organization\",\"name\":\"Grupo Volcanes\",\"url\":\"https:\/\/volcanes.net\/\",\"logo\":{\"@type\":\"ImageObject\",\"inLanguage\":\"es\",\"@id\":\"https:\/\/volcanes.net\/#\/schema\/logo\/image\/\",\"url\":\"http:\/\/volcanes.net\/wp-content\/uploads\/2017\/12\/Avatar2.jpg\",\"contentUrl\":\"http:\/\/volcanes.net\/wp-content\/uploads\/2017\/12\/Avatar2.jpg\",\"width\":378,\"height\":378,\"caption\":\"Grupo Volcanes\"},\"image\":{\"@id\":\"https:\/\/volcanes.net\/#\/schema\/logo\/image\/\"},\"sameAs\":[\"https:\/\/www.facebook.com\/volcanes.net\/\"]},{\"@type\":\"Person\",\"@id\":\"https:\/\/volcanes.net\/#\/schema\/person\/4bf0f383940966a4abd53f5048c0e6b9\",\"name\":\"admin\",\"image\":{\"@type\":\"ImageObject\",\"inLanguage\":\"es\",\"@id\":\"https:\/\/volcanes.net\/#\/schema\/person\/image\/\",\"url\":\"https:\/\/secure.gravatar.com\/avatar\/ca004e6cba8462b8cb7abc86e382930c?s=96&d=mm&r=g\",\"contentUrl\":\"https:\/\/secure.gravatar.com\/avatar\/ca004e6cba8462b8cb7abc86e382930c?s=96&d=mm&r=g\",\"caption\":\"admin\"}}]}<\/script>\n<!-- \/ Yoast SEO plugin. -->","yoast_head_json":{"title":"Estudiantes de UAEM participar\u00e1n en rally del Festival Internacional de Cine de Guanajuato - Volcanes","robots":{"index":"index","follow":"follow","max-snippet":"max-snippet:-1","max-image-preview":"max-image-preview:large","max-video-preview":"max-video-preview:-1"},"canonical":"https:\/\/volcanes.net\/?p=4036","og_locale":"es_MX","og_type":"article","og_title":"Estudiantes de UAEM participar\u00e1n en rally del Festival Internacional de Cine de Guanajuato - Volcanes","og_description":"El proyecto de \u201cEl sorprendente S\u00e1nchez\u201d fue seleccionado de entre m\u00e1s de 150 proyectos de","og_url":"https:\/\/volcanes.net\/?p=4036","og_site_name":"Volcanes","article_publisher":"https:\/\/www.facebook.com\/volcanes.net\/","article_published_time":"2019-02-11T17:45:00+00:00","article_modified_time":"2019-02-11T17:52:55+00:00","og_image":[{"width":299,"height":448,"url":"https:\/\/volcanes.net\/wp-content\/uploads\/2019\/02\/comun-0104-12-1.jpg","type":"image\/jpeg"}],"author":"admin","twitter_card":"summary_large_image","twitter_misc":{"Escrito por":"admin","Tiempo de lectura":"2 minutos"},"schema":{"@context":"https:\/\/schema.org","@graph":[{"@type":"Article","@id":"https:\/\/volcanes.net\/?p=4036#article","isPartOf":{"@id":"https:\/\/volcanes.net\/?p=4036"},"author":{"name":"admin","@id":"https:\/\/volcanes.net\/#\/schema\/person\/4bf0f383940966a4abd53f5048c0e6b9"},"headline":"Estudiantes de UAEM participar\u00e1n en rally del Festival Internacional de Cine de Guanajuato","datePublished":"2019-02-11T17:45:00+00:00","dateModified":"2019-02-11T17:52:55+00:00","mainEntityOfPage":{"@id":"https:\/\/volcanes.net\/?p=4036"},"wordCount":352,"commentCount":0,"publisher":{"@id":"https:\/\/volcanes.net\/#organization"},"image":{"@id":"https:\/\/volcanes.net\/?p=4036#primaryimage"},"thumbnailUrl":"https:\/\/volcanes.net\/wp-content\/uploads\/2019\/02\/comun-0104-12-1.jpg","keywords":["UAEM"],"articleSection":["Municipales"],"inLanguage":"es","potentialAction":[{"@type":"CommentAction","name":"Comment","target":["https:\/\/volcanes.net\/?p=4036#respond"]}]},{"@type":"WebPage","@id":"https:\/\/volcanes.net\/?p=4036","url":"https:\/\/volcanes.net\/?p=4036","name":"Estudiantes de UAEM participar\u00e1n en rally del Festival Internacional de Cine de Guanajuato - Volcanes","isPartOf":{"@id":"https:\/\/volcanes.net\/#website"},"primaryImageOfPage":{"@id":"https:\/\/volcanes.net\/?p=4036#primaryimage"},"image":{"@id":"https:\/\/volcanes.net\/?p=4036#primaryimage"},"thumbnailUrl":"https:\/\/volcanes.net\/wp-content\/uploads\/2019\/02\/comun-0104-12-1.jpg","datePublished":"2019-02-11T17:45:00+00:00","dateModified":"2019-02-11T17:52:55+00:00","breadcrumb":{"@id":"https:\/\/volcanes.net\/?p=4036#breadcrumb"},"inLanguage":"es","potentialAction":[{"@type":"ReadAction","target":["https:\/\/volcanes.net\/?p=4036"]}]},{"@type":"ImageObject","inLanguage":"es","@id":"https:\/\/volcanes.net\/?p=4036#primaryimage","url":"https:\/\/volcanes.net\/wp-content\/uploads\/2019\/02\/comun-0104-12-1.jpg","contentUrl":"https:\/\/volcanes.net\/wp-content\/uploads\/2019\/02\/comun-0104-12-1.jpg","width":299,"height":448},{"@type":"BreadcrumbList","@id":"https:\/\/volcanes.net\/?p=4036#breadcrumb","itemListElement":[{"@type":"ListItem","position":1,"name":"Portada","item":"https:\/\/volcanes.net\/"},{"@type":"ListItem","position":2,"name":"Estudiantes de UAEM participar\u00e1n en rally del Festival Internacional de Cine de Guanajuato"}]},{"@type":"WebSite","@id":"https:\/\/volcanes.net\/#website","url":"https:\/\/volcanes.net\/","name":"Volcanes.Net","description":"Periodismo Profesional","publisher":{"@id":"https:\/\/volcanes.net\/#organization"},"potentialAction":[{"@type":"SearchAction","target":{"@type":"EntryPoint","urlTemplate":"https:\/\/volcanes.net\/?s={search_term_string}"},"query-input":{"@type":"PropertyValueSpecification","valueRequired":true,"valueName":"search_term_string"}}],"inLanguage":"es"},{"@type":"Organization","@id":"https:\/\/volcanes.net\/#organization","name":"Grupo Volcanes","url":"https:\/\/volcanes.net\/","logo":{"@type":"ImageObject","inLanguage":"es","@id":"https:\/\/volcanes.net\/#\/schema\/logo\/image\/","url":"http:\/\/volcanes.net\/wp-content\/uploads\/2017\/12\/Avatar2.jpg","contentUrl":"http:\/\/volcanes.net\/wp-content\/uploads\/2017\/12\/Avatar2.jpg","width":378,"height":378,"caption":"Grupo Volcanes"},"image":{"@id":"https:\/\/volcanes.net\/#\/schema\/logo\/image\/"},"sameAs":["https:\/\/www.facebook.com\/volcanes.net\/"]},{"@type":"Person","@id":"https:\/\/volcanes.net\/#\/schema\/person\/4bf0f383940966a4abd53f5048c0e6b9","name":"admin","image":{"@type":"ImageObject","inLanguage":"es","@id":"https:\/\/volcanes.net\/#\/schema\/person\/image\/","url":"https:\/\/secure.gravatar.com\/avatar\/ca004e6cba8462b8cb7abc86e382930c?s=96&d=mm&r=g","contentUrl":"https:\/\/secure.gravatar.com\/avatar\/ca004e6cba8462b8cb7abc86e382930c?s=96&d=mm&r=g","caption":"admin"}}]}},"_links":{"self":[{"href":"https:\/\/volcanes.net\/index.php?rest_route=\/wp\/v2\/posts\/4036"}],"collection":[{"href":"https:\/\/volcanes.net\/index.php?rest_route=\/wp\/v2\/posts"}],"about":[{"href":"https:\/\/volcanes.net\/index.php?rest_route=\/wp\/v2\/types\/post"}],"author":[{"embeddable":true,"href":"https:\/\/volcanes.net\/index.php?rest_route=\/wp\/v2\/users\/1"}],"replies":[{"embeddable":true,"href":"https:\/\/volcanes.net\/index.php?rest_route=%2Fwp%2Fv2%2Fcomments&post=4036"}],"version-history":[{"count":1,"href":"https:\/\/volcanes.net\/index.php?rest_route=\/wp\/v2\/posts\/4036\/revisions"}],"predecessor-version":[{"id":4038,"href":"https:\/\/volcanes.net\/index.php?rest_route=\/wp\/v2\/posts\/4036\/revisions\/4038"}],"wp:featuredmedia":[{"embeddable":true,"href":"https:\/\/volcanes.net\/index.php?rest_route=\/wp\/v2\/media\/4040"}],"wp:attachment":[{"href":"https:\/\/volcanes.net\/index.php?rest_route=%2Fwp%2Fv2%2Fmedia&parent=4036"}],"wp:term":[{"taxonomy":"category","embeddable":true,"href":"https:\/\/volcanes.net\/index.php?rest_route=%2Fwp%2Fv2%2Fcategories&post=4036"},{"taxonomy":"post_tag","embeddable":true,"href":"https:\/\/volcanes.net\/index.php?rest_route=%2Fwp%2Fv2%2Ftags&post=4036"}],"curies":[{"name":"wp","href":"https:\/\/api.w.org\/{rel}","templated":true}]}}