{"id":4052,"date":"2019-02-11T14:02:35","date_gmt":"2019-02-11T20:02:35","guid":{"rendered":"http:\/\/volcanes.net\/?p=4052"},"modified":"2019-02-11T14:02:35","modified_gmt":"2019-02-11T20:02:35","slug":"ya-fue-vinculado-a-proceso-el-presunto-agresor-de-vanesa","status":"publish","type":"post","link":"https:\/\/volcanes.net\/?p=4052","title":{"rendered":"Ya fue vinculado a proceso el presunto agresor de #Vanesa"},"content":{"rendered":"<div style=\"margin-top: 0px; margin-bottom: 0px;\" class=\"sharethis-inline-share-buttons\" ><\/div><p align=\"center\" style=\"color:rgb(0,0,0); font-family:sans-serif; font-size:12.8px; font-style:normal; font-variant-ligatures:normal; font-variant-caps:normal; font-weight:400; letter-spacing:normal; orphans:2; text-indent:0px; text-transform:none; white-space:normal; widows:2; word-spacing:0px; -webkit-text-stroke-width:0px; text-decoration-style:initial; text-decoration-color:initial; background:white; margin:0pxline-height:20.544px; text-align:center;\"><span lang=\"ES-TRAD\" style=\"margin:0px; line-height:23.54px; font-family:Symbol; font-size:11pt;\"><span style=\"margin:0px;\"><font color=\"#000000\">\u00b7<\/font><span style=\"font:7pt\" timesnewroman\"; margin:0px;\"><font color=\"#000000\">        <\/font><span><font color=\"#000000\"> <\/font><\/span><\/span><\/span><\/span><span lang=\"ES-TRAD\" style=\"margin:0px; line-height:23.54px; font-family:\" gillsansmt\",sans-serif; font-size:11pt;\"><font color=\"#000000\"><i>Este sujeto fue vinculado a proceso por el feminicidio de una joven, quien viajaba a bordo de una unidad de transporte p\u00fablico que cubr\u00eda una ruta desde Cuautla, Morelos, al Estado de M\u00e9xico, el pasado 1 de febrero.<\/i><\/font><\/span><\/p>\n<p style=\"color:rgb(0,0,0); font-family:sans-serif; font-size:12.8px; font-style:normal; font-variant-ligatures:normal; font-variant-caps:normal; font-weight:400; letter-spacing:normal; orphans:2; text-indent:0px; text-transform:none; white-space:normal; widows:2; word-spacing:0px; -webkit-text-stroke-width:0px; text-decoration-style:initial; text-decoration-color:initial; background:white; margin:0pxline-height:20.544px; text-align:left;\"><span style=\"margin:0px; line-height:23.54px; font-family:\" gillsansmt\",sans-serif; font-size:11pt;\"><font color=\"#000000\"><b>Ozumba<\/b><\/font><\/span><span lang=\"ES-TRAD\" style=\"margin:0px; line-height:23.54px; font-family:\" gillsansmt\",sans-serif; font-size:11pt;\"><font color=\"#000000\"><b>, M\u00e9xico, 11 de febrero de 2019.-<\/b><\/font><\/span><span lang=\"ES-TRAD\" style=\"margin:0px; line-height:23.54px; font-family:\" gillsansmt\",sans-serif; font-size:11pt;\"><span><font color=\"#000000\"> <\/font><\/span><font color=\"#000000\">El Agente del Ministerio P\u00fablico de la Fiscal\u00eda Especializada en Feminicidios de la Fiscal\u00eda General de Justicia del Estado de M\u00e9xico (FGJEM) acredit\u00f3 la probable participaci\u00f3n de Ricardo \u201cN\u201d, en la muerte de una joven de 22 a\u00f1os de edad, cuyo cuerpo fue hallado en el municipio de Ozumba, il\u00edcito por el que un Juez del Distrito Judicial de Chalco determin\u00f3 iniciar un proceso legal en su contra.<\/font><span style=\"margin:0px;\"><font color=\"#000000\"> <\/font><span><font color=\"#000000\"> <\/font><\/span><\/span><span style=\"margin:0px;\"><font color=\"#000000\"> <\/font><\/span><\/span><\/p>\n<p style=\"color:rgb(0,0,0); font-family:sans-serif; font-size:12.8px; font-style:normal; font-variant-ligatures:normal; font-variant-caps:normal; font-weight:400; letter-spacing:normal; orphans:2; text-indent:0px; text-transform:none; white-space:normal; widows:2; word-spacing:0px; -webkit-text-stroke-width:0px; text-decoration-style:initial; text-decoration-color:initial; background:white; margin:0pxline-height:20.544px; text-align:left;\"><span lang=\"ES-TRAD\" style=\"margin:0px; line-height:23.54px; font-family:\" gillsansmt\",sans-serif; font-size:11pt;\"><span style=\"margin:0px;\"><font color=\"#000000\">           <\/font><span><font color=\"#000000\"> <\/font><\/span><\/span><font color=\"#000000\">De acuerdo con las investigaciones realizadas por personal de esta Instituci\u00f3n, se pudo establecer que el pasado 1 de febrero, la v\u00edctima abord\u00f3 un veh\u00edculo de transporte p\u00fablico de la ruta 85, el cual era conducido por el detenido.<\/font><\/span><\/p>\n<p style=\"color:rgb(0,0,0); font-family:sans-serif; font-size:12.8px; font-style:normal; font-variant-ligatures:normal; font-variant-caps:normal; font-weight:400; letter-spacing:normal; orphans:2; text-indent:0px; text-transform:none; white-space:normal; widows:2; word-spacing:0px; -webkit-text-stroke-width:0px; text-decoration-style:initial; text-decoration-color:initial; background:white; margin:0pxline-height:20.544px; text-align:left;\"><span lang=\"ES-TRAD\" style=\"margin:0px; line-height:23.54px; font-family:\" gillsansmt\",sans-serif; font-size:11pt;\"><span style=\"margin:0px;\"><font color=\"#000000\">           <\/font><span><font color=\"#000000\"> <\/font><\/span><\/span><font color=\"#000000\">En un momento determinado este sujeto habr\u00eda cambiado la ruta, posteriormente sometido a la joven a quien habr\u00eda agredido sexualmente y despu\u00e9s asesinado. Luego traslad\u00f3 el cuerpo a la calle Ferrocarril, en el poblado de San Vicente Chimalhuac\u00e1n, en Ozumba, donde lo abandon\u00f3.<\/font><\/span><\/p>\n<p style=\"color:rgb(0,0,0); font-family:sans-serif; font-size:12.8px; font-style:normal; font-variant-ligatures:normal; font-variant-caps:normal; font-weight:400; letter-spacing:normal; orphans:2; text-indent:0px; text-transform:none; white-space:normal; widows:2; word-spacing:0px; -webkit-text-stroke-width:0px; text-decoration-style:initial; text-decoration-color:initial; background:white; margin:0pxline-height:20.544px; text-align:left;\"><span lang=\"ES-TRAD\" style=\"margin:0px; line-height:23.54px; font-family:\" gillsansmt\",sans-serif; font-size:11pt;\"><span style=\"margin:0px;\"><font color=\"#000000\">           <\/font><span><font color=\"#000000\"> <\/font><\/span><\/span><font color=\"#000000\">Derivado del hallazgo fue iniciada una investigaci\u00f3n que permiti\u00f3 identificar al probable agresor, por ello el Agente del Ministerio P\u00fablico solicit\u00f3 a un Juez librar una orden de aprehensi\u00f3n en contra de este sujeto, la cual fue otorgada y cumplimentada por Polic\u00edas de Investigaci\u00f3n, el pasado 5 de febrero.<\/font><\/span><\/p>\n<p style=\"color:rgb(0,0,0); font-family:sans-serif; font-size:12.8px; font-style:normal; font-variant-ligatures:normal; font-variant-caps:normal; font-weight:400; letter-spacing:normal; orphans:2; text-indent:0px; text-transform:none; white-space:normal; widows:2; word-spacing:0px; -webkit-text-stroke-width:0px; text-decoration-style:initial; text-decoration-color:initial; background:white; margin:0pxline-height:20.544px; text-align:left;\"><span lang=\"ES-TRAD\" style=\"margin:0px; line-height:23.54px; font-family:\" gillsansmt\",sans-serif; font-size:11pt;\"><span style=\"margin:0px;\"><font color=\"#000000\">           <\/font><span><font color=\"#000000\"> <\/font><\/span><\/span><font color=\"#000000\">Por ello este sujeto fue ingresado al Centro Penitenciario y de Reinserci\u00f3n Social de Chalco, en donde qued\u00f3 a disposici\u00f3n de la Autoridad Judicial, quien lo vincul\u00f3 a proceso por el delito de feminicidio, le fij\u00f3 un plazo de tres meses para el cierre de investigaci\u00f3n y una medida cautelar consistente en prisi\u00f3n preventiva, por lo que este sujeto deber\u00e1 permanecer interno en dicho penal.<\/font><\/span><\/p>\n<p style=\"color:rgb(0,0,0); font-family:sans-serif; font-size:12.8px; font-style:normal; font-variant-ligatures:normal; font-variant-caps:normal; font-weight:400; letter-spacing:normal; orphans:2; text-indent:0px; text-transform:none; white-space:normal; widows:2; word-spacing:0px; -webkit-text-stroke-width:0px; text-decoration-style:initial; text-decoration-color:initial; background:white; margin:0pxline-height:20.544px; text-align:left;\"><span lang=\"ES-TRAD\" style=\"margin:0px; line-height:23.54px; font-family:\" gillsansmt\",sans-serif; font-size:11pt;\"><span style=\"margin:0px;\"><font color=\"#000000\">           <\/font><span><font color=\"#000000\"> <\/font><\/span><\/span><font color=\"#000000\">Al detenido se le debe considerar inocente hasta que sea dictada una sentencia condenatoria en su contra.<\/font><\/span><\/p>\n<p style=\"color:rgb(0,0,0); font-family:sans-serif; font-size:12.8px; font-style:normal; font-variant-ligatures:normal; font-variant-caps:normal; font-weight:400; letter-spacing:normal; orphans:2; text-indent:0px; text-transform:none; white-space:normal; widows:2; word-spacing:0px; -webkit-text-stroke-width:0px; text-decoration-style:initial; text-decoration-color:initial; background:white; margin:0pxline-height:20.544px; text-align:left;\"><span lang=\"ES-TRAD\" style=\"margin:0px; line-height:23.54px; font-family:\" gillsansmt\",sans-serif; font-size:11pt;\"><span style=\"margin:0px;\"><font color=\"#000000\">           <\/font><span><font color=\"#000000\"> <\/font><\/span><\/span><font color=\"#000000\">La Fiscal\u00eda General de Justicia estatal hace un llamado a la ciudadan\u00eda para que en caso de<\/font><span style=\"margin:0px;\"><font color=\"#000000\"> <\/font><span><font color=\"#000000\"> <\/font><\/span><\/span><font color=\"#000000\">que reconozca a este sujeto como probable part\u00edcipe de alg\u00fan otro il\u00edcito, sea denunciado a trav\u00e9s del correo electr\u00f3nico<\/font><font color=\"#000000\"><a href=\"mailto:cerotolerancia@edomex.gob.mx\" target=\"_blank\" rel=\"noreferrer\" style=\"text-decoration: none; color: rgb(66, 133, 244);\">cerotolerancia@edomex.gob.mx<\/a><\/font><font color=\"#000000\">, al n\u00famero telef\u00f3nico 01 800 7028770, o bien, por medio de la aplicaci\u00f3n FGJEdomex, la cual est\u00e1 disponible de manera gratuita para todos los tel\u00e9fonos inteligentes de los sistemas iOS y Android.<\/font><\/span><\/p>\n","protected":false},"excerpt":{"rendered":"<p>\u00b7 Este sujeto fue vinculado a proceso por el feminicidio de una joven, quien viajaba<\/p>\n","protected":false},"author":1,"featured_media":4051,"comment_status":"open","ping_status":"open","sticky":false,"template":"","format":"standard","meta":{"footnotes":""},"categories":[1],"tags":[14],"class_list":["post-4052","post","type-post","status-publish","format-standard","has-post-thumbnail","hentry","category-municipales","tag-ozumba"],"yoast_head":"<!-- This site is optimized with the Yoast SEO plugin v25.3 - https:\/\/yoast.com\/wordpress\/plugins\/seo\/ -->\n<title>Ya fue vinculado a proceso el presunto agresor de #Vanesa - Volcanes<\/title>\n<meta name=\"robots\" content=\"index, follow, max-snippet:-1, max-image-preview:large, max-video-preview:-1\" \/>\n<link rel=\"canonical\" href=\"https:\/\/volcanes.net\/?p=4052\" \/>\n<meta property=\"og:locale\" content=\"es_MX\" \/>\n<meta property=\"og:type\" content=\"article\" \/>\n<meta property=\"og:title\" content=\"Ya fue vinculado a proceso el presunto agresor de #Vanesa - Volcanes\" \/>\n<meta property=\"og:description\" content=\"\u00b7 Este sujeto fue vinculado a proceso por el feminicidio de una joven, quien viajaba\" \/>\n<meta property=\"og:url\" content=\"https:\/\/volcanes.net\/?p=4052\" \/>\n<meta property=\"og:site_name\" content=\"Volcanes\" \/>\n<meta property=\"article:publisher\" content=\"https:\/\/www.facebook.com\/volcanes.net\/\" \/>\n<meta property=\"article:published_time\" content=\"2019-02-11T20:02:35+00:00\" \/>\n<meta property=\"og:image\" content=\"https:\/\/volcanes.net\/wp-content\/uploads\/2019\/02\/FOTO-C144.jpg\" \/>\n\t<meta property=\"og:image:width\" content=\"500\" \/>\n\t<meta property=\"og:image:height\" content=\"685\" \/>\n\t<meta property=\"og:image:type\" content=\"image\/jpeg\" \/>\n<meta name=\"author\" content=\"admin\" \/>\n<meta name=\"twitter:card\" content=\"summary_large_image\" \/>\n<meta name=\"twitter:label1\" content=\"Escrito por\" \/>\n\t<meta name=\"twitter:data1\" content=\"admin\" \/>\n\t<meta name=\"twitter:label2\" content=\"Tiempo de lectura\" \/>\n\t<meta name=\"twitter:data2\" content=\"2 minutos\" \/>\n<script type=\"application\/ld+json\" class=\"yoast-schema-graph\">{\"@context\":\"https:\/\/schema.org\",\"@graph\":[{\"@type\":\"Article\",\"@id\":\"https:\/\/volcanes.net\/?p=4052#article\",\"isPartOf\":{\"@id\":\"https:\/\/volcanes.net\/?p=4052\"},\"author\":{\"name\":\"admin\",\"@id\":\"https:\/\/volcanes.net\/#\/schema\/person\/4bf0f383940966a4abd53f5048c0e6b9\"},\"headline\":\"Ya fue vinculado a proceso el presunto agresor de #Vanesa\",\"datePublished\":\"2019-02-11T20:02:35+00:00\",\"mainEntityOfPage\":{\"@id\":\"https:\/\/volcanes.net\/?p=4052\"},\"wordCount\":438,\"commentCount\":0,\"publisher\":{\"@id\":\"https:\/\/volcanes.net\/#organization\"},\"image\":{\"@id\":\"https:\/\/volcanes.net\/?p=4052#primaryimage\"},\"thumbnailUrl\":\"https:\/\/volcanes.net\/wp-content\/uploads\/2019\/02\/FOTO-C144.jpg\",\"keywords\":[\"Ozumba\"],\"articleSection\":[\"Municipales\"],\"inLanguage\":\"es\",\"potentialAction\":[{\"@type\":\"CommentAction\",\"name\":\"Comment\",\"target\":[\"https:\/\/volcanes.net\/?p=4052#respond\"]}]},{\"@type\":\"WebPage\",\"@id\":\"https:\/\/volcanes.net\/?p=4052\",\"url\":\"https:\/\/volcanes.net\/?p=4052\",\"name\":\"Ya fue vinculado a proceso el presunto agresor de #Vanesa - Volcanes\",\"isPartOf\":{\"@id\":\"https:\/\/volcanes.net\/#website\"},\"primaryImageOfPage\":{\"@id\":\"https:\/\/volcanes.net\/?p=4052#primaryimage\"},\"image\":{\"@id\":\"https:\/\/volcanes.net\/?p=4052#primaryimage\"},\"thumbnailUrl\":\"https:\/\/volcanes.net\/wp-content\/uploads\/2019\/02\/FOTO-C144.jpg\",\"datePublished\":\"2019-02-11T20:02:35+00:00\",\"breadcrumb\":{\"@id\":\"https:\/\/volcanes.net\/?p=4052#breadcrumb\"},\"inLanguage\":\"es\",\"potentialAction\":[{\"@type\":\"ReadAction\",\"target\":[\"https:\/\/volcanes.net\/?p=4052\"]}]},{\"@type\":\"ImageObject\",\"inLanguage\":\"es\",\"@id\":\"https:\/\/volcanes.net\/?p=4052#primaryimage\",\"url\":\"https:\/\/volcanes.net\/wp-content\/uploads\/2019\/02\/FOTO-C144.jpg\",\"contentUrl\":\"https:\/\/volcanes.net\/wp-content\/uploads\/2019\/02\/FOTO-C144.jpg\",\"width\":500,\"height\":685},{\"@type\":\"BreadcrumbList\",\"@id\":\"https:\/\/volcanes.net\/?p=4052#breadcrumb\",\"itemListElement\":[{\"@type\":\"ListItem\",\"position\":1,\"name\":\"Portada\",\"item\":\"https:\/\/volcanes.net\/\"},{\"@type\":\"ListItem\",\"position\":2,\"name\":\"Ya fue vinculado a proceso el presunto agresor de #Vanesa\"}]},{\"@type\":\"WebSite\",\"@id\":\"https:\/\/volcanes.net\/#website\",\"url\":\"https:\/\/volcanes.net\/\",\"name\":\"Volcanes.Net\",\"description\":\"Periodismo Profesional\",\"publisher\":{\"@id\":\"https:\/\/volcanes.net\/#organization\"},\"potentialAction\":[{\"@type\":\"SearchAction\",\"target\":{\"@type\":\"EntryPoint\",\"urlTemplate\":\"https:\/\/volcanes.net\/?s={search_term_string}\"},\"query-input\":{\"@type\":\"PropertyValueSpecification\",\"valueRequired\":true,\"valueName\":\"search_term_string\"}}],\"inLanguage\":\"es\"},{\"@type\":\"Organization\",\"@id\":\"https:\/\/volcanes.net\/#organization\",\"name\":\"Grupo Volcanes\",\"url\":\"https:\/\/volcanes.net\/\",\"logo\":{\"@type\":\"ImageObject\",\"inLanguage\":\"es\",\"@id\":\"https:\/\/volcanes.net\/#\/schema\/logo\/image\/\",\"url\":\"http:\/\/volcanes.net\/wp-content\/uploads\/2017\/12\/Avatar2.jpg\",\"contentUrl\":\"http:\/\/volcanes.net\/wp-content\/uploads\/2017\/12\/Avatar2.jpg\",\"width\":378,\"height\":378,\"caption\":\"Grupo Volcanes\"},\"image\":{\"@id\":\"https:\/\/volcanes.net\/#\/schema\/logo\/image\/\"},\"sameAs\":[\"https:\/\/www.facebook.com\/volcanes.net\/\"]},{\"@type\":\"Person\",\"@id\":\"https:\/\/volcanes.net\/#\/schema\/person\/4bf0f383940966a4abd53f5048c0e6b9\",\"name\":\"admin\",\"image\":{\"@type\":\"ImageObject\",\"inLanguage\":\"es\",\"@id\":\"https:\/\/volcanes.net\/#\/schema\/person\/image\/\",\"url\":\"https:\/\/secure.gravatar.com\/avatar\/ca004e6cba8462b8cb7abc86e382930c?s=96&d=mm&r=g\",\"contentUrl\":\"https:\/\/secure.gravatar.com\/avatar\/ca004e6cba8462b8cb7abc86e382930c?s=96&d=mm&r=g\",\"caption\":\"admin\"}}]}<\/script>\n<!-- \/ Yoast SEO plugin. -->","yoast_head_json":{"title":"Ya fue vinculado a proceso el presunto agresor de #Vanesa - Volcanes","robots":{"index":"index","follow":"follow","max-snippet":"max-snippet:-1","max-image-preview":"max-image-preview:large","max-video-preview":"max-video-preview:-1"},"canonical":"https:\/\/volcanes.net\/?p=4052","og_locale":"es_MX","og_type":"article","og_title":"Ya fue vinculado a proceso el presunto agresor de #Vanesa - Volcanes","og_description":"\u00b7 Este sujeto fue vinculado a proceso por el feminicidio de una joven, quien viajaba","og_url":"https:\/\/volcanes.net\/?p=4052","og_site_name":"Volcanes","article_publisher":"https:\/\/www.facebook.com\/volcanes.net\/","article_published_time":"2019-02-11T20:02:35+00:00","og_image":[{"width":500,"height":685,"url":"https:\/\/volcanes.net\/wp-content\/uploads\/2019\/02\/FOTO-C144.jpg","type":"image\/jpeg"}],"author":"admin","twitter_card":"summary_large_image","twitter_misc":{"Escrito por":"admin","Tiempo de lectura":"2 minutos"},"schema":{"@context":"https:\/\/schema.org","@graph":[{"@type":"Article","@id":"https:\/\/volcanes.net\/?p=4052#article","isPartOf":{"@id":"https:\/\/volcanes.net\/?p=4052"},"author":{"name":"admin","@id":"https:\/\/volcanes.net\/#\/schema\/person\/4bf0f383940966a4abd53f5048c0e6b9"},"headline":"Ya fue vinculado a proceso el presunto agresor de #Vanesa","datePublished":"2019-02-11T20:02:35+00:00","mainEntityOfPage":{"@id":"https:\/\/volcanes.net\/?p=4052"},"wordCount":438,"commentCount":0,"publisher":{"@id":"https:\/\/volcanes.net\/#organization"},"image":{"@id":"https:\/\/volcanes.net\/?p=4052#primaryimage"},"thumbnailUrl":"https:\/\/volcanes.net\/wp-content\/uploads\/2019\/02\/FOTO-C144.jpg","keywords":["Ozumba"],"articleSection":["Municipales"],"inLanguage":"es","potentialAction":[{"@type":"CommentAction","name":"Comment","target":["https:\/\/volcanes.net\/?p=4052#respond"]}]},{"@type":"WebPage","@id":"https:\/\/volcanes.net\/?p=4052","url":"https:\/\/volcanes.net\/?p=4052","name":"Ya fue vinculado a proceso el presunto agresor de #Vanesa - Volcanes","isPartOf":{"@id":"https:\/\/volcanes.net\/#website"},"primaryImageOfPage":{"@id":"https:\/\/volcanes.net\/?p=4052#primaryimage"},"image":{"@id":"https:\/\/volcanes.net\/?p=4052#primaryimage"},"thumbnailUrl":"https:\/\/volcanes.net\/wp-content\/uploads\/2019\/02\/FOTO-C144.jpg","datePublished":"2019-02-11T20:02:35+00:00","breadcrumb":{"@id":"https:\/\/volcanes.net\/?p=4052#breadcrumb"},"inLanguage":"es","potentialAction":[{"@type":"ReadAction","target":["https:\/\/volcanes.net\/?p=4052"]}]},{"@type":"ImageObject","inLanguage":"es","@id":"https:\/\/volcanes.net\/?p=4052#primaryimage","url":"https:\/\/volcanes.net\/wp-content\/uploads\/2019\/02\/FOTO-C144.jpg","contentUrl":"https:\/\/volcanes.net\/wp-content\/uploads\/2019\/02\/FOTO-C144.jpg","width":500,"height":685},{"@type":"BreadcrumbList","@id":"https:\/\/volcanes.net\/?p=4052#breadcrumb","itemListElement":[{"@type":"ListItem","position":1,"name":"Portada","item":"https:\/\/volcanes.net\/"},{"@type":"ListItem","position":2,"name":"Ya fue vinculado a proceso el presunto agresor de #Vanesa"}]},{"@type":"WebSite","@id":"https:\/\/volcanes.net\/#website","url":"https:\/\/volcanes.net\/","name":"Volcanes.Net","description":"Periodismo Profesional","publisher":{"@id":"https:\/\/volcanes.net\/#organization"},"potentialAction":[{"@type":"SearchAction","target":{"@type":"EntryPoint","urlTemplate":"https:\/\/volcanes.net\/?s={search_term_string}"},"query-input":{"@type":"PropertyValueSpecification","valueRequired":true,"valueName":"search_term_string"}}],"inLanguage":"es"},{"@type":"Organization","@id":"https:\/\/volcanes.net\/#organization","name":"Grupo Volcanes","url":"https:\/\/volcanes.net\/","logo":{"@type":"ImageObject","inLanguage":"es","@id":"https:\/\/volcanes.net\/#\/schema\/logo\/image\/","url":"http:\/\/volcanes.net\/wp-content\/uploads\/2017\/12\/Avatar2.jpg","contentUrl":"http:\/\/volcanes.net\/wp-content\/uploads\/2017\/12\/Avatar2.jpg","width":378,"height":378,"caption":"Grupo Volcanes"},"image":{"@id":"https:\/\/volcanes.net\/#\/schema\/logo\/image\/"},"sameAs":["https:\/\/www.facebook.com\/volcanes.net\/"]},{"@type":"Person","@id":"https:\/\/volcanes.net\/#\/schema\/person\/4bf0f383940966a4abd53f5048c0e6b9","name":"admin","image":{"@type":"ImageObject","inLanguage":"es","@id":"https:\/\/volcanes.net\/#\/schema\/person\/image\/","url":"https:\/\/secure.gravatar.com\/avatar\/ca004e6cba8462b8cb7abc86e382930c?s=96&d=mm&r=g","contentUrl":"https:\/\/secure.gravatar.com\/avatar\/ca004e6cba8462b8cb7abc86e382930c?s=96&d=mm&r=g","caption":"admin"}}]}},"_links":{"self":[{"href":"https:\/\/volcanes.net\/index.php?rest_route=\/wp\/v2\/posts\/4052"}],"collection":[{"href":"https:\/\/volcanes.net\/index.php?rest_route=\/wp\/v2\/posts"}],"about":[{"href":"https:\/\/volcanes.net\/index.php?rest_route=\/wp\/v2\/types\/post"}],"author":[{"embeddable":true,"href":"https:\/\/volcanes.net\/index.php?rest_route=\/wp\/v2\/users\/1"}],"replies":[{"embeddable":true,"href":"https:\/\/volcanes.net\/index.php?rest_route=%2Fwp%2Fv2%2Fcomments&post=4052"}],"version-history":[{"count":1,"href":"https:\/\/volcanes.net\/index.php?rest_route=\/wp\/v2\/posts\/4052\/revisions"}],"predecessor-version":[{"id":4053,"href":"https:\/\/volcanes.net\/index.php?rest_route=\/wp\/v2\/posts\/4052\/revisions\/4053"}],"wp:featuredmedia":[{"embeddable":true,"href":"https:\/\/volcanes.net\/index.php?rest_route=\/wp\/v2\/media\/4051"}],"wp:attachment":[{"href":"https:\/\/volcanes.net\/index.php?rest_route=%2Fwp%2Fv2%2Fmedia&parent=4052"}],"wp:term":[{"taxonomy":"category","embeddable":true,"href":"https:\/\/volcanes.net\/index.php?rest_route=%2Fwp%2Fv2%2Fcategories&post=4052"},{"taxonomy":"post_tag","embeddable":true,"href":"https:\/\/volcanes.net\/index.php?rest_route=%2Fwp%2Fv2%2Ftags&post=4052"}],"curies":[{"name":"wp","href":"https:\/\/api.w.org\/{rel}","templated":true}]}}