{"id":4061,"date":"2019-02-13T12:36:23","date_gmt":"2019-02-13T18:36:23","guid":{"rendered":"http:\/\/volcanes.net\/?p=4061"},"modified":"2019-02-13T12:51:04","modified_gmt":"2019-02-13T18:51:04","slug":"comecyt-apoya-proyectos-en-areas-quimicas-agroalimentarias-de-salud-automotriz-plasticos-y-aeroespacial","status":"publish","type":"post","link":"https:\/\/volcanes.net\/?p=4061","title":{"rendered":"Disfruta este 14 de febrero de rom\u00e1nticos conciertos, exposiciones multimedia y otras actividades culturales en el #Edom\u00e9x"},"content":{"rendered":"<div style=\"margin-top: 0px; margin-bottom: 0px;\" class=\"sharethis-inline-share-buttons\" ><\/div><p>La cultura llega con grandes eventos pensados para que disfrutes, celebres y compartas en este 14 de febrero con tu pareja, amigos o en familia, muchos de ellos gratuitos y algunos otros a bajo costo.<\/p>\n<p>El jueves 14 de febrero, en el Pueblo M\u00e1gico de Metepec, en el \u201cMuseo del Barro\u201d a las 17:00 horas, el maestro concertista de guitarra, Javier Hern\u00e1ndez Tagle, ofrecer\u00e1 el concierto \u201cAeternum\u201d, como parte de la gira de conciertos 2019 \u201cM\u00fasica para llevar\u201d, la entrada es libre y la tem\u00e1tica muy acorde para esta singular fecha.<\/p>\n<p>Ya en Toluca, la Cineteca Mexiquense dejar\u00e1 correr los 24 cuadros por Segundo a las 15:45 hrs., con la pel\u00edcula iran\u00ed \u201cTres rostros\u201d, dirigida por Jafar Panahi, donde tres personajes dan un emotivo repaso de los cambios pol\u00edticos y culturales de su pa\u00eds en las \u00faltimas d\u00e9cadas.<\/p>\n<p>Este filme es clasificaci\u00f3n B, para adolescentes de 12 a\u00f1os en adelante y por la tarde a las 18:30 horas llegar\u00e1 \u201cGuerra fr\u00eda\u201d, del director Pawe\u0142 Pawlikowski, con clasificaci\u00f3n B15.<\/p>\n<p>Adem\u00e1s, este recinto del s\u00e9ptimo arte ofrece, desde el pasado martes 5 de febrero y hasta el 25 de este mismo mes, la edici\u00f3n n\u00famero 65 de la \u201cMuestra Internacional de Cine\u201d, con 12 filmes que han sido galardonados en los festivales m\u00e1s importantes del orbe. Los horarios, clasificaciones y sinopsis pueden consultarse en Facebook\/CinetecaEdomex.<\/p>\n<p>La celebraci\u00f3n puede extenderse hasta el fin de semana, por lo que el Centro Cultual Mexiquense, ubicado en la Delegaci\u00f3n San Buenaventura, en Toluca, ofrece \u201cM\u00e9xico. Patrimonio Mundial\u201d, una innovadora exposici\u00f3n en la que podr\u00e1n vivir una experiencia audiovisual y conocer a trav\u00e9s de pantallas gigantes, las 42 declaratorias patrimoniales con las que cuenta nuestro pa\u00eds ante la UNESCO.<\/p>\n<p>La entrada es gratuita y est\u00e1 abierta de martes de s\u00e1bado de 10:00 a 18:00 horas y los domingos de 10:00 a 15:00 horas.<\/p>\n<p>En el Museo de Culturas Populares, se exhibe la muestra \u201cVestidos de tradici\u00f3n. Por amor a M\u00e9xico\u201d, colecci\u00f3n de Mar\u00eda Esther Zuno de Echeverr\u00eda, la cual difunde la historia, costumbres, tradiciones y rituales de diversas comunidades y entidades de nuestro pa\u00eds, a trav\u00e9s de la indumentaria de 578 hermosas mu\u00f1ecas que los enamorados no se deben perder.<\/p>\n<p>Por su parte, en el Museo de Antropolog\u00eda e Historia contin\u00faa \u201cLenguaje de la indumentaria femenina. Arte textil mazahua\u201d, que muestra el talento de las dise\u00f1adoras mazahuas al integrar cerca de 70 piezas \u00fanicas, entre ellas morrales, huipiles y quexqu\u00e9metls, dando la posibilidad de conocer la vestimenta desde hace m\u00e1s de 50 a\u00f1os de las mujeres de esta comunidad.<\/p>\n<p>Gracias al programa \u201cAc\u00e9rcate los domingos al Centro Cultural Mexiquense\u201d, a las 12:00 horas se tendr\u00e1 la presentaci\u00f3n de la Orquesta ORVI, con un concierto did\u00e1ctico en la Sala 2 de la Cineteca Mexiquense.<\/p>\n<p>En este mismo espacio a las 13:00 horas se realizar\u00e1 el taller \u201cEl n\u00e1huatl que hablamos\u201d, a cargo de M\u00f3nica San Juan Balbuena y Mariana S\u00e1nchez Romero de la Universidad Intercultural del Estado de M\u00e9xico, quienes realizar\u00e1n el espect\u00e1culo-conferencia de narraci\u00f3n oral y a las 14:00 horas, Miriam Vel\u00e1zquez Vilchis contar\u00e1 diversos cuentos a las ni\u00f1as y ni\u00f1os que nos acompa\u00f1en. La entrada es libre.<\/p>\n<p>En la zona oriente del estado, el Centro Cultural Mexiquense Bicentenario, en Texcoco, mantiene la exposici\u00f3n gr\u00e1fica \u201cPicasso. La estela infinita\u201d, que est\u00e1 compuesta por 26 aguatintas firmadas a mano por el maestro espa\u00f1ol Pablo Picasso, las cuales realiz\u00f3 para ilustrar la publicaci\u00f3n \u201cLa Tauromaquia o arte de Torear\u201d, escrito por Jos\u00e9 Delgado alias \u201cPepe Illo\u201d.<\/p>\n<p>En este mismo recinto, en la sala de arte contempor\u00e1neo, tambi\u00e9n permanece la exposici\u00f3n pict\u00f3rica \u201cRetrato de ausencia\u201d, del artista guanajuatense Jazzamoart, quien a trav\u00e9s de 20 pinturas en mediano y gran formato al \u00f3leo, destaca por el detalle en perspectiva, plasmados en retratos, paisajes y momentos congelados, en los cuales el espectador puede apreciar los trazos y la textura de la pintura en cada obra.<\/p>\n<p>Para m\u00e1s informaci\u00f3n, horarios y actividades que bien pueden disfrutarse con amigos o en pareja, visita las redes sociales oficiales de la Secretar\u00eda de Cultura que en Twitter, Facebook e Instagram CulturaEdomex y en el sitio web www.cultura.edomex.gob.mx.<\/p>\n","protected":false},"excerpt":{"rendered":"<p>La cultura llega con grandes eventos pensados para que disfrutes, celebres y compartas en este<\/p>\n","protected":false},"author":1,"featured_media":4070,"comment_status":"open","ping_status":"open","sticky":false,"template":"","format":"standard","meta":{"footnotes":""},"categories":[3],"tags":[239,240,4,220],"class_list":["post-4061","post","type-post","status-publish","format-standard","has-post-thumbnail","hentry","category-estatales","tag-comecyt","tag-cultura","tag-gobierno-del-estado-de-mexico","tag-secretaria-de-salud"],"yoast_head":"<!-- This site is optimized with the Yoast SEO plugin v25.3 - https:\/\/yoast.com\/wordpress\/plugins\/seo\/ -->\n<title>Disfruta este 14 de febrero de rom\u00e1nticos conciertos, exposiciones multimedia y otras actividades culturales en el #Edom\u00e9x - Volcanes<\/title>\n<meta name=\"robots\" content=\"index, follow, max-snippet:-1, max-image-preview:large, max-video-preview:-1\" \/>\n<link rel=\"canonical\" href=\"https:\/\/volcanes.net\/?p=4061\" \/>\n<meta property=\"og:locale\" content=\"es_MX\" \/>\n<meta property=\"og:type\" content=\"article\" \/>\n<meta property=\"og:title\" content=\"Disfruta este 14 de febrero de rom\u00e1nticos conciertos, exposiciones multimedia y otras actividades culturales en el #Edom\u00e9x - Volcanes\" \/>\n<meta property=\"og:description\" content=\"La cultura llega con grandes eventos pensados para que disfrutes, celebres y compartas en este\" \/>\n<meta property=\"og:url\" content=\"https:\/\/volcanes.net\/?p=4061\" \/>\n<meta property=\"og:site_name\" content=\"Volcanes\" \/>\n<meta property=\"article:publisher\" content=\"https:\/\/www.facebook.com\/volcanes.net\/\" \/>\n<meta property=\"article:published_time\" content=\"2019-02-13T18:36:23+00:00\" \/>\n<meta property=\"article:modified_time\" content=\"2019-02-13T18:51:04+00:00\" \/>\n<meta property=\"og:image\" content=\"https:\/\/volcanes.net\/wp-content\/uploads\/2019\/02\/IMG-20190213-WA0013-680x454.jpg\" \/>\n\t<meta property=\"og:image:width\" content=\"680\" \/>\n\t<meta property=\"og:image:height\" content=\"454\" \/>\n\t<meta property=\"og:image:type\" content=\"image\/jpeg\" \/>\n<meta name=\"author\" content=\"admin\" \/>\n<meta name=\"twitter:card\" content=\"summary_large_image\" \/>\n<meta name=\"twitter:label1\" content=\"Escrito por\" \/>\n\t<meta name=\"twitter:data1\" content=\"admin\" \/>\n\t<meta name=\"twitter:label2\" content=\"Tiempo de lectura\" \/>\n\t<meta name=\"twitter:data2\" content=\"4 minutos\" \/>\n<script type=\"application\/ld+json\" class=\"yoast-schema-graph\">{\"@context\":\"https:\/\/schema.org\",\"@graph\":[{\"@type\":\"Article\",\"@id\":\"https:\/\/volcanes.net\/?p=4061#article\",\"isPartOf\":{\"@id\":\"https:\/\/volcanes.net\/?p=4061\"},\"author\":{\"name\":\"admin\",\"@id\":\"https:\/\/volcanes.net\/#\/schema\/person\/4bf0f383940966a4abd53f5048c0e6b9\"},\"headline\":\"Disfruta este 14 de febrero de rom\u00e1nticos conciertos, exposiciones multimedia y otras actividades culturales en el #Edom\u00e9x\",\"datePublished\":\"2019-02-13T18:36:23+00:00\",\"dateModified\":\"2019-02-13T18:51:04+00:00\",\"mainEntityOfPage\":{\"@id\":\"https:\/\/volcanes.net\/?p=4061\"},\"wordCount\":743,\"commentCount\":0,\"publisher\":{\"@id\":\"https:\/\/volcanes.net\/#organization\"},\"image\":{\"@id\":\"https:\/\/volcanes.net\/?p=4061#primaryimage\"},\"thumbnailUrl\":\"https:\/\/volcanes.net\/wp-content\/uploads\/2019\/02\/IMG-20190213-WA0013-680x454.jpg\",\"keywords\":[\"comecyt\",\"cultura\",\"Gobierno del Estado de M\u00e9xico\",\"Secretaria de Salud\"],\"articleSection\":[\"Estatales\"],\"inLanguage\":\"es\",\"potentialAction\":[{\"@type\":\"CommentAction\",\"name\":\"Comment\",\"target\":[\"https:\/\/volcanes.net\/?p=4061#respond\"]}]},{\"@type\":\"WebPage\",\"@id\":\"https:\/\/volcanes.net\/?p=4061\",\"url\":\"https:\/\/volcanes.net\/?p=4061\",\"name\":\"Disfruta este 14 de febrero de rom\u00e1nticos conciertos, exposiciones multimedia y otras actividades culturales en el #Edom\u00e9x - Volcanes\",\"isPartOf\":{\"@id\":\"https:\/\/volcanes.net\/#website\"},\"primaryImageOfPage\":{\"@id\":\"https:\/\/volcanes.net\/?p=4061#primaryimage\"},\"image\":{\"@id\":\"https:\/\/volcanes.net\/?p=4061#primaryimage\"},\"thumbnailUrl\":\"https:\/\/volcanes.net\/wp-content\/uploads\/2019\/02\/IMG-20190213-WA0013-680x454.jpg\",\"datePublished\":\"2019-02-13T18:36:23+00:00\",\"dateModified\":\"2019-02-13T18:51:04+00:00\",\"breadcrumb\":{\"@id\":\"https:\/\/volcanes.net\/?p=4061#breadcrumb\"},\"inLanguage\":\"es\",\"potentialAction\":[{\"@type\":\"ReadAction\",\"target\":[\"https:\/\/volcanes.net\/?p=4061\"]}]},{\"@type\":\"ImageObject\",\"inLanguage\":\"es\",\"@id\":\"https:\/\/volcanes.net\/?p=4061#primaryimage\",\"url\":\"https:\/\/volcanes.net\/wp-content\/uploads\/2019\/02\/IMG-20190213-WA0013-680x454.jpg\",\"contentUrl\":\"https:\/\/volcanes.net\/wp-content\/uploads\/2019\/02\/IMG-20190213-WA0013-680x454.jpg\",\"width\":680,\"height\":454},{\"@type\":\"BreadcrumbList\",\"@id\":\"https:\/\/volcanes.net\/?p=4061#breadcrumb\",\"itemListElement\":[{\"@type\":\"ListItem\",\"position\":1,\"name\":\"Portada\",\"item\":\"https:\/\/volcanes.net\/\"},{\"@type\":\"ListItem\",\"position\":2,\"name\":\"Disfruta este 14 de febrero de rom\u00e1nticos conciertos, exposiciones multimedia y otras actividades culturales en el #Edom\u00e9x\"}]},{\"@type\":\"WebSite\",\"@id\":\"https:\/\/volcanes.net\/#website\",\"url\":\"https:\/\/volcanes.net\/\",\"name\":\"Volcanes.Net\",\"description\":\"Periodismo Profesional\",\"publisher\":{\"@id\":\"https:\/\/volcanes.net\/#organization\"},\"potentialAction\":[{\"@type\":\"SearchAction\",\"target\":{\"@type\":\"EntryPoint\",\"urlTemplate\":\"https:\/\/volcanes.net\/?s={search_term_string}\"},\"query-input\":{\"@type\":\"PropertyValueSpecification\",\"valueRequired\":true,\"valueName\":\"search_term_string\"}}],\"inLanguage\":\"es\"},{\"@type\":\"Organization\",\"@id\":\"https:\/\/volcanes.net\/#organization\",\"name\":\"Grupo Volcanes\",\"url\":\"https:\/\/volcanes.net\/\",\"logo\":{\"@type\":\"ImageObject\",\"inLanguage\":\"es\",\"@id\":\"https:\/\/volcanes.net\/#\/schema\/logo\/image\/\",\"url\":\"http:\/\/volcanes.net\/wp-content\/uploads\/2017\/12\/Avatar2.jpg\",\"contentUrl\":\"http:\/\/volcanes.net\/wp-content\/uploads\/2017\/12\/Avatar2.jpg\",\"width\":378,\"height\":378,\"caption\":\"Grupo Volcanes\"},\"image\":{\"@id\":\"https:\/\/volcanes.net\/#\/schema\/logo\/image\/\"},\"sameAs\":[\"https:\/\/www.facebook.com\/volcanes.net\/\"]},{\"@type\":\"Person\",\"@id\":\"https:\/\/volcanes.net\/#\/schema\/person\/4bf0f383940966a4abd53f5048c0e6b9\",\"name\":\"admin\",\"image\":{\"@type\":\"ImageObject\",\"inLanguage\":\"es\",\"@id\":\"https:\/\/volcanes.net\/#\/schema\/person\/image\/\",\"url\":\"https:\/\/secure.gravatar.com\/avatar\/ca004e6cba8462b8cb7abc86e382930c?s=96&d=mm&r=g\",\"contentUrl\":\"https:\/\/secure.gravatar.com\/avatar\/ca004e6cba8462b8cb7abc86e382930c?s=96&d=mm&r=g\",\"caption\":\"admin\"}}]}<\/script>\n<!-- \/ Yoast SEO plugin. -->","yoast_head_json":{"title":"Disfruta este 14 de febrero de rom\u00e1nticos conciertos, exposiciones multimedia y otras actividades culturales en el #Edom\u00e9x - Volcanes","robots":{"index":"index","follow":"follow","max-snippet":"max-snippet:-1","max-image-preview":"max-image-preview:large","max-video-preview":"max-video-preview:-1"},"canonical":"https:\/\/volcanes.net\/?p=4061","og_locale":"es_MX","og_type":"article","og_title":"Disfruta este 14 de febrero de rom\u00e1nticos conciertos, exposiciones multimedia y otras actividades culturales en el #Edom\u00e9x - Volcanes","og_description":"La cultura llega con grandes eventos pensados para que disfrutes, celebres y compartas en este","og_url":"https:\/\/volcanes.net\/?p=4061","og_site_name":"Volcanes","article_publisher":"https:\/\/www.facebook.com\/volcanes.net\/","article_published_time":"2019-02-13T18:36:23+00:00","article_modified_time":"2019-02-13T18:51:04+00:00","og_image":[{"width":680,"height":454,"url":"https:\/\/volcanes.net\/wp-content\/uploads\/2019\/02\/IMG-20190213-WA0013-680x454.jpg","type":"image\/jpeg"}],"author":"admin","twitter_card":"summary_large_image","twitter_misc":{"Escrito por":"admin","Tiempo de lectura":"4 minutos"},"schema":{"@context":"https:\/\/schema.org","@graph":[{"@type":"Article","@id":"https:\/\/volcanes.net\/?p=4061#article","isPartOf":{"@id":"https:\/\/volcanes.net\/?p=4061"},"author":{"name":"admin","@id":"https:\/\/volcanes.net\/#\/schema\/person\/4bf0f383940966a4abd53f5048c0e6b9"},"headline":"Disfruta este 14 de febrero de rom\u00e1nticos conciertos, exposiciones multimedia y otras actividades culturales en el #Edom\u00e9x","datePublished":"2019-02-13T18:36:23+00:00","dateModified":"2019-02-13T18:51:04+00:00","mainEntityOfPage":{"@id":"https:\/\/volcanes.net\/?p=4061"},"wordCount":743,"commentCount":0,"publisher":{"@id":"https:\/\/volcanes.net\/#organization"},"image":{"@id":"https:\/\/volcanes.net\/?p=4061#primaryimage"},"thumbnailUrl":"https:\/\/volcanes.net\/wp-content\/uploads\/2019\/02\/IMG-20190213-WA0013-680x454.jpg","keywords":["comecyt","cultura","Gobierno del Estado de M\u00e9xico","Secretaria de Salud"],"articleSection":["Estatales"],"inLanguage":"es","potentialAction":[{"@type":"CommentAction","name":"Comment","target":["https:\/\/volcanes.net\/?p=4061#respond"]}]},{"@type":"WebPage","@id":"https:\/\/volcanes.net\/?p=4061","url":"https:\/\/volcanes.net\/?p=4061","name":"Disfruta este 14 de febrero de rom\u00e1nticos conciertos, exposiciones multimedia y otras actividades culturales en el #Edom\u00e9x - Volcanes","isPartOf":{"@id":"https:\/\/volcanes.net\/#website"},"primaryImageOfPage":{"@id":"https:\/\/volcanes.net\/?p=4061#primaryimage"},"image":{"@id":"https:\/\/volcanes.net\/?p=4061#primaryimage"},"thumbnailUrl":"https:\/\/volcanes.net\/wp-content\/uploads\/2019\/02\/IMG-20190213-WA0013-680x454.jpg","datePublished":"2019-02-13T18:36:23+00:00","dateModified":"2019-02-13T18:51:04+00:00","breadcrumb":{"@id":"https:\/\/volcanes.net\/?p=4061#breadcrumb"},"inLanguage":"es","potentialAction":[{"@type":"ReadAction","target":["https:\/\/volcanes.net\/?p=4061"]}]},{"@type":"ImageObject","inLanguage":"es","@id":"https:\/\/volcanes.net\/?p=4061#primaryimage","url":"https:\/\/volcanes.net\/wp-content\/uploads\/2019\/02\/IMG-20190213-WA0013-680x454.jpg","contentUrl":"https:\/\/volcanes.net\/wp-content\/uploads\/2019\/02\/IMG-20190213-WA0013-680x454.jpg","width":680,"height":454},{"@type":"BreadcrumbList","@id":"https:\/\/volcanes.net\/?p=4061#breadcrumb","itemListElement":[{"@type":"ListItem","position":1,"name":"Portada","item":"https:\/\/volcanes.net\/"},{"@type":"ListItem","position":2,"name":"Disfruta este 14 de febrero de rom\u00e1nticos conciertos, exposiciones multimedia y otras actividades culturales en el #Edom\u00e9x"}]},{"@type":"WebSite","@id":"https:\/\/volcanes.net\/#website","url":"https:\/\/volcanes.net\/","name":"Volcanes.Net","description":"Periodismo Profesional","publisher":{"@id":"https:\/\/volcanes.net\/#organization"},"potentialAction":[{"@type":"SearchAction","target":{"@type":"EntryPoint","urlTemplate":"https:\/\/volcanes.net\/?s={search_term_string}"},"query-input":{"@type":"PropertyValueSpecification","valueRequired":true,"valueName":"search_term_string"}}],"inLanguage":"es"},{"@type":"Organization","@id":"https:\/\/volcanes.net\/#organization","name":"Grupo Volcanes","url":"https:\/\/volcanes.net\/","logo":{"@type":"ImageObject","inLanguage":"es","@id":"https:\/\/volcanes.net\/#\/schema\/logo\/image\/","url":"http:\/\/volcanes.net\/wp-content\/uploads\/2017\/12\/Avatar2.jpg","contentUrl":"http:\/\/volcanes.net\/wp-content\/uploads\/2017\/12\/Avatar2.jpg","width":378,"height":378,"caption":"Grupo Volcanes"},"image":{"@id":"https:\/\/volcanes.net\/#\/schema\/logo\/image\/"},"sameAs":["https:\/\/www.facebook.com\/volcanes.net\/"]},{"@type":"Person","@id":"https:\/\/volcanes.net\/#\/schema\/person\/4bf0f383940966a4abd53f5048c0e6b9","name":"admin","image":{"@type":"ImageObject","inLanguage":"es","@id":"https:\/\/volcanes.net\/#\/schema\/person\/image\/","url":"https:\/\/secure.gravatar.com\/avatar\/ca004e6cba8462b8cb7abc86e382930c?s=96&d=mm&r=g","contentUrl":"https:\/\/secure.gravatar.com\/avatar\/ca004e6cba8462b8cb7abc86e382930c?s=96&d=mm&r=g","caption":"admin"}}]}},"_links":{"self":[{"href":"https:\/\/volcanes.net\/index.php?rest_route=\/wp\/v2\/posts\/4061"}],"collection":[{"href":"https:\/\/volcanes.net\/index.php?rest_route=\/wp\/v2\/posts"}],"about":[{"href":"https:\/\/volcanes.net\/index.php?rest_route=\/wp\/v2\/types\/post"}],"author":[{"embeddable":true,"href":"https:\/\/volcanes.net\/index.php?rest_route=\/wp\/v2\/users\/1"}],"replies":[{"embeddable":true,"href":"https:\/\/volcanes.net\/index.php?rest_route=%2Fwp%2Fv2%2Fcomments&post=4061"}],"version-history":[{"count":4,"href":"https:\/\/volcanes.net\/index.php?rest_route=\/wp\/v2\/posts\/4061\/revisions"}],"predecessor-version":[{"id":4071,"href":"https:\/\/volcanes.net\/index.php?rest_route=\/wp\/v2\/posts\/4061\/revisions\/4071"}],"wp:featuredmedia":[{"embeddable":true,"href":"https:\/\/volcanes.net\/index.php?rest_route=\/wp\/v2\/media\/4070"}],"wp:attachment":[{"href":"https:\/\/volcanes.net\/index.php?rest_route=%2Fwp%2Fv2%2Fmedia&parent=4061"}],"wp:term":[{"taxonomy":"category","embeddable":true,"href":"https:\/\/volcanes.net\/index.php?rest_route=%2Fwp%2Fv2%2Fcategories&post=4061"},{"taxonomy":"post_tag","embeddable":true,"href":"https:\/\/volcanes.net\/index.php?rest_route=%2Fwp%2Fv2%2Ftags&post=4061"}],"curies":[{"name":"wp","href":"https:\/\/api.w.org\/{rel}","templated":true}]}}