{"id":4086,"date":"2019-02-14T12:02:18","date_gmt":"2019-02-14T18:02:18","guid":{"rendered":"http:\/\/volcanes.net\/?p=4086"},"modified":"2019-02-14T12:02:18","modified_gmt":"2019-02-14T18:02:18","slug":"el-imepi-alerta-a-los-padres-de-familia-sobre-el-uso-fuegos-artificiales-en-menores-de-edad","status":"publish","type":"post","link":"https:\/\/volcanes.net\/?p=4086","title":{"rendered":"El #IMEPI alerta a los padres de familia sobre el uso fuegos artificiales en menores de edad"},"content":{"rendered":"<div style=\"margin-top: 0px; margin-bottom: 0px;\" class=\"sharethis-inline-share-buttons\" ><\/div><p>Para hacer visibles los riesgos que implica el manejo de la pirotecnia y alertar sobre las consecuencias que puede tener su uso en ni\u00f1as, ni\u00f1os y adolescentes, el Instituto Mexiquense de la Pirotecnia (Imepi), imparti\u00f3 el Taller de \u201cPrevenci\u00f3n de accidentes por mal uso de pirotecnia\u201d, en la Primaria \u201cAlfredo Del Mazo\u201d, ubicada en el municipio de Xalatlaco.<\/p>\n<p>Con la presencia del Subdirector de Capacitaci\u00f3n e Innovaci\u00f3n Tecnol\u00f3gica del Imepi, Ram\u00f3n Calder\u00f3n Contreras, y la Presidenta del Sistema DIF Municipal, Mireya Villasana Salda\u00f1a, se capacitaron a m\u00e1s de 900 alumnos de entre seis y 12 a\u00f1os de edad, as\u00ed como 30 profesores y personal administrativo.<\/p>\n<p>Cabe destacar que este taller ser\u00e1 impartido en todas las primarias de este municipio durante los meses de febrero, marzo, abril y mayo, donde los asistentes aprender\u00e1n medidas b\u00e1sicas de seguridad como \u00bfqui\u00e9n debe encender un artificio pirot\u00e9cnico?, \u00bfc\u00f3mo debe de encenderse?, las distancias m\u00ednimas de seguridad, as\u00ed como los posibles accidentes que pueden presentarse, entre otros temas.<\/p>\n<p>Con estas actividades, el Imepi y Protecci\u00f3n Civil municipal, colaboran para que los participantes conozcan el manejo responsable de artificios pirot\u00e9cnicos, as\u00ed como sus riesgos, pero sobre todo para dejar claro que el manejo de la pirotecnia no debe ser manipulada por los menores porque no es un juguete.<\/p>\n","protected":false},"excerpt":{"rendered":"<p>Para hacer visibles los riesgos que implica el manejo de la pirotecnia y alertar sobre<\/p>\n","protected":false},"author":1,"featured_media":4087,"comment_status":"open","ping_status":"open","sticky":false,"template":"","format":"standard","meta":{"footnotes":""},"categories":[3],"tags":[242],"class_list":["post-4086","post","type-post","status-publish","format-standard","has-post-thumbnail","hentry","category-estatales","tag-imepi"],"yoast_head":"<!-- This site is optimized with the Yoast SEO plugin v25.3 - https:\/\/yoast.com\/wordpress\/plugins\/seo\/ -->\n<title>El #IMEPI alerta a los padres de familia sobre el uso fuegos artificiales en menores de edad - Volcanes<\/title>\n<meta name=\"robots\" content=\"index, follow, max-snippet:-1, max-image-preview:large, max-video-preview:-1\" \/>\n<link rel=\"canonical\" href=\"https:\/\/volcanes.net\/?p=4086\" \/>\n<meta property=\"og:locale\" content=\"es_MX\" \/>\n<meta property=\"og:type\" content=\"article\" \/>\n<meta property=\"og:title\" content=\"El #IMEPI alerta a los padres de familia sobre el uso fuegos artificiales en menores de edad - Volcanes\" \/>\n<meta property=\"og:description\" content=\"Para hacer visibles los riesgos que implica el manejo de la pirotecnia y alertar sobre\" \/>\n<meta property=\"og:url\" content=\"https:\/\/volcanes.net\/?p=4086\" \/>\n<meta property=\"og:site_name\" content=\"Volcanes\" \/>\n<meta property=\"article:publisher\" content=\"https:\/\/www.facebook.com\/volcanes.net\/\" \/>\n<meta property=\"article:published_time\" content=\"2019-02-14T18:02:18+00:00\" \/>\n<meta property=\"og:image\" content=\"https:\/\/volcanes.net\/wp-content\/uploads\/2019\/02\/IMG-20190214-WA0032-680x510.jpg\" \/>\n\t<meta property=\"og:image:width\" content=\"680\" \/>\n\t<meta property=\"og:image:height\" content=\"510\" \/>\n\t<meta property=\"og:image:type\" content=\"image\/jpeg\" \/>\n<meta name=\"author\" content=\"admin\" \/>\n<meta name=\"twitter:card\" content=\"summary_large_image\" \/>\n<meta name=\"twitter:label1\" content=\"Escrito por\" \/>\n\t<meta name=\"twitter:data1\" content=\"admin\" \/>\n\t<meta name=\"twitter:label2\" content=\"Tiempo de lectura\" \/>\n\t<meta name=\"twitter:data2\" content=\"1 minuto\" \/>\n<script type=\"application\/ld+json\" class=\"yoast-schema-graph\">{\"@context\":\"https:\/\/schema.org\",\"@graph\":[{\"@type\":\"Article\",\"@id\":\"https:\/\/volcanes.net\/?p=4086#article\",\"isPartOf\":{\"@id\":\"https:\/\/volcanes.net\/?p=4086\"},\"author\":{\"name\":\"admin\",\"@id\":\"https:\/\/volcanes.net\/#\/schema\/person\/4bf0f383940966a4abd53f5048c0e6b9\"},\"headline\":\"El #IMEPI alerta a los padres de familia sobre el uso fuegos artificiales en menores de edad\",\"datePublished\":\"2019-02-14T18:02:18+00:00\",\"mainEntityOfPage\":{\"@id\":\"https:\/\/volcanes.net\/?p=4086\"},\"wordCount\":245,\"commentCount\":0,\"publisher\":{\"@id\":\"https:\/\/volcanes.net\/#organization\"},\"image\":{\"@id\":\"https:\/\/volcanes.net\/?p=4086#primaryimage\"},\"thumbnailUrl\":\"https:\/\/volcanes.net\/wp-content\/uploads\/2019\/02\/IMG-20190214-WA0032-680x510.jpg\",\"keywords\":[\"IMEPI\"],\"articleSection\":[\"Estatales\"],\"inLanguage\":\"es\",\"potentialAction\":[{\"@type\":\"CommentAction\",\"name\":\"Comment\",\"target\":[\"https:\/\/volcanes.net\/?p=4086#respond\"]}]},{\"@type\":\"WebPage\",\"@id\":\"https:\/\/volcanes.net\/?p=4086\",\"url\":\"https:\/\/volcanes.net\/?p=4086\",\"name\":\"El #IMEPI alerta a los padres de familia sobre el uso fuegos artificiales en menores de edad - Volcanes\",\"isPartOf\":{\"@id\":\"https:\/\/volcanes.net\/#website\"},\"primaryImageOfPage\":{\"@id\":\"https:\/\/volcanes.net\/?p=4086#primaryimage\"},\"image\":{\"@id\":\"https:\/\/volcanes.net\/?p=4086#primaryimage\"},\"thumbnailUrl\":\"https:\/\/volcanes.net\/wp-content\/uploads\/2019\/02\/IMG-20190214-WA0032-680x510.jpg\",\"datePublished\":\"2019-02-14T18:02:18+00:00\",\"breadcrumb\":{\"@id\":\"https:\/\/volcanes.net\/?p=4086#breadcrumb\"},\"inLanguage\":\"es\",\"potentialAction\":[{\"@type\":\"ReadAction\",\"target\":[\"https:\/\/volcanes.net\/?p=4086\"]}]},{\"@type\":\"ImageObject\",\"inLanguage\":\"es\",\"@id\":\"https:\/\/volcanes.net\/?p=4086#primaryimage\",\"url\":\"https:\/\/volcanes.net\/wp-content\/uploads\/2019\/02\/IMG-20190214-WA0032-680x510.jpg\",\"contentUrl\":\"https:\/\/volcanes.net\/wp-content\/uploads\/2019\/02\/IMG-20190214-WA0032-680x510.jpg\",\"width\":680,\"height\":510},{\"@type\":\"BreadcrumbList\",\"@id\":\"https:\/\/volcanes.net\/?p=4086#breadcrumb\",\"itemListElement\":[{\"@type\":\"ListItem\",\"position\":1,\"name\":\"Portada\",\"item\":\"https:\/\/volcanes.net\/\"},{\"@type\":\"ListItem\",\"position\":2,\"name\":\"El #IMEPI alerta a los padres de familia sobre el uso fuegos artificiales en menores de edad\"}]},{\"@type\":\"WebSite\",\"@id\":\"https:\/\/volcanes.net\/#website\",\"url\":\"https:\/\/volcanes.net\/\",\"name\":\"Volcanes.Net\",\"description\":\"Periodismo Profesional\",\"publisher\":{\"@id\":\"https:\/\/volcanes.net\/#organization\"},\"potentialAction\":[{\"@type\":\"SearchAction\",\"target\":{\"@type\":\"EntryPoint\",\"urlTemplate\":\"https:\/\/volcanes.net\/?s={search_term_string}\"},\"query-input\":{\"@type\":\"PropertyValueSpecification\",\"valueRequired\":true,\"valueName\":\"search_term_string\"}}],\"inLanguage\":\"es\"},{\"@type\":\"Organization\",\"@id\":\"https:\/\/volcanes.net\/#organization\",\"name\":\"Grupo Volcanes\",\"url\":\"https:\/\/volcanes.net\/\",\"logo\":{\"@type\":\"ImageObject\",\"inLanguage\":\"es\",\"@id\":\"https:\/\/volcanes.net\/#\/schema\/logo\/image\/\",\"url\":\"http:\/\/volcanes.net\/wp-content\/uploads\/2017\/12\/Avatar2.jpg\",\"contentUrl\":\"http:\/\/volcanes.net\/wp-content\/uploads\/2017\/12\/Avatar2.jpg\",\"width\":378,\"height\":378,\"caption\":\"Grupo Volcanes\"},\"image\":{\"@id\":\"https:\/\/volcanes.net\/#\/schema\/logo\/image\/\"},\"sameAs\":[\"https:\/\/www.facebook.com\/volcanes.net\/\"]},{\"@type\":\"Person\",\"@id\":\"https:\/\/volcanes.net\/#\/schema\/person\/4bf0f383940966a4abd53f5048c0e6b9\",\"name\":\"admin\",\"image\":{\"@type\":\"ImageObject\",\"inLanguage\":\"es\",\"@id\":\"https:\/\/volcanes.net\/#\/schema\/person\/image\/\",\"url\":\"https:\/\/secure.gravatar.com\/avatar\/ca004e6cba8462b8cb7abc86e382930c?s=96&d=mm&r=g\",\"contentUrl\":\"https:\/\/secure.gravatar.com\/avatar\/ca004e6cba8462b8cb7abc86e382930c?s=96&d=mm&r=g\",\"caption\":\"admin\"}}]}<\/script>\n<!-- \/ Yoast SEO plugin. -->","yoast_head_json":{"title":"El #IMEPI alerta a los padres de familia sobre el uso fuegos artificiales en menores de edad - Volcanes","robots":{"index":"index","follow":"follow","max-snippet":"max-snippet:-1","max-image-preview":"max-image-preview:large","max-video-preview":"max-video-preview:-1"},"canonical":"https:\/\/volcanes.net\/?p=4086","og_locale":"es_MX","og_type":"article","og_title":"El #IMEPI alerta a los padres de familia sobre el uso fuegos artificiales en menores de edad - Volcanes","og_description":"Para hacer visibles los riesgos que implica el manejo de la pirotecnia y alertar sobre","og_url":"https:\/\/volcanes.net\/?p=4086","og_site_name":"Volcanes","article_publisher":"https:\/\/www.facebook.com\/volcanes.net\/","article_published_time":"2019-02-14T18:02:18+00:00","og_image":[{"width":680,"height":510,"url":"https:\/\/volcanes.net\/wp-content\/uploads\/2019\/02\/IMG-20190214-WA0032-680x510.jpg","type":"image\/jpeg"}],"author":"admin","twitter_card":"summary_large_image","twitter_misc":{"Escrito por":"admin","Tiempo de lectura":"1 minuto"},"schema":{"@context":"https:\/\/schema.org","@graph":[{"@type":"Article","@id":"https:\/\/volcanes.net\/?p=4086#article","isPartOf":{"@id":"https:\/\/volcanes.net\/?p=4086"},"author":{"name":"admin","@id":"https:\/\/volcanes.net\/#\/schema\/person\/4bf0f383940966a4abd53f5048c0e6b9"},"headline":"El #IMEPI alerta a los padres de familia sobre el uso fuegos artificiales en menores de edad","datePublished":"2019-02-14T18:02:18+00:00","mainEntityOfPage":{"@id":"https:\/\/volcanes.net\/?p=4086"},"wordCount":245,"commentCount":0,"publisher":{"@id":"https:\/\/volcanes.net\/#organization"},"image":{"@id":"https:\/\/volcanes.net\/?p=4086#primaryimage"},"thumbnailUrl":"https:\/\/volcanes.net\/wp-content\/uploads\/2019\/02\/IMG-20190214-WA0032-680x510.jpg","keywords":["IMEPI"],"articleSection":["Estatales"],"inLanguage":"es","potentialAction":[{"@type":"CommentAction","name":"Comment","target":["https:\/\/volcanes.net\/?p=4086#respond"]}]},{"@type":"WebPage","@id":"https:\/\/volcanes.net\/?p=4086","url":"https:\/\/volcanes.net\/?p=4086","name":"El #IMEPI alerta a los padres de familia sobre el uso fuegos artificiales en menores de edad - Volcanes","isPartOf":{"@id":"https:\/\/volcanes.net\/#website"},"primaryImageOfPage":{"@id":"https:\/\/volcanes.net\/?p=4086#primaryimage"},"image":{"@id":"https:\/\/volcanes.net\/?p=4086#primaryimage"},"thumbnailUrl":"https:\/\/volcanes.net\/wp-content\/uploads\/2019\/02\/IMG-20190214-WA0032-680x510.jpg","datePublished":"2019-02-14T18:02:18+00:00","breadcrumb":{"@id":"https:\/\/volcanes.net\/?p=4086#breadcrumb"},"inLanguage":"es","potentialAction":[{"@type":"ReadAction","target":["https:\/\/volcanes.net\/?p=4086"]}]},{"@type":"ImageObject","inLanguage":"es","@id":"https:\/\/volcanes.net\/?p=4086#primaryimage","url":"https:\/\/volcanes.net\/wp-content\/uploads\/2019\/02\/IMG-20190214-WA0032-680x510.jpg","contentUrl":"https:\/\/volcanes.net\/wp-content\/uploads\/2019\/02\/IMG-20190214-WA0032-680x510.jpg","width":680,"height":510},{"@type":"BreadcrumbList","@id":"https:\/\/volcanes.net\/?p=4086#breadcrumb","itemListElement":[{"@type":"ListItem","position":1,"name":"Portada","item":"https:\/\/volcanes.net\/"},{"@type":"ListItem","position":2,"name":"El #IMEPI alerta a los padres de familia sobre el uso fuegos artificiales en menores de edad"}]},{"@type":"WebSite","@id":"https:\/\/volcanes.net\/#website","url":"https:\/\/volcanes.net\/","name":"Volcanes.Net","description":"Periodismo Profesional","publisher":{"@id":"https:\/\/volcanes.net\/#organization"},"potentialAction":[{"@type":"SearchAction","target":{"@type":"EntryPoint","urlTemplate":"https:\/\/volcanes.net\/?s={search_term_string}"},"query-input":{"@type":"PropertyValueSpecification","valueRequired":true,"valueName":"search_term_string"}}],"inLanguage":"es"},{"@type":"Organization","@id":"https:\/\/volcanes.net\/#organization","name":"Grupo Volcanes","url":"https:\/\/volcanes.net\/","logo":{"@type":"ImageObject","inLanguage":"es","@id":"https:\/\/volcanes.net\/#\/schema\/logo\/image\/","url":"http:\/\/volcanes.net\/wp-content\/uploads\/2017\/12\/Avatar2.jpg","contentUrl":"http:\/\/volcanes.net\/wp-content\/uploads\/2017\/12\/Avatar2.jpg","width":378,"height":378,"caption":"Grupo Volcanes"},"image":{"@id":"https:\/\/volcanes.net\/#\/schema\/logo\/image\/"},"sameAs":["https:\/\/www.facebook.com\/volcanes.net\/"]},{"@type":"Person","@id":"https:\/\/volcanes.net\/#\/schema\/person\/4bf0f383940966a4abd53f5048c0e6b9","name":"admin","image":{"@type":"ImageObject","inLanguage":"es","@id":"https:\/\/volcanes.net\/#\/schema\/person\/image\/","url":"https:\/\/secure.gravatar.com\/avatar\/ca004e6cba8462b8cb7abc86e382930c?s=96&d=mm&r=g","contentUrl":"https:\/\/secure.gravatar.com\/avatar\/ca004e6cba8462b8cb7abc86e382930c?s=96&d=mm&r=g","caption":"admin"}}]}},"_links":{"self":[{"href":"https:\/\/volcanes.net\/index.php?rest_route=\/wp\/v2\/posts\/4086"}],"collection":[{"href":"https:\/\/volcanes.net\/index.php?rest_route=\/wp\/v2\/posts"}],"about":[{"href":"https:\/\/volcanes.net\/index.php?rest_route=\/wp\/v2\/types\/post"}],"author":[{"embeddable":true,"href":"https:\/\/volcanes.net\/index.php?rest_route=\/wp\/v2\/users\/1"}],"replies":[{"embeddable":true,"href":"https:\/\/volcanes.net\/index.php?rest_route=%2Fwp%2Fv2%2Fcomments&post=4086"}],"version-history":[{"count":1,"href":"https:\/\/volcanes.net\/index.php?rest_route=\/wp\/v2\/posts\/4086\/revisions"}],"predecessor-version":[{"id":4088,"href":"https:\/\/volcanes.net\/index.php?rest_route=\/wp\/v2\/posts\/4086\/revisions\/4088"}],"wp:featuredmedia":[{"embeddable":true,"href":"https:\/\/volcanes.net\/index.php?rest_route=\/wp\/v2\/media\/4087"}],"wp:attachment":[{"href":"https:\/\/volcanes.net\/index.php?rest_route=%2Fwp%2Fv2%2Fmedia&parent=4086"}],"wp:term":[{"taxonomy":"category","embeddable":true,"href":"https:\/\/volcanes.net\/index.php?rest_route=%2Fwp%2Fv2%2Fcategories&post=4086"},{"taxonomy":"post_tag","embeddable":true,"href":"https:\/\/volcanes.net\/index.php?rest_route=%2Fwp%2Fv2%2Ftags&post=4086"}],"curies":[{"name":"wp","href":"https:\/\/api.w.org\/{rel}","templated":true}]}}