{"id":4089,"date":"2019-02-14T12:04:13","date_gmt":"2019-02-14T18:04:13","guid":{"rendered":"http:\/\/volcanes.net\/?p=4089"},"modified":"2019-02-14T12:04:13","modified_gmt":"2019-02-14T18:04:13","slug":"alfredo-del-mazo-asegura-que-en-equipo-con-el-poder-judicial-se-trabaja-para-que-el-edomex-sea-una-entidad-mas-justa","status":"publish","type":"post","link":"https:\/\/volcanes.net\/?p=4089","title":{"rendered":"Alfredo Del Mazo asegura que en equipo con el Poder Judicial se trabaja para que el #Edom\u00e9x sea una entidad m\u00e1s justa"},"content":{"rendered":"<div style=\"margin-top: 0px; margin-bottom: 0px;\" class=\"sharethis-inline-share-buttons\" ><\/div><p>El Gobernador Alfredo Del Mazo Maza afirm\u00f3 que para construir un estado cada vez m\u00e1s justo, la administraci\u00f3n mexiquense seguir\u00e1 fomentando una justicia en la que cada mexiquense cuente con el respaldo de las instituciones para construir su proyecto de vida, garantizando el respeto a sus derechos, lo cual se lograr\u00e1 en coordinaci\u00f3n con el Poder Judicial.<\/p>\n<p>\u201cAmbos poderes compartimos el reto de construir un estado cada vez m\u00e1s justo, porque mientras siga pendiente la justicia, persistir\u00e1n la desigualdad y la pobreza. Juntos continuaremos impulsando la justicia para el desarrollo, con el respaldo de jueces y magistrados y de todo el Poder Judicial, aseguraremos que cada mexiquense cuente con el respaldo incondicional de las instituciones para construir su proyecto de vida, con la garant\u00eda permanente de respeto a sus derechos\u201d, enfatiz\u00f3.<\/p>\n<p>Despu\u00e9s de que el Presidente del Tribunal Superior de Justicia estatal, Sergio Medina Pe\u00f1aloza presentara su Cuarto Informe de Desarrollo Estrat\u00e9gico, Del Mazo Maza consider\u00f3 que para responder a los desaf\u00edos actuales en materia de justicia, el Gobierno del estado, junto con el Poder Judicial, inici\u00f3 una transformaci\u00f3n institucional para garantizar el respeto a los derechos sociales, civiles y econ\u00f3micos de cada individuo.<\/p>\n<p>En esta transformaci\u00f3n, destac\u00f3 la integraci\u00f3n y el uso de la tecnolog\u00eda para agilizar los procesos a cargo de este organismo, como la creaci\u00f3n del complejo de telepresencia, que ha permitido que m\u00e1s de 19 mil mexiquenses tuvieran acceso pronto, equitativo y transparente a la justicia.<\/p>\n<p>Destac\u00f3 tambi\u00e9n los juzgados familiares en l\u00ednea, que acortan procesos y garantizan una mejor calidad de vida para ni\u00f1as, ni\u00f1os y adolescentes, y recalc\u00f3 que el modelo de gesti\u00f3n administrativa de la justicia mexiquense ser\u00e1 base del sistema que se implementar\u00e1 en el Poder Judicial de la Ciudad de M\u00e9xico, mientras que el modelo de Juzgado de Cateos y \u00d3rdenes de Aprehensi\u00f3n ya entr\u00f3 en funcionamiento en San Luis Potos\u00ed.<\/p>\n<p>\u201cReconocemos que el impulso dado por el Poder Judicial a las nuevas tecnolog\u00edas es el cimiento para construir un estado moderno y justo, que marca el rumbo que las instituciones p\u00fablicas mexiquenses debemos seguir en materia de gesti\u00f3n administrativa y atenci\u00f3n ciudadana. Con base en la transparencia, la eficiencia, la innovaci\u00f3n y la justicia cotidiana, nuestro m\u00e1ximo Tribunal se ha consolidado como un referente nacional, y como una instituci\u00f3n de vanguardia, moderna e innovadora, que responde a los retos del mundo actual\u201d, expres\u00f3.<\/p>\n<p>En el mensaje que dirigi\u00f3 a magistrados, jueces, diputados, acad\u00e9micos, empresarios y m\u00e1s autoridades que se congregaron en la Escuela Judicial de Toluca, el mandatario estatal afirm\u00f3 que el Poder Judicial fomenta el bienestar de los sectores m\u00e1s vulnerables, como las mujeres o menores en adopci\u00f3n, por ello, reconoci\u00f3 a este organismo al sumarse al compromiso con el fortalecimiento de los derechos de las mujeres, al ponerle fin a la impunidad y juzgar a los agresores.<\/p>\n<p>Aunado a ello, refiri\u00f3 que el a\u00f1o pasado, en coordinaci\u00f3n con el Sistemas para el Desarrollo Integral de la Familia del Estado de M\u00e9xico (DIFEM), este Tribunal puso en marcha los Centros de Convivencia Familiar, en los que se garantiza que los encuentros entre familias que han sido separadas, se hagan en forma segura, mientras que el Juzgado Especializado en Procedimientos de Adopci\u00f3n y Restituci\u00f3n Internacional de Menores, acorta los tiempos de adopci\u00f3n y permite integrar nuevas familias en menos de seis meses.<\/p>\n<p>Finalmente, Alfredo Del Mazo reconoci\u00f3 las contribuciones que tanto el titular como los integrantes del Tribunal Superior de Justicia aportan al desarrollo de la entidad, al asegurar el acceso efectivo a una justicia igualitaria, y consider\u00f3 que \u00e9ste es el medio para garantizar la integridad y la protecci\u00f3n de cada mexiquense.<\/p>\n<p>\u201cLa justicia es una palanca de desarrollo y un medio para asegurar la integridad y la protecci\u00f3n de cada mexiquense. Asegurar el acceso efectivo a una justicia cotidiana igualitaria, pronta y expedita es una de las mayores prioridades de nuestro Gobierno. Para cumplir con este prop\u00f3sito, encontramos en el Poder Judicial a un aliado comprometido con el bienestar de las familias mexiquenses\u201d, apunt\u00f3.<\/p>\n<p>En su informe, el Magistrado Presidente del Poder Judicial, Sergio Medina Pe\u00f1aloza, asever\u00f3 que los 5 mil 122 colaboradores de esta instituci\u00f3n contribuyen a la grandeza y al bienestar del Edom\u00e9x, ya que en el \u00faltimo a\u00f1o se radicaron 240 mil juicios en primera instancia, de los cuales 50.2 por ciento corresponden a la materia civil, 34.6 por ciento a la materia familiar, 9 por ciento a materia penal y 6.2 por ciento a la mercantil.<\/p>\n<p>Agreg\u00f3 que el a\u00f1o anterior iniciaron la operaci\u00f3n de la Firma Electr\u00f3nica Judicial que favorece la gesti\u00f3n y la digitalizaci\u00f3n de procesos, con un registro actual de 3 mil 811 firmas electr\u00f3nicas, que han sido empleadas para procesar un mill\u00f3n 248 mil 436 documentos digitales, entre otros resultados.<\/p>\n","protected":false},"excerpt":{"rendered":"<p>El Gobernador Alfredo Del Mazo Maza afirm\u00f3 que para construir un estado cada vez m\u00e1s<\/p>\n","protected":false},"author":1,"featured_media":4090,"comment_status":"open","ping_status":"open","sticky":false,"template":"","format":"standard","meta":{"footnotes":""},"categories":[3],"tags":[4],"class_list":["post-4089","post","type-post","status-publish","format-standard","has-post-thumbnail","hentry","category-estatales","tag-gobierno-del-estado-de-mexico"],"yoast_head":"<!-- This site is optimized with the Yoast SEO plugin v25.3 - https:\/\/yoast.com\/wordpress\/plugins\/seo\/ -->\n<title>Alfredo Del Mazo asegura que en equipo con el Poder Judicial se trabaja para que el #Edom\u00e9x sea una entidad m\u00e1s justa - Volcanes<\/title>\n<meta name=\"robots\" content=\"index, follow, max-snippet:-1, max-image-preview:large, max-video-preview:-1\" \/>\n<link rel=\"canonical\" href=\"https:\/\/volcanes.net\/?p=4089\" \/>\n<meta property=\"og:locale\" content=\"es_MX\" \/>\n<meta property=\"og:type\" content=\"article\" \/>\n<meta property=\"og:title\" content=\"Alfredo Del Mazo asegura que en equipo con el Poder Judicial se trabaja para que el #Edom\u00e9x sea una entidad m\u00e1s justa - Volcanes\" \/>\n<meta property=\"og:description\" content=\"El Gobernador Alfredo Del Mazo Maza afirm\u00f3 que para construir un estado cada vez m\u00e1s\" \/>\n<meta property=\"og:url\" content=\"https:\/\/volcanes.net\/?p=4089\" \/>\n<meta property=\"og:site_name\" content=\"Volcanes\" \/>\n<meta property=\"article:publisher\" content=\"https:\/\/www.facebook.com\/volcanes.net\/\" \/>\n<meta property=\"article:published_time\" content=\"2019-02-14T18:04:13+00:00\" \/>\n<meta property=\"og:image\" content=\"https:\/\/volcanes.net\/wp-content\/uploads\/2019\/02\/Alfredo-Del-Mazo-Poder-Judicial-4-1-680x310.jpeg\" \/>\n\t<meta property=\"og:image:width\" content=\"680\" \/>\n\t<meta property=\"og:image:height\" content=\"310\" \/>\n\t<meta property=\"og:image:type\" content=\"image\/jpeg\" \/>\n<meta name=\"author\" content=\"admin\" \/>\n<meta name=\"twitter:card\" content=\"summary_large_image\" \/>\n<meta name=\"twitter:label1\" content=\"Escrito por\" \/>\n\t<meta name=\"twitter:data1\" content=\"admin\" \/>\n\t<meta name=\"twitter:label2\" content=\"Tiempo de lectura\" \/>\n\t<meta name=\"twitter:data2\" content=\"4 minutos\" \/>\n<script type=\"application\/ld+json\" class=\"yoast-schema-graph\">{\"@context\":\"https:\/\/schema.org\",\"@graph\":[{\"@type\":\"Article\",\"@id\":\"https:\/\/volcanes.net\/?p=4089#article\",\"isPartOf\":{\"@id\":\"https:\/\/volcanes.net\/?p=4089\"},\"author\":{\"name\":\"admin\",\"@id\":\"https:\/\/volcanes.net\/#\/schema\/person\/4bf0f383940966a4abd53f5048c0e6b9\"},\"headline\":\"Alfredo Del Mazo asegura que en equipo con el Poder Judicial se trabaja para que el #Edom\u00e9x sea una entidad m\u00e1s justa\",\"datePublished\":\"2019-02-14T18:04:13+00:00\",\"mainEntityOfPage\":{\"@id\":\"https:\/\/volcanes.net\/?p=4089\"},\"wordCount\":857,\"commentCount\":0,\"publisher\":{\"@id\":\"https:\/\/volcanes.net\/#organization\"},\"image\":{\"@id\":\"https:\/\/volcanes.net\/?p=4089#primaryimage\"},\"thumbnailUrl\":\"https:\/\/volcanes.net\/wp-content\/uploads\/2019\/02\/Alfredo-Del-Mazo-Poder-Judicial-4-1-680x310.jpeg\",\"keywords\":[\"Gobierno del Estado de M\u00e9xico\"],\"articleSection\":[\"Estatales\"],\"inLanguage\":\"es\",\"potentialAction\":[{\"@type\":\"CommentAction\",\"name\":\"Comment\",\"target\":[\"https:\/\/volcanes.net\/?p=4089#respond\"]}]},{\"@type\":\"WebPage\",\"@id\":\"https:\/\/volcanes.net\/?p=4089\",\"url\":\"https:\/\/volcanes.net\/?p=4089\",\"name\":\"Alfredo Del Mazo asegura que en equipo con el Poder Judicial se trabaja para que el #Edom\u00e9x sea una entidad m\u00e1s justa - Volcanes\",\"isPartOf\":{\"@id\":\"https:\/\/volcanes.net\/#website\"},\"primaryImageOfPage\":{\"@id\":\"https:\/\/volcanes.net\/?p=4089#primaryimage\"},\"image\":{\"@id\":\"https:\/\/volcanes.net\/?p=4089#primaryimage\"},\"thumbnailUrl\":\"https:\/\/volcanes.net\/wp-content\/uploads\/2019\/02\/Alfredo-Del-Mazo-Poder-Judicial-4-1-680x310.jpeg\",\"datePublished\":\"2019-02-14T18:04:13+00:00\",\"breadcrumb\":{\"@id\":\"https:\/\/volcanes.net\/?p=4089#breadcrumb\"},\"inLanguage\":\"es\",\"potentialAction\":[{\"@type\":\"ReadAction\",\"target\":[\"https:\/\/volcanes.net\/?p=4089\"]}]},{\"@type\":\"ImageObject\",\"inLanguage\":\"es\",\"@id\":\"https:\/\/volcanes.net\/?p=4089#primaryimage\",\"url\":\"https:\/\/volcanes.net\/wp-content\/uploads\/2019\/02\/Alfredo-Del-Mazo-Poder-Judicial-4-1-680x310.jpeg\",\"contentUrl\":\"https:\/\/volcanes.net\/wp-content\/uploads\/2019\/02\/Alfredo-Del-Mazo-Poder-Judicial-4-1-680x310.jpeg\",\"width\":680,\"height\":310},{\"@type\":\"BreadcrumbList\",\"@id\":\"https:\/\/volcanes.net\/?p=4089#breadcrumb\",\"itemListElement\":[{\"@type\":\"ListItem\",\"position\":1,\"name\":\"Portada\",\"item\":\"https:\/\/volcanes.net\/\"},{\"@type\":\"ListItem\",\"position\":2,\"name\":\"Alfredo Del Mazo asegura que en equipo con el Poder Judicial se trabaja para que el #Edom\u00e9x sea una entidad m\u00e1s justa\"}]},{\"@type\":\"WebSite\",\"@id\":\"https:\/\/volcanes.net\/#website\",\"url\":\"https:\/\/volcanes.net\/\",\"name\":\"Volcanes.Net\",\"description\":\"Periodismo Profesional\",\"publisher\":{\"@id\":\"https:\/\/volcanes.net\/#organization\"},\"potentialAction\":[{\"@type\":\"SearchAction\",\"target\":{\"@type\":\"EntryPoint\",\"urlTemplate\":\"https:\/\/volcanes.net\/?s={search_term_string}\"},\"query-input\":{\"@type\":\"PropertyValueSpecification\",\"valueRequired\":true,\"valueName\":\"search_term_string\"}}],\"inLanguage\":\"es\"},{\"@type\":\"Organization\",\"@id\":\"https:\/\/volcanes.net\/#organization\",\"name\":\"Grupo Volcanes\",\"url\":\"https:\/\/volcanes.net\/\",\"logo\":{\"@type\":\"ImageObject\",\"inLanguage\":\"es\",\"@id\":\"https:\/\/volcanes.net\/#\/schema\/logo\/image\/\",\"url\":\"http:\/\/volcanes.net\/wp-content\/uploads\/2017\/12\/Avatar2.jpg\",\"contentUrl\":\"http:\/\/volcanes.net\/wp-content\/uploads\/2017\/12\/Avatar2.jpg\",\"width\":378,\"height\":378,\"caption\":\"Grupo Volcanes\"},\"image\":{\"@id\":\"https:\/\/volcanes.net\/#\/schema\/logo\/image\/\"},\"sameAs\":[\"https:\/\/www.facebook.com\/volcanes.net\/\"]},{\"@type\":\"Person\",\"@id\":\"https:\/\/volcanes.net\/#\/schema\/person\/4bf0f383940966a4abd53f5048c0e6b9\",\"name\":\"admin\",\"image\":{\"@type\":\"ImageObject\",\"inLanguage\":\"es\",\"@id\":\"https:\/\/volcanes.net\/#\/schema\/person\/image\/\",\"url\":\"https:\/\/secure.gravatar.com\/avatar\/ca004e6cba8462b8cb7abc86e382930c?s=96&d=mm&r=g\",\"contentUrl\":\"https:\/\/secure.gravatar.com\/avatar\/ca004e6cba8462b8cb7abc86e382930c?s=96&d=mm&r=g\",\"caption\":\"admin\"}}]}<\/script>\n<!-- \/ Yoast SEO plugin. -->","yoast_head_json":{"title":"Alfredo Del Mazo asegura que en equipo con el Poder Judicial se trabaja para que el #Edom\u00e9x sea una entidad m\u00e1s justa - Volcanes","robots":{"index":"index","follow":"follow","max-snippet":"max-snippet:-1","max-image-preview":"max-image-preview:large","max-video-preview":"max-video-preview:-1"},"canonical":"https:\/\/volcanes.net\/?p=4089","og_locale":"es_MX","og_type":"article","og_title":"Alfredo Del Mazo asegura que en equipo con el Poder Judicial se trabaja para que el #Edom\u00e9x sea una entidad m\u00e1s justa - Volcanes","og_description":"El Gobernador Alfredo Del Mazo Maza afirm\u00f3 que para construir un estado cada vez m\u00e1s","og_url":"https:\/\/volcanes.net\/?p=4089","og_site_name":"Volcanes","article_publisher":"https:\/\/www.facebook.com\/volcanes.net\/","article_published_time":"2019-02-14T18:04:13+00:00","og_image":[{"width":680,"height":310,"url":"https:\/\/volcanes.net\/wp-content\/uploads\/2019\/02\/Alfredo-Del-Mazo-Poder-Judicial-4-1-680x310.jpeg","type":"image\/jpeg"}],"author":"admin","twitter_card":"summary_large_image","twitter_misc":{"Escrito por":"admin","Tiempo de lectura":"4 minutos"},"schema":{"@context":"https:\/\/schema.org","@graph":[{"@type":"Article","@id":"https:\/\/volcanes.net\/?p=4089#article","isPartOf":{"@id":"https:\/\/volcanes.net\/?p=4089"},"author":{"name":"admin","@id":"https:\/\/volcanes.net\/#\/schema\/person\/4bf0f383940966a4abd53f5048c0e6b9"},"headline":"Alfredo Del Mazo asegura que en equipo con el Poder Judicial se trabaja para que el #Edom\u00e9x sea una entidad m\u00e1s justa","datePublished":"2019-02-14T18:04:13+00:00","mainEntityOfPage":{"@id":"https:\/\/volcanes.net\/?p=4089"},"wordCount":857,"commentCount":0,"publisher":{"@id":"https:\/\/volcanes.net\/#organization"},"image":{"@id":"https:\/\/volcanes.net\/?p=4089#primaryimage"},"thumbnailUrl":"https:\/\/volcanes.net\/wp-content\/uploads\/2019\/02\/Alfredo-Del-Mazo-Poder-Judicial-4-1-680x310.jpeg","keywords":["Gobierno del Estado de M\u00e9xico"],"articleSection":["Estatales"],"inLanguage":"es","potentialAction":[{"@type":"CommentAction","name":"Comment","target":["https:\/\/volcanes.net\/?p=4089#respond"]}]},{"@type":"WebPage","@id":"https:\/\/volcanes.net\/?p=4089","url":"https:\/\/volcanes.net\/?p=4089","name":"Alfredo Del Mazo asegura que en equipo con el Poder Judicial se trabaja para que el #Edom\u00e9x sea una entidad m\u00e1s justa - Volcanes","isPartOf":{"@id":"https:\/\/volcanes.net\/#website"},"primaryImageOfPage":{"@id":"https:\/\/volcanes.net\/?p=4089#primaryimage"},"image":{"@id":"https:\/\/volcanes.net\/?p=4089#primaryimage"},"thumbnailUrl":"https:\/\/volcanes.net\/wp-content\/uploads\/2019\/02\/Alfredo-Del-Mazo-Poder-Judicial-4-1-680x310.jpeg","datePublished":"2019-02-14T18:04:13+00:00","breadcrumb":{"@id":"https:\/\/volcanes.net\/?p=4089#breadcrumb"},"inLanguage":"es","potentialAction":[{"@type":"ReadAction","target":["https:\/\/volcanes.net\/?p=4089"]}]},{"@type":"ImageObject","inLanguage":"es","@id":"https:\/\/volcanes.net\/?p=4089#primaryimage","url":"https:\/\/volcanes.net\/wp-content\/uploads\/2019\/02\/Alfredo-Del-Mazo-Poder-Judicial-4-1-680x310.jpeg","contentUrl":"https:\/\/volcanes.net\/wp-content\/uploads\/2019\/02\/Alfredo-Del-Mazo-Poder-Judicial-4-1-680x310.jpeg","width":680,"height":310},{"@type":"BreadcrumbList","@id":"https:\/\/volcanes.net\/?p=4089#breadcrumb","itemListElement":[{"@type":"ListItem","position":1,"name":"Portada","item":"https:\/\/volcanes.net\/"},{"@type":"ListItem","position":2,"name":"Alfredo Del Mazo asegura que en equipo con el Poder Judicial se trabaja para que el #Edom\u00e9x sea una entidad m\u00e1s justa"}]},{"@type":"WebSite","@id":"https:\/\/volcanes.net\/#website","url":"https:\/\/volcanes.net\/","name":"Volcanes.Net","description":"Periodismo Profesional","publisher":{"@id":"https:\/\/volcanes.net\/#organization"},"potentialAction":[{"@type":"SearchAction","target":{"@type":"EntryPoint","urlTemplate":"https:\/\/volcanes.net\/?s={search_term_string}"},"query-input":{"@type":"PropertyValueSpecification","valueRequired":true,"valueName":"search_term_string"}}],"inLanguage":"es"},{"@type":"Organization","@id":"https:\/\/volcanes.net\/#organization","name":"Grupo Volcanes","url":"https:\/\/volcanes.net\/","logo":{"@type":"ImageObject","inLanguage":"es","@id":"https:\/\/volcanes.net\/#\/schema\/logo\/image\/","url":"http:\/\/volcanes.net\/wp-content\/uploads\/2017\/12\/Avatar2.jpg","contentUrl":"http:\/\/volcanes.net\/wp-content\/uploads\/2017\/12\/Avatar2.jpg","width":378,"height":378,"caption":"Grupo Volcanes"},"image":{"@id":"https:\/\/volcanes.net\/#\/schema\/logo\/image\/"},"sameAs":["https:\/\/www.facebook.com\/volcanes.net\/"]},{"@type":"Person","@id":"https:\/\/volcanes.net\/#\/schema\/person\/4bf0f383940966a4abd53f5048c0e6b9","name":"admin","image":{"@type":"ImageObject","inLanguage":"es","@id":"https:\/\/volcanes.net\/#\/schema\/person\/image\/","url":"https:\/\/secure.gravatar.com\/avatar\/ca004e6cba8462b8cb7abc86e382930c?s=96&d=mm&r=g","contentUrl":"https:\/\/secure.gravatar.com\/avatar\/ca004e6cba8462b8cb7abc86e382930c?s=96&d=mm&r=g","caption":"admin"}}]}},"_links":{"self":[{"href":"https:\/\/volcanes.net\/index.php?rest_route=\/wp\/v2\/posts\/4089"}],"collection":[{"href":"https:\/\/volcanes.net\/index.php?rest_route=\/wp\/v2\/posts"}],"about":[{"href":"https:\/\/volcanes.net\/index.php?rest_route=\/wp\/v2\/types\/post"}],"author":[{"embeddable":true,"href":"https:\/\/volcanes.net\/index.php?rest_route=\/wp\/v2\/users\/1"}],"replies":[{"embeddable":true,"href":"https:\/\/volcanes.net\/index.php?rest_route=%2Fwp%2Fv2%2Fcomments&post=4089"}],"version-history":[{"count":1,"href":"https:\/\/volcanes.net\/index.php?rest_route=\/wp\/v2\/posts\/4089\/revisions"}],"predecessor-version":[{"id":4091,"href":"https:\/\/volcanes.net\/index.php?rest_route=\/wp\/v2\/posts\/4089\/revisions\/4091"}],"wp:featuredmedia":[{"embeddable":true,"href":"https:\/\/volcanes.net\/index.php?rest_route=\/wp\/v2\/media\/4090"}],"wp:attachment":[{"href":"https:\/\/volcanes.net\/index.php?rest_route=%2Fwp%2Fv2%2Fmedia&parent=4089"}],"wp:term":[{"taxonomy":"category","embeddable":true,"href":"https:\/\/volcanes.net\/index.php?rest_route=%2Fwp%2Fv2%2Fcategories&post=4089"},{"taxonomy":"post_tag","embeddable":true,"href":"https:\/\/volcanes.net\/index.php?rest_route=%2Fwp%2Fv2%2Ftags&post=4089"}],"curies":[{"name":"wp","href":"https:\/\/api.w.org\/{rel}","templated":true}]}}