{"id":409,"date":"2018-01-12T14:27:55","date_gmt":"2018-01-12T14:27:55","guid":{"rendered":"http:\/\/volcanes.net\/?p=409"},"modified":"2018-01-12T14:27:55","modified_gmt":"2018-01-12T14:27:55","slug":"detienen-a-el-cochi-sucesor-de-grupo-delictivo-que-operaba-en-tlahuac","status":"publish","type":"post","link":"https:\/\/volcanes.net\/?p=409","title":{"rendered":"Detienen a \u201cEl Cochi\u201d, sucesor de grupo delictivo que operaba en Tl\u00e1huac"},"content":{"rendered":"<div style=\"margin-top: 0px; margin-bottom: 0px;\" class=\"sharethis-inline-share-buttons\" ><\/div><p>El Gobierno Federal confirm\u00f3 la detenci\u00f3n en Nuevo Le\u00f3n y la Ciudad de M\u00e9xico de tres personas identificadas como Uriel Isaac \u201cN\u201d, identificado como \u201cEl Cochi\u201d, presunto coordinador de narcomenudeo y extorsi\u00f3n para un grupo criminal en Tl\u00e1huac, as\u00ed como Rub\u00e9n \u201cN\u201d padre y Rub\u00e9n \u201cN\u201d hijo, a quienes les aseguraron armas, drogas y dinero.<\/p>\n<p>Acompa\u00f1ado por mandos de las secretar\u00edas de la Defensa y de Marina, as\u00ed como de la PGR y de la Polic\u00eda Federal, el comisionado nacional de Seguridad, Renato Sales Heredia,\u00a0precis\u00f3 que las detenciones se realizaron mediante operativos simult\u00e1neos en ambas entidades, en cumplimiento a \u00f3rdenes de aprehensi\u00f3n.<\/p>\n<p>En un mensaje a medios en la Secretar\u00eda de Goberaci\u00f3n (Segob), detall\u00f3 que a Uriel Isaac \u201cN\u201d, detenido en Monterrey, Nuevo Le\u00f3n, se le atribuye la coordinaci\u00f3n de actividades de narcomenudeo y extorsi\u00f3n para un grupo delictivo que operaba en Tl\u00e1huac, y quien qued\u00f3 al mando tras la detenci\u00f3n del anterior jefe delictivo.<\/p>\n<p>Al momento de su detenci\u00f3n le aseguraron medio kilogramo de sustancia con las caracter\u00edsticas de la droga sint\u00e9tica conocida como \u201ccristal\u201d, precis\u00f3.<\/p>\n<p>\u201c(Uriel \u201cN\u201d) se mov\u00eda en la Ciudad de M\u00e9xico y el estado de Nuevo Le\u00f3n, entidad federativa esta \u00faltima desde donde giraba instrucciones y operaba para evitar ser detectado\u201d, a\u00f1adi\u00f3.<\/p>\n<p>Refiri\u00f3 que paralelamente se realiz\u00f3 un operativo en las delegaciones Venustiano Carranza e Iztacalco, en la Ciudad de M\u00e9xico, en donde se asegur\u00f3 a los otros dos hombres.<\/p>\n<p>En los inmuebles cateados se encontraron 12 armas cortas de diferentes calibres, m\u00e1s de un kilogramo de polvo blanco con las caracter\u00edsticas de la coca\u00edna y diverso numerario de moneda nacional.<\/p>\n<p>Sales subray\u00f3 que a los imputados les fueron le\u00eddos y respetados sus derechos humanos y fueron trasladados y puestos a disposici\u00f3n del Agente del Ministerio P\u00fablico de la Federaci\u00f3n en las respectivas entidades, en tanto que los inmuebles fueron asegurados por la autoridad ministerial.<\/p>\n<p>Finalmente, a nombre del Gobierno de la Rep\u00fablica y de las instituciones que integran el gabinete de seguridad, ratific\u00f3 el compromiso de mantener y fortalecer los principios planteados en la pol\u00edtica de seguridad y procuraci\u00f3n de justicia que permitan recuperar la paz y la tranquilidad de todos los mexicanos.<\/p>\n","protected":false},"excerpt":{"rendered":"<p>El Gobierno Federal confirm\u00f3 la detenci\u00f3n en Nuevo Le\u00f3n y la Ciudad de M\u00e9xico de<\/p>\n","protected":false},"author":1,"featured_media":384,"comment_status":"open","ping_status":"open","sticky":false,"template":"","format":"standard","meta":{"footnotes":""},"categories":[1],"tags":[28],"class_list":["post-409","post","type-post","status-publish","format-standard","has-post-thumbnail","hentry","category-municipales","tag-cdmx"],"yoast_head":"<!-- This site is optimized with the Yoast SEO plugin v25.3 - https:\/\/yoast.com\/wordpress\/plugins\/seo\/ -->\n<title>Detienen a \u201cEl Cochi\u201d, sucesor de grupo delictivo que operaba en Tl\u00e1huac - Volcanes<\/title>\n<meta name=\"robots\" content=\"index, follow, max-snippet:-1, max-image-preview:large, max-video-preview:-1\" \/>\n<link rel=\"canonical\" href=\"https:\/\/volcanes.net\/?p=409\" \/>\n<meta property=\"og:locale\" content=\"es_MX\" \/>\n<meta property=\"og:type\" content=\"article\" \/>\n<meta property=\"og:title\" content=\"Detienen a \u201cEl Cochi\u201d, sucesor de grupo delictivo que operaba en Tl\u00e1huac - Volcanes\" \/>\n<meta property=\"og:description\" content=\"El Gobierno Federal confirm\u00f3 la detenci\u00f3n en Nuevo Le\u00f3n y la Ciudad de M\u00e9xico de\" \/>\n<meta property=\"og:url\" content=\"https:\/\/volcanes.net\/?p=409\" \/>\n<meta property=\"og:site_name\" content=\"Volcanes\" \/>\n<meta property=\"article:publisher\" content=\"https:\/\/www.facebook.com\/volcanes.net\/\" \/>\n<meta property=\"article:published_time\" content=\"2018-01-12T14:27:55+00:00\" \/>\n<meta property=\"og:image\" content=\"https:\/\/volcanes.net\/wp-content\/uploads\/2018\/01\/cochi.jpg\" \/>\n\t<meta property=\"og:image:width\" content=\"400\" \/>\n\t<meta property=\"og:image:height\" content=\"200\" \/>\n\t<meta property=\"og:image:type\" content=\"image\/jpeg\" \/>\n<meta name=\"author\" content=\"admin\" \/>\n<meta name=\"twitter:card\" content=\"summary_large_image\" \/>\n<meta name=\"twitter:label1\" content=\"Escrito por\" \/>\n\t<meta name=\"twitter:data1\" content=\"admin\" \/>\n\t<meta name=\"twitter:label2\" content=\"Tiempo de lectura\" \/>\n\t<meta name=\"twitter:data2\" content=\"2 minutos\" \/>\n<script type=\"application\/ld+json\" class=\"yoast-schema-graph\">{\"@context\":\"https:\/\/schema.org\",\"@graph\":[{\"@type\":\"Article\",\"@id\":\"https:\/\/volcanes.net\/?p=409#article\",\"isPartOf\":{\"@id\":\"https:\/\/volcanes.net\/?p=409\"},\"author\":{\"name\":\"admin\",\"@id\":\"https:\/\/volcanes.net\/#\/schema\/person\/4bf0f383940966a4abd53f5048c0e6b9\"},\"headline\":\"Detienen a \u201cEl Cochi\u201d, sucesor de grupo delictivo que operaba en Tl\u00e1huac\",\"datePublished\":\"2018-01-12T14:27:55+00:00\",\"mainEntityOfPage\":{\"@id\":\"https:\/\/volcanes.net\/?p=409\"},\"wordCount\":409,\"commentCount\":0,\"publisher\":{\"@id\":\"https:\/\/volcanes.net\/#organization\"},\"image\":{\"@id\":\"https:\/\/volcanes.net\/?p=409#primaryimage\"},\"thumbnailUrl\":\"https:\/\/volcanes.net\/wp-content\/uploads\/2018\/01\/cochi.jpg\",\"keywords\":[\"CDMX\"],\"articleSection\":[\"Municipales\"],\"inLanguage\":\"es\",\"potentialAction\":[{\"@type\":\"CommentAction\",\"name\":\"Comment\",\"target\":[\"https:\/\/volcanes.net\/?p=409#respond\"]}]},{\"@type\":\"WebPage\",\"@id\":\"https:\/\/volcanes.net\/?p=409\",\"url\":\"https:\/\/volcanes.net\/?p=409\",\"name\":\"Detienen a \u201cEl Cochi\u201d, sucesor de grupo delictivo que operaba en Tl\u00e1huac - Volcanes\",\"isPartOf\":{\"@id\":\"https:\/\/volcanes.net\/#website\"},\"primaryImageOfPage\":{\"@id\":\"https:\/\/volcanes.net\/?p=409#primaryimage\"},\"image\":{\"@id\":\"https:\/\/volcanes.net\/?p=409#primaryimage\"},\"thumbnailUrl\":\"https:\/\/volcanes.net\/wp-content\/uploads\/2018\/01\/cochi.jpg\",\"datePublished\":\"2018-01-12T14:27:55+00:00\",\"breadcrumb\":{\"@id\":\"https:\/\/volcanes.net\/?p=409#breadcrumb\"},\"inLanguage\":\"es\",\"potentialAction\":[{\"@type\":\"ReadAction\",\"target\":[\"https:\/\/volcanes.net\/?p=409\"]}]},{\"@type\":\"ImageObject\",\"inLanguage\":\"es\",\"@id\":\"https:\/\/volcanes.net\/?p=409#primaryimage\",\"url\":\"https:\/\/volcanes.net\/wp-content\/uploads\/2018\/01\/cochi.jpg\",\"contentUrl\":\"https:\/\/volcanes.net\/wp-content\/uploads\/2018\/01\/cochi.jpg\",\"width\":400,\"height\":200},{\"@type\":\"BreadcrumbList\",\"@id\":\"https:\/\/volcanes.net\/?p=409#breadcrumb\",\"itemListElement\":[{\"@type\":\"ListItem\",\"position\":1,\"name\":\"Portada\",\"item\":\"https:\/\/volcanes.net\/\"},{\"@type\":\"ListItem\",\"position\":2,\"name\":\"Detienen a \u201cEl Cochi\u201d, sucesor de grupo delictivo que operaba en Tl\u00e1huac\"}]},{\"@type\":\"WebSite\",\"@id\":\"https:\/\/volcanes.net\/#website\",\"url\":\"https:\/\/volcanes.net\/\",\"name\":\"Volcanes.Net\",\"description\":\"Periodismo Profesional\",\"publisher\":{\"@id\":\"https:\/\/volcanes.net\/#organization\"},\"potentialAction\":[{\"@type\":\"SearchAction\",\"target\":{\"@type\":\"EntryPoint\",\"urlTemplate\":\"https:\/\/volcanes.net\/?s={search_term_string}\"},\"query-input\":{\"@type\":\"PropertyValueSpecification\",\"valueRequired\":true,\"valueName\":\"search_term_string\"}}],\"inLanguage\":\"es\"},{\"@type\":\"Organization\",\"@id\":\"https:\/\/volcanes.net\/#organization\",\"name\":\"Grupo Volcanes\",\"url\":\"https:\/\/volcanes.net\/\",\"logo\":{\"@type\":\"ImageObject\",\"inLanguage\":\"es\",\"@id\":\"https:\/\/volcanes.net\/#\/schema\/logo\/image\/\",\"url\":\"http:\/\/volcanes.net\/wp-content\/uploads\/2017\/12\/Avatar2.jpg\",\"contentUrl\":\"http:\/\/volcanes.net\/wp-content\/uploads\/2017\/12\/Avatar2.jpg\",\"width\":378,\"height\":378,\"caption\":\"Grupo Volcanes\"},\"image\":{\"@id\":\"https:\/\/volcanes.net\/#\/schema\/logo\/image\/\"},\"sameAs\":[\"https:\/\/www.facebook.com\/volcanes.net\/\"]},{\"@type\":\"Person\",\"@id\":\"https:\/\/volcanes.net\/#\/schema\/person\/4bf0f383940966a4abd53f5048c0e6b9\",\"name\":\"admin\",\"image\":{\"@type\":\"ImageObject\",\"inLanguage\":\"es\",\"@id\":\"https:\/\/volcanes.net\/#\/schema\/person\/image\/\",\"url\":\"https:\/\/secure.gravatar.com\/avatar\/ca004e6cba8462b8cb7abc86e382930c?s=96&d=mm&r=g\",\"contentUrl\":\"https:\/\/secure.gravatar.com\/avatar\/ca004e6cba8462b8cb7abc86e382930c?s=96&d=mm&r=g\",\"caption\":\"admin\"}}]}<\/script>\n<!-- \/ Yoast SEO plugin. -->","yoast_head_json":{"title":"Detienen a \u201cEl Cochi\u201d, sucesor de grupo delictivo que operaba en Tl\u00e1huac - Volcanes","robots":{"index":"index","follow":"follow","max-snippet":"max-snippet:-1","max-image-preview":"max-image-preview:large","max-video-preview":"max-video-preview:-1"},"canonical":"https:\/\/volcanes.net\/?p=409","og_locale":"es_MX","og_type":"article","og_title":"Detienen a \u201cEl Cochi\u201d, sucesor de grupo delictivo que operaba en Tl\u00e1huac - Volcanes","og_description":"El Gobierno Federal confirm\u00f3 la detenci\u00f3n en Nuevo Le\u00f3n y la Ciudad de M\u00e9xico de","og_url":"https:\/\/volcanes.net\/?p=409","og_site_name":"Volcanes","article_publisher":"https:\/\/www.facebook.com\/volcanes.net\/","article_published_time":"2018-01-12T14:27:55+00:00","og_image":[{"width":400,"height":200,"url":"https:\/\/volcanes.net\/wp-content\/uploads\/2018\/01\/cochi.jpg","type":"image\/jpeg"}],"author":"admin","twitter_card":"summary_large_image","twitter_misc":{"Escrito por":"admin","Tiempo de lectura":"2 minutos"},"schema":{"@context":"https:\/\/schema.org","@graph":[{"@type":"Article","@id":"https:\/\/volcanes.net\/?p=409#article","isPartOf":{"@id":"https:\/\/volcanes.net\/?p=409"},"author":{"name":"admin","@id":"https:\/\/volcanes.net\/#\/schema\/person\/4bf0f383940966a4abd53f5048c0e6b9"},"headline":"Detienen a \u201cEl Cochi\u201d, sucesor de grupo delictivo que operaba en Tl\u00e1huac","datePublished":"2018-01-12T14:27:55+00:00","mainEntityOfPage":{"@id":"https:\/\/volcanes.net\/?p=409"},"wordCount":409,"commentCount":0,"publisher":{"@id":"https:\/\/volcanes.net\/#organization"},"image":{"@id":"https:\/\/volcanes.net\/?p=409#primaryimage"},"thumbnailUrl":"https:\/\/volcanes.net\/wp-content\/uploads\/2018\/01\/cochi.jpg","keywords":["CDMX"],"articleSection":["Municipales"],"inLanguage":"es","potentialAction":[{"@type":"CommentAction","name":"Comment","target":["https:\/\/volcanes.net\/?p=409#respond"]}]},{"@type":"WebPage","@id":"https:\/\/volcanes.net\/?p=409","url":"https:\/\/volcanes.net\/?p=409","name":"Detienen a \u201cEl Cochi\u201d, sucesor de grupo delictivo que operaba en Tl\u00e1huac - Volcanes","isPartOf":{"@id":"https:\/\/volcanes.net\/#website"},"primaryImageOfPage":{"@id":"https:\/\/volcanes.net\/?p=409#primaryimage"},"image":{"@id":"https:\/\/volcanes.net\/?p=409#primaryimage"},"thumbnailUrl":"https:\/\/volcanes.net\/wp-content\/uploads\/2018\/01\/cochi.jpg","datePublished":"2018-01-12T14:27:55+00:00","breadcrumb":{"@id":"https:\/\/volcanes.net\/?p=409#breadcrumb"},"inLanguage":"es","potentialAction":[{"@type":"ReadAction","target":["https:\/\/volcanes.net\/?p=409"]}]},{"@type":"ImageObject","inLanguage":"es","@id":"https:\/\/volcanes.net\/?p=409#primaryimage","url":"https:\/\/volcanes.net\/wp-content\/uploads\/2018\/01\/cochi.jpg","contentUrl":"https:\/\/volcanes.net\/wp-content\/uploads\/2018\/01\/cochi.jpg","width":400,"height":200},{"@type":"BreadcrumbList","@id":"https:\/\/volcanes.net\/?p=409#breadcrumb","itemListElement":[{"@type":"ListItem","position":1,"name":"Portada","item":"https:\/\/volcanes.net\/"},{"@type":"ListItem","position":2,"name":"Detienen a \u201cEl Cochi\u201d, sucesor de grupo delictivo que operaba en Tl\u00e1huac"}]},{"@type":"WebSite","@id":"https:\/\/volcanes.net\/#website","url":"https:\/\/volcanes.net\/","name":"Volcanes.Net","description":"Periodismo Profesional","publisher":{"@id":"https:\/\/volcanes.net\/#organization"},"potentialAction":[{"@type":"SearchAction","target":{"@type":"EntryPoint","urlTemplate":"https:\/\/volcanes.net\/?s={search_term_string}"},"query-input":{"@type":"PropertyValueSpecification","valueRequired":true,"valueName":"search_term_string"}}],"inLanguage":"es"},{"@type":"Organization","@id":"https:\/\/volcanes.net\/#organization","name":"Grupo Volcanes","url":"https:\/\/volcanes.net\/","logo":{"@type":"ImageObject","inLanguage":"es","@id":"https:\/\/volcanes.net\/#\/schema\/logo\/image\/","url":"http:\/\/volcanes.net\/wp-content\/uploads\/2017\/12\/Avatar2.jpg","contentUrl":"http:\/\/volcanes.net\/wp-content\/uploads\/2017\/12\/Avatar2.jpg","width":378,"height":378,"caption":"Grupo Volcanes"},"image":{"@id":"https:\/\/volcanes.net\/#\/schema\/logo\/image\/"},"sameAs":["https:\/\/www.facebook.com\/volcanes.net\/"]},{"@type":"Person","@id":"https:\/\/volcanes.net\/#\/schema\/person\/4bf0f383940966a4abd53f5048c0e6b9","name":"admin","image":{"@type":"ImageObject","inLanguage":"es","@id":"https:\/\/volcanes.net\/#\/schema\/person\/image\/","url":"https:\/\/secure.gravatar.com\/avatar\/ca004e6cba8462b8cb7abc86e382930c?s=96&d=mm&r=g","contentUrl":"https:\/\/secure.gravatar.com\/avatar\/ca004e6cba8462b8cb7abc86e382930c?s=96&d=mm&r=g","caption":"admin"}}]}},"_links":{"self":[{"href":"https:\/\/volcanes.net\/index.php?rest_route=\/wp\/v2\/posts\/409"}],"collection":[{"href":"https:\/\/volcanes.net\/index.php?rest_route=\/wp\/v2\/posts"}],"about":[{"href":"https:\/\/volcanes.net\/index.php?rest_route=\/wp\/v2\/types\/post"}],"author":[{"embeddable":true,"href":"https:\/\/volcanes.net\/index.php?rest_route=\/wp\/v2\/users\/1"}],"replies":[{"embeddable":true,"href":"https:\/\/volcanes.net\/index.php?rest_route=%2Fwp%2Fv2%2Fcomments&post=409"}],"version-history":[{"count":1,"href":"https:\/\/volcanes.net\/index.php?rest_route=\/wp\/v2\/posts\/409\/revisions"}],"predecessor-version":[{"id":410,"href":"https:\/\/volcanes.net\/index.php?rest_route=\/wp\/v2\/posts\/409\/revisions\/410"}],"wp:featuredmedia":[{"embeddable":true,"href":"https:\/\/volcanes.net\/index.php?rest_route=\/wp\/v2\/media\/384"}],"wp:attachment":[{"href":"https:\/\/volcanes.net\/index.php?rest_route=%2Fwp%2Fv2%2Fmedia&parent=409"}],"wp:term":[{"taxonomy":"category","embeddable":true,"href":"https:\/\/volcanes.net\/index.php?rest_route=%2Fwp%2Fv2%2Fcategories&post=409"},{"taxonomy":"post_tag","embeddable":true,"href":"https:\/\/volcanes.net\/index.php?rest_route=%2Fwp%2Fv2%2Ftags&post=409"}],"curies":[{"name":"wp","href":"https:\/\/api.w.org\/{rel}","templated":true}]}}