{"id":4124,"date":"2019-02-15T14:51:32","date_gmt":"2019-02-15T20:51:32","guid":{"rendered":"http:\/\/volcanes.net\/?p=4124"},"modified":"2019-02-15T14:51:32","modified_gmt":"2019-02-15T20:51:32","slug":"vicente-onofre-vazquez-se-incorpora-a-morena","status":"publish","type":"post","link":"https:\/\/volcanes.net\/?p=4124","title":{"rendered":"Vicente Onofre V\u00e1zquez se incorpora a Morena"},"content":{"rendered":"<div style=\"margin-top: 0px; margin-bottom: 0px;\" class=\"sharethis-inline-share-buttons\" ><\/div><p>El diputado federal Vicente Alberto Onofre V\u00e1zquez notific\u00f3 a la Mesa Directiva de la LXIV Legislatura su incorporaci\u00f3n al Grupo Parlamentario de Morena, luego de que anunciar\u00e1 su separaci\u00f3n del Grupo Parlamentario del Partido Encuentro Social.<\/p>\n<p>En un comunicado emitido por la Legislatura este d\u00eda se establece que el legislador apunt\u00f3 que formar\u00e1 parte del grupo mayoritario por \u201cas\u00ed convenir a mis intereses respecto a mi representaci\u00f3n y trabajo legislativo\u201d.<\/p>\n<p>Hay que puntualizar que Onofre V\u00e1zquez fue electo por mayor\u00eda relativa (voto directo) en el distrito 33 \u00a0\u2013Chalco, Cocotitl\u00e1n y Temamatla- \u00a0bajo las siglas de la coalici\u00f3n Juntos Haremos Historia (Morena-PES-PT), y es integrante de las comisiones de Presupuesto y Cuenta P\u00fablica, y de Federalismo y Desarrollo Municipal, as\u00ed como secretario en la de Gobernaci\u00f3n y Poblaci\u00f3n.<\/p>\n<p>Pero el pasado 6 de febrero inform\u00f3 sobre su separaci\u00f3n de la bancada del PES, por lo que qued\u00f3 como diputado sin partido pol\u00edtico.<\/p>\n<p>Y hoy anunci\u00f3 su\u00a0 incorporaci\u00f3n a la bancada de Movimiento Regeneraci\u00f3n Nacional, por lo que dicho partido pol\u00edtico\u00a0 queda con 258 integrantes.<\/p>\n<p>Por \u00faltimo hay que recordar que fue dirigente del PES en el Estado de M\u00e9xico, entidad donde sufri\u00f3 un atentado en febrero de 2018.<\/p>\n","protected":false},"excerpt":{"rendered":"<p>El diputado federal Vicente Alberto Onofre V\u00e1zquez notific\u00f3 a la Mesa Directiva de la LXIV<\/p>\n","protected":false},"author":1,"featured_media":4125,"comment_status":"open","ping_status":"open","sticky":false,"template":"","format":"standard","meta":{"footnotes":""},"categories":[3,1],"tags":[9,174],"class_list":["post-4124","post","type-post","status-publish","format-standard","has-post-thumbnail","hentry","category-estatales","category-municipales","tag-chalco","tag-estado-de-mexico"],"yoast_head":"<!-- This site is optimized with the Yoast SEO plugin v25.3 - https:\/\/yoast.com\/wordpress\/plugins\/seo\/ -->\n<title>Vicente Onofre V\u00e1zquez se incorpora a Morena - Volcanes<\/title>\n<meta name=\"robots\" content=\"index, follow, max-snippet:-1, max-image-preview:large, max-video-preview:-1\" \/>\n<link rel=\"canonical\" href=\"https:\/\/volcanes.net\/?p=4124\" \/>\n<meta property=\"og:locale\" content=\"es_MX\" \/>\n<meta property=\"og:type\" content=\"article\" \/>\n<meta property=\"og:title\" content=\"Vicente Onofre V\u00e1zquez se incorpora a Morena - Volcanes\" \/>\n<meta property=\"og:description\" content=\"El diputado federal Vicente Alberto Onofre V\u00e1zquez notific\u00f3 a la Mesa Directiva de la LXIV\" \/>\n<meta property=\"og:url\" content=\"https:\/\/volcanes.net\/?p=4124\" \/>\n<meta property=\"og:site_name\" content=\"Volcanes\" \/>\n<meta property=\"article:publisher\" content=\"https:\/\/www.facebook.com\/volcanes.net\/\" \/>\n<meta property=\"article:published_time\" content=\"2019-02-15T20:51:32+00:00\" \/>\n<meta property=\"og:image\" content=\"https:\/\/volcanes.net\/wp-content\/uploads\/2019\/02\/52082276_1903245156470123_7504525841527734272_n.jpg\" \/>\n\t<meta property=\"og:image:width\" content=\"533\" \/>\n\t<meta property=\"og:image:height\" content=\"683\" \/>\n\t<meta property=\"og:image:type\" content=\"image\/jpeg\" \/>\n<meta name=\"author\" content=\"admin\" \/>\n<meta name=\"twitter:card\" content=\"summary_large_image\" \/>\n<meta name=\"twitter:label1\" content=\"Escrito por\" \/>\n\t<meta name=\"twitter:data1\" content=\"admin\" \/>\n\t<meta name=\"twitter:label2\" content=\"Tiempo de lectura\" \/>\n\t<meta name=\"twitter:data2\" content=\"1 minuto\" \/>\n<script type=\"application\/ld+json\" class=\"yoast-schema-graph\">{\"@context\":\"https:\/\/schema.org\",\"@graph\":[{\"@type\":\"Article\",\"@id\":\"https:\/\/volcanes.net\/?p=4124#article\",\"isPartOf\":{\"@id\":\"https:\/\/volcanes.net\/?p=4124\"},\"author\":{\"name\":\"admin\",\"@id\":\"https:\/\/volcanes.net\/#\/schema\/person\/4bf0f383940966a4abd53f5048c0e6b9\"},\"headline\":\"Vicente Onofre V\u00e1zquez se incorpora a Morena\",\"datePublished\":\"2019-02-15T20:51:32+00:00\",\"mainEntityOfPage\":{\"@id\":\"https:\/\/volcanes.net\/?p=4124\"},\"wordCount\":219,\"commentCount\":0,\"publisher\":{\"@id\":\"https:\/\/volcanes.net\/#organization\"},\"image\":{\"@id\":\"https:\/\/volcanes.net\/?p=4124#primaryimage\"},\"thumbnailUrl\":\"https:\/\/volcanes.net\/wp-content\/uploads\/2019\/02\/52082276_1903245156470123_7504525841527734272_n.jpg\",\"keywords\":[\"Chalco\",\"Estado de M\u00e9xico\"],\"articleSection\":[\"Estatales\",\"Municipales\"],\"inLanguage\":\"es\",\"potentialAction\":[{\"@type\":\"CommentAction\",\"name\":\"Comment\",\"target\":[\"https:\/\/volcanes.net\/?p=4124#respond\"]}]},{\"@type\":\"WebPage\",\"@id\":\"https:\/\/volcanes.net\/?p=4124\",\"url\":\"https:\/\/volcanes.net\/?p=4124\",\"name\":\"Vicente Onofre V\u00e1zquez se incorpora a Morena - Volcanes\",\"isPartOf\":{\"@id\":\"https:\/\/volcanes.net\/#website\"},\"primaryImageOfPage\":{\"@id\":\"https:\/\/volcanes.net\/?p=4124#primaryimage\"},\"image\":{\"@id\":\"https:\/\/volcanes.net\/?p=4124#primaryimage\"},\"thumbnailUrl\":\"https:\/\/volcanes.net\/wp-content\/uploads\/2019\/02\/52082276_1903245156470123_7504525841527734272_n.jpg\",\"datePublished\":\"2019-02-15T20:51:32+00:00\",\"breadcrumb\":{\"@id\":\"https:\/\/volcanes.net\/?p=4124#breadcrumb\"},\"inLanguage\":\"es\",\"potentialAction\":[{\"@type\":\"ReadAction\",\"target\":[\"https:\/\/volcanes.net\/?p=4124\"]}]},{\"@type\":\"ImageObject\",\"inLanguage\":\"es\",\"@id\":\"https:\/\/volcanes.net\/?p=4124#primaryimage\",\"url\":\"https:\/\/volcanes.net\/wp-content\/uploads\/2019\/02\/52082276_1903245156470123_7504525841527734272_n.jpg\",\"contentUrl\":\"https:\/\/volcanes.net\/wp-content\/uploads\/2019\/02\/52082276_1903245156470123_7504525841527734272_n.jpg\",\"width\":533,\"height\":683},{\"@type\":\"BreadcrumbList\",\"@id\":\"https:\/\/volcanes.net\/?p=4124#breadcrumb\",\"itemListElement\":[{\"@type\":\"ListItem\",\"position\":1,\"name\":\"Portada\",\"item\":\"https:\/\/volcanes.net\/\"},{\"@type\":\"ListItem\",\"position\":2,\"name\":\"Vicente Onofre V\u00e1zquez se incorpora a Morena\"}]},{\"@type\":\"WebSite\",\"@id\":\"https:\/\/volcanes.net\/#website\",\"url\":\"https:\/\/volcanes.net\/\",\"name\":\"Volcanes.Net\",\"description\":\"Periodismo Profesional\",\"publisher\":{\"@id\":\"https:\/\/volcanes.net\/#organization\"},\"potentialAction\":[{\"@type\":\"SearchAction\",\"target\":{\"@type\":\"EntryPoint\",\"urlTemplate\":\"https:\/\/volcanes.net\/?s={search_term_string}\"},\"query-input\":{\"@type\":\"PropertyValueSpecification\",\"valueRequired\":true,\"valueName\":\"search_term_string\"}}],\"inLanguage\":\"es\"},{\"@type\":\"Organization\",\"@id\":\"https:\/\/volcanes.net\/#organization\",\"name\":\"Grupo Volcanes\",\"url\":\"https:\/\/volcanes.net\/\",\"logo\":{\"@type\":\"ImageObject\",\"inLanguage\":\"es\",\"@id\":\"https:\/\/volcanes.net\/#\/schema\/logo\/image\/\",\"url\":\"http:\/\/volcanes.net\/wp-content\/uploads\/2017\/12\/Avatar2.jpg\",\"contentUrl\":\"http:\/\/volcanes.net\/wp-content\/uploads\/2017\/12\/Avatar2.jpg\",\"width\":378,\"height\":378,\"caption\":\"Grupo Volcanes\"},\"image\":{\"@id\":\"https:\/\/volcanes.net\/#\/schema\/logo\/image\/\"},\"sameAs\":[\"https:\/\/www.facebook.com\/volcanes.net\/\"]},{\"@type\":\"Person\",\"@id\":\"https:\/\/volcanes.net\/#\/schema\/person\/4bf0f383940966a4abd53f5048c0e6b9\",\"name\":\"admin\",\"image\":{\"@type\":\"ImageObject\",\"inLanguage\":\"es\",\"@id\":\"https:\/\/volcanes.net\/#\/schema\/person\/image\/\",\"url\":\"https:\/\/secure.gravatar.com\/avatar\/ca004e6cba8462b8cb7abc86e382930c?s=96&d=mm&r=g\",\"contentUrl\":\"https:\/\/secure.gravatar.com\/avatar\/ca004e6cba8462b8cb7abc86e382930c?s=96&d=mm&r=g\",\"caption\":\"admin\"}}]}<\/script>\n<!-- \/ Yoast SEO plugin. -->","yoast_head_json":{"title":"Vicente Onofre V\u00e1zquez se incorpora a Morena - Volcanes","robots":{"index":"index","follow":"follow","max-snippet":"max-snippet:-1","max-image-preview":"max-image-preview:large","max-video-preview":"max-video-preview:-1"},"canonical":"https:\/\/volcanes.net\/?p=4124","og_locale":"es_MX","og_type":"article","og_title":"Vicente Onofre V\u00e1zquez se incorpora a Morena - Volcanes","og_description":"El diputado federal Vicente Alberto Onofre V\u00e1zquez notific\u00f3 a la Mesa Directiva de la LXIV","og_url":"https:\/\/volcanes.net\/?p=4124","og_site_name":"Volcanes","article_publisher":"https:\/\/www.facebook.com\/volcanes.net\/","article_published_time":"2019-02-15T20:51:32+00:00","og_image":[{"width":533,"height":683,"url":"https:\/\/volcanes.net\/wp-content\/uploads\/2019\/02\/52082276_1903245156470123_7504525841527734272_n.jpg","type":"image\/jpeg"}],"author":"admin","twitter_card":"summary_large_image","twitter_misc":{"Escrito por":"admin","Tiempo de lectura":"1 minuto"},"schema":{"@context":"https:\/\/schema.org","@graph":[{"@type":"Article","@id":"https:\/\/volcanes.net\/?p=4124#article","isPartOf":{"@id":"https:\/\/volcanes.net\/?p=4124"},"author":{"name":"admin","@id":"https:\/\/volcanes.net\/#\/schema\/person\/4bf0f383940966a4abd53f5048c0e6b9"},"headline":"Vicente Onofre V\u00e1zquez se incorpora a Morena","datePublished":"2019-02-15T20:51:32+00:00","mainEntityOfPage":{"@id":"https:\/\/volcanes.net\/?p=4124"},"wordCount":219,"commentCount":0,"publisher":{"@id":"https:\/\/volcanes.net\/#organization"},"image":{"@id":"https:\/\/volcanes.net\/?p=4124#primaryimage"},"thumbnailUrl":"https:\/\/volcanes.net\/wp-content\/uploads\/2019\/02\/52082276_1903245156470123_7504525841527734272_n.jpg","keywords":["Chalco","Estado de M\u00e9xico"],"articleSection":["Estatales","Municipales"],"inLanguage":"es","potentialAction":[{"@type":"CommentAction","name":"Comment","target":["https:\/\/volcanes.net\/?p=4124#respond"]}]},{"@type":"WebPage","@id":"https:\/\/volcanes.net\/?p=4124","url":"https:\/\/volcanes.net\/?p=4124","name":"Vicente Onofre V\u00e1zquez se incorpora a Morena - Volcanes","isPartOf":{"@id":"https:\/\/volcanes.net\/#website"},"primaryImageOfPage":{"@id":"https:\/\/volcanes.net\/?p=4124#primaryimage"},"image":{"@id":"https:\/\/volcanes.net\/?p=4124#primaryimage"},"thumbnailUrl":"https:\/\/volcanes.net\/wp-content\/uploads\/2019\/02\/52082276_1903245156470123_7504525841527734272_n.jpg","datePublished":"2019-02-15T20:51:32+00:00","breadcrumb":{"@id":"https:\/\/volcanes.net\/?p=4124#breadcrumb"},"inLanguage":"es","potentialAction":[{"@type":"ReadAction","target":["https:\/\/volcanes.net\/?p=4124"]}]},{"@type":"ImageObject","inLanguage":"es","@id":"https:\/\/volcanes.net\/?p=4124#primaryimage","url":"https:\/\/volcanes.net\/wp-content\/uploads\/2019\/02\/52082276_1903245156470123_7504525841527734272_n.jpg","contentUrl":"https:\/\/volcanes.net\/wp-content\/uploads\/2019\/02\/52082276_1903245156470123_7504525841527734272_n.jpg","width":533,"height":683},{"@type":"BreadcrumbList","@id":"https:\/\/volcanes.net\/?p=4124#breadcrumb","itemListElement":[{"@type":"ListItem","position":1,"name":"Portada","item":"https:\/\/volcanes.net\/"},{"@type":"ListItem","position":2,"name":"Vicente Onofre V\u00e1zquez se incorpora a Morena"}]},{"@type":"WebSite","@id":"https:\/\/volcanes.net\/#website","url":"https:\/\/volcanes.net\/","name":"Volcanes.Net","description":"Periodismo Profesional","publisher":{"@id":"https:\/\/volcanes.net\/#organization"},"potentialAction":[{"@type":"SearchAction","target":{"@type":"EntryPoint","urlTemplate":"https:\/\/volcanes.net\/?s={search_term_string}"},"query-input":{"@type":"PropertyValueSpecification","valueRequired":true,"valueName":"search_term_string"}}],"inLanguage":"es"},{"@type":"Organization","@id":"https:\/\/volcanes.net\/#organization","name":"Grupo Volcanes","url":"https:\/\/volcanes.net\/","logo":{"@type":"ImageObject","inLanguage":"es","@id":"https:\/\/volcanes.net\/#\/schema\/logo\/image\/","url":"http:\/\/volcanes.net\/wp-content\/uploads\/2017\/12\/Avatar2.jpg","contentUrl":"http:\/\/volcanes.net\/wp-content\/uploads\/2017\/12\/Avatar2.jpg","width":378,"height":378,"caption":"Grupo Volcanes"},"image":{"@id":"https:\/\/volcanes.net\/#\/schema\/logo\/image\/"},"sameAs":["https:\/\/www.facebook.com\/volcanes.net\/"]},{"@type":"Person","@id":"https:\/\/volcanes.net\/#\/schema\/person\/4bf0f383940966a4abd53f5048c0e6b9","name":"admin","image":{"@type":"ImageObject","inLanguage":"es","@id":"https:\/\/volcanes.net\/#\/schema\/person\/image\/","url":"https:\/\/secure.gravatar.com\/avatar\/ca004e6cba8462b8cb7abc86e382930c?s=96&d=mm&r=g","contentUrl":"https:\/\/secure.gravatar.com\/avatar\/ca004e6cba8462b8cb7abc86e382930c?s=96&d=mm&r=g","caption":"admin"}}]}},"_links":{"self":[{"href":"https:\/\/volcanes.net\/index.php?rest_route=\/wp\/v2\/posts\/4124"}],"collection":[{"href":"https:\/\/volcanes.net\/index.php?rest_route=\/wp\/v2\/posts"}],"about":[{"href":"https:\/\/volcanes.net\/index.php?rest_route=\/wp\/v2\/types\/post"}],"author":[{"embeddable":true,"href":"https:\/\/volcanes.net\/index.php?rest_route=\/wp\/v2\/users\/1"}],"replies":[{"embeddable":true,"href":"https:\/\/volcanes.net\/index.php?rest_route=%2Fwp%2Fv2%2Fcomments&post=4124"}],"version-history":[{"count":1,"href":"https:\/\/volcanes.net\/index.php?rest_route=\/wp\/v2\/posts\/4124\/revisions"}],"predecessor-version":[{"id":4126,"href":"https:\/\/volcanes.net\/index.php?rest_route=\/wp\/v2\/posts\/4124\/revisions\/4126"}],"wp:featuredmedia":[{"embeddable":true,"href":"https:\/\/volcanes.net\/index.php?rest_route=\/wp\/v2\/media\/4125"}],"wp:attachment":[{"href":"https:\/\/volcanes.net\/index.php?rest_route=%2Fwp%2Fv2%2Fmedia&parent=4124"}],"wp:term":[{"taxonomy":"category","embeddable":true,"href":"https:\/\/volcanes.net\/index.php?rest_route=%2Fwp%2Fv2%2Fcategories&post=4124"},{"taxonomy":"post_tag","embeddable":true,"href":"https:\/\/volcanes.net\/index.php?rest_route=%2Fwp%2Fv2%2Ftags&post=4124"}],"curies":[{"name":"wp","href":"https:\/\/api.w.org\/{rel}","templated":true}]}}