{"id":4135,"date":"2019-02-17T07:06:35","date_gmt":"2019-02-17T13:06:35","guid":{"rendered":"http:\/\/volcanes.net\/?p=4135"},"modified":"2019-02-17T07:07:12","modified_gmt":"2019-02-17T13:07:12","slug":"alcalde-de-valle-de-chalco-se-compromete-a-bajar-la-inseguridad-a-partir-de-abril-de-lo-contrario-renuncia","status":"publish","type":"post","link":"https:\/\/volcanes.net\/?p=4135","title":{"rendered":"Alcalde de Valle de Chalco se compromete a bajar la inseguridad a partir de abril, de lo contrario renuncia."},"content":{"rendered":"<div style=\"margin-top: 0px; margin-bottom: 0px;\" class=\"sharethis-inline-share-buttons\" ><\/div><p>*** Precis\u00f3 el alcalde de Valle de Chalco en conferencia de prensa<br \/>\n** En ese tiempo se dotar\u00e1 a la comisar\u00eda y PC de Chalecos y equipo de trabajo<br \/>\nA partir del mes de Abril, mes en que considero que los faltantes de la comisar\u00eda de seguridad p\u00fablica, y protecci\u00f3n civil est\u00e9n resueltas, hago el compromiso de bajar de forma considerable, la inseguridad, caso contrario entregar\u00e9 mi renuncia ante el pleno del cabildo.<br \/>\nEn estos t\u00e9rminos se manifest\u00f3 el presidente municipal de nuestro Valle de Chalco Solidaridad, al encabezar rueda de Prensa.<br \/>\nM\u00e1s adelante resalt\u00f3, que en la actualidad las dos dependencias muestran rezago, que limita el trabajo de uniformados, as\u00ed como de elementos de Protecci\u00f3n Civil y Bomberos, por esa raz\u00f3n hago llamado a mis vecinos, para que le tengan calma a mi gobierno. Subray\u00f3.<br \/>\n\u201cMuestra de los trabajos de seguridad p\u00fablica que se aplica en los \u00faltimos 45 d\u00edas, son la puesta a disposici\u00f3n de asaltantes, roba carros, violadores y otros facinerosos, que por la complicidad encontrada en valle, manten\u00edan atemorizada a la ciudadan\u00eda\u201d, subray\u00f3.<br \/>\nM\u00e1s adelante indic\u00f3 el presidente Tenorio, que las amenazas recibidas, de parte de quienes estuvieron acostumbrados a tomar como reh\u00e9n a nuestro valle, en lugar de temer, \u201cen \u00e9ste momento renuevo el compromiso de velar por la tranquilidad de los Vallechalquenses\u201d, asever\u00f3.<br \/>\nEn el mismo orden de ideas, inform\u00f3 que ya se trabaja en la convocatoria, para sumar al operativo actual, ciento veinte elementos m\u00e1s, que permitir\u00e1. Otorgar el descanso correspondiente al operativo polic\u00edaco, es decir ser\u00e1n turnos de 12 de trabajo por 24 de descanso.<br \/>\nA pregunta expresa de reporteros, el edil de Valle de Chalco, resalt\u00f3 que reconoce el trabajo del comisario, Ram\u00f3n Mart\u00ednez, por el trabajo de excelencia aplicado, as\u00ed como a la fiscal\u00eda regional, esta \u00faltima por mostrar inter\u00e9s y respuesta en los hechos violentos que han tenido, en nuestro Valle, puntualiz\u00f3.<\/p>\n","protected":false},"excerpt":{"rendered":"<p>*** Precis\u00f3 el alcalde de Valle de Chalco en conferencia de prensa ** En ese<\/p>\n","protected":false},"author":1,"featured_media":4134,"comment_status":"open","ping_status":"open","sticky":false,"template":"","format":"standard","meta":{"footnotes":""},"categories":[1],"tags":[5],"class_list":["post-4135","post","type-post","status-publish","format-standard","has-post-thumbnail","hentry","category-municipales","tag-valle-de-chalco"],"yoast_head":"<!-- This site is optimized with the Yoast SEO plugin v25.3 - https:\/\/yoast.com\/wordpress\/plugins\/seo\/ -->\n<title>Alcalde de Valle de Chalco se compromete a bajar la inseguridad a partir de abril, de lo contrario renuncia. - Volcanes<\/title>\n<meta name=\"robots\" content=\"index, follow, max-snippet:-1, max-image-preview:large, max-video-preview:-1\" \/>\n<link rel=\"canonical\" href=\"https:\/\/volcanes.net\/?p=4135\" \/>\n<meta property=\"og:locale\" content=\"es_MX\" \/>\n<meta property=\"og:type\" content=\"article\" \/>\n<meta property=\"og:title\" content=\"Alcalde de Valle de Chalco se compromete a bajar la inseguridad a partir de abril, de lo contrario renuncia. - Volcanes\" \/>\n<meta property=\"og:description\" content=\"*** Precis\u00f3 el alcalde de Valle de Chalco en conferencia de prensa ** En ese\" \/>\n<meta property=\"og:url\" content=\"https:\/\/volcanes.net\/?p=4135\" \/>\n<meta property=\"og:site_name\" content=\"Volcanes\" \/>\n<meta property=\"article:publisher\" content=\"https:\/\/www.facebook.com\/volcanes.net\/\" \/>\n<meta property=\"article:published_time\" content=\"2019-02-17T13:06:35+00:00\" \/>\n<meta property=\"article:modified_time\" content=\"2019-02-17T13:07:12+00:00\" \/>\n<meta property=\"og:image\" content=\"https:\/\/volcanes.net\/wp-content\/uploads\/2019\/02\/FB_IMG_1550408585871.jpg\" \/>\n\t<meta property=\"og:image:width\" content=\"720\" \/>\n\t<meta property=\"og:image:height\" content=\"532\" \/>\n\t<meta property=\"og:image:type\" content=\"image\/jpeg\" \/>\n<meta name=\"author\" content=\"admin\" \/>\n<meta name=\"twitter:card\" content=\"summary_large_image\" \/>\n<meta name=\"twitter:label1\" content=\"Escrito por\" \/>\n\t<meta name=\"twitter:data1\" content=\"admin\" \/>\n\t<meta name=\"twitter:label2\" content=\"Tiempo de lectura\" \/>\n\t<meta name=\"twitter:data2\" content=\"2 minutos\" \/>\n<script type=\"application\/ld+json\" class=\"yoast-schema-graph\">{\"@context\":\"https:\/\/schema.org\",\"@graph\":[{\"@type\":\"Article\",\"@id\":\"https:\/\/volcanes.net\/?p=4135#article\",\"isPartOf\":{\"@id\":\"https:\/\/volcanes.net\/?p=4135\"},\"author\":{\"name\":\"admin\",\"@id\":\"https:\/\/volcanes.net\/#\/schema\/person\/4bf0f383940966a4abd53f5048c0e6b9\"},\"headline\":\"Alcalde de Valle de Chalco se compromete a bajar la inseguridad a partir de abril, de lo contrario renuncia.\",\"datePublished\":\"2019-02-17T13:06:35+00:00\",\"dateModified\":\"2019-02-17T13:07:12+00:00\",\"mainEntityOfPage\":{\"@id\":\"https:\/\/volcanes.net\/?p=4135\"},\"wordCount\":350,\"commentCount\":0,\"publisher\":{\"@id\":\"https:\/\/volcanes.net\/#organization\"},\"image\":{\"@id\":\"https:\/\/volcanes.net\/?p=4135#primaryimage\"},\"thumbnailUrl\":\"https:\/\/volcanes.net\/wp-content\/uploads\/2019\/02\/FB_IMG_1550408585871.jpg\",\"keywords\":[\"Valle de Chalco\"],\"articleSection\":[\"Municipales\"],\"inLanguage\":\"es\",\"potentialAction\":[{\"@type\":\"CommentAction\",\"name\":\"Comment\",\"target\":[\"https:\/\/volcanes.net\/?p=4135#respond\"]}]},{\"@type\":\"WebPage\",\"@id\":\"https:\/\/volcanes.net\/?p=4135\",\"url\":\"https:\/\/volcanes.net\/?p=4135\",\"name\":\"Alcalde de Valle de Chalco se compromete a bajar la inseguridad a partir de abril, de lo contrario renuncia. - Volcanes\",\"isPartOf\":{\"@id\":\"https:\/\/volcanes.net\/#website\"},\"primaryImageOfPage\":{\"@id\":\"https:\/\/volcanes.net\/?p=4135#primaryimage\"},\"image\":{\"@id\":\"https:\/\/volcanes.net\/?p=4135#primaryimage\"},\"thumbnailUrl\":\"https:\/\/volcanes.net\/wp-content\/uploads\/2019\/02\/FB_IMG_1550408585871.jpg\",\"datePublished\":\"2019-02-17T13:06:35+00:00\",\"dateModified\":\"2019-02-17T13:07:12+00:00\",\"breadcrumb\":{\"@id\":\"https:\/\/volcanes.net\/?p=4135#breadcrumb\"},\"inLanguage\":\"es\",\"potentialAction\":[{\"@type\":\"ReadAction\",\"target\":[\"https:\/\/volcanes.net\/?p=4135\"]}]},{\"@type\":\"ImageObject\",\"inLanguage\":\"es\",\"@id\":\"https:\/\/volcanes.net\/?p=4135#primaryimage\",\"url\":\"https:\/\/volcanes.net\/wp-content\/uploads\/2019\/02\/FB_IMG_1550408585871.jpg\",\"contentUrl\":\"https:\/\/volcanes.net\/wp-content\/uploads\/2019\/02\/FB_IMG_1550408585871.jpg\",\"width\":720,\"height\":532},{\"@type\":\"BreadcrumbList\",\"@id\":\"https:\/\/volcanes.net\/?p=4135#breadcrumb\",\"itemListElement\":[{\"@type\":\"ListItem\",\"position\":1,\"name\":\"Portada\",\"item\":\"https:\/\/volcanes.net\/\"},{\"@type\":\"ListItem\",\"position\":2,\"name\":\"Alcalde de Valle de Chalco se compromete a bajar la inseguridad a partir de abril, de lo contrario renuncia.\"}]},{\"@type\":\"WebSite\",\"@id\":\"https:\/\/volcanes.net\/#website\",\"url\":\"https:\/\/volcanes.net\/\",\"name\":\"Volcanes.Net\",\"description\":\"Periodismo Profesional\",\"publisher\":{\"@id\":\"https:\/\/volcanes.net\/#organization\"},\"potentialAction\":[{\"@type\":\"SearchAction\",\"target\":{\"@type\":\"EntryPoint\",\"urlTemplate\":\"https:\/\/volcanes.net\/?s={search_term_string}\"},\"query-input\":{\"@type\":\"PropertyValueSpecification\",\"valueRequired\":true,\"valueName\":\"search_term_string\"}}],\"inLanguage\":\"es\"},{\"@type\":\"Organization\",\"@id\":\"https:\/\/volcanes.net\/#organization\",\"name\":\"Grupo Volcanes\",\"url\":\"https:\/\/volcanes.net\/\",\"logo\":{\"@type\":\"ImageObject\",\"inLanguage\":\"es\",\"@id\":\"https:\/\/volcanes.net\/#\/schema\/logo\/image\/\",\"url\":\"http:\/\/volcanes.net\/wp-content\/uploads\/2017\/12\/Avatar2.jpg\",\"contentUrl\":\"http:\/\/volcanes.net\/wp-content\/uploads\/2017\/12\/Avatar2.jpg\",\"width\":378,\"height\":378,\"caption\":\"Grupo Volcanes\"},\"image\":{\"@id\":\"https:\/\/volcanes.net\/#\/schema\/logo\/image\/\"},\"sameAs\":[\"https:\/\/www.facebook.com\/volcanes.net\/\"]},{\"@type\":\"Person\",\"@id\":\"https:\/\/volcanes.net\/#\/schema\/person\/4bf0f383940966a4abd53f5048c0e6b9\",\"name\":\"admin\",\"image\":{\"@type\":\"ImageObject\",\"inLanguage\":\"es\",\"@id\":\"https:\/\/volcanes.net\/#\/schema\/person\/image\/\",\"url\":\"https:\/\/secure.gravatar.com\/avatar\/ca004e6cba8462b8cb7abc86e382930c?s=96&d=mm&r=g\",\"contentUrl\":\"https:\/\/secure.gravatar.com\/avatar\/ca004e6cba8462b8cb7abc86e382930c?s=96&d=mm&r=g\",\"caption\":\"admin\"}}]}<\/script>\n<!-- \/ Yoast SEO plugin. -->","yoast_head_json":{"title":"Alcalde de Valle de Chalco se compromete a bajar la inseguridad a partir de abril, de lo contrario renuncia. - Volcanes","robots":{"index":"index","follow":"follow","max-snippet":"max-snippet:-1","max-image-preview":"max-image-preview:large","max-video-preview":"max-video-preview:-1"},"canonical":"https:\/\/volcanes.net\/?p=4135","og_locale":"es_MX","og_type":"article","og_title":"Alcalde de Valle de Chalco se compromete a bajar la inseguridad a partir de abril, de lo contrario renuncia. - Volcanes","og_description":"*** Precis\u00f3 el alcalde de Valle de Chalco en conferencia de prensa ** En ese","og_url":"https:\/\/volcanes.net\/?p=4135","og_site_name":"Volcanes","article_publisher":"https:\/\/www.facebook.com\/volcanes.net\/","article_published_time":"2019-02-17T13:06:35+00:00","article_modified_time":"2019-02-17T13:07:12+00:00","og_image":[{"width":720,"height":532,"url":"https:\/\/volcanes.net\/wp-content\/uploads\/2019\/02\/FB_IMG_1550408585871.jpg","type":"image\/jpeg"}],"author":"admin","twitter_card":"summary_large_image","twitter_misc":{"Escrito por":"admin","Tiempo de lectura":"2 minutos"},"schema":{"@context":"https:\/\/schema.org","@graph":[{"@type":"Article","@id":"https:\/\/volcanes.net\/?p=4135#article","isPartOf":{"@id":"https:\/\/volcanes.net\/?p=4135"},"author":{"name":"admin","@id":"https:\/\/volcanes.net\/#\/schema\/person\/4bf0f383940966a4abd53f5048c0e6b9"},"headline":"Alcalde de Valle de Chalco se compromete a bajar la inseguridad a partir de abril, de lo contrario renuncia.","datePublished":"2019-02-17T13:06:35+00:00","dateModified":"2019-02-17T13:07:12+00:00","mainEntityOfPage":{"@id":"https:\/\/volcanes.net\/?p=4135"},"wordCount":350,"commentCount":0,"publisher":{"@id":"https:\/\/volcanes.net\/#organization"},"image":{"@id":"https:\/\/volcanes.net\/?p=4135#primaryimage"},"thumbnailUrl":"https:\/\/volcanes.net\/wp-content\/uploads\/2019\/02\/FB_IMG_1550408585871.jpg","keywords":["Valle de Chalco"],"articleSection":["Municipales"],"inLanguage":"es","potentialAction":[{"@type":"CommentAction","name":"Comment","target":["https:\/\/volcanes.net\/?p=4135#respond"]}]},{"@type":"WebPage","@id":"https:\/\/volcanes.net\/?p=4135","url":"https:\/\/volcanes.net\/?p=4135","name":"Alcalde de Valle de Chalco se compromete a bajar la inseguridad a partir de abril, de lo contrario renuncia. - Volcanes","isPartOf":{"@id":"https:\/\/volcanes.net\/#website"},"primaryImageOfPage":{"@id":"https:\/\/volcanes.net\/?p=4135#primaryimage"},"image":{"@id":"https:\/\/volcanes.net\/?p=4135#primaryimage"},"thumbnailUrl":"https:\/\/volcanes.net\/wp-content\/uploads\/2019\/02\/FB_IMG_1550408585871.jpg","datePublished":"2019-02-17T13:06:35+00:00","dateModified":"2019-02-17T13:07:12+00:00","breadcrumb":{"@id":"https:\/\/volcanes.net\/?p=4135#breadcrumb"},"inLanguage":"es","potentialAction":[{"@type":"ReadAction","target":["https:\/\/volcanes.net\/?p=4135"]}]},{"@type":"ImageObject","inLanguage":"es","@id":"https:\/\/volcanes.net\/?p=4135#primaryimage","url":"https:\/\/volcanes.net\/wp-content\/uploads\/2019\/02\/FB_IMG_1550408585871.jpg","contentUrl":"https:\/\/volcanes.net\/wp-content\/uploads\/2019\/02\/FB_IMG_1550408585871.jpg","width":720,"height":532},{"@type":"BreadcrumbList","@id":"https:\/\/volcanes.net\/?p=4135#breadcrumb","itemListElement":[{"@type":"ListItem","position":1,"name":"Portada","item":"https:\/\/volcanes.net\/"},{"@type":"ListItem","position":2,"name":"Alcalde de Valle de Chalco se compromete a bajar la inseguridad a partir de abril, de lo contrario renuncia."}]},{"@type":"WebSite","@id":"https:\/\/volcanes.net\/#website","url":"https:\/\/volcanes.net\/","name":"Volcanes.Net","description":"Periodismo Profesional","publisher":{"@id":"https:\/\/volcanes.net\/#organization"},"potentialAction":[{"@type":"SearchAction","target":{"@type":"EntryPoint","urlTemplate":"https:\/\/volcanes.net\/?s={search_term_string}"},"query-input":{"@type":"PropertyValueSpecification","valueRequired":true,"valueName":"search_term_string"}}],"inLanguage":"es"},{"@type":"Organization","@id":"https:\/\/volcanes.net\/#organization","name":"Grupo Volcanes","url":"https:\/\/volcanes.net\/","logo":{"@type":"ImageObject","inLanguage":"es","@id":"https:\/\/volcanes.net\/#\/schema\/logo\/image\/","url":"http:\/\/volcanes.net\/wp-content\/uploads\/2017\/12\/Avatar2.jpg","contentUrl":"http:\/\/volcanes.net\/wp-content\/uploads\/2017\/12\/Avatar2.jpg","width":378,"height":378,"caption":"Grupo Volcanes"},"image":{"@id":"https:\/\/volcanes.net\/#\/schema\/logo\/image\/"},"sameAs":["https:\/\/www.facebook.com\/volcanes.net\/"]},{"@type":"Person","@id":"https:\/\/volcanes.net\/#\/schema\/person\/4bf0f383940966a4abd53f5048c0e6b9","name":"admin","image":{"@type":"ImageObject","inLanguage":"es","@id":"https:\/\/volcanes.net\/#\/schema\/person\/image\/","url":"https:\/\/secure.gravatar.com\/avatar\/ca004e6cba8462b8cb7abc86e382930c?s=96&d=mm&r=g","contentUrl":"https:\/\/secure.gravatar.com\/avatar\/ca004e6cba8462b8cb7abc86e382930c?s=96&d=mm&r=g","caption":"admin"}}]}},"_links":{"self":[{"href":"https:\/\/volcanes.net\/index.php?rest_route=\/wp\/v2\/posts\/4135"}],"collection":[{"href":"https:\/\/volcanes.net\/index.php?rest_route=\/wp\/v2\/posts"}],"about":[{"href":"https:\/\/volcanes.net\/index.php?rest_route=\/wp\/v2\/types\/post"}],"author":[{"embeddable":true,"href":"https:\/\/volcanes.net\/index.php?rest_route=\/wp\/v2\/users\/1"}],"replies":[{"embeddable":true,"href":"https:\/\/volcanes.net\/index.php?rest_route=%2Fwp%2Fv2%2Fcomments&post=4135"}],"version-history":[{"count":1,"href":"https:\/\/volcanes.net\/index.php?rest_route=\/wp\/v2\/posts\/4135\/revisions"}],"predecessor-version":[{"id":4136,"href":"https:\/\/volcanes.net\/index.php?rest_route=\/wp\/v2\/posts\/4135\/revisions\/4136"}],"wp:featuredmedia":[{"embeddable":true,"href":"https:\/\/volcanes.net\/index.php?rest_route=\/wp\/v2\/media\/4134"}],"wp:attachment":[{"href":"https:\/\/volcanes.net\/index.php?rest_route=%2Fwp%2Fv2%2Fmedia&parent=4135"}],"wp:term":[{"taxonomy":"category","embeddable":true,"href":"https:\/\/volcanes.net\/index.php?rest_route=%2Fwp%2Fv2%2Fcategories&post=4135"},{"taxonomy":"post_tag","embeddable":true,"href":"https:\/\/volcanes.net\/index.php?rest_route=%2Fwp%2Fv2%2Ftags&post=4135"}],"curies":[{"name":"wp","href":"https:\/\/api.w.org\/{rel}","templated":true}]}}