{"id":4146,"date":"2019-02-19T11:38:48","date_gmt":"2019-02-19T17:38:48","guid":{"rendered":"http:\/\/volcanes.net\/?p=4146"},"modified":"2019-02-19T11:38:48","modified_gmt":"2019-02-19T17:38:48","slug":"alfredo-del-mazo-refrenda-el-respaldo-del-gem-a-la-guardia-nacional","status":"publish","type":"post","link":"https:\/\/volcanes.net\/?p=4146","title":{"rendered":"ALFREDO DEL MAZO REFRENDA EL RESPALDO DEL #GEM A LA GUARDIA NACIONAL"},"content":{"rendered":"<div style=\"margin-top: 0px; margin-bottom: 0px;\" class=\"sharethis-inline-share-buttons\" ><\/div><p>El Gobernador Alfredo Del Mazo Maza reiter\u00f3 que su administraci\u00f3n respalda la iniciativa para conformar la Guardia Nacional, y refrend\u00f3 su compromiso con este proyecto al asegurar que las fuerzas armadas del pa\u00eds se distinguen por su lealtad y la responsabilidad de salvaguardar la seguridad de todos los mexicanos.<\/p>\n<p>&#8220;Hemos hecho el compromiso de respaldar este proyecto del Gobierno de la Rep\u00fablica, del Presidente, porque depositamos nuestra confianza en esta instituci\u00f3n que se formar\u00e1 de mujeres y hombres que conocen y que saben de la disciplina, de la entrega y de la valent\u00eda militar&#8221;, extern\u00f3.<\/p>\n<p>En la celebraci\u00f3n del D\u00eda del Ej\u00e9rcito Mexicano, Del Mazo Maza asegur\u00f3 que bajo el liderazgo del Presidente de M\u00e9xico, Andr\u00e9s Manuel L\u00f3pez Obrador, la Guardia Nacional fomentar\u00e1 la colaboraci\u00f3n con autoridades de los estados y de los municipios de la Rep\u00fablica, para ofrecer mejores resultados a la ciudadan\u00eda.<\/p>\n<p>\u201cBajo el mando de su Comandante Supremo, el Presidente de la Rep\u00fablica, y adscrito a la Secretar\u00eda de Seguridad del Gobierno de la Rep\u00fablica, estar\u00e1 trabajando de manera coordinada con los estados y los municipios para fortalecer la seguridad de los mexicanos. Nuestro respaldo al proyecto de la Guardia Nacional del Presidente de la Rep\u00fablica&#8221;, enfatiz\u00f3.<\/p>\n<p>Asimismo, asegur\u00f3 que a trav\u00e9s de esta estrategia las autoridades cumplir\u00e1n una de las demandas m\u00e1s sentidas de la sociedad, que es contar con mayores condiciones de seguridad y m\u00e1s tranquilidad para sus familias.<\/p>\n<p>A un d\u00eda de haberse reunido con la Secretaria de Gobernaci\u00f3n, Olga S\u00e1nchez Cordero, con los titulares de la Secretar\u00eda de la Defensa Nacional, de la Marina Armada de M\u00e9xico y con los Gobernadores priistas del pa\u00eds, Del Mazo Maza puntualiz\u00f3 que desde el inicio del actual Gobierno Federal, la presencia del Ej\u00e9rcito en la entidad mexiquense se ha fortalecido, pues de los 800 elementos que estaban desplegados, actualmente hay m\u00e1s de 4 mil; en los pr\u00f3ximos dos meses se estima llegar a 7 mil 500, y en seis meses se alcanzar\u00e1 un total de 14 mil militares apoyando labores de seguridad en territorio mexiquense.<\/p>\n","protected":false},"excerpt":{"rendered":"<p>El Gobernador Alfredo Del Mazo Maza reiter\u00f3 que su administraci\u00f3n respalda la iniciativa para conformar<\/p>\n","protected":false},"author":1,"featured_media":4147,"comment_status":"open","ping_status":"open","sticky":false,"template":"","format":"standard","meta":{"footnotes":""},"categories":[3],"tags":[4],"class_list":["post-4146","post","type-post","status-publish","format-standard","has-post-thumbnail","hentry","category-estatales","tag-gobierno-del-estado-de-mexico"],"yoast_head":"<!-- This site is optimized with the Yoast SEO plugin v25.3 - https:\/\/yoast.com\/wordpress\/plugins\/seo\/ -->\n<title>ALFREDO DEL MAZO REFRENDA EL RESPALDO DEL #GEM A LA GUARDIA NACIONAL - Volcanes<\/title>\n<meta name=\"robots\" content=\"index, follow, max-snippet:-1, max-image-preview:large, max-video-preview:-1\" \/>\n<link rel=\"canonical\" href=\"https:\/\/volcanes.net\/?p=4146\" \/>\n<meta property=\"og:locale\" content=\"es_MX\" \/>\n<meta property=\"og:type\" content=\"article\" \/>\n<meta property=\"og:title\" content=\"ALFREDO DEL MAZO REFRENDA EL RESPALDO DEL #GEM A LA GUARDIA NACIONAL - Volcanes\" \/>\n<meta property=\"og:description\" content=\"El Gobernador Alfredo Del Mazo Maza reiter\u00f3 que su administraci\u00f3n respalda la iniciativa para conformar\" \/>\n<meta property=\"og:url\" content=\"https:\/\/volcanes.net\/?p=4146\" \/>\n<meta property=\"og:site_name\" content=\"Volcanes\" \/>\n<meta property=\"article:publisher\" content=\"https:\/\/www.facebook.com\/volcanes.net\/\" \/>\n<meta property=\"article:published_time\" content=\"2019-02-19T17:38:48+00:00\" \/>\n<meta property=\"og:image\" content=\"https:\/\/volcanes.net\/wp-content\/uploads\/2019\/02\/Alfredo-Del-Mazo-Ejercito-1-680x453.jpeg\" \/>\n\t<meta property=\"og:image:width\" content=\"680\" \/>\n\t<meta property=\"og:image:height\" content=\"453\" \/>\n\t<meta property=\"og:image:type\" content=\"image\/jpeg\" \/>\n<meta name=\"author\" content=\"admin\" \/>\n<meta name=\"twitter:card\" content=\"summary_large_image\" \/>\n<meta name=\"twitter:label1\" content=\"Escrito por\" \/>\n\t<meta name=\"twitter:data1\" content=\"admin\" \/>\n\t<meta name=\"twitter:label2\" content=\"Tiempo de lectura\" \/>\n\t<meta name=\"twitter:data2\" content=\"2 minutos\" \/>\n<script type=\"application\/ld+json\" class=\"yoast-schema-graph\">{\"@context\":\"https:\/\/schema.org\",\"@graph\":[{\"@type\":\"Article\",\"@id\":\"https:\/\/volcanes.net\/?p=4146#article\",\"isPartOf\":{\"@id\":\"https:\/\/volcanes.net\/?p=4146\"},\"author\":{\"name\":\"admin\",\"@id\":\"https:\/\/volcanes.net\/#\/schema\/person\/4bf0f383940966a4abd53f5048c0e6b9\"},\"headline\":\"ALFREDO DEL MAZO REFRENDA EL RESPALDO DEL #GEM A LA GUARDIA NACIONAL\",\"datePublished\":\"2019-02-19T17:38:48+00:00\",\"mainEntityOfPage\":{\"@id\":\"https:\/\/volcanes.net\/?p=4146\"},\"wordCount\":377,\"commentCount\":0,\"publisher\":{\"@id\":\"https:\/\/volcanes.net\/#organization\"},\"image\":{\"@id\":\"https:\/\/volcanes.net\/?p=4146#primaryimage\"},\"thumbnailUrl\":\"https:\/\/volcanes.net\/wp-content\/uploads\/2019\/02\/Alfredo-Del-Mazo-Ejercito-1-680x453.jpeg\",\"keywords\":[\"Gobierno del Estado de M\u00e9xico\"],\"articleSection\":[\"Estatales\"],\"inLanguage\":\"es\",\"potentialAction\":[{\"@type\":\"CommentAction\",\"name\":\"Comment\",\"target\":[\"https:\/\/volcanes.net\/?p=4146#respond\"]}]},{\"@type\":\"WebPage\",\"@id\":\"https:\/\/volcanes.net\/?p=4146\",\"url\":\"https:\/\/volcanes.net\/?p=4146\",\"name\":\"ALFREDO DEL MAZO REFRENDA EL RESPALDO DEL #GEM A LA GUARDIA NACIONAL - Volcanes\",\"isPartOf\":{\"@id\":\"https:\/\/volcanes.net\/#website\"},\"primaryImageOfPage\":{\"@id\":\"https:\/\/volcanes.net\/?p=4146#primaryimage\"},\"image\":{\"@id\":\"https:\/\/volcanes.net\/?p=4146#primaryimage\"},\"thumbnailUrl\":\"https:\/\/volcanes.net\/wp-content\/uploads\/2019\/02\/Alfredo-Del-Mazo-Ejercito-1-680x453.jpeg\",\"datePublished\":\"2019-02-19T17:38:48+00:00\",\"breadcrumb\":{\"@id\":\"https:\/\/volcanes.net\/?p=4146#breadcrumb\"},\"inLanguage\":\"es\",\"potentialAction\":[{\"@type\":\"ReadAction\",\"target\":[\"https:\/\/volcanes.net\/?p=4146\"]}]},{\"@type\":\"ImageObject\",\"inLanguage\":\"es\",\"@id\":\"https:\/\/volcanes.net\/?p=4146#primaryimage\",\"url\":\"https:\/\/volcanes.net\/wp-content\/uploads\/2019\/02\/Alfredo-Del-Mazo-Ejercito-1-680x453.jpeg\",\"contentUrl\":\"https:\/\/volcanes.net\/wp-content\/uploads\/2019\/02\/Alfredo-Del-Mazo-Ejercito-1-680x453.jpeg\",\"width\":680,\"height\":453},{\"@type\":\"BreadcrumbList\",\"@id\":\"https:\/\/volcanes.net\/?p=4146#breadcrumb\",\"itemListElement\":[{\"@type\":\"ListItem\",\"position\":1,\"name\":\"Portada\",\"item\":\"https:\/\/volcanes.net\/\"},{\"@type\":\"ListItem\",\"position\":2,\"name\":\"ALFREDO DEL MAZO REFRENDA EL RESPALDO DEL #GEM A LA GUARDIA NACIONAL\"}]},{\"@type\":\"WebSite\",\"@id\":\"https:\/\/volcanes.net\/#website\",\"url\":\"https:\/\/volcanes.net\/\",\"name\":\"Volcanes.Net\",\"description\":\"Periodismo Profesional\",\"publisher\":{\"@id\":\"https:\/\/volcanes.net\/#organization\"},\"potentialAction\":[{\"@type\":\"SearchAction\",\"target\":{\"@type\":\"EntryPoint\",\"urlTemplate\":\"https:\/\/volcanes.net\/?s={search_term_string}\"},\"query-input\":{\"@type\":\"PropertyValueSpecification\",\"valueRequired\":true,\"valueName\":\"search_term_string\"}}],\"inLanguage\":\"es\"},{\"@type\":\"Organization\",\"@id\":\"https:\/\/volcanes.net\/#organization\",\"name\":\"Grupo Volcanes\",\"url\":\"https:\/\/volcanes.net\/\",\"logo\":{\"@type\":\"ImageObject\",\"inLanguage\":\"es\",\"@id\":\"https:\/\/volcanes.net\/#\/schema\/logo\/image\/\",\"url\":\"http:\/\/volcanes.net\/wp-content\/uploads\/2017\/12\/Avatar2.jpg\",\"contentUrl\":\"http:\/\/volcanes.net\/wp-content\/uploads\/2017\/12\/Avatar2.jpg\",\"width\":378,\"height\":378,\"caption\":\"Grupo Volcanes\"},\"image\":{\"@id\":\"https:\/\/volcanes.net\/#\/schema\/logo\/image\/\"},\"sameAs\":[\"https:\/\/www.facebook.com\/volcanes.net\/\"]},{\"@type\":\"Person\",\"@id\":\"https:\/\/volcanes.net\/#\/schema\/person\/4bf0f383940966a4abd53f5048c0e6b9\",\"name\":\"admin\",\"image\":{\"@type\":\"ImageObject\",\"inLanguage\":\"es\",\"@id\":\"https:\/\/volcanes.net\/#\/schema\/person\/image\/\",\"url\":\"https:\/\/secure.gravatar.com\/avatar\/ca004e6cba8462b8cb7abc86e382930c?s=96&d=mm&r=g\",\"contentUrl\":\"https:\/\/secure.gravatar.com\/avatar\/ca004e6cba8462b8cb7abc86e382930c?s=96&d=mm&r=g\",\"caption\":\"admin\"}}]}<\/script>\n<!-- \/ Yoast SEO plugin. -->","yoast_head_json":{"title":"ALFREDO DEL MAZO REFRENDA EL RESPALDO DEL #GEM A LA GUARDIA NACIONAL - Volcanes","robots":{"index":"index","follow":"follow","max-snippet":"max-snippet:-1","max-image-preview":"max-image-preview:large","max-video-preview":"max-video-preview:-1"},"canonical":"https:\/\/volcanes.net\/?p=4146","og_locale":"es_MX","og_type":"article","og_title":"ALFREDO DEL MAZO REFRENDA EL RESPALDO DEL #GEM A LA GUARDIA NACIONAL - Volcanes","og_description":"El Gobernador Alfredo Del Mazo Maza reiter\u00f3 que su administraci\u00f3n respalda la iniciativa para conformar","og_url":"https:\/\/volcanes.net\/?p=4146","og_site_name":"Volcanes","article_publisher":"https:\/\/www.facebook.com\/volcanes.net\/","article_published_time":"2019-02-19T17:38:48+00:00","og_image":[{"width":680,"height":453,"url":"https:\/\/volcanes.net\/wp-content\/uploads\/2019\/02\/Alfredo-Del-Mazo-Ejercito-1-680x453.jpeg","type":"image\/jpeg"}],"author":"admin","twitter_card":"summary_large_image","twitter_misc":{"Escrito por":"admin","Tiempo de lectura":"2 minutos"},"schema":{"@context":"https:\/\/schema.org","@graph":[{"@type":"Article","@id":"https:\/\/volcanes.net\/?p=4146#article","isPartOf":{"@id":"https:\/\/volcanes.net\/?p=4146"},"author":{"name":"admin","@id":"https:\/\/volcanes.net\/#\/schema\/person\/4bf0f383940966a4abd53f5048c0e6b9"},"headline":"ALFREDO DEL MAZO REFRENDA EL RESPALDO DEL #GEM A LA GUARDIA NACIONAL","datePublished":"2019-02-19T17:38:48+00:00","mainEntityOfPage":{"@id":"https:\/\/volcanes.net\/?p=4146"},"wordCount":377,"commentCount":0,"publisher":{"@id":"https:\/\/volcanes.net\/#organization"},"image":{"@id":"https:\/\/volcanes.net\/?p=4146#primaryimage"},"thumbnailUrl":"https:\/\/volcanes.net\/wp-content\/uploads\/2019\/02\/Alfredo-Del-Mazo-Ejercito-1-680x453.jpeg","keywords":["Gobierno del Estado de M\u00e9xico"],"articleSection":["Estatales"],"inLanguage":"es","potentialAction":[{"@type":"CommentAction","name":"Comment","target":["https:\/\/volcanes.net\/?p=4146#respond"]}]},{"@type":"WebPage","@id":"https:\/\/volcanes.net\/?p=4146","url":"https:\/\/volcanes.net\/?p=4146","name":"ALFREDO DEL MAZO REFRENDA EL RESPALDO DEL #GEM A LA GUARDIA NACIONAL - Volcanes","isPartOf":{"@id":"https:\/\/volcanes.net\/#website"},"primaryImageOfPage":{"@id":"https:\/\/volcanes.net\/?p=4146#primaryimage"},"image":{"@id":"https:\/\/volcanes.net\/?p=4146#primaryimage"},"thumbnailUrl":"https:\/\/volcanes.net\/wp-content\/uploads\/2019\/02\/Alfredo-Del-Mazo-Ejercito-1-680x453.jpeg","datePublished":"2019-02-19T17:38:48+00:00","breadcrumb":{"@id":"https:\/\/volcanes.net\/?p=4146#breadcrumb"},"inLanguage":"es","potentialAction":[{"@type":"ReadAction","target":["https:\/\/volcanes.net\/?p=4146"]}]},{"@type":"ImageObject","inLanguage":"es","@id":"https:\/\/volcanes.net\/?p=4146#primaryimage","url":"https:\/\/volcanes.net\/wp-content\/uploads\/2019\/02\/Alfredo-Del-Mazo-Ejercito-1-680x453.jpeg","contentUrl":"https:\/\/volcanes.net\/wp-content\/uploads\/2019\/02\/Alfredo-Del-Mazo-Ejercito-1-680x453.jpeg","width":680,"height":453},{"@type":"BreadcrumbList","@id":"https:\/\/volcanes.net\/?p=4146#breadcrumb","itemListElement":[{"@type":"ListItem","position":1,"name":"Portada","item":"https:\/\/volcanes.net\/"},{"@type":"ListItem","position":2,"name":"ALFREDO DEL MAZO REFRENDA EL RESPALDO DEL #GEM A LA GUARDIA NACIONAL"}]},{"@type":"WebSite","@id":"https:\/\/volcanes.net\/#website","url":"https:\/\/volcanes.net\/","name":"Volcanes.Net","description":"Periodismo Profesional","publisher":{"@id":"https:\/\/volcanes.net\/#organization"},"potentialAction":[{"@type":"SearchAction","target":{"@type":"EntryPoint","urlTemplate":"https:\/\/volcanes.net\/?s={search_term_string}"},"query-input":{"@type":"PropertyValueSpecification","valueRequired":true,"valueName":"search_term_string"}}],"inLanguage":"es"},{"@type":"Organization","@id":"https:\/\/volcanes.net\/#organization","name":"Grupo Volcanes","url":"https:\/\/volcanes.net\/","logo":{"@type":"ImageObject","inLanguage":"es","@id":"https:\/\/volcanes.net\/#\/schema\/logo\/image\/","url":"http:\/\/volcanes.net\/wp-content\/uploads\/2017\/12\/Avatar2.jpg","contentUrl":"http:\/\/volcanes.net\/wp-content\/uploads\/2017\/12\/Avatar2.jpg","width":378,"height":378,"caption":"Grupo Volcanes"},"image":{"@id":"https:\/\/volcanes.net\/#\/schema\/logo\/image\/"},"sameAs":["https:\/\/www.facebook.com\/volcanes.net\/"]},{"@type":"Person","@id":"https:\/\/volcanes.net\/#\/schema\/person\/4bf0f383940966a4abd53f5048c0e6b9","name":"admin","image":{"@type":"ImageObject","inLanguage":"es","@id":"https:\/\/volcanes.net\/#\/schema\/person\/image\/","url":"https:\/\/secure.gravatar.com\/avatar\/ca004e6cba8462b8cb7abc86e382930c?s=96&d=mm&r=g","contentUrl":"https:\/\/secure.gravatar.com\/avatar\/ca004e6cba8462b8cb7abc86e382930c?s=96&d=mm&r=g","caption":"admin"}}]}},"_links":{"self":[{"href":"https:\/\/volcanes.net\/index.php?rest_route=\/wp\/v2\/posts\/4146"}],"collection":[{"href":"https:\/\/volcanes.net\/index.php?rest_route=\/wp\/v2\/posts"}],"about":[{"href":"https:\/\/volcanes.net\/index.php?rest_route=\/wp\/v2\/types\/post"}],"author":[{"embeddable":true,"href":"https:\/\/volcanes.net\/index.php?rest_route=\/wp\/v2\/users\/1"}],"replies":[{"embeddable":true,"href":"https:\/\/volcanes.net\/index.php?rest_route=%2Fwp%2Fv2%2Fcomments&post=4146"}],"version-history":[{"count":1,"href":"https:\/\/volcanes.net\/index.php?rest_route=\/wp\/v2\/posts\/4146\/revisions"}],"predecessor-version":[{"id":4148,"href":"https:\/\/volcanes.net\/index.php?rest_route=\/wp\/v2\/posts\/4146\/revisions\/4148"}],"wp:featuredmedia":[{"embeddable":true,"href":"https:\/\/volcanes.net\/index.php?rest_route=\/wp\/v2\/media\/4147"}],"wp:attachment":[{"href":"https:\/\/volcanes.net\/index.php?rest_route=%2Fwp%2Fv2%2Fmedia&parent=4146"}],"wp:term":[{"taxonomy":"category","embeddable":true,"href":"https:\/\/volcanes.net\/index.php?rest_route=%2Fwp%2Fv2%2Fcategories&post=4146"},{"taxonomy":"post_tag","embeddable":true,"href":"https:\/\/volcanes.net\/index.php?rest_route=%2Fwp%2Fv2%2Ftags&post=4146"}],"curies":[{"name":"wp","href":"https:\/\/api.w.org\/{rel}","templated":true}]}}