{"id":4187,"date":"2019-02-20T13:36:37","date_gmt":"2019-02-20T19:36:37","guid":{"rendered":"http:\/\/volcanes.net\/?p=4187"},"modified":"2019-02-20T13:36:37","modified_gmt":"2019-02-20T19:36:37","slug":"el-proximo-fin-de-semana-inicia-la-temporada-3-del-coro-polifonico-del-edomex-no-te-la-pierdas","status":"publish","type":"post","link":"https:\/\/volcanes.net\/?p=4187","title":{"rendered":"El pr\u00f3ximo fin de semana inicia la Temporada 3 del Coro Polif\u00f3nico del #Edom\u00e9x, \u00a1no te la pierdas!"},"content":{"rendered":"<div style=\"margin-top: 0px; margin-bottom: 0px;\" class=\"sharethis-inline-share-buttons\" ><\/div><p>El Coro Polif\u00f3nico del Estado de M\u00e9xico, bajo la batuta del Mtro. Manuel Flores Palacios, se encuentra preparando su Temporada de Conciertos No. 3 para el primer semestre de este a\u00f1o.<\/p>\n<p>Del 22 de febrero al 11 de julio, el Coro presentar\u00e1 piezas de Gaetano Donizetti, Wolfgang Amadeus Mozart, Gustav Mahler, Los planetas de Gustav Holst, para festejar a la comunidad infantil mexiquense, adem\u00e1s del R\u00e9quiem de Benjamin Britten que fue compuesto para la reconsagraci\u00f3n de la Catedral de Coventry, luego de que \u00e9sta fuera destruida durante la Segunda Guerra Mundial.<\/p>\n<p>Asimismo, ha preparado las obras Alicia en el pa\u00eds de las maravillas, Su majestad la zarzuela, y una serie de conciertos que, con motivo del D\u00eda de la Madre y del Maestro, estar\u00e1n integrados por piezas de Juan Gabriel.<\/p>\n<p>Para finalizar la temporada, ofrecer\u00e1 los conciertos corales de verano \u201cBeatleman\u00eda\u201d o \u201cElvis Presley\u201d, \u00e9stos acompa\u00f1ados por diversos grupos musicales.<\/p>\n<p>El Coro inicia su Temporada No. 3 con el Elixir d\u00b4amore, de Donizetti, en el Centro Cultural Mexiquense Bicentenario, en Texcoco, el pr\u00f3ximo fin de semana; viernes 22 y domingo 24 a las 19:30 y 12:30 horas, respectivamente. La entrada ser\u00e1 gratuita.<\/p>\n<p>La importancia que representa el Coro Polif\u00f3nico del Estado de M\u00e9xico tanto a nivel Nacional como Internacional permite afirmar que en estos casi 18 a\u00f1os se ha consolidado como una agrupaci\u00f3n relevante por la cual grandes cantantes han pasado y ahora se destacan como solistas y coristas en agrupaciones de todo el mundo.<\/p>\n<p>El Gobierno del Estado adem\u00e1s de ser gran impulsor de las actividades culturales y de agrupaciones art\u00edsticas, tiene en este Coro a cantantes de primer nivel que orgullosamente lo representan en cualquier escenario donde se presentan.<\/p>\n<p>Para consultar la programaci\u00f3n de los conciertos de temporada se pueden seguir las redes sociales Facebook\/CoropolifonicoEdomex y Twitter @coro_Polifonico.<\/p>\n","protected":false},"excerpt":{"rendered":"<p>El Coro Polif\u00f3nico del Estado de M\u00e9xico, bajo la batuta del Mtro. Manuel Flores Palacios,<\/p>\n","protected":false},"author":1,"featured_media":4188,"comment_status":"open","ping_status":"open","sticky":false,"template":"","format":"standard","meta":{"footnotes":""},"categories":[1],"tags":[174],"class_list":["post-4187","post","type-post","status-publish","format-standard","has-post-thumbnail","hentry","category-municipales","tag-estado-de-mexico"],"yoast_head":"<!-- This site is optimized with the Yoast SEO plugin v25.3 - https:\/\/yoast.com\/wordpress\/plugins\/seo\/ -->\n<title>El pr\u00f3ximo fin de semana inicia la Temporada 3 del Coro Polif\u00f3nico del #Edom\u00e9x, \u00a1no te la pierdas! - Volcanes<\/title>\n<meta name=\"robots\" content=\"index, follow, max-snippet:-1, max-image-preview:large, max-video-preview:-1\" \/>\n<link rel=\"canonical\" href=\"https:\/\/volcanes.net\/?p=4187\" \/>\n<meta property=\"og:locale\" content=\"es_MX\" \/>\n<meta property=\"og:type\" content=\"article\" \/>\n<meta property=\"og:title\" content=\"El pr\u00f3ximo fin de semana inicia la Temporada 3 del Coro Polif\u00f3nico del #Edom\u00e9x, \u00a1no te la pierdas! - Volcanes\" \/>\n<meta property=\"og:description\" content=\"El Coro Polif\u00f3nico del Estado de M\u00e9xico, bajo la batuta del Mtro. Manuel Flores Palacios,\" \/>\n<meta property=\"og:url\" content=\"https:\/\/volcanes.net\/?p=4187\" \/>\n<meta property=\"og:site_name\" content=\"Volcanes\" \/>\n<meta property=\"article:publisher\" content=\"https:\/\/www.facebook.com\/volcanes.net\/\" \/>\n<meta property=\"article:published_time\" content=\"2019-02-20T19:36:37+00:00\" \/>\n<meta property=\"og:image\" content=\"https:\/\/volcanes.net\/wp-content\/uploads\/2019\/02\/IMG-20190220-WA0013-680x454.jpg\" \/>\n\t<meta property=\"og:image:width\" content=\"680\" \/>\n\t<meta property=\"og:image:height\" content=\"454\" \/>\n\t<meta property=\"og:image:type\" content=\"image\/jpeg\" \/>\n<meta name=\"author\" content=\"admin\" \/>\n<meta name=\"twitter:card\" content=\"summary_large_image\" \/>\n<meta name=\"twitter:label1\" content=\"Escrito por\" \/>\n\t<meta name=\"twitter:data1\" content=\"admin\" \/>\n\t<meta name=\"twitter:label2\" content=\"Tiempo de lectura\" \/>\n\t<meta name=\"twitter:data2\" content=\"2 minutos\" \/>\n<script type=\"application\/ld+json\" class=\"yoast-schema-graph\">{\"@context\":\"https:\/\/schema.org\",\"@graph\":[{\"@type\":\"Article\",\"@id\":\"https:\/\/volcanes.net\/?p=4187#article\",\"isPartOf\":{\"@id\":\"https:\/\/volcanes.net\/?p=4187\"},\"author\":{\"name\":\"admin\",\"@id\":\"https:\/\/volcanes.net\/#\/schema\/person\/4bf0f383940966a4abd53f5048c0e6b9\"},\"headline\":\"El pr\u00f3ximo fin de semana inicia la Temporada 3 del Coro Polif\u00f3nico del #Edom\u00e9x, \u00a1no te la pierdas!\",\"datePublished\":\"2019-02-20T19:36:37+00:00\",\"mainEntityOfPage\":{\"@id\":\"https:\/\/volcanes.net\/?p=4187\"},\"wordCount\":333,\"commentCount\":0,\"publisher\":{\"@id\":\"https:\/\/volcanes.net\/#organization\"},\"image\":{\"@id\":\"https:\/\/volcanes.net\/?p=4187#primaryimage\"},\"thumbnailUrl\":\"https:\/\/volcanes.net\/wp-content\/uploads\/2019\/02\/IMG-20190220-WA0013-680x454.jpg\",\"keywords\":[\"Estado de M\u00e9xico\"],\"articleSection\":[\"Municipales\"],\"inLanguage\":\"es\",\"potentialAction\":[{\"@type\":\"CommentAction\",\"name\":\"Comment\",\"target\":[\"https:\/\/volcanes.net\/?p=4187#respond\"]}]},{\"@type\":\"WebPage\",\"@id\":\"https:\/\/volcanes.net\/?p=4187\",\"url\":\"https:\/\/volcanes.net\/?p=4187\",\"name\":\"El pr\u00f3ximo fin de semana inicia la Temporada 3 del Coro Polif\u00f3nico del #Edom\u00e9x, \u00a1no te la pierdas! - Volcanes\",\"isPartOf\":{\"@id\":\"https:\/\/volcanes.net\/#website\"},\"primaryImageOfPage\":{\"@id\":\"https:\/\/volcanes.net\/?p=4187#primaryimage\"},\"image\":{\"@id\":\"https:\/\/volcanes.net\/?p=4187#primaryimage\"},\"thumbnailUrl\":\"https:\/\/volcanes.net\/wp-content\/uploads\/2019\/02\/IMG-20190220-WA0013-680x454.jpg\",\"datePublished\":\"2019-02-20T19:36:37+00:00\",\"breadcrumb\":{\"@id\":\"https:\/\/volcanes.net\/?p=4187#breadcrumb\"},\"inLanguage\":\"es\",\"potentialAction\":[{\"@type\":\"ReadAction\",\"target\":[\"https:\/\/volcanes.net\/?p=4187\"]}]},{\"@type\":\"ImageObject\",\"inLanguage\":\"es\",\"@id\":\"https:\/\/volcanes.net\/?p=4187#primaryimage\",\"url\":\"https:\/\/volcanes.net\/wp-content\/uploads\/2019\/02\/IMG-20190220-WA0013-680x454.jpg\",\"contentUrl\":\"https:\/\/volcanes.net\/wp-content\/uploads\/2019\/02\/IMG-20190220-WA0013-680x454.jpg\",\"width\":680,\"height\":454},{\"@type\":\"BreadcrumbList\",\"@id\":\"https:\/\/volcanes.net\/?p=4187#breadcrumb\",\"itemListElement\":[{\"@type\":\"ListItem\",\"position\":1,\"name\":\"Portada\",\"item\":\"https:\/\/volcanes.net\/\"},{\"@type\":\"ListItem\",\"position\":2,\"name\":\"El pr\u00f3ximo fin de semana inicia la Temporada 3 del Coro Polif\u00f3nico del #Edom\u00e9x, \u00a1no te la pierdas!\"}]},{\"@type\":\"WebSite\",\"@id\":\"https:\/\/volcanes.net\/#website\",\"url\":\"https:\/\/volcanes.net\/\",\"name\":\"Volcanes.Net\",\"description\":\"Periodismo Profesional\",\"publisher\":{\"@id\":\"https:\/\/volcanes.net\/#organization\"},\"potentialAction\":[{\"@type\":\"SearchAction\",\"target\":{\"@type\":\"EntryPoint\",\"urlTemplate\":\"https:\/\/volcanes.net\/?s={search_term_string}\"},\"query-input\":{\"@type\":\"PropertyValueSpecification\",\"valueRequired\":true,\"valueName\":\"search_term_string\"}}],\"inLanguage\":\"es\"},{\"@type\":\"Organization\",\"@id\":\"https:\/\/volcanes.net\/#organization\",\"name\":\"Grupo Volcanes\",\"url\":\"https:\/\/volcanes.net\/\",\"logo\":{\"@type\":\"ImageObject\",\"inLanguage\":\"es\",\"@id\":\"https:\/\/volcanes.net\/#\/schema\/logo\/image\/\",\"url\":\"http:\/\/volcanes.net\/wp-content\/uploads\/2017\/12\/Avatar2.jpg\",\"contentUrl\":\"http:\/\/volcanes.net\/wp-content\/uploads\/2017\/12\/Avatar2.jpg\",\"width\":378,\"height\":378,\"caption\":\"Grupo Volcanes\"},\"image\":{\"@id\":\"https:\/\/volcanes.net\/#\/schema\/logo\/image\/\"},\"sameAs\":[\"https:\/\/www.facebook.com\/volcanes.net\/\"]},{\"@type\":\"Person\",\"@id\":\"https:\/\/volcanes.net\/#\/schema\/person\/4bf0f383940966a4abd53f5048c0e6b9\",\"name\":\"admin\",\"image\":{\"@type\":\"ImageObject\",\"inLanguage\":\"es\",\"@id\":\"https:\/\/volcanes.net\/#\/schema\/person\/image\/\",\"url\":\"https:\/\/secure.gravatar.com\/avatar\/ca004e6cba8462b8cb7abc86e382930c?s=96&d=mm&r=g\",\"contentUrl\":\"https:\/\/secure.gravatar.com\/avatar\/ca004e6cba8462b8cb7abc86e382930c?s=96&d=mm&r=g\",\"caption\":\"admin\"}}]}<\/script>\n<!-- \/ Yoast SEO plugin. -->","yoast_head_json":{"title":"El pr\u00f3ximo fin de semana inicia la Temporada 3 del Coro Polif\u00f3nico del #Edom\u00e9x, \u00a1no te la pierdas! - Volcanes","robots":{"index":"index","follow":"follow","max-snippet":"max-snippet:-1","max-image-preview":"max-image-preview:large","max-video-preview":"max-video-preview:-1"},"canonical":"https:\/\/volcanes.net\/?p=4187","og_locale":"es_MX","og_type":"article","og_title":"El pr\u00f3ximo fin de semana inicia la Temporada 3 del Coro Polif\u00f3nico del #Edom\u00e9x, \u00a1no te la pierdas! - Volcanes","og_description":"El Coro Polif\u00f3nico del Estado de M\u00e9xico, bajo la batuta del Mtro. Manuel Flores Palacios,","og_url":"https:\/\/volcanes.net\/?p=4187","og_site_name":"Volcanes","article_publisher":"https:\/\/www.facebook.com\/volcanes.net\/","article_published_time":"2019-02-20T19:36:37+00:00","og_image":[{"width":680,"height":454,"url":"https:\/\/volcanes.net\/wp-content\/uploads\/2019\/02\/IMG-20190220-WA0013-680x454.jpg","type":"image\/jpeg"}],"author":"admin","twitter_card":"summary_large_image","twitter_misc":{"Escrito por":"admin","Tiempo de lectura":"2 minutos"},"schema":{"@context":"https:\/\/schema.org","@graph":[{"@type":"Article","@id":"https:\/\/volcanes.net\/?p=4187#article","isPartOf":{"@id":"https:\/\/volcanes.net\/?p=4187"},"author":{"name":"admin","@id":"https:\/\/volcanes.net\/#\/schema\/person\/4bf0f383940966a4abd53f5048c0e6b9"},"headline":"El pr\u00f3ximo fin de semana inicia la Temporada 3 del Coro Polif\u00f3nico del #Edom\u00e9x, \u00a1no te la pierdas!","datePublished":"2019-02-20T19:36:37+00:00","mainEntityOfPage":{"@id":"https:\/\/volcanes.net\/?p=4187"},"wordCount":333,"commentCount":0,"publisher":{"@id":"https:\/\/volcanes.net\/#organization"},"image":{"@id":"https:\/\/volcanes.net\/?p=4187#primaryimage"},"thumbnailUrl":"https:\/\/volcanes.net\/wp-content\/uploads\/2019\/02\/IMG-20190220-WA0013-680x454.jpg","keywords":["Estado de M\u00e9xico"],"articleSection":["Municipales"],"inLanguage":"es","potentialAction":[{"@type":"CommentAction","name":"Comment","target":["https:\/\/volcanes.net\/?p=4187#respond"]}]},{"@type":"WebPage","@id":"https:\/\/volcanes.net\/?p=4187","url":"https:\/\/volcanes.net\/?p=4187","name":"El pr\u00f3ximo fin de semana inicia la Temporada 3 del Coro Polif\u00f3nico del #Edom\u00e9x, \u00a1no te la pierdas! - Volcanes","isPartOf":{"@id":"https:\/\/volcanes.net\/#website"},"primaryImageOfPage":{"@id":"https:\/\/volcanes.net\/?p=4187#primaryimage"},"image":{"@id":"https:\/\/volcanes.net\/?p=4187#primaryimage"},"thumbnailUrl":"https:\/\/volcanes.net\/wp-content\/uploads\/2019\/02\/IMG-20190220-WA0013-680x454.jpg","datePublished":"2019-02-20T19:36:37+00:00","breadcrumb":{"@id":"https:\/\/volcanes.net\/?p=4187#breadcrumb"},"inLanguage":"es","potentialAction":[{"@type":"ReadAction","target":["https:\/\/volcanes.net\/?p=4187"]}]},{"@type":"ImageObject","inLanguage":"es","@id":"https:\/\/volcanes.net\/?p=4187#primaryimage","url":"https:\/\/volcanes.net\/wp-content\/uploads\/2019\/02\/IMG-20190220-WA0013-680x454.jpg","contentUrl":"https:\/\/volcanes.net\/wp-content\/uploads\/2019\/02\/IMG-20190220-WA0013-680x454.jpg","width":680,"height":454},{"@type":"BreadcrumbList","@id":"https:\/\/volcanes.net\/?p=4187#breadcrumb","itemListElement":[{"@type":"ListItem","position":1,"name":"Portada","item":"https:\/\/volcanes.net\/"},{"@type":"ListItem","position":2,"name":"El pr\u00f3ximo fin de semana inicia la Temporada 3 del Coro Polif\u00f3nico del #Edom\u00e9x, \u00a1no te la pierdas!"}]},{"@type":"WebSite","@id":"https:\/\/volcanes.net\/#website","url":"https:\/\/volcanes.net\/","name":"Volcanes.Net","description":"Periodismo Profesional","publisher":{"@id":"https:\/\/volcanes.net\/#organization"},"potentialAction":[{"@type":"SearchAction","target":{"@type":"EntryPoint","urlTemplate":"https:\/\/volcanes.net\/?s={search_term_string}"},"query-input":{"@type":"PropertyValueSpecification","valueRequired":true,"valueName":"search_term_string"}}],"inLanguage":"es"},{"@type":"Organization","@id":"https:\/\/volcanes.net\/#organization","name":"Grupo Volcanes","url":"https:\/\/volcanes.net\/","logo":{"@type":"ImageObject","inLanguage":"es","@id":"https:\/\/volcanes.net\/#\/schema\/logo\/image\/","url":"http:\/\/volcanes.net\/wp-content\/uploads\/2017\/12\/Avatar2.jpg","contentUrl":"http:\/\/volcanes.net\/wp-content\/uploads\/2017\/12\/Avatar2.jpg","width":378,"height":378,"caption":"Grupo Volcanes"},"image":{"@id":"https:\/\/volcanes.net\/#\/schema\/logo\/image\/"},"sameAs":["https:\/\/www.facebook.com\/volcanes.net\/"]},{"@type":"Person","@id":"https:\/\/volcanes.net\/#\/schema\/person\/4bf0f383940966a4abd53f5048c0e6b9","name":"admin","image":{"@type":"ImageObject","inLanguage":"es","@id":"https:\/\/volcanes.net\/#\/schema\/person\/image\/","url":"https:\/\/secure.gravatar.com\/avatar\/ca004e6cba8462b8cb7abc86e382930c?s=96&d=mm&r=g","contentUrl":"https:\/\/secure.gravatar.com\/avatar\/ca004e6cba8462b8cb7abc86e382930c?s=96&d=mm&r=g","caption":"admin"}}]}},"_links":{"self":[{"href":"https:\/\/volcanes.net\/index.php?rest_route=\/wp\/v2\/posts\/4187"}],"collection":[{"href":"https:\/\/volcanes.net\/index.php?rest_route=\/wp\/v2\/posts"}],"about":[{"href":"https:\/\/volcanes.net\/index.php?rest_route=\/wp\/v2\/types\/post"}],"author":[{"embeddable":true,"href":"https:\/\/volcanes.net\/index.php?rest_route=\/wp\/v2\/users\/1"}],"replies":[{"embeddable":true,"href":"https:\/\/volcanes.net\/index.php?rest_route=%2Fwp%2Fv2%2Fcomments&post=4187"}],"version-history":[{"count":1,"href":"https:\/\/volcanes.net\/index.php?rest_route=\/wp\/v2\/posts\/4187\/revisions"}],"predecessor-version":[{"id":4189,"href":"https:\/\/volcanes.net\/index.php?rest_route=\/wp\/v2\/posts\/4187\/revisions\/4189"}],"wp:featuredmedia":[{"embeddable":true,"href":"https:\/\/volcanes.net\/index.php?rest_route=\/wp\/v2\/media\/4188"}],"wp:attachment":[{"href":"https:\/\/volcanes.net\/index.php?rest_route=%2Fwp%2Fv2%2Fmedia&parent=4187"}],"wp:term":[{"taxonomy":"category","embeddable":true,"href":"https:\/\/volcanes.net\/index.php?rest_route=%2Fwp%2Fv2%2Fcategories&post=4187"},{"taxonomy":"post_tag","embeddable":true,"href":"https:\/\/volcanes.net\/index.php?rest_route=%2Fwp%2Fv2%2Ftags&post=4187"}],"curies":[{"name":"wp","href":"https:\/\/api.w.org\/{rel}","templated":true}]}}