{"id":419,"date":"2018-01-12T14:39:30","date_gmt":"2018-01-12T14:39:30","guid":{"rendered":"http:\/\/volcanes.net\/?p=419"},"modified":"2018-01-12T14:39:30","modified_gmt":"2018-01-12T14:39:30","slug":"desarrollaran-uaem-cinvestav-y-comecyt-proyecto-de-escala-mundial","status":"publish","type":"post","link":"https:\/\/volcanes.net\/?p=419","title":{"rendered":"Desarrollar\u00e1n UAEM, CINVESTAV y COMECyT proyecto de escala mundial"},"content":{"rendered":"<div style=\"margin-top: 0px; margin-bottom: 0px;\" class=\"sharethis-inline-share-buttons\" ><\/div><ul>\n<li style=\"font-weight: 400\">Colaborar\u00e1n en la construcci\u00f3n de conocimientos que abonen al desarrollo cient\u00edfico universal.<\/li>\n<li style=\"font-weight: 400\">Investigadores universitarios realizaron un recorrido por las instalaciones del Laboratorio de Matem\u00e1ticas Aplicadas y C\u00f3mputo de Alto Rendimiento \u201cAbacus\u201d del CINVESTAV.<\/li>\n<\/ul>\n<p style=\"font-weight: 400\"><strong>\u00a0<\/strong><\/p>\n<p style=\"font-weight: 400\"><strong>Ocoyoacac, M\u00e9x. \u2013 11 de enero de 2018.<\/strong>\u00a0La Universidad Aut\u00f3noma del Estado de M\u00e9xico,\u00a0el Centro de Investigaci\u00f3n y de Estudios Avanzados (CINVESTAV) del Instituto Polit\u00e9cnico Nacional (IPN) y el Consejo Mexiquense de Ciencia y Tecnolog\u00eda (COMECyT) colaborar\u00e1n en la construcci\u00f3n de conocimientos que abonen al desarrollo cient\u00edfico universal.<\/p>\n<p style=\"font-weight: 400\">Durante el recorrido que realizaron investigadores universitarios por las instalaciones del Laboratorio de Matem\u00e1ticas Aplicadas y C\u00f3mputo de Alto Rendimiento \u201cAbacus\u201d del CINVESTAV, el secretario de Investigaci\u00f3n y Estudios Avanzados de la Aut\u00f3noma mexiquense, Carlos Eduardo Barrera D\u00edaz, subray\u00f3 que las tres instancias trabajan de forma coordinada para que acad\u00e9micos y estudiantes pongan en pr\u00e1ctica sus conocimientos, mediante la realizaci\u00f3n de estancias de investigaci\u00f3n, servicio social y pr\u00e1cticas profesionales, en proyectos de alto impacto cient\u00edfico y social.<\/p>\n<p style=\"font-weight: 400\">Enfatiz\u00f3 que la supercomputadora \u201cAbacus\u201d, la segunda m\u00e1s potente en Am\u00e9rica Latina, permitir\u00e1 desarrollar de manera conjunta, aplicaciones que facilitar\u00e1n la vida cotidiana de la poblaci\u00f3n y generar\u00e1n mejores condiciones para empresas e instituciones p\u00fablicas y privadas.<\/p>\n<p style=\"font-weight: 400\">Ante el director general de CINVESTAV, Jos\u00e9 Mustre de Le\u00f3n, Carlos Barrera D\u00edaz agradeci\u00f3 la oportunidad de permitir a los universitarios utilizar esta tecnolog\u00eda de punta para contribuir, a partir del desarrollo de la ciencia y la tecnolog\u00eda, en la construcci\u00f3n de un M\u00e9xico m\u00e1s justo, libre y soberano.<\/p>\n<p style=\"font-weight: 400\">Por su parte, el director general del COMECyT, Dmitri Fujii Olechko, sostuvo que la decisi\u00f3n de colaborar de forma estrecha para la generaci\u00f3n de conocimiento en favor de la sociedad y el trabajo tripartita con la supercomputadora permitir\u00e1n desarrollar un proyecto de escala mundial.<\/p>\n<p style=\"font-weight: 400\">Afirm\u00f3 que el Gobierno del Estado de M\u00e9xico busca crear v\u00ednculos con la Aut\u00f3noma mexiquense, centros de investigaci\u00f3n e instancias gubernamentales, con el prop\u00f3sito de formar capital humano m\u00e1s especializado y generar empleos.<\/p>\n<p style=\"font-weight: 400\">En su momento, el coordinador de Abacus, Isidoro Gitler Goldwain, explic\u00f3 que esta supercomputadora ha permitido el desarrollo de m\u00e1s de 90 proyectos en las \u00e1reas de astronom\u00eda, seguridad nuclear, redes neuronales, farmacolog\u00eda, pol\u00edmeros y prevenci\u00f3n de desastres naturales, entre otras.<\/p>\n","protected":false},"excerpt":{"rendered":"<p>Colaborar\u00e1n en la construcci\u00f3n de conocimientos que abonen al desarrollo cient\u00edfico universal. Investigadores universitarios realizaron<\/p>\n","protected":false},"author":1,"featured_media":418,"comment_status":"open","ping_status":"open","sticky":false,"template":"","format":"standard","meta":{"footnotes":""},"categories":[1],"tags":[25,24],"class_list":["post-419","post","type-post","status-publish","format-standard","has-post-thumbnail","hentry","category-municipales","tag-uaem","tag-uaemex"],"yoast_head":"<!-- This site is optimized with the Yoast SEO plugin v25.3 - https:\/\/yoast.com\/wordpress\/plugins\/seo\/ -->\n<title>Desarrollar\u00e1n UAEM, CINVESTAV y COMECyT proyecto de escala mundial - Volcanes<\/title>\n<meta name=\"robots\" content=\"index, follow, max-snippet:-1, max-image-preview:large, max-video-preview:-1\" \/>\n<link rel=\"canonical\" href=\"https:\/\/volcanes.net\/?p=419\" \/>\n<meta property=\"og:locale\" content=\"es_MX\" \/>\n<meta property=\"og:type\" content=\"article\" \/>\n<meta property=\"og:title\" content=\"Desarrollar\u00e1n UAEM, CINVESTAV y COMECyT proyecto de escala mundial - Volcanes\" \/>\n<meta property=\"og:description\" content=\"Colaborar\u00e1n en la construcci\u00f3n de conocimientos que abonen al desarrollo cient\u00edfico universal. Investigadores universitarios realizaron\" \/>\n<meta property=\"og:url\" content=\"https:\/\/volcanes.net\/?p=419\" \/>\n<meta property=\"og:site_name\" content=\"Volcanes\" \/>\n<meta property=\"article:publisher\" content=\"https:\/\/www.facebook.com\/volcanes.net\/\" \/>\n<meta property=\"article:published_time\" content=\"2018-01-12T14:39:30+00:00\" \/>\n<meta property=\"og:image\" content=\"https:\/\/volcanes.net\/wp-content\/uploads\/2018\/01\/Comun-0031-12.jpg\" \/>\n\t<meta property=\"og:image:width\" content=\"448\" \/>\n\t<meta property=\"og:image:height\" content=\"299\" \/>\n\t<meta property=\"og:image:type\" content=\"image\/jpeg\" \/>\n<meta name=\"author\" content=\"admin\" \/>\n<meta name=\"twitter:card\" content=\"summary_large_image\" \/>\n<meta name=\"twitter:label1\" content=\"Escrito por\" \/>\n\t<meta name=\"twitter:data1\" content=\"admin\" \/>\n\t<meta name=\"twitter:label2\" content=\"Tiempo de lectura\" \/>\n\t<meta name=\"twitter:data2\" content=\"2 minutos\" \/>\n<script type=\"application\/ld+json\" class=\"yoast-schema-graph\">{\"@context\":\"https:\/\/schema.org\",\"@graph\":[{\"@type\":\"Article\",\"@id\":\"https:\/\/volcanes.net\/?p=419#article\",\"isPartOf\":{\"@id\":\"https:\/\/volcanes.net\/?p=419\"},\"author\":{\"name\":\"admin\",\"@id\":\"https:\/\/volcanes.net\/#\/schema\/person\/4bf0f383940966a4abd53f5048c0e6b9\"},\"headline\":\"Desarrollar\u00e1n UAEM, CINVESTAV y COMECyT proyecto de escala mundial\",\"datePublished\":\"2018-01-12T14:39:30+00:00\",\"mainEntityOfPage\":{\"@id\":\"https:\/\/volcanes.net\/?p=419\"},\"wordCount\":422,\"commentCount\":0,\"publisher\":{\"@id\":\"https:\/\/volcanes.net\/#organization\"},\"image\":{\"@id\":\"https:\/\/volcanes.net\/?p=419#primaryimage\"},\"thumbnailUrl\":\"https:\/\/volcanes.net\/wp-content\/uploads\/2018\/01\/Comun-0031-12.jpg\",\"keywords\":[\"UAEM\",\"UAEMEX\"],\"articleSection\":[\"Municipales\"],\"inLanguage\":\"es\",\"potentialAction\":[{\"@type\":\"CommentAction\",\"name\":\"Comment\",\"target\":[\"https:\/\/volcanes.net\/?p=419#respond\"]}]},{\"@type\":\"WebPage\",\"@id\":\"https:\/\/volcanes.net\/?p=419\",\"url\":\"https:\/\/volcanes.net\/?p=419\",\"name\":\"Desarrollar\u00e1n UAEM, CINVESTAV y COMECyT proyecto de escala mundial - Volcanes\",\"isPartOf\":{\"@id\":\"https:\/\/volcanes.net\/#website\"},\"primaryImageOfPage\":{\"@id\":\"https:\/\/volcanes.net\/?p=419#primaryimage\"},\"image\":{\"@id\":\"https:\/\/volcanes.net\/?p=419#primaryimage\"},\"thumbnailUrl\":\"https:\/\/volcanes.net\/wp-content\/uploads\/2018\/01\/Comun-0031-12.jpg\",\"datePublished\":\"2018-01-12T14:39:30+00:00\",\"breadcrumb\":{\"@id\":\"https:\/\/volcanes.net\/?p=419#breadcrumb\"},\"inLanguage\":\"es\",\"potentialAction\":[{\"@type\":\"ReadAction\",\"target\":[\"https:\/\/volcanes.net\/?p=419\"]}]},{\"@type\":\"ImageObject\",\"inLanguage\":\"es\",\"@id\":\"https:\/\/volcanes.net\/?p=419#primaryimage\",\"url\":\"https:\/\/volcanes.net\/wp-content\/uploads\/2018\/01\/Comun-0031-12.jpg\",\"contentUrl\":\"https:\/\/volcanes.net\/wp-content\/uploads\/2018\/01\/Comun-0031-12.jpg\",\"width\":448,\"height\":299},{\"@type\":\"BreadcrumbList\",\"@id\":\"https:\/\/volcanes.net\/?p=419#breadcrumb\",\"itemListElement\":[{\"@type\":\"ListItem\",\"position\":1,\"name\":\"Portada\",\"item\":\"https:\/\/volcanes.net\/\"},{\"@type\":\"ListItem\",\"position\":2,\"name\":\"Desarrollar\u00e1n UAEM, CINVESTAV y COMECyT proyecto de escala mundial\"}]},{\"@type\":\"WebSite\",\"@id\":\"https:\/\/volcanes.net\/#website\",\"url\":\"https:\/\/volcanes.net\/\",\"name\":\"Volcanes.Net\",\"description\":\"Periodismo Profesional\",\"publisher\":{\"@id\":\"https:\/\/volcanes.net\/#organization\"},\"potentialAction\":[{\"@type\":\"SearchAction\",\"target\":{\"@type\":\"EntryPoint\",\"urlTemplate\":\"https:\/\/volcanes.net\/?s={search_term_string}\"},\"query-input\":{\"@type\":\"PropertyValueSpecification\",\"valueRequired\":true,\"valueName\":\"search_term_string\"}}],\"inLanguage\":\"es\"},{\"@type\":\"Organization\",\"@id\":\"https:\/\/volcanes.net\/#organization\",\"name\":\"Grupo Volcanes\",\"url\":\"https:\/\/volcanes.net\/\",\"logo\":{\"@type\":\"ImageObject\",\"inLanguage\":\"es\",\"@id\":\"https:\/\/volcanes.net\/#\/schema\/logo\/image\/\",\"url\":\"http:\/\/volcanes.net\/wp-content\/uploads\/2017\/12\/Avatar2.jpg\",\"contentUrl\":\"http:\/\/volcanes.net\/wp-content\/uploads\/2017\/12\/Avatar2.jpg\",\"width\":378,\"height\":378,\"caption\":\"Grupo Volcanes\"},\"image\":{\"@id\":\"https:\/\/volcanes.net\/#\/schema\/logo\/image\/\"},\"sameAs\":[\"https:\/\/www.facebook.com\/volcanes.net\/\"]},{\"@type\":\"Person\",\"@id\":\"https:\/\/volcanes.net\/#\/schema\/person\/4bf0f383940966a4abd53f5048c0e6b9\",\"name\":\"admin\",\"image\":{\"@type\":\"ImageObject\",\"inLanguage\":\"es\",\"@id\":\"https:\/\/volcanes.net\/#\/schema\/person\/image\/\",\"url\":\"https:\/\/secure.gravatar.com\/avatar\/ca004e6cba8462b8cb7abc86e382930c?s=96&d=mm&r=g\",\"contentUrl\":\"https:\/\/secure.gravatar.com\/avatar\/ca004e6cba8462b8cb7abc86e382930c?s=96&d=mm&r=g\",\"caption\":\"admin\"}}]}<\/script>\n<!-- \/ Yoast SEO plugin. -->","yoast_head_json":{"title":"Desarrollar\u00e1n UAEM, CINVESTAV y COMECyT proyecto de escala mundial - Volcanes","robots":{"index":"index","follow":"follow","max-snippet":"max-snippet:-1","max-image-preview":"max-image-preview:large","max-video-preview":"max-video-preview:-1"},"canonical":"https:\/\/volcanes.net\/?p=419","og_locale":"es_MX","og_type":"article","og_title":"Desarrollar\u00e1n UAEM, CINVESTAV y COMECyT proyecto de escala mundial - Volcanes","og_description":"Colaborar\u00e1n en la construcci\u00f3n de conocimientos que abonen al desarrollo cient\u00edfico universal. Investigadores universitarios realizaron","og_url":"https:\/\/volcanes.net\/?p=419","og_site_name":"Volcanes","article_publisher":"https:\/\/www.facebook.com\/volcanes.net\/","article_published_time":"2018-01-12T14:39:30+00:00","og_image":[{"width":448,"height":299,"url":"https:\/\/volcanes.net\/wp-content\/uploads\/2018\/01\/Comun-0031-12.jpg","type":"image\/jpeg"}],"author":"admin","twitter_card":"summary_large_image","twitter_misc":{"Escrito por":"admin","Tiempo de lectura":"2 minutos"},"schema":{"@context":"https:\/\/schema.org","@graph":[{"@type":"Article","@id":"https:\/\/volcanes.net\/?p=419#article","isPartOf":{"@id":"https:\/\/volcanes.net\/?p=419"},"author":{"name":"admin","@id":"https:\/\/volcanes.net\/#\/schema\/person\/4bf0f383940966a4abd53f5048c0e6b9"},"headline":"Desarrollar\u00e1n UAEM, CINVESTAV y COMECyT proyecto de escala mundial","datePublished":"2018-01-12T14:39:30+00:00","mainEntityOfPage":{"@id":"https:\/\/volcanes.net\/?p=419"},"wordCount":422,"commentCount":0,"publisher":{"@id":"https:\/\/volcanes.net\/#organization"},"image":{"@id":"https:\/\/volcanes.net\/?p=419#primaryimage"},"thumbnailUrl":"https:\/\/volcanes.net\/wp-content\/uploads\/2018\/01\/Comun-0031-12.jpg","keywords":["UAEM","UAEMEX"],"articleSection":["Municipales"],"inLanguage":"es","potentialAction":[{"@type":"CommentAction","name":"Comment","target":["https:\/\/volcanes.net\/?p=419#respond"]}]},{"@type":"WebPage","@id":"https:\/\/volcanes.net\/?p=419","url":"https:\/\/volcanes.net\/?p=419","name":"Desarrollar\u00e1n UAEM, CINVESTAV y COMECyT proyecto de escala mundial - Volcanes","isPartOf":{"@id":"https:\/\/volcanes.net\/#website"},"primaryImageOfPage":{"@id":"https:\/\/volcanes.net\/?p=419#primaryimage"},"image":{"@id":"https:\/\/volcanes.net\/?p=419#primaryimage"},"thumbnailUrl":"https:\/\/volcanes.net\/wp-content\/uploads\/2018\/01\/Comun-0031-12.jpg","datePublished":"2018-01-12T14:39:30+00:00","breadcrumb":{"@id":"https:\/\/volcanes.net\/?p=419#breadcrumb"},"inLanguage":"es","potentialAction":[{"@type":"ReadAction","target":["https:\/\/volcanes.net\/?p=419"]}]},{"@type":"ImageObject","inLanguage":"es","@id":"https:\/\/volcanes.net\/?p=419#primaryimage","url":"https:\/\/volcanes.net\/wp-content\/uploads\/2018\/01\/Comun-0031-12.jpg","contentUrl":"https:\/\/volcanes.net\/wp-content\/uploads\/2018\/01\/Comun-0031-12.jpg","width":448,"height":299},{"@type":"BreadcrumbList","@id":"https:\/\/volcanes.net\/?p=419#breadcrumb","itemListElement":[{"@type":"ListItem","position":1,"name":"Portada","item":"https:\/\/volcanes.net\/"},{"@type":"ListItem","position":2,"name":"Desarrollar\u00e1n UAEM, CINVESTAV y COMECyT proyecto de escala mundial"}]},{"@type":"WebSite","@id":"https:\/\/volcanes.net\/#website","url":"https:\/\/volcanes.net\/","name":"Volcanes.Net","description":"Periodismo Profesional","publisher":{"@id":"https:\/\/volcanes.net\/#organization"},"potentialAction":[{"@type":"SearchAction","target":{"@type":"EntryPoint","urlTemplate":"https:\/\/volcanes.net\/?s={search_term_string}"},"query-input":{"@type":"PropertyValueSpecification","valueRequired":true,"valueName":"search_term_string"}}],"inLanguage":"es"},{"@type":"Organization","@id":"https:\/\/volcanes.net\/#organization","name":"Grupo Volcanes","url":"https:\/\/volcanes.net\/","logo":{"@type":"ImageObject","inLanguage":"es","@id":"https:\/\/volcanes.net\/#\/schema\/logo\/image\/","url":"http:\/\/volcanes.net\/wp-content\/uploads\/2017\/12\/Avatar2.jpg","contentUrl":"http:\/\/volcanes.net\/wp-content\/uploads\/2017\/12\/Avatar2.jpg","width":378,"height":378,"caption":"Grupo Volcanes"},"image":{"@id":"https:\/\/volcanes.net\/#\/schema\/logo\/image\/"},"sameAs":["https:\/\/www.facebook.com\/volcanes.net\/"]},{"@type":"Person","@id":"https:\/\/volcanes.net\/#\/schema\/person\/4bf0f383940966a4abd53f5048c0e6b9","name":"admin","image":{"@type":"ImageObject","inLanguage":"es","@id":"https:\/\/volcanes.net\/#\/schema\/person\/image\/","url":"https:\/\/secure.gravatar.com\/avatar\/ca004e6cba8462b8cb7abc86e382930c?s=96&d=mm&r=g","contentUrl":"https:\/\/secure.gravatar.com\/avatar\/ca004e6cba8462b8cb7abc86e382930c?s=96&d=mm&r=g","caption":"admin"}}]}},"_links":{"self":[{"href":"https:\/\/volcanes.net\/index.php?rest_route=\/wp\/v2\/posts\/419"}],"collection":[{"href":"https:\/\/volcanes.net\/index.php?rest_route=\/wp\/v2\/posts"}],"about":[{"href":"https:\/\/volcanes.net\/index.php?rest_route=\/wp\/v2\/types\/post"}],"author":[{"embeddable":true,"href":"https:\/\/volcanes.net\/index.php?rest_route=\/wp\/v2\/users\/1"}],"replies":[{"embeddable":true,"href":"https:\/\/volcanes.net\/index.php?rest_route=%2Fwp%2Fv2%2Fcomments&post=419"}],"version-history":[{"count":1,"href":"https:\/\/volcanes.net\/index.php?rest_route=\/wp\/v2\/posts\/419\/revisions"}],"predecessor-version":[{"id":420,"href":"https:\/\/volcanes.net\/index.php?rest_route=\/wp\/v2\/posts\/419\/revisions\/420"}],"wp:featuredmedia":[{"embeddable":true,"href":"https:\/\/volcanes.net\/index.php?rest_route=\/wp\/v2\/media\/418"}],"wp:attachment":[{"href":"https:\/\/volcanes.net\/index.php?rest_route=%2Fwp%2Fv2%2Fmedia&parent=419"}],"wp:term":[{"taxonomy":"category","embeddable":true,"href":"https:\/\/volcanes.net\/index.php?rest_route=%2Fwp%2Fv2%2Fcategories&post=419"},{"taxonomy":"post_tag","embeddable":true,"href":"https:\/\/volcanes.net\/index.php?rest_route=%2Fwp%2Fv2%2Ftags&post=419"}],"curies":[{"name":"wp","href":"https:\/\/api.w.org\/{rel}","templated":true}]}}