{"id":4190,"date":"2019-02-20T13:41:43","date_gmt":"2019-02-20T19:41:43","guid":{"rendered":"http:\/\/volcanes.net\/?p=4190"},"modified":"2019-02-20T13:54:50","modified_gmt":"2019-02-20T19:54:50","slug":"lopez-obrador-inaugura-salon-de-la-fama-del-beisbol-mexicano-en-monterrey","status":"publish","type":"post","link":"https:\/\/volcanes.net\/?p=4190","title":{"rendered":"L\u00f3pez Obrador inaugura Sal\u00f3n de la Fama del B\u00e9isbol Mexicano en Monterrey"},"content":{"rendered":"<div style=\"margin-top: 0px; margin-bottom: 0px;\" class=\"sharethis-inline-share-buttons\" ><\/div><p>El presidente Andr\u00e9s Manuel L\u00f3pez Obrador inaugur\u00f3 este mi\u00e9rcoles el Sal\u00f3n de la Fama del B\u00e9isbol Mexicano en esta entidad del norte del pa\u00eds, y se comprometi\u00f3 a fomentar este deporte con recursos federales.<\/p>\n<p>Durante la inauguraci\u00f3n de este espacio en el Parque Fundidora, el mandatario federal refiri\u00f3 que en el presupuesto se aprob\u00f3 una partida para fomentar la pr\u00e1ctica de este deporte, para lo cual se crear\u00e1n escuelas en diferentes puntos del pa\u00eds, y adelant\u00f3 que\u00a0comprometi\u00f3 a acompa\u00f1ar a Alfredo Harp Hel\u00fa a la inauguraci\u00f3n de la casa de los Diablos Rojos.<\/p>\n<p>L\u00f3pez Obrador, acompa\u00f1ado por Ana Gabriela Guevara, titular de la Comisi\u00f3n Nacional de Cultura F\u00edsica y Deporte (Conade) y de Alfredo Harp Hel\u00fa, due\u00f1o de los Diablos Rojos del M\u00e9xico, record\u00f3 que el b\u00e9isbol es su deporte favorito y que comenz\u00f3 a jugarlo, sin zapatos y con pelotas \u201chechizas\u201d, cuando estudiaba la secundaria, y que desde entonces \u201cera un gran prospecto para grandes ligas\u201d.<\/p>\n","protected":false},"excerpt":{"rendered":"<p>El presidente Andr\u00e9s Manuel L\u00f3pez Obrador inaugur\u00f3 este mi\u00e9rcoles el Sal\u00f3n de la Fama del<\/p>\n","protected":false},"author":1,"featured_media":4199,"comment_status":"open","ping_status":"open","sticky":false,"template":"","format":"standard","meta":{"footnotes":""},"categories":[1],"tags":[44],"class_list":["post-4190","post","type-post","status-publish","format-standard","has-post-thumbnail","hentry","category-municipales","tag-gobierno-de-la-republica"],"yoast_head":"<!-- This site is optimized with the Yoast SEO plugin v25.3 - https:\/\/yoast.com\/wordpress\/plugins\/seo\/ -->\n<title>L\u00f3pez Obrador inaugura Sal\u00f3n de la Fama del B\u00e9isbol Mexicano en Monterrey - Volcanes<\/title>\n<meta name=\"robots\" content=\"index, follow, max-snippet:-1, max-image-preview:large, max-video-preview:-1\" \/>\n<link rel=\"canonical\" href=\"https:\/\/volcanes.net\/?p=4190\" \/>\n<meta property=\"og:locale\" content=\"es_MX\" \/>\n<meta property=\"og:type\" content=\"article\" \/>\n<meta property=\"og:title\" content=\"L\u00f3pez Obrador inaugura Sal\u00f3n de la Fama del B\u00e9isbol Mexicano en Monterrey - Volcanes\" \/>\n<meta property=\"og:description\" content=\"El presidente Andr\u00e9s Manuel L\u00f3pez Obrador inaugur\u00f3 este mi\u00e9rcoles el Sal\u00f3n de la Fama del\" \/>\n<meta property=\"og:url\" content=\"https:\/\/volcanes.net\/?p=4190\" \/>\n<meta property=\"og:site_name\" content=\"Volcanes\" \/>\n<meta property=\"article:publisher\" content=\"https:\/\/www.facebook.com\/volcanes.net\/\" \/>\n<meta property=\"article:published_time\" content=\"2019-02-20T19:41:43+00:00\" \/>\n<meta property=\"article:modified_time\" content=\"2019-02-20T19:54:50+00:00\" \/>\n<meta property=\"og:image\" content=\"https:\/\/volcanes.net\/wp-content\/uploads\/2019\/02\/amlo-salon-de-la-fama.jpg\" \/>\n\t<meta property=\"og:image:width\" content=\"400\" \/>\n\t<meta property=\"og:image:height\" content=\"200\" \/>\n\t<meta property=\"og:image:type\" content=\"image\/jpeg\" \/>\n<meta name=\"author\" content=\"admin\" \/>\n<meta name=\"twitter:card\" content=\"summary_large_image\" \/>\n<meta name=\"twitter:label1\" content=\"Escrito por\" \/>\n\t<meta name=\"twitter:data1\" content=\"admin\" \/>\n\t<meta name=\"twitter:label2\" content=\"Tiempo de lectura\" \/>\n\t<meta name=\"twitter:data2\" content=\"1 minuto\" \/>\n<script type=\"application\/ld+json\" class=\"yoast-schema-graph\">{\"@context\":\"https:\/\/schema.org\",\"@graph\":[{\"@type\":\"Article\",\"@id\":\"https:\/\/volcanes.net\/?p=4190#article\",\"isPartOf\":{\"@id\":\"https:\/\/volcanes.net\/?p=4190\"},\"author\":{\"name\":\"admin\",\"@id\":\"https:\/\/volcanes.net\/#\/schema\/person\/4bf0f383940966a4abd53f5048c0e6b9\"},\"headline\":\"L\u00f3pez Obrador inaugura Sal\u00f3n de la Fama del B\u00e9isbol Mexicano en Monterrey\",\"datePublished\":\"2019-02-20T19:41:43+00:00\",\"dateModified\":\"2019-02-20T19:54:50+00:00\",\"mainEntityOfPage\":{\"@id\":\"https:\/\/volcanes.net\/?p=4190\"},\"wordCount\":192,\"commentCount\":0,\"publisher\":{\"@id\":\"https:\/\/volcanes.net\/#organization\"},\"image\":{\"@id\":\"https:\/\/volcanes.net\/?p=4190#primaryimage\"},\"thumbnailUrl\":\"https:\/\/volcanes.net\/wp-content\/uploads\/2019\/02\/amlo-salon-de-la-fama.jpg\",\"keywords\":[\"Gobierno de la Rep\u00fablica\"],\"articleSection\":[\"Municipales\"],\"inLanguage\":\"es\",\"potentialAction\":[{\"@type\":\"CommentAction\",\"name\":\"Comment\",\"target\":[\"https:\/\/volcanes.net\/?p=4190#respond\"]}]},{\"@type\":\"WebPage\",\"@id\":\"https:\/\/volcanes.net\/?p=4190\",\"url\":\"https:\/\/volcanes.net\/?p=4190\",\"name\":\"L\u00f3pez Obrador inaugura Sal\u00f3n de la Fama del B\u00e9isbol Mexicano en Monterrey - Volcanes\",\"isPartOf\":{\"@id\":\"https:\/\/volcanes.net\/#website\"},\"primaryImageOfPage\":{\"@id\":\"https:\/\/volcanes.net\/?p=4190#primaryimage\"},\"image\":{\"@id\":\"https:\/\/volcanes.net\/?p=4190#primaryimage\"},\"thumbnailUrl\":\"https:\/\/volcanes.net\/wp-content\/uploads\/2019\/02\/amlo-salon-de-la-fama.jpg\",\"datePublished\":\"2019-02-20T19:41:43+00:00\",\"dateModified\":\"2019-02-20T19:54:50+00:00\",\"breadcrumb\":{\"@id\":\"https:\/\/volcanes.net\/?p=4190#breadcrumb\"},\"inLanguage\":\"es\",\"potentialAction\":[{\"@type\":\"ReadAction\",\"target\":[\"https:\/\/volcanes.net\/?p=4190\"]}]},{\"@type\":\"ImageObject\",\"inLanguage\":\"es\",\"@id\":\"https:\/\/volcanes.net\/?p=4190#primaryimage\",\"url\":\"https:\/\/volcanes.net\/wp-content\/uploads\/2019\/02\/amlo-salon-de-la-fama.jpg\",\"contentUrl\":\"https:\/\/volcanes.net\/wp-content\/uploads\/2019\/02\/amlo-salon-de-la-fama.jpg\",\"width\":400,\"height\":200},{\"@type\":\"BreadcrumbList\",\"@id\":\"https:\/\/volcanes.net\/?p=4190#breadcrumb\",\"itemListElement\":[{\"@type\":\"ListItem\",\"position\":1,\"name\":\"Portada\",\"item\":\"https:\/\/volcanes.net\/\"},{\"@type\":\"ListItem\",\"position\":2,\"name\":\"L\u00f3pez Obrador inaugura Sal\u00f3n de la Fama del B\u00e9isbol Mexicano en Monterrey\"}]},{\"@type\":\"WebSite\",\"@id\":\"https:\/\/volcanes.net\/#website\",\"url\":\"https:\/\/volcanes.net\/\",\"name\":\"Volcanes.Net\",\"description\":\"Periodismo Profesional\",\"publisher\":{\"@id\":\"https:\/\/volcanes.net\/#organization\"},\"potentialAction\":[{\"@type\":\"SearchAction\",\"target\":{\"@type\":\"EntryPoint\",\"urlTemplate\":\"https:\/\/volcanes.net\/?s={search_term_string}\"},\"query-input\":{\"@type\":\"PropertyValueSpecification\",\"valueRequired\":true,\"valueName\":\"search_term_string\"}}],\"inLanguage\":\"es\"},{\"@type\":\"Organization\",\"@id\":\"https:\/\/volcanes.net\/#organization\",\"name\":\"Grupo Volcanes\",\"url\":\"https:\/\/volcanes.net\/\",\"logo\":{\"@type\":\"ImageObject\",\"inLanguage\":\"es\",\"@id\":\"https:\/\/volcanes.net\/#\/schema\/logo\/image\/\",\"url\":\"http:\/\/volcanes.net\/wp-content\/uploads\/2017\/12\/Avatar2.jpg\",\"contentUrl\":\"http:\/\/volcanes.net\/wp-content\/uploads\/2017\/12\/Avatar2.jpg\",\"width\":378,\"height\":378,\"caption\":\"Grupo Volcanes\"},\"image\":{\"@id\":\"https:\/\/volcanes.net\/#\/schema\/logo\/image\/\"},\"sameAs\":[\"https:\/\/www.facebook.com\/volcanes.net\/\"]},{\"@type\":\"Person\",\"@id\":\"https:\/\/volcanes.net\/#\/schema\/person\/4bf0f383940966a4abd53f5048c0e6b9\",\"name\":\"admin\",\"image\":{\"@type\":\"ImageObject\",\"inLanguage\":\"es\",\"@id\":\"https:\/\/volcanes.net\/#\/schema\/person\/image\/\",\"url\":\"https:\/\/secure.gravatar.com\/avatar\/ca004e6cba8462b8cb7abc86e382930c?s=96&d=mm&r=g\",\"contentUrl\":\"https:\/\/secure.gravatar.com\/avatar\/ca004e6cba8462b8cb7abc86e382930c?s=96&d=mm&r=g\",\"caption\":\"admin\"}}]}<\/script>\n<!-- \/ Yoast SEO plugin. -->","yoast_head_json":{"title":"L\u00f3pez Obrador inaugura Sal\u00f3n de la Fama del B\u00e9isbol Mexicano en Monterrey - Volcanes","robots":{"index":"index","follow":"follow","max-snippet":"max-snippet:-1","max-image-preview":"max-image-preview:large","max-video-preview":"max-video-preview:-1"},"canonical":"https:\/\/volcanes.net\/?p=4190","og_locale":"es_MX","og_type":"article","og_title":"L\u00f3pez Obrador inaugura Sal\u00f3n de la Fama del B\u00e9isbol Mexicano en Monterrey - Volcanes","og_description":"El presidente Andr\u00e9s Manuel L\u00f3pez Obrador inaugur\u00f3 este mi\u00e9rcoles el Sal\u00f3n de la Fama del","og_url":"https:\/\/volcanes.net\/?p=4190","og_site_name":"Volcanes","article_publisher":"https:\/\/www.facebook.com\/volcanes.net\/","article_published_time":"2019-02-20T19:41:43+00:00","article_modified_time":"2019-02-20T19:54:50+00:00","og_image":[{"width":400,"height":200,"url":"https:\/\/volcanes.net\/wp-content\/uploads\/2019\/02\/amlo-salon-de-la-fama.jpg","type":"image\/jpeg"}],"author":"admin","twitter_card":"summary_large_image","twitter_misc":{"Escrito por":"admin","Tiempo de lectura":"1 minuto"},"schema":{"@context":"https:\/\/schema.org","@graph":[{"@type":"Article","@id":"https:\/\/volcanes.net\/?p=4190#article","isPartOf":{"@id":"https:\/\/volcanes.net\/?p=4190"},"author":{"name":"admin","@id":"https:\/\/volcanes.net\/#\/schema\/person\/4bf0f383940966a4abd53f5048c0e6b9"},"headline":"L\u00f3pez Obrador inaugura Sal\u00f3n de la Fama del B\u00e9isbol Mexicano en Monterrey","datePublished":"2019-02-20T19:41:43+00:00","dateModified":"2019-02-20T19:54:50+00:00","mainEntityOfPage":{"@id":"https:\/\/volcanes.net\/?p=4190"},"wordCount":192,"commentCount":0,"publisher":{"@id":"https:\/\/volcanes.net\/#organization"},"image":{"@id":"https:\/\/volcanes.net\/?p=4190#primaryimage"},"thumbnailUrl":"https:\/\/volcanes.net\/wp-content\/uploads\/2019\/02\/amlo-salon-de-la-fama.jpg","keywords":["Gobierno de la Rep\u00fablica"],"articleSection":["Municipales"],"inLanguage":"es","potentialAction":[{"@type":"CommentAction","name":"Comment","target":["https:\/\/volcanes.net\/?p=4190#respond"]}]},{"@type":"WebPage","@id":"https:\/\/volcanes.net\/?p=4190","url":"https:\/\/volcanes.net\/?p=4190","name":"L\u00f3pez Obrador inaugura Sal\u00f3n de la Fama del B\u00e9isbol Mexicano en Monterrey - Volcanes","isPartOf":{"@id":"https:\/\/volcanes.net\/#website"},"primaryImageOfPage":{"@id":"https:\/\/volcanes.net\/?p=4190#primaryimage"},"image":{"@id":"https:\/\/volcanes.net\/?p=4190#primaryimage"},"thumbnailUrl":"https:\/\/volcanes.net\/wp-content\/uploads\/2019\/02\/amlo-salon-de-la-fama.jpg","datePublished":"2019-02-20T19:41:43+00:00","dateModified":"2019-02-20T19:54:50+00:00","breadcrumb":{"@id":"https:\/\/volcanes.net\/?p=4190#breadcrumb"},"inLanguage":"es","potentialAction":[{"@type":"ReadAction","target":["https:\/\/volcanes.net\/?p=4190"]}]},{"@type":"ImageObject","inLanguage":"es","@id":"https:\/\/volcanes.net\/?p=4190#primaryimage","url":"https:\/\/volcanes.net\/wp-content\/uploads\/2019\/02\/amlo-salon-de-la-fama.jpg","contentUrl":"https:\/\/volcanes.net\/wp-content\/uploads\/2019\/02\/amlo-salon-de-la-fama.jpg","width":400,"height":200},{"@type":"BreadcrumbList","@id":"https:\/\/volcanes.net\/?p=4190#breadcrumb","itemListElement":[{"@type":"ListItem","position":1,"name":"Portada","item":"https:\/\/volcanes.net\/"},{"@type":"ListItem","position":2,"name":"L\u00f3pez Obrador inaugura Sal\u00f3n de la Fama del B\u00e9isbol Mexicano en Monterrey"}]},{"@type":"WebSite","@id":"https:\/\/volcanes.net\/#website","url":"https:\/\/volcanes.net\/","name":"Volcanes.Net","description":"Periodismo Profesional","publisher":{"@id":"https:\/\/volcanes.net\/#organization"},"potentialAction":[{"@type":"SearchAction","target":{"@type":"EntryPoint","urlTemplate":"https:\/\/volcanes.net\/?s={search_term_string}"},"query-input":{"@type":"PropertyValueSpecification","valueRequired":true,"valueName":"search_term_string"}}],"inLanguage":"es"},{"@type":"Organization","@id":"https:\/\/volcanes.net\/#organization","name":"Grupo Volcanes","url":"https:\/\/volcanes.net\/","logo":{"@type":"ImageObject","inLanguage":"es","@id":"https:\/\/volcanes.net\/#\/schema\/logo\/image\/","url":"http:\/\/volcanes.net\/wp-content\/uploads\/2017\/12\/Avatar2.jpg","contentUrl":"http:\/\/volcanes.net\/wp-content\/uploads\/2017\/12\/Avatar2.jpg","width":378,"height":378,"caption":"Grupo Volcanes"},"image":{"@id":"https:\/\/volcanes.net\/#\/schema\/logo\/image\/"},"sameAs":["https:\/\/www.facebook.com\/volcanes.net\/"]},{"@type":"Person","@id":"https:\/\/volcanes.net\/#\/schema\/person\/4bf0f383940966a4abd53f5048c0e6b9","name":"admin","image":{"@type":"ImageObject","inLanguage":"es","@id":"https:\/\/volcanes.net\/#\/schema\/person\/image\/","url":"https:\/\/secure.gravatar.com\/avatar\/ca004e6cba8462b8cb7abc86e382930c?s=96&d=mm&r=g","contentUrl":"https:\/\/secure.gravatar.com\/avatar\/ca004e6cba8462b8cb7abc86e382930c?s=96&d=mm&r=g","caption":"admin"}}]}},"_links":{"self":[{"href":"https:\/\/volcanes.net\/index.php?rest_route=\/wp\/v2\/posts\/4190"}],"collection":[{"href":"https:\/\/volcanes.net\/index.php?rest_route=\/wp\/v2\/posts"}],"about":[{"href":"https:\/\/volcanes.net\/index.php?rest_route=\/wp\/v2\/types\/post"}],"author":[{"embeddable":true,"href":"https:\/\/volcanes.net\/index.php?rest_route=\/wp\/v2\/users\/1"}],"replies":[{"embeddable":true,"href":"https:\/\/volcanes.net\/index.php?rest_route=%2Fwp%2Fv2%2Fcomments&post=4190"}],"version-history":[{"count":1,"href":"https:\/\/volcanes.net\/index.php?rest_route=\/wp\/v2\/posts\/4190\/revisions"}],"predecessor-version":[{"id":4191,"href":"https:\/\/volcanes.net\/index.php?rest_route=\/wp\/v2\/posts\/4190\/revisions\/4191"}],"wp:featuredmedia":[{"embeddable":true,"href":"https:\/\/volcanes.net\/index.php?rest_route=\/wp\/v2\/media\/4199"}],"wp:attachment":[{"href":"https:\/\/volcanes.net\/index.php?rest_route=%2Fwp%2Fv2%2Fmedia&parent=4190"}],"wp:term":[{"taxonomy":"category","embeddable":true,"href":"https:\/\/volcanes.net\/index.php?rest_route=%2Fwp%2Fv2%2Fcategories&post=4190"},{"taxonomy":"post_tag","embeddable":true,"href":"https:\/\/volcanes.net\/index.php?rest_route=%2Fwp%2Fv2%2Ftags&post=4190"}],"curies":[{"name":"wp","href":"https:\/\/api.w.org\/{rel}","templated":true}]}}