{"id":423,"date":"2018-01-12T14:44:15","date_gmt":"2018-01-12T14:44:15","guid":{"rendered":"http:\/\/volcanes.net\/?p=423"},"modified":"2018-01-12T14:44:15","modified_gmt":"2018-01-12T14:44:15","slug":"mexico-y-california-hemos-construido-una-amistad-indisoluble-para-acercar-mas-a-nuestras-sociedades-ernesto-cordero-arroyo","status":"publish","type":"post","link":"https:\/\/volcanes.net\/?p=423","title":{"rendered":"M\u00e9xico y California hemos construido una amistad indisoluble para acercar m\u00e1s a nuestras sociedades: Ernesto Cordero Arroyo"},"content":{"rendered":"<div style=\"margin-top: 0px; margin-bottom: 0px;\" class=\"sharethis-inline-share-buttons\" ><\/div><p class=\"m_-1721115743875452234m_-8591013761895981112gmail-m_1509958857865154491m_-6374604385550628530gmail-CABEZA\" align=\"left\"><span lang=\"es-419\">\u00a0<\/span><span lang=\"es-419\">\u00b7\u00a0\u00a0\u00a0\u00a0\u00a0\u00a0\u00a0\u00a0\u00a0<\/span><span lang=\"ES-TRAD\">Somos aliados en la defensa de la democracia liberal.<\/span><\/p>\n<p class=\"m_-1721115743875452234m_-8591013761895981112gmail-m_1509958857865154491m_-6374604385550628530gmail-SUMARIOS\"><span lang=\"ES-TRAD\">\u00b7\u00a0\u00a0\u00a0\u00a0\u00a0\u00a0\u00a0\u00a0\u00a0<\/span><span lang=\"ES\">Legisladores<\/span><span lang=\"ES-TRAD\">\u00a0y asamble\u00edstas intercambiaron puntos de vista sobre las relaciones hist\u00f3ricas entre estas regiones.<\/span><\/p>\n<p class=\"m_-1721115743875452234m_-8591013761895981112gmail-m_1509958857865154491m_-6374604385550628530gmail-CUERPO\"><span lang=\"ES-TRAD\">\u00a0<\/span><\/p>\n<p class=\"m_-1721115743875452234m_-8591013761895981112gmail-m_1509958857865154491m_-6374604385550628530gmail-CUERPO\"><span lang=\"ES-TRAD\">El presidente de la Mesa Directiva, Ernesto Cordero Arroyo, expres\u00f3 que M\u00e9xico ve en California, Estados Unidos, a un socio fundamental, a un aliado en la promoci\u00f3n y defensa de valores compartidos y a un amigo con el cual hemos construido una cultura com\u00fan capaz de acercar cada vez m\u00e1s a las sociedades estadounidense y mexicana.<\/span><\/p>\n<p class=\"m_-1721115743875452234m_-8591013761895981112gmail-m_1509958857865154491m_-6374604385550628530gmail-CUERPO\"><span lang=\"ES-TRAD\">\u00a0<\/span><\/p>\n<p class=\"m_-1721115743875452234m_-8591013761895981112gmail-m_1509958857865154491m_-6374604385550628530gmail-CUERPO\"><span lang=\"ES-TRAD\">Afirm\u00f3 que el Senado de la Rep\u00fablica saluda con entusiasmo y gratitud la determinaci\u00f3n de las autoridades de ese estado de la Uni\u00f3n Americana para hacer frente a la revocaci\u00f3n del Programa DACA, a trav\u00e9s de una inversi\u00f3n de 30 millones de d\u00f3lares en servicios legales y ayuda financiera, que beneficiar\u00e1 a m\u00e1s de 200 mil dreamers.<\/span><\/p>\n<p class=\"m_-1721115743875452234m_-8591013761895981112gmail-m_1509958857865154491m_-6374604385550628530gmail-CUERPO\"><span lang=\"ES-TRAD\">\u00a0<\/span><\/p>\n<p class=\"m_-1721115743875452234m_-8591013761895981112gmail-m_1509958857865154491m_-6374604385550628530gmail-CUERPO\"><span lang=\"ES-TRAD\">En un encuentro entre senadores mexicanos y asamble\u00edstas californianos, Cordero Arroyo sostuvo que \u201cla cercan\u00eda entre la sociedad californiana y mexicana es indisoluble y ninguna pol\u00edtica p\u00fablica evitar\u00e1 los flujos de bienes, servicios y personas que todos los d\u00edas, de manera legal y ordenada, se dan en lo que es la frontera m\u00e1s transitada del mundo\u201d.<\/span><\/p>\n<p class=\"m_-1721115743875452234m_-8591013761895981112gmail-m_1509958857865154491m_-6374604385550628530gmail-CUERPO\"><span lang=\"ES-TRAD\">\u00a0<\/span><\/p>\n<p class=\"m_-1721115743875452234m_-8591013761895981112gmail-m_1509958857865154491m_-6374604385550628530gmail-CUERPO\"><span lang=\"ES-TRAD\">Adem\u00e1s de valiosos socios comerciales, agreg\u00f3, M\u00e9xico y California somos aliados en la defensa de la democracia liberal y sus premisas: \u201cHist\u00f3ricamente, los mexicanos reconocemos el compromiso de Estados Unidos y de California, en particular, con la libertad y la igualdad de oportunidades para todas las personas, independientemente de su lugar de origen\u201d.<\/span><\/p>\n<p class=\"m_-1721115743875452234m_-8591013761895981112gmail-m_1509958857865154491m_-6374604385550628530gmail-CUERPO\"><span lang=\"ES-TRAD\">\u00a0<\/span><\/p>\n<p class=\"m_-1721115743875452234m_-8591013761895981112gmail-m_1509958857865154491m_-6374604385550628530gmail-CUERPO\"><span lang=\"ES-TRAD\">\u201cHoy en d\u00eda, cuando a nivel internacional hay un creciente eco de los discursos que pugnan por el proteccionismo y el nativismo, y que se traducen en agresividad en contra de las comunidades migrantes, el estado de California ha refrendado su convicci\u00f3n por sus valores hist\u00f3ricos\u201d, asent\u00f3.<\/span><\/p>\n<p class=\"m_-1721115743875452234m_-8591013761895981112gmail-m_1509958857865154491m_-6374604385550628530gmail-CUERPO\"><span lang=\"ES-TRAD\">\u00a0<\/span><\/p>\n<p class=\"m_-1721115743875452234m_-8591013761895981112gmail-m_1509958857865154491m_-6374604385550628530gmail-CUERPO\"><span lang=\"ES-TRAD\">Hace unos meses, asent\u00f3, se promulg\u00f3 la Ley conocida como Acta de Valores de California, conocida tambi\u00e9n como \u201cLey del Estado Santuario, una medida valiente que no s\u00f3lo combate la discriminaci\u00f3n de pol\u00edticas p\u00fablicas orientadas a estigmatizar a los migrantes por esa condici\u00f3n, sino que tambi\u00e9n se trata de un reconocimiento claro de que deben de gozar de sus derechos fundamentales, como cualquier persona\u201d.<\/span><\/p>\n<p class=\"m_-1721115743875452234m_-8591013761895981112gmail-m_1509958857865154491m_-6374604385550628530gmail-CUERPO\"><span lang=\"ES-TRAD\">\u00a0<\/span><\/p>\n<p class=\"m_-1721115743875452234m_-8591013761895981112gmail-m_1509958857865154491m_-6374604385550628530gmail-CUERPO\"><span lang=\"ES-TRAD\">El presidente de la Mesa Directiva refiri\u00f3 que M\u00e9xico es el segundo socio comercial de California a nivel mundial, \u201csomos el destino del 15 por ciento del total de las exportaciones californianas, los que nos convierte en el primer mercado de exportaci\u00f3n para el estado y el emisor del 11 por ciento sus importaciones.<\/span><\/p>\n<p class=\"m_-1721115743875452234m_-8591013761895981112gmail-m_1509958857865154491m_-6374604385550628530gmail-CUERPO\"><span lang=\"ES-TRAD\">\u00a0<\/span><\/p>\n<p class=\"m_-1721115743875452234m_-8591013761895981112gmail-m_1509958857865154491m_-6374604385550628530gmail-CUERPO\"><span lang=\"ES-TRAD\">En 2016, dijo, el comercio total entre M\u00e9xico y California ascendi\u00f3 a m\u00e1s de 70 mil millones de d\u00f3lares, lo que representa aproximadamente el 15 por ciento del comercio bilateral total entre M\u00e9xico y Estados Unidos y se estima que m\u00e1s de medio mill\u00f3n de empleos en California son generados por el comercio con M\u00e9xico.<\/span><\/p>\n<p class=\"m_-1721115743875452234m_-8591013761895981112gmail-m_1509958857865154491m_-6374604385550628530gmail-CUERPO\"><span lang=\"ES-TRAD\">\u00a0<\/span><\/p>\n<p class=\"m_-1721115743875452234m_-8591013761895981112gmail-m_1509958857865154491m_-6374604385550628530gmail-CUERPO\"><span lang=\"ES-TRAD\">La senadora Marcela Guerra Castillo, presidenta de la Comisi\u00f3n de Relaciones Exteriores Am\u00e9rica del Norte, se\u00f1al\u00f3 que M\u00e9xico y el estado de California comparten una historia a\u00f1eja con retos mutuos, siempre en busca del bienestar de sus ciudadanos.<\/span><\/p>\n<p class=\"m_-1721115743875452234m_-8591013761895981112gmail-m_1509958857865154491m_-6374604385550628530gmail-CUERPO\"><span lang=\"ES-TRAD\">\u00a0<\/span><\/p>\n<p class=\"m_-1721115743875452234m_-8591013761895981112gmail-m_1509958857865154491m_-6374604385550628530gmail-CUERPO\"><span lang=\"ES-TRAD\">\u201cCompartimos una frontera que pretendemos siga siendo del siglo XXI, tecnificada, que favorezca el flujo de personas confiables, de mercanc\u00edas para profundizar el comercio\u201d, indic\u00f3.<\/span><\/p>\n<p class=\"m_-1721115743875452234m_-8591013761895981112gmail-m_1509958857865154491m_-6374604385550628530gmail-CUERPO\"><span lang=\"ES-TRAD\">\u00a0<\/span><\/p>\n<p class=\"m_-1721115743875452234m_-8591013761895981112gmail-m_1509958857865154491m_-6374604385550628530gmail-CUERPO\"><span lang=\"ES-TRAD\">A\u00f1adi\u00f3 que California es un referente en materia de derechos, por lo cual M\u00e9xico y ese estado deben buscar la no criminalizaci\u00f3n de los migrantes, \u201cbusquemos que sean tratados con dignidad y, por supuesto, respetando las leyes de cada pa\u00eds, pero no criminaliz\u00e1ndolos\u201d.<\/span><\/p>\n<p class=\"m_-1721115743875452234m_-8591013761895981112gmail-m_1509958857865154491m_-6374604385550628530gmail-CUERPO\"><span lang=\"ES-TRAD\">\u00a0<\/span><\/p>\n<p class=\"m_-1721115743875452234m_-8591013761895981112gmail-m_1509958857865154491m_-6374604385550628530gmail-CUERPO\"><span lang=\"ES-TRAD\">La senadora Guerra Castillo dijo que California es un estado vanguardista a nivel mundial en materia de cambio clim\u00e1tico, energ\u00edas renovables y medio ambiente, y estos temas son, desde luego, de inter\u00e9s para M\u00e9xico.<\/span><\/p>\n<p class=\"m_-1721115743875452234m_-8591013761895981112gmail-m_1509958857865154491m_-6374604385550628530gmail-CUERPO\"><span lang=\"ES-TRAD\">\u00a0<\/span><\/p>\n<p class=\"m_-1721115743875452234m_-8591013761895981112gmail-m_1509958857865154491m_-6374604385550628530gmail-CUERPO\"><span lang=\"ES-TRAD\">Anthony Rendon, Presidente de la Asamblea estatal de California, critic\u00f3 la forma en que desde Washington D.C. emana el di\u00e1logo bilateral con M\u00e9xico. \u201cEsto es inconsistente como lo vemos nosotros los californianos. Somos un estado muy diverso, de personas de todo el mundo. Los californianos son realmente fundamentales para nuestra econom\u00eda, nuestra cultura y para la sociedad\u201d.<\/span><\/p>\n<p class=\"m_-1721115743875452234m_-8591013761895981112gmail-m_1509958857865154491m_-6374604385550628530gmail-CUERPO\"><span lang=\"ES-TRAD\">\u00a0<\/span><\/p>\n<p class=\"m_-1721115743875452234m_-8591013761895981112gmail-m_1509958857865154491m_-6374604385550628530gmail-CUERPO\"><span lang=\"ES-TRAD\">Insisti\u00f3 en que ese di\u00e1logo \u201ces diferente de la relaci\u00f3n que nosotros como californianos deseamos tener con M\u00e9xico. El di\u00e1logo que nosotros escuchamos desde Washington D.C., con respecto al resto del mundo, pareciera que Estados Unidos estar\u00eda divorci\u00e1ndose de los asuntos internacionales en t\u00e9rminos generales\u201d.<\/span><\/p>\n<p class=\"m_-1721115743875452234m_-8591013761895981112gmail-m_1509958857865154491m_-6374604385550628530gmail-CUERPO\"><span lang=\"ES-TRAD\">\u00a0<\/span><\/p>\n<p class=\"m_-1721115743875452234m_-8591013761895981112gmail-m_1509958857865154491m_-6374604385550628530gmail-CUERPO\"><span lang=\"ES-TRAD\">Durante el di\u00e1logo parlamentario, senadores mexicanos y asamble\u00edstas intercambiaron puntos de vista sobre las relaciones hist\u00f3ricas entre estas regiones, el compromiso de ambas partes por tender puentes y no muros, y que en caso de que el TLCAN termine, que M\u00e9xico y California incremente sus flujos comerciales.<\/span><\/p>\n<p class=\"m_-1721115743875452234m_-8591013761895981112gmail-m_1509958857865154491m_-6374604385550628530gmail-CUERPO\"><span lang=\"ES-TRAD\">\u00a0<\/span><\/p>\n<p class=\"m_-1721115743875452234m_-8591013761895981112gmail-m_1509958857865154491m_-6374604385550628530gmail-CUERPO\"><span lang=\"ES-TRAD\">Tambi\u00e9n participaron los senadores Manuel Cavazos Lerma, Ernesto G\u00e1ndara Camou, Ricardo Urz\u00faa Rivera, del PRI; e Isidro Pedraza Ch\u00e1vez, del PRD.<\/span><\/p>\n","protected":false},"excerpt":{"rendered":"<p>\u00a0\u00b7\u00a0\u00a0\u00a0\u00a0\u00a0\u00a0\u00a0\u00a0\u00a0Somos aliados en la defensa de la democracia liberal. \u00b7\u00a0\u00a0\u00a0\u00a0\u00a0\u00a0\u00a0\u00a0\u00a0Legisladores\u00a0y asamble\u00edstas intercambiaron puntos de vista<\/p>\n","protected":false},"author":1,"featured_media":424,"comment_status":"open","ping_status":"open","sticky":false,"template":"","format":"standard","meta":{"footnotes":""},"categories":[1],"tags":[72],"class_list":["post-423","post","type-post","status-publish","format-standard","has-post-thumbnail","hentry","category-municipales","tag-senado-de-la-republica"],"yoast_head":"<!-- This site is optimized with the Yoast SEO plugin v25.3 - https:\/\/yoast.com\/wordpress\/plugins\/seo\/ -->\n<title>M\u00e9xico y California hemos construido una amistad indisoluble para acercar m\u00e1s a nuestras sociedades: Ernesto Cordero Arroyo - Volcanes<\/title>\n<meta name=\"robots\" content=\"index, follow, max-snippet:-1, max-image-preview:large, max-video-preview:-1\" \/>\n<link rel=\"canonical\" href=\"https:\/\/volcanes.net\/?p=423\" \/>\n<meta property=\"og:locale\" content=\"es_MX\" \/>\n<meta property=\"og:type\" content=\"article\" \/>\n<meta property=\"og:title\" content=\"M\u00e9xico y California hemos construido una amistad indisoluble para acercar m\u00e1s a nuestras sociedades: Ernesto Cordero Arroyo - Volcanes\" \/>\n<meta property=\"og:description\" content=\"\u00a0\u00b7\u00a0\u00a0\u00a0\u00a0\u00a0\u00a0\u00a0\u00a0\u00a0Somos aliados en la defensa de la democracia liberal. \u00b7\u00a0\u00a0\u00a0\u00a0\u00a0\u00a0\u00a0\u00a0\u00a0Legisladores\u00a0y asamble\u00edstas intercambiaron puntos de vista\" \/>\n<meta property=\"og:url\" content=\"https:\/\/volcanes.net\/?p=423\" \/>\n<meta property=\"og:site_name\" content=\"Volcanes\" \/>\n<meta property=\"article:publisher\" content=\"https:\/\/www.facebook.com\/volcanes.net\/\" \/>\n<meta property=\"article:published_time\" content=\"2018-01-12T14:44:15+00:00\" \/>\n<meta property=\"og:image\" content=\"https:\/\/volcanes.net\/wp-content\/uploads\/2018\/01\/110118-Asambleistas-Californianos-6.jpg\" \/>\n\t<meta property=\"og:image:width\" content=\"448\" \/>\n\t<meta property=\"og:image:height\" content=\"247\" \/>\n\t<meta property=\"og:image:type\" content=\"image\/jpeg\" \/>\n<meta name=\"author\" content=\"admin\" \/>\n<meta name=\"twitter:card\" content=\"summary_large_image\" \/>\n<meta name=\"twitter:label1\" content=\"Escrito por\" \/>\n\t<meta name=\"twitter:data1\" content=\"admin\" \/>\n\t<meta name=\"twitter:label2\" content=\"Tiempo de lectura\" \/>\n\t<meta name=\"twitter:data2\" content=\"4 minutos\" \/>\n<script type=\"application\/ld+json\" class=\"yoast-schema-graph\">{\"@context\":\"https:\/\/schema.org\",\"@graph\":[{\"@type\":\"Article\",\"@id\":\"https:\/\/volcanes.net\/?p=423#article\",\"isPartOf\":{\"@id\":\"https:\/\/volcanes.net\/?p=423\"},\"author\":{\"name\":\"admin\",\"@id\":\"https:\/\/volcanes.net\/#\/schema\/person\/4bf0f383940966a4abd53f5048c0e6b9\"},\"headline\":\"M\u00e9xico y California hemos construido una amistad indisoluble para acercar m\u00e1s a nuestras sociedades: Ernesto Cordero Arroyo\",\"datePublished\":\"2018-01-12T14:44:15+00:00\",\"mainEntityOfPage\":{\"@id\":\"https:\/\/volcanes.net\/?p=423\"},\"wordCount\":864,\"commentCount\":0,\"publisher\":{\"@id\":\"https:\/\/volcanes.net\/#organization\"},\"image\":{\"@id\":\"https:\/\/volcanes.net\/?p=423#primaryimage\"},\"thumbnailUrl\":\"https:\/\/volcanes.net\/wp-content\/uploads\/2018\/01\/110118-Asambleistas-Californianos-6.jpg\",\"keywords\":[\"Senado de la Rep\u00fablica\"],\"articleSection\":[\"Municipales\"],\"inLanguage\":\"es\",\"potentialAction\":[{\"@type\":\"CommentAction\",\"name\":\"Comment\",\"target\":[\"https:\/\/volcanes.net\/?p=423#respond\"]}]},{\"@type\":\"WebPage\",\"@id\":\"https:\/\/volcanes.net\/?p=423\",\"url\":\"https:\/\/volcanes.net\/?p=423\",\"name\":\"M\u00e9xico y California hemos construido una amistad indisoluble para acercar m\u00e1s a nuestras sociedades: Ernesto Cordero Arroyo - Volcanes\",\"isPartOf\":{\"@id\":\"https:\/\/volcanes.net\/#website\"},\"primaryImageOfPage\":{\"@id\":\"https:\/\/volcanes.net\/?p=423#primaryimage\"},\"image\":{\"@id\":\"https:\/\/volcanes.net\/?p=423#primaryimage\"},\"thumbnailUrl\":\"https:\/\/volcanes.net\/wp-content\/uploads\/2018\/01\/110118-Asambleistas-Californianos-6.jpg\",\"datePublished\":\"2018-01-12T14:44:15+00:00\",\"breadcrumb\":{\"@id\":\"https:\/\/volcanes.net\/?p=423#breadcrumb\"},\"inLanguage\":\"es\",\"potentialAction\":[{\"@type\":\"ReadAction\",\"target\":[\"https:\/\/volcanes.net\/?p=423\"]}]},{\"@type\":\"ImageObject\",\"inLanguage\":\"es\",\"@id\":\"https:\/\/volcanes.net\/?p=423#primaryimage\",\"url\":\"https:\/\/volcanes.net\/wp-content\/uploads\/2018\/01\/110118-Asambleistas-Californianos-6.jpg\",\"contentUrl\":\"https:\/\/volcanes.net\/wp-content\/uploads\/2018\/01\/110118-Asambleistas-Californianos-6.jpg\",\"width\":448,\"height\":247},{\"@type\":\"BreadcrumbList\",\"@id\":\"https:\/\/volcanes.net\/?p=423#breadcrumb\",\"itemListElement\":[{\"@type\":\"ListItem\",\"position\":1,\"name\":\"Portada\",\"item\":\"https:\/\/volcanes.net\/\"},{\"@type\":\"ListItem\",\"position\":2,\"name\":\"M\u00e9xico y California hemos construido una amistad indisoluble para acercar m\u00e1s a nuestras sociedades: Ernesto Cordero Arroyo\"}]},{\"@type\":\"WebSite\",\"@id\":\"https:\/\/volcanes.net\/#website\",\"url\":\"https:\/\/volcanes.net\/\",\"name\":\"Volcanes.Net\",\"description\":\"Periodismo Profesional\",\"publisher\":{\"@id\":\"https:\/\/volcanes.net\/#organization\"},\"potentialAction\":[{\"@type\":\"SearchAction\",\"target\":{\"@type\":\"EntryPoint\",\"urlTemplate\":\"https:\/\/volcanes.net\/?s={search_term_string}\"},\"query-input\":{\"@type\":\"PropertyValueSpecification\",\"valueRequired\":true,\"valueName\":\"search_term_string\"}}],\"inLanguage\":\"es\"},{\"@type\":\"Organization\",\"@id\":\"https:\/\/volcanes.net\/#organization\",\"name\":\"Grupo Volcanes\",\"url\":\"https:\/\/volcanes.net\/\",\"logo\":{\"@type\":\"ImageObject\",\"inLanguage\":\"es\",\"@id\":\"https:\/\/volcanes.net\/#\/schema\/logo\/image\/\",\"url\":\"http:\/\/volcanes.net\/wp-content\/uploads\/2017\/12\/Avatar2.jpg\",\"contentUrl\":\"http:\/\/volcanes.net\/wp-content\/uploads\/2017\/12\/Avatar2.jpg\",\"width\":378,\"height\":378,\"caption\":\"Grupo Volcanes\"},\"image\":{\"@id\":\"https:\/\/volcanes.net\/#\/schema\/logo\/image\/\"},\"sameAs\":[\"https:\/\/www.facebook.com\/volcanes.net\/\"]},{\"@type\":\"Person\",\"@id\":\"https:\/\/volcanes.net\/#\/schema\/person\/4bf0f383940966a4abd53f5048c0e6b9\",\"name\":\"admin\",\"image\":{\"@type\":\"ImageObject\",\"inLanguage\":\"es\",\"@id\":\"https:\/\/volcanes.net\/#\/schema\/person\/image\/\",\"url\":\"https:\/\/secure.gravatar.com\/avatar\/ca004e6cba8462b8cb7abc86e382930c?s=96&d=mm&r=g\",\"contentUrl\":\"https:\/\/secure.gravatar.com\/avatar\/ca004e6cba8462b8cb7abc86e382930c?s=96&d=mm&r=g\",\"caption\":\"admin\"}}]}<\/script>\n<!-- \/ Yoast SEO plugin. -->","yoast_head_json":{"title":"M\u00e9xico y California hemos construido una amistad indisoluble para acercar m\u00e1s a nuestras sociedades: Ernesto Cordero Arroyo - Volcanes","robots":{"index":"index","follow":"follow","max-snippet":"max-snippet:-1","max-image-preview":"max-image-preview:large","max-video-preview":"max-video-preview:-1"},"canonical":"https:\/\/volcanes.net\/?p=423","og_locale":"es_MX","og_type":"article","og_title":"M\u00e9xico y California hemos construido una amistad indisoluble para acercar m\u00e1s a nuestras sociedades: Ernesto Cordero Arroyo - Volcanes","og_description":"\u00a0\u00b7\u00a0\u00a0\u00a0\u00a0\u00a0\u00a0\u00a0\u00a0\u00a0Somos aliados en la defensa de la democracia liberal. \u00b7\u00a0\u00a0\u00a0\u00a0\u00a0\u00a0\u00a0\u00a0\u00a0Legisladores\u00a0y asamble\u00edstas intercambiaron puntos de vista","og_url":"https:\/\/volcanes.net\/?p=423","og_site_name":"Volcanes","article_publisher":"https:\/\/www.facebook.com\/volcanes.net\/","article_published_time":"2018-01-12T14:44:15+00:00","og_image":[{"width":448,"height":247,"url":"https:\/\/volcanes.net\/wp-content\/uploads\/2018\/01\/110118-Asambleistas-Californianos-6.jpg","type":"image\/jpeg"}],"author":"admin","twitter_card":"summary_large_image","twitter_misc":{"Escrito por":"admin","Tiempo de lectura":"4 minutos"},"schema":{"@context":"https:\/\/schema.org","@graph":[{"@type":"Article","@id":"https:\/\/volcanes.net\/?p=423#article","isPartOf":{"@id":"https:\/\/volcanes.net\/?p=423"},"author":{"name":"admin","@id":"https:\/\/volcanes.net\/#\/schema\/person\/4bf0f383940966a4abd53f5048c0e6b9"},"headline":"M\u00e9xico y California hemos construido una amistad indisoluble para acercar m\u00e1s a nuestras sociedades: Ernesto Cordero Arroyo","datePublished":"2018-01-12T14:44:15+00:00","mainEntityOfPage":{"@id":"https:\/\/volcanes.net\/?p=423"},"wordCount":864,"commentCount":0,"publisher":{"@id":"https:\/\/volcanes.net\/#organization"},"image":{"@id":"https:\/\/volcanes.net\/?p=423#primaryimage"},"thumbnailUrl":"https:\/\/volcanes.net\/wp-content\/uploads\/2018\/01\/110118-Asambleistas-Californianos-6.jpg","keywords":["Senado de la Rep\u00fablica"],"articleSection":["Municipales"],"inLanguage":"es","potentialAction":[{"@type":"CommentAction","name":"Comment","target":["https:\/\/volcanes.net\/?p=423#respond"]}]},{"@type":"WebPage","@id":"https:\/\/volcanes.net\/?p=423","url":"https:\/\/volcanes.net\/?p=423","name":"M\u00e9xico y California hemos construido una amistad indisoluble para acercar m\u00e1s a nuestras sociedades: Ernesto Cordero Arroyo - Volcanes","isPartOf":{"@id":"https:\/\/volcanes.net\/#website"},"primaryImageOfPage":{"@id":"https:\/\/volcanes.net\/?p=423#primaryimage"},"image":{"@id":"https:\/\/volcanes.net\/?p=423#primaryimage"},"thumbnailUrl":"https:\/\/volcanes.net\/wp-content\/uploads\/2018\/01\/110118-Asambleistas-Californianos-6.jpg","datePublished":"2018-01-12T14:44:15+00:00","breadcrumb":{"@id":"https:\/\/volcanes.net\/?p=423#breadcrumb"},"inLanguage":"es","potentialAction":[{"@type":"ReadAction","target":["https:\/\/volcanes.net\/?p=423"]}]},{"@type":"ImageObject","inLanguage":"es","@id":"https:\/\/volcanes.net\/?p=423#primaryimage","url":"https:\/\/volcanes.net\/wp-content\/uploads\/2018\/01\/110118-Asambleistas-Californianos-6.jpg","contentUrl":"https:\/\/volcanes.net\/wp-content\/uploads\/2018\/01\/110118-Asambleistas-Californianos-6.jpg","width":448,"height":247},{"@type":"BreadcrumbList","@id":"https:\/\/volcanes.net\/?p=423#breadcrumb","itemListElement":[{"@type":"ListItem","position":1,"name":"Portada","item":"https:\/\/volcanes.net\/"},{"@type":"ListItem","position":2,"name":"M\u00e9xico y California hemos construido una amistad indisoluble para acercar m\u00e1s a nuestras sociedades: Ernesto Cordero Arroyo"}]},{"@type":"WebSite","@id":"https:\/\/volcanes.net\/#website","url":"https:\/\/volcanes.net\/","name":"Volcanes.Net","description":"Periodismo Profesional","publisher":{"@id":"https:\/\/volcanes.net\/#organization"},"potentialAction":[{"@type":"SearchAction","target":{"@type":"EntryPoint","urlTemplate":"https:\/\/volcanes.net\/?s={search_term_string}"},"query-input":{"@type":"PropertyValueSpecification","valueRequired":true,"valueName":"search_term_string"}}],"inLanguage":"es"},{"@type":"Organization","@id":"https:\/\/volcanes.net\/#organization","name":"Grupo Volcanes","url":"https:\/\/volcanes.net\/","logo":{"@type":"ImageObject","inLanguage":"es","@id":"https:\/\/volcanes.net\/#\/schema\/logo\/image\/","url":"http:\/\/volcanes.net\/wp-content\/uploads\/2017\/12\/Avatar2.jpg","contentUrl":"http:\/\/volcanes.net\/wp-content\/uploads\/2017\/12\/Avatar2.jpg","width":378,"height":378,"caption":"Grupo Volcanes"},"image":{"@id":"https:\/\/volcanes.net\/#\/schema\/logo\/image\/"},"sameAs":["https:\/\/www.facebook.com\/volcanes.net\/"]},{"@type":"Person","@id":"https:\/\/volcanes.net\/#\/schema\/person\/4bf0f383940966a4abd53f5048c0e6b9","name":"admin","image":{"@type":"ImageObject","inLanguage":"es","@id":"https:\/\/volcanes.net\/#\/schema\/person\/image\/","url":"https:\/\/secure.gravatar.com\/avatar\/ca004e6cba8462b8cb7abc86e382930c?s=96&d=mm&r=g","contentUrl":"https:\/\/secure.gravatar.com\/avatar\/ca004e6cba8462b8cb7abc86e382930c?s=96&d=mm&r=g","caption":"admin"}}]}},"_links":{"self":[{"href":"https:\/\/volcanes.net\/index.php?rest_route=\/wp\/v2\/posts\/423"}],"collection":[{"href":"https:\/\/volcanes.net\/index.php?rest_route=\/wp\/v2\/posts"}],"about":[{"href":"https:\/\/volcanes.net\/index.php?rest_route=\/wp\/v2\/types\/post"}],"author":[{"embeddable":true,"href":"https:\/\/volcanes.net\/index.php?rest_route=\/wp\/v2\/users\/1"}],"replies":[{"embeddable":true,"href":"https:\/\/volcanes.net\/index.php?rest_route=%2Fwp%2Fv2%2Fcomments&post=423"}],"version-history":[{"count":1,"href":"https:\/\/volcanes.net\/index.php?rest_route=\/wp\/v2\/posts\/423\/revisions"}],"predecessor-version":[{"id":425,"href":"https:\/\/volcanes.net\/index.php?rest_route=\/wp\/v2\/posts\/423\/revisions\/425"}],"wp:featuredmedia":[{"embeddable":true,"href":"https:\/\/volcanes.net\/index.php?rest_route=\/wp\/v2\/media\/424"}],"wp:attachment":[{"href":"https:\/\/volcanes.net\/index.php?rest_route=%2Fwp%2Fv2%2Fmedia&parent=423"}],"wp:term":[{"taxonomy":"category","embeddable":true,"href":"https:\/\/volcanes.net\/index.php?rest_route=%2Fwp%2Fv2%2Fcategories&post=423"},{"taxonomy":"post_tag","embeddable":true,"href":"https:\/\/volcanes.net\/index.php?rest_route=%2Fwp%2Fv2%2Ftags&post=423"}],"curies":[{"name":"wp","href":"https:\/\/api.w.org\/{rel}","templated":true}]}}