{"id":4275,"date":"2019-04-02T19:03:16","date_gmt":"2019-04-03T01:03:16","guid":{"rendered":"http:\/\/volcanes.net\/?p=4275"},"modified":"2019-04-02T19:18:15","modified_gmt":"2019-04-03T01:18:15","slug":"vecinos-de-atlautla-sufren-escases-de-agua-por-deuda-historica-con-la-comision-de-agua-del-estado-de-mexico","status":"publish","type":"post","link":"https:\/\/volcanes.net\/?p=4275","title":{"rendered":"Vecinos de Atlautla sufren escasez de agua por deuda hist\u00f3rica con la CAEM"},"content":{"rendered":"<div style=\"margin-top: 0px; margin-bottom: 0px;\" class=\"sharethis-inline-share-buttons\" ><\/div><p>Atlautla, M\u00e9x, 02 de abril de 2019.- Habitantes del municipio de Atlautla sufren escases de agua potable, debido a que la Comisi\u00f3n del Agua del Estado de M\u00e9xico (CAEM) ha reducido el caudal, por una deuda hist\u00f3rica que asciende a 240 millones de pesos, inform\u00f3 el presidente municipal Hermenegildo Lozada Amaro, quien anunci\u00f3 que es una deuda impagable, por el presupuesto asignado al municipio.<br \/>\nEn entrevista realizada, el edil sostuvo que por el adeudo ante la CAEM \u201cse nos ha estado reduciendo un poquito (el caudal) por el adeudo que tenemos\u201d; sin embargo, el municipio cuenta tambi\u00e9n con abastecimiento de agua potable a trav\u00e9s del deshielo del volc\u00e1n, por lo que se distribuye el vital l\u00edquido entre la poblaci\u00f3n, aunque es insuficiente.<br \/>\nManifest\u00f3 que en la cabecera municipal de Atlautla existen alrededor de 16 cajas que distribuyen el agua que procede del deshielo del volc\u00e1n y el d\u00eda de ayer acudieron a la presidencia municipal vecinos que representan a los comit\u00e9s conformados en dichas cajas para solicitar recursos econ\u00f3micos para rehabilitar dicha red de agua.<br \/>\nNo obstante, indic\u00f3 que para el ayuntamiento es \u201cun poco complicado poder atender esa demanda\u201d, por lo que gestionan recursos para solucionar esta demanda.<br \/>\nRaz\u00f3n por la que anunci\u00f3 que acudir\u00e1n a la C\u00e1mara de Diputados para informar sobre esta deuda hist\u00f3rica contra\u00edda con la CAEM y solicitar ayuda ante la carencia de agua en el municipio.<br \/>\nMientras tanto, el alcalde asegur\u00f3 que el gobierno municipal abastece a trav\u00e9s de pipas de agua a las escuelas y centros de salud de Atlautla.<\/p>\n","protected":false},"excerpt":{"rendered":"<p>Atlautla, M\u00e9x, 02 de abril de 2019.- Habitantes del municipio de Atlautla sufren escases de<\/p>\n","protected":false},"author":1,"featured_media":4276,"comment_status":"open","ping_status":"open","sticky":false,"template":"","format":"standard","meta":{"footnotes":""},"categories":[1],"tags":[80],"class_list":["post-4275","post","type-post","status-publish","format-standard","has-post-thumbnail","hentry","category-municipales","tag-atlautla"],"yoast_head":"<!-- This site is optimized with the Yoast SEO plugin v25.3 - https:\/\/yoast.com\/wordpress\/plugins\/seo\/ -->\n<title>Vecinos de Atlautla sufren escasez de agua por deuda hist\u00f3rica con la CAEM - Volcanes<\/title>\n<meta name=\"robots\" content=\"index, follow, max-snippet:-1, max-image-preview:large, max-video-preview:-1\" \/>\n<link rel=\"canonical\" href=\"https:\/\/volcanes.net\/?p=4275\" \/>\n<meta property=\"og:locale\" content=\"es_MX\" \/>\n<meta property=\"og:type\" content=\"article\" \/>\n<meta property=\"og:title\" content=\"Vecinos de Atlautla sufren escasez de agua por deuda hist\u00f3rica con la CAEM - Volcanes\" \/>\n<meta property=\"og:description\" content=\"Atlautla, M\u00e9x, 02 de abril de 2019.- Habitantes del municipio de Atlautla sufren escases de\" \/>\n<meta property=\"og:url\" content=\"https:\/\/volcanes.net\/?p=4275\" \/>\n<meta property=\"og:site_name\" content=\"Volcanes\" \/>\n<meta property=\"article:publisher\" content=\"https:\/\/www.facebook.com\/volcanes.net\/\" \/>\n<meta property=\"article:published_time\" content=\"2019-04-03T01:03:16+00:00\" \/>\n<meta property=\"article:modified_time\" content=\"2019-04-03T01:18:15+00:00\" \/>\n<meta property=\"og:image\" content=\"https:\/\/volcanes.net\/wp-content\/uploads\/2019\/04\/WhatsApp-Image-2019-04-02-at-6.20.19-PM.jpeg\" \/>\n\t<meta property=\"og:image:width\" content=\"1280\" \/>\n\t<meta property=\"og:image:height\" content=\"720\" \/>\n\t<meta property=\"og:image:type\" content=\"image\/jpeg\" \/>\n<meta name=\"author\" content=\"admin\" \/>\n<meta name=\"twitter:card\" content=\"summary_large_image\" \/>\n<meta name=\"twitter:label1\" content=\"Escrito por\" \/>\n\t<meta name=\"twitter:data1\" content=\"admin\" \/>\n\t<meta name=\"twitter:label2\" content=\"Tiempo de lectura\" \/>\n\t<meta name=\"twitter:data2\" content=\"1 minuto\" \/>\n<script type=\"application\/ld+json\" class=\"yoast-schema-graph\">{\"@context\":\"https:\/\/schema.org\",\"@graph\":[{\"@type\":\"Article\",\"@id\":\"https:\/\/volcanes.net\/?p=4275#article\",\"isPartOf\":{\"@id\":\"https:\/\/volcanes.net\/?p=4275\"},\"author\":{\"name\":\"admin\",\"@id\":\"https:\/\/volcanes.net\/#\/schema\/person\/4bf0f383940966a4abd53f5048c0e6b9\"},\"headline\":\"Vecinos de Atlautla sufren escasez de agua por deuda hist\u00f3rica con la CAEM\",\"datePublished\":\"2019-04-03T01:03:16+00:00\",\"dateModified\":\"2019-04-03T01:18:15+00:00\",\"mainEntityOfPage\":{\"@id\":\"https:\/\/volcanes.net\/?p=4275\"},\"wordCount\":287,\"commentCount\":0,\"publisher\":{\"@id\":\"https:\/\/volcanes.net\/#organization\"},\"image\":{\"@id\":\"https:\/\/volcanes.net\/?p=4275#primaryimage\"},\"thumbnailUrl\":\"https:\/\/volcanes.net\/wp-content\/uploads\/2019\/04\/WhatsApp-Image-2019-04-02-at-6.20.19-PM.jpeg\",\"keywords\":[\"Atlautla\"],\"articleSection\":[\"Municipales\"],\"inLanguage\":\"es\",\"potentialAction\":[{\"@type\":\"CommentAction\",\"name\":\"Comment\",\"target\":[\"https:\/\/volcanes.net\/?p=4275#respond\"]}]},{\"@type\":\"WebPage\",\"@id\":\"https:\/\/volcanes.net\/?p=4275\",\"url\":\"https:\/\/volcanes.net\/?p=4275\",\"name\":\"Vecinos de Atlautla sufren escasez de agua por deuda hist\u00f3rica con la CAEM - Volcanes\",\"isPartOf\":{\"@id\":\"https:\/\/volcanes.net\/#website\"},\"primaryImageOfPage\":{\"@id\":\"https:\/\/volcanes.net\/?p=4275#primaryimage\"},\"image\":{\"@id\":\"https:\/\/volcanes.net\/?p=4275#primaryimage\"},\"thumbnailUrl\":\"https:\/\/volcanes.net\/wp-content\/uploads\/2019\/04\/WhatsApp-Image-2019-04-02-at-6.20.19-PM.jpeg\",\"datePublished\":\"2019-04-03T01:03:16+00:00\",\"dateModified\":\"2019-04-03T01:18:15+00:00\",\"breadcrumb\":{\"@id\":\"https:\/\/volcanes.net\/?p=4275#breadcrumb\"},\"inLanguage\":\"es\",\"potentialAction\":[{\"@type\":\"ReadAction\",\"target\":[\"https:\/\/volcanes.net\/?p=4275\"]}]},{\"@type\":\"ImageObject\",\"inLanguage\":\"es\",\"@id\":\"https:\/\/volcanes.net\/?p=4275#primaryimage\",\"url\":\"https:\/\/volcanes.net\/wp-content\/uploads\/2019\/04\/WhatsApp-Image-2019-04-02-at-6.20.19-PM.jpeg\",\"contentUrl\":\"https:\/\/volcanes.net\/wp-content\/uploads\/2019\/04\/WhatsApp-Image-2019-04-02-at-6.20.19-PM.jpeg\",\"width\":1280,\"height\":720},{\"@type\":\"BreadcrumbList\",\"@id\":\"https:\/\/volcanes.net\/?p=4275#breadcrumb\",\"itemListElement\":[{\"@type\":\"ListItem\",\"position\":1,\"name\":\"Portada\",\"item\":\"https:\/\/volcanes.net\/\"},{\"@type\":\"ListItem\",\"position\":2,\"name\":\"Vecinos de Atlautla sufren escasez de agua por deuda hist\u00f3rica con la CAEM\"}]},{\"@type\":\"WebSite\",\"@id\":\"https:\/\/volcanes.net\/#website\",\"url\":\"https:\/\/volcanes.net\/\",\"name\":\"Volcanes.Net\",\"description\":\"Periodismo Profesional\",\"publisher\":{\"@id\":\"https:\/\/volcanes.net\/#organization\"},\"potentialAction\":[{\"@type\":\"SearchAction\",\"target\":{\"@type\":\"EntryPoint\",\"urlTemplate\":\"https:\/\/volcanes.net\/?s={search_term_string}\"},\"query-input\":{\"@type\":\"PropertyValueSpecification\",\"valueRequired\":true,\"valueName\":\"search_term_string\"}}],\"inLanguage\":\"es\"},{\"@type\":\"Organization\",\"@id\":\"https:\/\/volcanes.net\/#organization\",\"name\":\"Grupo Volcanes\",\"url\":\"https:\/\/volcanes.net\/\",\"logo\":{\"@type\":\"ImageObject\",\"inLanguage\":\"es\",\"@id\":\"https:\/\/volcanes.net\/#\/schema\/logo\/image\/\",\"url\":\"http:\/\/volcanes.net\/wp-content\/uploads\/2017\/12\/Avatar2.jpg\",\"contentUrl\":\"http:\/\/volcanes.net\/wp-content\/uploads\/2017\/12\/Avatar2.jpg\",\"width\":378,\"height\":378,\"caption\":\"Grupo Volcanes\"},\"image\":{\"@id\":\"https:\/\/volcanes.net\/#\/schema\/logo\/image\/\"},\"sameAs\":[\"https:\/\/www.facebook.com\/volcanes.net\/\"]},{\"@type\":\"Person\",\"@id\":\"https:\/\/volcanes.net\/#\/schema\/person\/4bf0f383940966a4abd53f5048c0e6b9\",\"name\":\"admin\",\"image\":{\"@type\":\"ImageObject\",\"inLanguage\":\"es\",\"@id\":\"https:\/\/volcanes.net\/#\/schema\/person\/image\/\",\"url\":\"https:\/\/secure.gravatar.com\/avatar\/ca004e6cba8462b8cb7abc86e382930c?s=96&d=mm&r=g\",\"contentUrl\":\"https:\/\/secure.gravatar.com\/avatar\/ca004e6cba8462b8cb7abc86e382930c?s=96&d=mm&r=g\",\"caption\":\"admin\"}}]}<\/script>\n<!-- \/ Yoast SEO plugin. -->","yoast_head_json":{"title":"Vecinos de Atlautla sufren escasez de agua por deuda hist\u00f3rica con la CAEM - Volcanes","robots":{"index":"index","follow":"follow","max-snippet":"max-snippet:-1","max-image-preview":"max-image-preview:large","max-video-preview":"max-video-preview:-1"},"canonical":"https:\/\/volcanes.net\/?p=4275","og_locale":"es_MX","og_type":"article","og_title":"Vecinos de Atlautla sufren escasez de agua por deuda hist\u00f3rica con la CAEM - Volcanes","og_description":"Atlautla, M\u00e9x, 02 de abril de 2019.- Habitantes del municipio de Atlautla sufren escases de","og_url":"https:\/\/volcanes.net\/?p=4275","og_site_name":"Volcanes","article_publisher":"https:\/\/www.facebook.com\/volcanes.net\/","article_published_time":"2019-04-03T01:03:16+00:00","article_modified_time":"2019-04-03T01:18:15+00:00","og_image":[{"width":1280,"height":720,"url":"https:\/\/volcanes.net\/wp-content\/uploads\/2019\/04\/WhatsApp-Image-2019-04-02-at-6.20.19-PM.jpeg","type":"image\/jpeg"}],"author":"admin","twitter_card":"summary_large_image","twitter_misc":{"Escrito por":"admin","Tiempo de lectura":"1 minuto"},"schema":{"@context":"https:\/\/schema.org","@graph":[{"@type":"Article","@id":"https:\/\/volcanes.net\/?p=4275#article","isPartOf":{"@id":"https:\/\/volcanes.net\/?p=4275"},"author":{"name":"admin","@id":"https:\/\/volcanes.net\/#\/schema\/person\/4bf0f383940966a4abd53f5048c0e6b9"},"headline":"Vecinos de Atlautla sufren escasez de agua por deuda hist\u00f3rica con la CAEM","datePublished":"2019-04-03T01:03:16+00:00","dateModified":"2019-04-03T01:18:15+00:00","mainEntityOfPage":{"@id":"https:\/\/volcanes.net\/?p=4275"},"wordCount":287,"commentCount":0,"publisher":{"@id":"https:\/\/volcanes.net\/#organization"},"image":{"@id":"https:\/\/volcanes.net\/?p=4275#primaryimage"},"thumbnailUrl":"https:\/\/volcanes.net\/wp-content\/uploads\/2019\/04\/WhatsApp-Image-2019-04-02-at-6.20.19-PM.jpeg","keywords":["Atlautla"],"articleSection":["Municipales"],"inLanguage":"es","potentialAction":[{"@type":"CommentAction","name":"Comment","target":["https:\/\/volcanes.net\/?p=4275#respond"]}]},{"@type":"WebPage","@id":"https:\/\/volcanes.net\/?p=4275","url":"https:\/\/volcanes.net\/?p=4275","name":"Vecinos de Atlautla sufren escasez de agua por deuda hist\u00f3rica con la CAEM - Volcanes","isPartOf":{"@id":"https:\/\/volcanes.net\/#website"},"primaryImageOfPage":{"@id":"https:\/\/volcanes.net\/?p=4275#primaryimage"},"image":{"@id":"https:\/\/volcanes.net\/?p=4275#primaryimage"},"thumbnailUrl":"https:\/\/volcanes.net\/wp-content\/uploads\/2019\/04\/WhatsApp-Image-2019-04-02-at-6.20.19-PM.jpeg","datePublished":"2019-04-03T01:03:16+00:00","dateModified":"2019-04-03T01:18:15+00:00","breadcrumb":{"@id":"https:\/\/volcanes.net\/?p=4275#breadcrumb"},"inLanguage":"es","potentialAction":[{"@type":"ReadAction","target":["https:\/\/volcanes.net\/?p=4275"]}]},{"@type":"ImageObject","inLanguage":"es","@id":"https:\/\/volcanes.net\/?p=4275#primaryimage","url":"https:\/\/volcanes.net\/wp-content\/uploads\/2019\/04\/WhatsApp-Image-2019-04-02-at-6.20.19-PM.jpeg","contentUrl":"https:\/\/volcanes.net\/wp-content\/uploads\/2019\/04\/WhatsApp-Image-2019-04-02-at-6.20.19-PM.jpeg","width":1280,"height":720},{"@type":"BreadcrumbList","@id":"https:\/\/volcanes.net\/?p=4275#breadcrumb","itemListElement":[{"@type":"ListItem","position":1,"name":"Portada","item":"https:\/\/volcanes.net\/"},{"@type":"ListItem","position":2,"name":"Vecinos de Atlautla sufren escasez de agua por deuda hist\u00f3rica con la CAEM"}]},{"@type":"WebSite","@id":"https:\/\/volcanes.net\/#website","url":"https:\/\/volcanes.net\/","name":"Volcanes.Net","description":"Periodismo Profesional","publisher":{"@id":"https:\/\/volcanes.net\/#organization"},"potentialAction":[{"@type":"SearchAction","target":{"@type":"EntryPoint","urlTemplate":"https:\/\/volcanes.net\/?s={search_term_string}"},"query-input":{"@type":"PropertyValueSpecification","valueRequired":true,"valueName":"search_term_string"}}],"inLanguage":"es"},{"@type":"Organization","@id":"https:\/\/volcanes.net\/#organization","name":"Grupo Volcanes","url":"https:\/\/volcanes.net\/","logo":{"@type":"ImageObject","inLanguage":"es","@id":"https:\/\/volcanes.net\/#\/schema\/logo\/image\/","url":"http:\/\/volcanes.net\/wp-content\/uploads\/2017\/12\/Avatar2.jpg","contentUrl":"http:\/\/volcanes.net\/wp-content\/uploads\/2017\/12\/Avatar2.jpg","width":378,"height":378,"caption":"Grupo Volcanes"},"image":{"@id":"https:\/\/volcanes.net\/#\/schema\/logo\/image\/"},"sameAs":["https:\/\/www.facebook.com\/volcanes.net\/"]},{"@type":"Person","@id":"https:\/\/volcanes.net\/#\/schema\/person\/4bf0f383940966a4abd53f5048c0e6b9","name":"admin","image":{"@type":"ImageObject","inLanguage":"es","@id":"https:\/\/volcanes.net\/#\/schema\/person\/image\/","url":"https:\/\/secure.gravatar.com\/avatar\/ca004e6cba8462b8cb7abc86e382930c?s=96&d=mm&r=g","contentUrl":"https:\/\/secure.gravatar.com\/avatar\/ca004e6cba8462b8cb7abc86e382930c?s=96&d=mm&r=g","caption":"admin"}}]}},"_links":{"self":[{"href":"https:\/\/volcanes.net\/index.php?rest_route=\/wp\/v2\/posts\/4275"}],"collection":[{"href":"https:\/\/volcanes.net\/index.php?rest_route=\/wp\/v2\/posts"}],"about":[{"href":"https:\/\/volcanes.net\/index.php?rest_route=\/wp\/v2\/types\/post"}],"author":[{"embeddable":true,"href":"https:\/\/volcanes.net\/index.php?rest_route=\/wp\/v2\/users\/1"}],"replies":[{"embeddable":true,"href":"https:\/\/volcanes.net\/index.php?rest_route=%2Fwp%2Fv2%2Fcomments&post=4275"}],"version-history":[{"count":2,"href":"https:\/\/volcanes.net\/index.php?rest_route=\/wp\/v2\/posts\/4275\/revisions"}],"predecessor-version":[{"id":4278,"href":"https:\/\/volcanes.net\/index.php?rest_route=\/wp\/v2\/posts\/4275\/revisions\/4278"}],"wp:featuredmedia":[{"embeddable":true,"href":"https:\/\/volcanes.net\/index.php?rest_route=\/wp\/v2\/media\/4276"}],"wp:attachment":[{"href":"https:\/\/volcanes.net\/index.php?rest_route=%2Fwp%2Fv2%2Fmedia&parent=4275"}],"wp:term":[{"taxonomy":"category","embeddable":true,"href":"https:\/\/volcanes.net\/index.php?rest_route=%2Fwp%2Fv2%2Fcategories&post=4275"},{"taxonomy":"post_tag","embeddable":true,"href":"https:\/\/volcanes.net\/index.php?rest_route=%2Fwp%2Fv2%2Ftags&post=4275"}],"curies":[{"name":"wp","href":"https:\/\/api.w.org\/{rel}","templated":true}]}}