{"id":4288,"date":"2019-04-04T08:25:25","date_gmt":"2019-04-04T14:25:25","guid":{"rendered":"http:\/\/volcanes.net\/?p=4288"},"modified":"2019-04-04T08:25:39","modified_gmt":"2019-04-04T14:25:39","slug":"prd-valle-de-chalco-impugna-ante-el-tribunal-electoral-eleccion-de-delegados-y-copacis","status":"publish","type":"post","link":"https:\/\/volcanes.net\/?p=4288","title":{"rendered":"PRD Valle de Chalco impugna ante el Tribunal Electoral elecci\u00f3n de Delegados y COPACIs"},"content":{"rendered":"<div style=\"margin-top: 0px; margin-bottom: 0px;\" class=\"sharethis-inline-share-buttons\" ><\/div><p>Valle de Chalco, M\u00e9x, 03 de abril de 2019.- Tras la elecci\u00f3n de Delegados y Consejos de Participaci\u00f3n Ciudadana 2019-2021, Ram\u00f3n Montalvo Hern\u00e1ndez, a nombre del  PRD denunci\u00f3 que  se registraron presuntas irregularidades en la jornada electoral, por lo que presentaron un escrito de inconformidad  ante el Tribunal Electoral  e iniciaron un proceso de  queja ante el Poder Legislativo. A la vez que  consider\u00f3 que hay posibilidades de que se anule dicha elecci\u00f3n.<br \/>\nFrente a representantes de diversos  medios de comunicaci\u00f3n, anunci\u00f3 que el Partido de la Revoluci\u00f3n Democr\u00e1tica  se va  mantener respetuoso de las decisiones del gobierno municipal, pero ante las presuntas irregularidades que se registraron el domingo  24 de marzo  durante la elecci\u00f3n de Autoridades Auxiliares van a actuar a trav\u00e9s de la v\u00eda legal.<br \/>\nMontalvo Hern\u00e1ndez inform\u00f3 que  de las 39 colonias y Unidades Habitacionales que existen en el municipio, el PRD no registr\u00f3 planillas  en 9 comunidades y en dos fue en coalici\u00f3n, logrando ganar  7 colonias: entre las que destacan Jard\u00edn, Mar\u00eda Isabel, Concepci\u00f3n, San Miguel Xico 1, Ex Hacienda Xico 1, San Juan Tlalpizahuac y Santa Catarina.<br \/>\nSin embargo al realizar un an\u00e1lisis de la elecci\u00f3n asegur\u00f3 que derivado de la participaci\u00f3n de la poblaci\u00f3n en la elecci\u00f3n -que de acuerdo a cifras oficiales fue de  17 mil 579 personas- el porcentaje de personas que votaron por la planilla 1 (Morena) fue de  49 por ciento, mientras que la que voto por la planilla 100 (PRD) fue de 32%, m\u00e1s 3% de la Coalici\u00f3n que formaron en San Juan Tlalpizahuac y Santa Catarina les da un total de 35%.<br \/>\nRaz\u00f3n  por la que subray\u00f3 que \u201cpara quienes dicen que se hab\u00eda acabado el PRD no es cierto\u2026la competencia ah\u00ed est\u00e1\u201d.<br \/>\nCon respecto al recurso de revisi\u00f3n ante el Tribunal declar\u00f3 que es por presuntas irregularidades en  7 casillas que se declararon nulas, ya que en 6 de ellas fue acotado el  desarrollo de la  votaci\u00f3n y en la casilla de la colonia Am\u00e9ricas 1, en el coteo final se contabilizaron m\u00e1s de 800 boletas, a pesar de que a todas las casillas llegaron 750 boletas.<br \/>\n\u201cUn motivo de nulidad de una elecci\u00f3n es la inconsistencia en el n\u00famero de boletas\u201d, dijo y a\u00f1adi\u00f3 que una gran cantidad de vallechalquenses  no pudieron ejercer  su derecho al voto.<br \/>\nAl ser cuestionado sobre la nulidad de la elecci\u00f3n de Autoridades Auxiliares, destac\u00f3 que  \u201cen e l an\u00e1lisis por la v\u00eda electoral o  por la v\u00eda municipal se pueda replantear  y hacer una nueva elecci\u00f3n con las boletas suficientes,  si ese es el problema, de tal manera que no quede en tela de juicio ni el derecho de la gente  ir a votar, ni mucho menos los resultados\u2026\u201d<br \/>\nE insisti\u00f3 en que el PRD va a defender  el derecho de la poblaci\u00f3n de Valle de Chalco  que sali\u00f3 a votar el domingo 24 de marzo.<\/p>\n","protected":false},"excerpt":{"rendered":"<p>Valle de Chalco, M\u00e9x, 03 de abril de 2019.- Tras la elecci\u00f3n de Delegados y<\/p>\n","protected":false},"author":1,"featured_media":4287,"comment_status":"open","ping_status":"open","sticky":false,"template":"","format":"standard","meta":{"footnotes":""},"categories":[1],"tags":[5],"class_list":["post-4288","post","type-post","status-publish","format-standard","has-post-thumbnail","hentry","category-municipales","tag-valle-de-chalco"],"yoast_head":"<!-- This site is optimized with the Yoast SEO plugin v25.3 - https:\/\/yoast.com\/wordpress\/plugins\/seo\/ -->\n<title>PRD Valle de Chalco impugna ante el Tribunal Electoral elecci\u00f3n de Delegados y COPACIs - Volcanes<\/title>\n<meta name=\"robots\" content=\"index, follow, max-snippet:-1, max-image-preview:large, max-video-preview:-1\" \/>\n<link rel=\"canonical\" href=\"https:\/\/volcanes.net\/?p=4288\" \/>\n<meta property=\"og:locale\" content=\"es_MX\" \/>\n<meta property=\"og:type\" content=\"article\" \/>\n<meta property=\"og:title\" content=\"PRD Valle de Chalco impugna ante el Tribunal Electoral elecci\u00f3n de Delegados y COPACIs - Volcanes\" \/>\n<meta property=\"og:description\" content=\"Valle de Chalco, M\u00e9x, 03 de abril de 2019.- Tras la elecci\u00f3n de Delegados y\" \/>\n<meta property=\"og:url\" content=\"https:\/\/volcanes.net\/?p=4288\" \/>\n<meta property=\"og:site_name\" content=\"Volcanes\" \/>\n<meta property=\"article:publisher\" content=\"https:\/\/www.facebook.com\/volcanes.net\/\" \/>\n<meta property=\"article:published_time\" content=\"2019-04-04T14:25:25+00:00\" \/>\n<meta property=\"article:modified_time\" content=\"2019-04-04T14:25:39+00:00\" \/>\n<meta property=\"og:image\" content=\"https:\/\/volcanes.net\/wp-content\/uploads\/2019\/04\/IMG-20190404-WA0001_compress_51.jpg\" \/>\n\t<meta property=\"og:image:width\" content=\"640\" \/>\n\t<meta property=\"og:image:height\" content=\"480\" \/>\n\t<meta property=\"og:image:type\" content=\"image\/jpeg\" \/>\n<meta name=\"author\" content=\"admin\" \/>\n<meta name=\"twitter:card\" content=\"summary_large_image\" \/>\n<meta name=\"twitter:label1\" content=\"Escrito por\" \/>\n\t<meta name=\"twitter:data1\" content=\"admin\" \/>\n\t<meta name=\"twitter:label2\" content=\"Tiempo de lectura\" \/>\n\t<meta name=\"twitter:data2\" content=\"2 minutos\" \/>\n<script type=\"application\/ld+json\" class=\"yoast-schema-graph\">{\"@context\":\"https:\/\/schema.org\",\"@graph\":[{\"@type\":\"Article\",\"@id\":\"https:\/\/volcanes.net\/?p=4288#article\",\"isPartOf\":{\"@id\":\"https:\/\/volcanes.net\/?p=4288\"},\"author\":{\"name\":\"admin\",\"@id\":\"https:\/\/volcanes.net\/#\/schema\/person\/4bf0f383940966a4abd53f5048c0e6b9\"},\"headline\":\"PRD Valle de Chalco impugna ante el Tribunal Electoral elecci\u00f3n de Delegados y COPACIs\",\"datePublished\":\"2019-04-04T14:25:25+00:00\",\"dateModified\":\"2019-04-04T14:25:39+00:00\",\"mainEntityOfPage\":{\"@id\":\"https:\/\/volcanes.net\/?p=4288\"},\"wordCount\":511,\"commentCount\":0,\"publisher\":{\"@id\":\"https:\/\/volcanes.net\/#organization\"},\"image\":{\"@id\":\"https:\/\/volcanes.net\/?p=4288#primaryimage\"},\"thumbnailUrl\":\"https:\/\/volcanes.net\/wp-content\/uploads\/2019\/04\/IMG-20190404-WA0001_compress_51.jpg\",\"keywords\":[\"Valle de Chalco\"],\"articleSection\":[\"Municipales\"],\"inLanguage\":\"es\",\"potentialAction\":[{\"@type\":\"CommentAction\",\"name\":\"Comment\",\"target\":[\"https:\/\/volcanes.net\/?p=4288#respond\"]}]},{\"@type\":\"WebPage\",\"@id\":\"https:\/\/volcanes.net\/?p=4288\",\"url\":\"https:\/\/volcanes.net\/?p=4288\",\"name\":\"PRD Valle de Chalco impugna ante el Tribunal Electoral elecci\u00f3n de Delegados y COPACIs - Volcanes\",\"isPartOf\":{\"@id\":\"https:\/\/volcanes.net\/#website\"},\"primaryImageOfPage\":{\"@id\":\"https:\/\/volcanes.net\/?p=4288#primaryimage\"},\"image\":{\"@id\":\"https:\/\/volcanes.net\/?p=4288#primaryimage\"},\"thumbnailUrl\":\"https:\/\/volcanes.net\/wp-content\/uploads\/2019\/04\/IMG-20190404-WA0001_compress_51.jpg\",\"datePublished\":\"2019-04-04T14:25:25+00:00\",\"dateModified\":\"2019-04-04T14:25:39+00:00\",\"breadcrumb\":{\"@id\":\"https:\/\/volcanes.net\/?p=4288#breadcrumb\"},\"inLanguage\":\"es\",\"potentialAction\":[{\"@type\":\"ReadAction\",\"target\":[\"https:\/\/volcanes.net\/?p=4288\"]}]},{\"@type\":\"ImageObject\",\"inLanguage\":\"es\",\"@id\":\"https:\/\/volcanes.net\/?p=4288#primaryimage\",\"url\":\"https:\/\/volcanes.net\/wp-content\/uploads\/2019\/04\/IMG-20190404-WA0001_compress_51.jpg\",\"contentUrl\":\"https:\/\/volcanes.net\/wp-content\/uploads\/2019\/04\/IMG-20190404-WA0001_compress_51.jpg\",\"width\":640,\"height\":480},{\"@type\":\"BreadcrumbList\",\"@id\":\"https:\/\/volcanes.net\/?p=4288#breadcrumb\",\"itemListElement\":[{\"@type\":\"ListItem\",\"position\":1,\"name\":\"Portada\",\"item\":\"https:\/\/volcanes.net\/\"},{\"@type\":\"ListItem\",\"position\":2,\"name\":\"PRD Valle de Chalco impugna ante el Tribunal Electoral elecci\u00f3n de Delegados y COPACIs\"}]},{\"@type\":\"WebSite\",\"@id\":\"https:\/\/volcanes.net\/#website\",\"url\":\"https:\/\/volcanes.net\/\",\"name\":\"Volcanes.Net\",\"description\":\"Periodismo Profesional\",\"publisher\":{\"@id\":\"https:\/\/volcanes.net\/#organization\"},\"potentialAction\":[{\"@type\":\"SearchAction\",\"target\":{\"@type\":\"EntryPoint\",\"urlTemplate\":\"https:\/\/volcanes.net\/?s={search_term_string}\"},\"query-input\":{\"@type\":\"PropertyValueSpecification\",\"valueRequired\":true,\"valueName\":\"search_term_string\"}}],\"inLanguage\":\"es\"},{\"@type\":\"Organization\",\"@id\":\"https:\/\/volcanes.net\/#organization\",\"name\":\"Grupo Volcanes\",\"url\":\"https:\/\/volcanes.net\/\",\"logo\":{\"@type\":\"ImageObject\",\"inLanguage\":\"es\",\"@id\":\"https:\/\/volcanes.net\/#\/schema\/logo\/image\/\",\"url\":\"http:\/\/volcanes.net\/wp-content\/uploads\/2017\/12\/Avatar2.jpg\",\"contentUrl\":\"http:\/\/volcanes.net\/wp-content\/uploads\/2017\/12\/Avatar2.jpg\",\"width\":378,\"height\":378,\"caption\":\"Grupo Volcanes\"},\"image\":{\"@id\":\"https:\/\/volcanes.net\/#\/schema\/logo\/image\/\"},\"sameAs\":[\"https:\/\/www.facebook.com\/volcanes.net\/\"]},{\"@type\":\"Person\",\"@id\":\"https:\/\/volcanes.net\/#\/schema\/person\/4bf0f383940966a4abd53f5048c0e6b9\",\"name\":\"admin\",\"image\":{\"@type\":\"ImageObject\",\"inLanguage\":\"es\",\"@id\":\"https:\/\/volcanes.net\/#\/schema\/person\/image\/\",\"url\":\"https:\/\/secure.gravatar.com\/avatar\/ca004e6cba8462b8cb7abc86e382930c?s=96&d=mm&r=g\",\"contentUrl\":\"https:\/\/secure.gravatar.com\/avatar\/ca004e6cba8462b8cb7abc86e382930c?s=96&d=mm&r=g\",\"caption\":\"admin\"}}]}<\/script>\n<!-- \/ Yoast SEO plugin. -->","yoast_head_json":{"title":"PRD Valle de Chalco impugna ante el Tribunal Electoral elecci\u00f3n de Delegados y COPACIs - Volcanes","robots":{"index":"index","follow":"follow","max-snippet":"max-snippet:-1","max-image-preview":"max-image-preview:large","max-video-preview":"max-video-preview:-1"},"canonical":"https:\/\/volcanes.net\/?p=4288","og_locale":"es_MX","og_type":"article","og_title":"PRD Valle de Chalco impugna ante el Tribunal Electoral elecci\u00f3n de Delegados y COPACIs - Volcanes","og_description":"Valle de Chalco, M\u00e9x, 03 de abril de 2019.- Tras la elecci\u00f3n de Delegados y","og_url":"https:\/\/volcanes.net\/?p=4288","og_site_name":"Volcanes","article_publisher":"https:\/\/www.facebook.com\/volcanes.net\/","article_published_time":"2019-04-04T14:25:25+00:00","article_modified_time":"2019-04-04T14:25:39+00:00","og_image":[{"width":640,"height":480,"url":"https:\/\/volcanes.net\/wp-content\/uploads\/2019\/04\/IMG-20190404-WA0001_compress_51.jpg","type":"image\/jpeg"}],"author":"admin","twitter_card":"summary_large_image","twitter_misc":{"Escrito por":"admin","Tiempo de lectura":"2 minutos"},"schema":{"@context":"https:\/\/schema.org","@graph":[{"@type":"Article","@id":"https:\/\/volcanes.net\/?p=4288#article","isPartOf":{"@id":"https:\/\/volcanes.net\/?p=4288"},"author":{"name":"admin","@id":"https:\/\/volcanes.net\/#\/schema\/person\/4bf0f383940966a4abd53f5048c0e6b9"},"headline":"PRD Valle de Chalco impugna ante el Tribunal Electoral elecci\u00f3n de Delegados y COPACIs","datePublished":"2019-04-04T14:25:25+00:00","dateModified":"2019-04-04T14:25:39+00:00","mainEntityOfPage":{"@id":"https:\/\/volcanes.net\/?p=4288"},"wordCount":511,"commentCount":0,"publisher":{"@id":"https:\/\/volcanes.net\/#organization"},"image":{"@id":"https:\/\/volcanes.net\/?p=4288#primaryimage"},"thumbnailUrl":"https:\/\/volcanes.net\/wp-content\/uploads\/2019\/04\/IMG-20190404-WA0001_compress_51.jpg","keywords":["Valle de Chalco"],"articleSection":["Municipales"],"inLanguage":"es","potentialAction":[{"@type":"CommentAction","name":"Comment","target":["https:\/\/volcanes.net\/?p=4288#respond"]}]},{"@type":"WebPage","@id":"https:\/\/volcanes.net\/?p=4288","url":"https:\/\/volcanes.net\/?p=4288","name":"PRD Valle de Chalco impugna ante el Tribunal Electoral elecci\u00f3n de Delegados y COPACIs - Volcanes","isPartOf":{"@id":"https:\/\/volcanes.net\/#website"},"primaryImageOfPage":{"@id":"https:\/\/volcanes.net\/?p=4288#primaryimage"},"image":{"@id":"https:\/\/volcanes.net\/?p=4288#primaryimage"},"thumbnailUrl":"https:\/\/volcanes.net\/wp-content\/uploads\/2019\/04\/IMG-20190404-WA0001_compress_51.jpg","datePublished":"2019-04-04T14:25:25+00:00","dateModified":"2019-04-04T14:25:39+00:00","breadcrumb":{"@id":"https:\/\/volcanes.net\/?p=4288#breadcrumb"},"inLanguage":"es","potentialAction":[{"@type":"ReadAction","target":["https:\/\/volcanes.net\/?p=4288"]}]},{"@type":"ImageObject","inLanguage":"es","@id":"https:\/\/volcanes.net\/?p=4288#primaryimage","url":"https:\/\/volcanes.net\/wp-content\/uploads\/2019\/04\/IMG-20190404-WA0001_compress_51.jpg","contentUrl":"https:\/\/volcanes.net\/wp-content\/uploads\/2019\/04\/IMG-20190404-WA0001_compress_51.jpg","width":640,"height":480},{"@type":"BreadcrumbList","@id":"https:\/\/volcanes.net\/?p=4288#breadcrumb","itemListElement":[{"@type":"ListItem","position":1,"name":"Portada","item":"https:\/\/volcanes.net\/"},{"@type":"ListItem","position":2,"name":"PRD Valle de Chalco impugna ante el Tribunal Electoral elecci\u00f3n de Delegados y COPACIs"}]},{"@type":"WebSite","@id":"https:\/\/volcanes.net\/#website","url":"https:\/\/volcanes.net\/","name":"Volcanes.Net","description":"Periodismo Profesional","publisher":{"@id":"https:\/\/volcanes.net\/#organization"},"potentialAction":[{"@type":"SearchAction","target":{"@type":"EntryPoint","urlTemplate":"https:\/\/volcanes.net\/?s={search_term_string}"},"query-input":{"@type":"PropertyValueSpecification","valueRequired":true,"valueName":"search_term_string"}}],"inLanguage":"es"},{"@type":"Organization","@id":"https:\/\/volcanes.net\/#organization","name":"Grupo Volcanes","url":"https:\/\/volcanes.net\/","logo":{"@type":"ImageObject","inLanguage":"es","@id":"https:\/\/volcanes.net\/#\/schema\/logo\/image\/","url":"http:\/\/volcanes.net\/wp-content\/uploads\/2017\/12\/Avatar2.jpg","contentUrl":"http:\/\/volcanes.net\/wp-content\/uploads\/2017\/12\/Avatar2.jpg","width":378,"height":378,"caption":"Grupo Volcanes"},"image":{"@id":"https:\/\/volcanes.net\/#\/schema\/logo\/image\/"},"sameAs":["https:\/\/www.facebook.com\/volcanes.net\/"]},{"@type":"Person","@id":"https:\/\/volcanes.net\/#\/schema\/person\/4bf0f383940966a4abd53f5048c0e6b9","name":"admin","image":{"@type":"ImageObject","inLanguage":"es","@id":"https:\/\/volcanes.net\/#\/schema\/person\/image\/","url":"https:\/\/secure.gravatar.com\/avatar\/ca004e6cba8462b8cb7abc86e382930c?s=96&d=mm&r=g","contentUrl":"https:\/\/secure.gravatar.com\/avatar\/ca004e6cba8462b8cb7abc86e382930c?s=96&d=mm&r=g","caption":"admin"}}]}},"_links":{"self":[{"href":"https:\/\/volcanes.net\/index.php?rest_route=\/wp\/v2\/posts\/4288"}],"collection":[{"href":"https:\/\/volcanes.net\/index.php?rest_route=\/wp\/v2\/posts"}],"about":[{"href":"https:\/\/volcanes.net\/index.php?rest_route=\/wp\/v2\/types\/post"}],"author":[{"embeddable":true,"href":"https:\/\/volcanes.net\/index.php?rest_route=\/wp\/v2\/users\/1"}],"replies":[{"embeddable":true,"href":"https:\/\/volcanes.net\/index.php?rest_route=%2Fwp%2Fv2%2Fcomments&post=4288"}],"version-history":[{"count":1,"href":"https:\/\/volcanes.net\/index.php?rest_route=\/wp\/v2\/posts\/4288\/revisions"}],"predecessor-version":[{"id":4289,"href":"https:\/\/volcanes.net\/index.php?rest_route=\/wp\/v2\/posts\/4288\/revisions\/4289"}],"wp:featuredmedia":[{"embeddable":true,"href":"https:\/\/volcanes.net\/index.php?rest_route=\/wp\/v2\/media\/4287"}],"wp:attachment":[{"href":"https:\/\/volcanes.net\/index.php?rest_route=%2Fwp%2Fv2%2Fmedia&parent=4288"}],"wp:term":[{"taxonomy":"category","embeddable":true,"href":"https:\/\/volcanes.net\/index.php?rest_route=%2Fwp%2Fv2%2Fcategories&post=4288"},{"taxonomy":"post_tag","embeddable":true,"href":"https:\/\/volcanes.net\/index.php?rest_route=%2Fwp%2Fv2%2Ftags&post=4288"}],"curies":[{"name":"wp","href":"https:\/\/api.w.org\/{rel}","templated":true}]}}