{"id":4294,"date":"2019-04-04T09:32:59","date_gmt":"2019-04-04T15:32:59","guid":{"rendered":"http:\/\/volcanes.net\/?p=4294"},"modified":"2019-04-04T09:33:41","modified_gmt":"2019-04-04T15:33:41","slug":"universitarios-limpiaron-el-mapa","status":"publish","type":"post","link":"https:\/\/volcanes.net\/?p=4294","title":{"rendered":"Universitarios limpiaron \u201cEl Mapa\u201d"},"content":{"rendered":"<div style=\"margin-top: 0px; margin-bottom: 0px;\" class=\"sharethis-inline-share-buttons\" ><\/div><p><span lang=\"ES-TRAD\" style=\"font-size:11pt; font-family:Symbol; color:black;\">\u00b7<span style=\"font-variant-numeric:normal; font-variant-east-asian:normal; font-stretch:normal; font-size:7pt; line-height:normal; font-family:\" timesnewroman\";\">        <span> <\/span><\/span><\/span><span lang=\"ES-TRAD\" style=\"font-size:11pt; font-family:Arial,sans-serif; color:black;\"><i>Encabezados por el rector Alfredo Barrera Baca recolectaron m\u00e1s de dos toneladas de residuos s\u00f3lidos en este parque ecol\u00f3gico.<\/i><\/span><\/p>\n<p class=\"m_5854679304355164865gmail-MsoListParagraphCxSpLast\" style=\"color:rgb(0,0,0); font-style:normal; font-variant-ligatures:normal; font-variant-caps:normal; font-weight:400; letter-spacing:normal; orphans:2; text-indent:0px; text-transform:none; white-space:normal; widows:2; word-spacing:0px; -webkit-text-stroke-width:0px; text-decoration-style:initial; text-decoration-color:initialmargin:0cm0cm0.0001pt36pt; font-size:12pt; font-family:Calibri,sans-serif; text-align:left;\"><span lang=\"ES-TRAD\" style=\"font-size:11pt; font-family:Symbol;\">\u00b7<span style=\"font-variant-numeric:normal; font-variant-east-asian:normal; font-stretch:normal; font-size:7pt; line-height:normal; font-family:\" timesnewroman\";\">        <span> <\/span><\/span><\/span><span lang=\"ES-TRAD\" style=\"font-size:11pt; font-family:Arial,sans-serif; color:black;\"><i>Realizaron esta campa\u00f1a de acopio y separaci\u00f3n de residuos s\u00f3lidos en el marco del #BasuraChallenge.<\/i><\/span><span lang=\"ES-TRAD\" style=\"font-size:11pt; font-family:\" timesnewroman\",serif;\"><i><\/i><\/span><\/p>\n<p class=\"MsoNormal\" style=\"color:rgb(0,0,0); font-style:normal; font-variant-ligatures:normal; font-variant-caps:normal; font-weight:400; letter-spacing:normal; orphans:2; text-indent:0px; text-transform:none; white-space:normal; widows:2; word-spacing:0px; -webkit-text-stroke-width:0px; text-decoration-style:initial; text-decoration-color:initialmargin:0cm0cm0.0001pt; font-size:12pt; font-family:Calibri,sans-serif; text-align:left;\"><span lang=\"ES-TRAD\" style=\"font-family:Arial,sans-serif;\"><b> <\/b><\/span><\/p>\n<p class=\"MsoNormal\" style=\"color:rgb(0,0,0); font-style:normal; font-variant-ligatures:normal; font-variant-caps:normal; font-weight:400; letter-spacing:normal; orphans:2; text-indent:0px; text-transform:none; white-space:normal; widows:2; word-spacing:0px; -webkit-text-stroke-width:0px; text-decoration-style:initial; text-decoration-color:initialmargin:0cm0cm0.0001pt; font-size:12pt; font-family:Calibri,sans-serif; text-align:left;\"><span lang=\"ES-MX\" style=\"font-family:Arial,sans-serif;\"><b>Toluca, M\u00e9x. \u2013 3 de abril de 2019.<\/b><\/span><span lang=\"ES-MX\" style=\"font-family:Arial,sans-serif; color:black;\">Alrededor de 150 estudiantes, acad\u00e9micos y trabajadores administrativos de la Universidad Aut\u00f3noma del Estado de M\u00e9xico limpiaron el Parque Ecol\u00f3gico \u201cEl Mapa\u201d, donde recolectaron m\u00e1s de dos toneladas de residuos s\u00f3lidos.<\/span><\/p>\n<p class=\"MsoNormal\" style=\"color:rgb(0,0,0); font-style:normal; font-variant-ligatures:normal; font-variant-caps:normal; font-weight:400; letter-spacing:normal; orphans:2; text-indent:0px; text-transform:none; white-space:normal; widows:2; word-spacing:0px; -webkit-text-stroke-width:0px; text-decoration-style:initial; text-decoration-color:initialmargin:0cm0cm0.0001pt; font-size:12pt; font-family:Calibri,sans-serif; text-align:left;\"><span lang=\"ES-MX\" style=\"font-family:Arial,sans-serif; color:black;\">            Encabezados por el rector Alfredo Barrera Baca y con apoyo de la Comisi\u00f3n Nacional Forestal (CONAFOR) y los ayuntamientos de Toluca y Zinacantepec, los universitarios realizaron esta campa\u00f1a de acopio y separaci\u00f3n de residuos s\u00f3lidos en el marco del #BasuraChallenge.<\/span><\/p>\n<p class=\"MsoNormal\" style=\"color:rgb(0,0,0); font-style:normal; font-variant-ligatures:normal; font-variant-caps:normal; font-weight:400; letter-spacing:normal; orphans:2; text-transform:none; white-space:normal; widows:2; word-spacing:0px; -webkit-text-stroke-width:0px; text-decoration-style:initial; text-decoration-color:initialtext-indent:36pt; margin:0cm0cm0.0001pt; font-size:12pt; font-family:Calibri,sans-serif; text-align:left;\"><span lang=\"ES-MX\" style=\"font-family:Arial,sans-serif; color:black;\">Acompa\u00f1ado de la tercera y d\u00e9cimo tercera regidoras del Ayuntamiento de Toluca, Heidi Garc\u00eda Alc\u00e1ntara y Estrella Gardu\u00f1o Sald\u00edvar, el rector afirm\u00f3 que al participar en esta actividad, los universitarios mostraron su nobleza y generosidad para coadyuvar a que los mexiquenses tengamos un ambiente m\u00e1s limpio y sano.<\/span><\/p>\n<p class=\"MsoNormal\" style=\"color:rgb(0,0,0); font-style:normal; font-variant-ligatures:normal; font-variant-caps:normal; font-weight:400; letter-spacing:normal; orphans:2; text-transform:none; white-space:normal; widows:2; word-spacing:0px; -webkit-text-stroke-width:0px; text-decoration-style:initial; text-decoration-color:initialtext-indent:36pt; margin:0cm0cm0.0001pt; font-size:12pt; font-family:Calibri,sans-serif; text-align:left;\"><span lang=\"ES-MX\" style=\"font-family:Arial,sans-serif; color:black;\">De igual manera, Alfredo Barrera Baca resalt\u00f3 los efectos que a favor de la conservaci\u00f3n de las \u00e1reas naturales tienen estas actividades que la instituci\u00f3n realiza de manera permanente.<\/span><\/p>\n<p class=\"MsoNormal\" style=\"color:rgb(0,0,0); font-style:normal; font-variant-ligatures:normal; font-variant-caps:normal; font-weight:400; letter-spacing:normal; orphans:2; text-transform:none; white-space:normal; widows:2; word-spacing:0px; -webkit-text-stroke-width:0px; text-decoration-style:initial; text-decoration-color:initialtext-indent:36pt; margin:0cm0cm0.0001pt; font-size:12pt; font-family:Calibri,sans-serif; text-align:left;\"><span lang=\"ES-MX\" style=\"font-family:Arial,sans-serif; color:black;\">Por su parte, el director de Protecci\u00f3n al Ambiente de la UAEM, Ra\u00fal Vera Noguez, detall\u00f3 que con apoyo de la empresa DIBASA Servicios Ambientales, as\u00ed como del Ayuntamiento de Zinacantepec, se reciclar\u00e1n y reutilizar\u00e1n gran parte de los residuos acopiados como pl\u00e1sticos y vidrio.<\/span><\/p>\n<p class=\"MsoNormal\" style=\"color:rgb(0,0,0); font-style:normal; font-variant-ligatures:normal; font-variant-caps:normal; font-weight:400; letter-spacing:normal; orphans:2; text-transform:none; white-space:normal; widows:2; word-spacing:0px; -webkit-text-stroke-width:0px; text-decoration-style:initial; text-decoration-color:initialtext-indent:36pt; margin:0cm0cm0.0001pt; font-size:12pt; font-family:Calibri,sans-serif; text-align:left;\"><span lang=\"ES-MX\" style=\"font-family:Arial,sans-serif; color:black;\">\u201cLos residuos s\u00f3lidos que generamos afectan fuertemente al medio ambiente, por lo que urge reducir la generaci\u00f3n de basura. Es crucial cambiar nuestros h\u00e1bitos de consumo y esencial no usar pl\u00e1sticos, sobre todo los que se utilizan una sola vez\u201d.<\/span><\/p>\n<p class=\"MsoNormal\" style=\"color:rgb(0,0,0); font-style:normal; font-variant-ligatures:normal; font-variant-caps:normal; font-weight:400; letter-spacing:normal; orphans:2; text-transform:none; white-space:normal; widows:2; word-spacing:0px; -webkit-text-stroke-width:0px; text-decoration-style:initial; text-decoration-color:initialtext-indent:36pt; margin:0cm0cm0.0001pt; font-size:12pt; font-family:Calibri,sans-serif; text-align:left;\"><span lang=\"ES-MX\" style=\"font-family:Arial,sans-serif; color:black;\">Indic\u00f3 que ya que la mayor parte de los residuos pueden reciclarse al separarlos, es posible evitar que 60 por ciento de los desechos que generamos llegue a los rellenos sanitarios; en tanto, los residuos org\u00e1nicos pueden usarse como composta.<\/span><\/p>\n<p class=\"MsoNormal\" style=\"color:rgb(0,0,0); font-style:normal; font-variant-ligatures:normal; font-variant-caps:normal; font-weight:400; letter-spacing:normal; orphans:2; text-transform:none; white-space:normal; widows:2; word-spacing:0px; -webkit-text-stroke-width:0px; text-decoration-style:initial; text-decoration-color:initialtext-indent:36pt; margin:0cm0cm0.0001pt; font-size:12pt; font-family:Calibri,sans-serif; text-align:left;\"><span lang=\"ES-MX\" style=\"font-family:Arial,sans-serif; color:black;\">La m\u00e1xima casa de estudios mexiquense debe ser ejemplo de responsabilidad social, impulsar acciones que contribuyan a la protecci\u00f3n de flora y la fauna y generar conciencia acerca del da\u00f1o que ocasiona la inadecuada disposici\u00f3n de la basura, concluy\u00f3 Ra\u00fal Vera.<\/span><\/p>\n","protected":false},"excerpt":{"rendered":"<p>\u00b7 Encabezados por el rector Alfredo Barrera Baca recolectaron m\u00e1s de dos toneladas de residuos<\/p>\n","protected":false},"author":1,"featured_media":4293,"comment_status":"open","ping_status":"open","sticky":false,"template":"","format":"standard","meta":{"footnotes":""},"categories":[3],"tags":[25],"class_list":["post-4294","post","type-post","status-publish","format-standard","has-post-thumbnail","hentry","category-estatales","tag-uaem"],"yoast_head":"<!-- This site is optimized with the Yoast SEO plugin v25.3 - https:\/\/yoast.com\/wordpress\/plugins\/seo\/ -->\n<title>Universitarios limpiaron \u201cEl Mapa\u201d - Volcanes<\/title>\n<meta name=\"robots\" content=\"index, follow, max-snippet:-1, max-image-preview:large, max-video-preview:-1\" \/>\n<link rel=\"canonical\" href=\"https:\/\/volcanes.net\/?p=4294\" \/>\n<meta property=\"og:locale\" content=\"es_MX\" \/>\n<meta property=\"og:type\" content=\"article\" \/>\n<meta property=\"og:title\" content=\"Universitarios limpiaron \u201cEl Mapa\u201d - Volcanes\" \/>\n<meta property=\"og:description\" content=\"\u00b7 Encabezados por el rector Alfredo Barrera Baca recolectaron m\u00e1s de dos toneladas de residuos\" \/>\n<meta property=\"og:url\" content=\"https:\/\/volcanes.net\/?p=4294\" \/>\n<meta property=\"og:site_name\" content=\"Volcanes\" \/>\n<meta property=\"article:publisher\" content=\"https:\/\/www.facebook.com\/volcanes.net\/\" \/>\n<meta property=\"article:published_time\" content=\"2019-04-04T15:32:59+00:00\" \/>\n<meta property=\"article:modified_time\" content=\"2019-04-04T15:33:41+00:00\" \/>\n<meta property=\"og:image\" content=\"https:\/\/volcanes.net\/wp-content\/uploads\/2019\/04\/Comun-241-12_compress_73.jpg\" \/>\n\t<meta property=\"og:image:width\" content=\"1063\" \/>\n\t<meta property=\"og:image:height\" content=\"709\" \/>\n\t<meta property=\"og:image:type\" content=\"image\/jpeg\" \/>\n<meta name=\"author\" content=\"admin\" \/>\n<meta name=\"twitter:card\" content=\"summary_large_image\" \/>\n<meta name=\"twitter:label1\" content=\"Escrito por\" \/>\n\t<meta name=\"twitter:data1\" content=\"admin\" \/>\n\t<meta name=\"twitter:label2\" content=\"Tiempo de lectura\" \/>\n\t<meta name=\"twitter:data2\" content=\"2 minutos\" \/>\n<script type=\"application\/ld+json\" class=\"yoast-schema-graph\">{\"@context\":\"https:\/\/schema.org\",\"@graph\":[{\"@type\":\"Article\",\"@id\":\"https:\/\/volcanes.net\/?p=4294#article\",\"isPartOf\":{\"@id\":\"https:\/\/volcanes.net\/?p=4294\"},\"author\":{\"name\":\"admin\",\"@id\":\"https:\/\/volcanes.net\/#\/schema\/person\/4bf0f383940966a4abd53f5048c0e6b9\"},\"headline\":\"Universitarios limpiaron \u201cEl Mapa\u201d\",\"datePublished\":\"2019-04-04T15:32:59+00:00\",\"dateModified\":\"2019-04-04T15:33:41+00:00\",\"mainEntityOfPage\":{\"@id\":\"https:\/\/volcanes.net\/?p=4294\"},\"wordCount\":396,\"commentCount\":0,\"publisher\":{\"@id\":\"https:\/\/volcanes.net\/#organization\"},\"image\":{\"@id\":\"https:\/\/volcanes.net\/?p=4294#primaryimage\"},\"thumbnailUrl\":\"https:\/\/volcanes.net\/wp-content\/uploads\/2019\/04\/Comun-241-12_compress_73.jpg\",\"keywords\":[\"UAEM\"],\"articleSection\":[\"Estatales\"],\"inLanguage\":\"es\",\"potentialAction\":[{\"@type\":\"CommentAction\",\"name\":\"Comment\",\"target\":[\"https:\/\/volcanes.net\/?p=4294#respond\"]}]},{\"@type\":\"WebPage\",\"@id\":\"https:\/\/volcanes.net\/?p=4294\",\"url\":\"https:\/\/volcanes.net\/?p=4294\",\"name\":\"Universitarios limpiaron \u201cEl Mapa\u201d - Volcanes\",\"isPartOf\":{\"@id\":\"https:\/\/volcanes.net\/#website\"},\"primaryImageOfPage\":{\"@id\":\"https:\/\/volcanes.net\/?p=4294#primaryimage\"},\"image\":{\"@id\":\"https:\/\/volcanes.net\/?p=4294#primaryimage\"},\"thumbnailUrl\":\"https:\/\/volcanes.net\/wp-content\/uploads\/2019\/04\/Comun-241-12_compress_73.jpg\",\"datePublished\":\"2019-04-04T15:32:59+00:00\",\"dateModified\":\"2019-04-04T15:33:41+00:00\",\"breadcrumb\":{\"@id\":\"https:\/\/volcanes.net\/?p=4294#breadcrumb\"},\"inLanguage\":\"es\",\"potentialAction\":[{\"@type\":\"ReadAction\",\"target\":[\"https:\/\/volcanes.net\/?p=4294\"]}]},{\"@type\":\"ImageObject\",\"inLanguage\":\"es\",\"@id\":\"https:\/\/volcanes.net\/?p=4294#primaryimage\",\"url\":\"https:\/\/volcanes.net\/wp-content\/uploads\/2019\/04\/Comun-241-12_compress_73.jpg\",\"contentUrl\":\"https:\/\/volcanes.net\/wp-content\/uploads\/2019\/04\/Comun-241-12_compress_73.jpg\",\"width\":1063,\"height\":709},{\"@type\":\"BreadcrumbList\",\"@id\":\"https:\/\/volcanes.net\/?p=4294#breadcrumb\",\"itemListElement\":[{\"@type\":\"ListItem\",\"position\":1,\"name\":\"Portada\",\"item\":\"https:\/\/volcanes.net\/\"},{\"@type\":\"ListItem\",\"position\":2,\"name\":\"Universitarios limpiaron \u201cEl Mapa\u201d\"}]},{\"@type\":\"WebSite\",\"@id\":\"https:\/\/volcanes.net\/#website\",\"url\":\"https:\/\/volcanes.net\/\",\"name\":\"Volcanes.Net\",\"description\":\"Periodismo Profesional\",\"publisher\":{\"@id\":\"https:\/\/volcanes.net\/#organization\"},\"potentialAction\":[{\"@type\":\"SearchAction\",\"target\":{\"@type\":\"EntryPoint\",\"urlTemplate\":\"https:\/\/volcanes.net\/?s={search_term_string}\"},\"query-input\":{\"@type\":\"PropertyValueSpecification\",\"valueRequired\":true,\"valueName\":\"search_term_string\"}}],\"inLanguage\":\"es\"},{\"@type\":\"Organization\",\"@id\":\"https:\/\/volcanes.net\/#organization\",\"name\":\"Grupo Volcanes\",\"url\":\"https:\/\/volcanes.net\/\",\"logo\":{\"@type\":\"ImageObject\",\"inLanguage\":\"es\",\"@id\":\"https:\/\/volcanes.net\/#\/schema\/logo\/image\/\",\"url\":\"http:\/\/volcanes.net\/wp-content\/uploads\/2017\/12\/Avatar2.jpg\",\"contentUrl\":\"http:\/\/volcanes.net\/wp-content\/uploads\/2017\/12\/Avatar2.jpg\",\"width\":378,\"height\":378,\"caption\":\"Grupo Volcanes\"},\"image\":{\"@id\":\"https:\/\/volcanes.net\/#\/schema\/logo\/image\/\"},\"sameAs\":[\"https:\/\/www.facebook.com\/volcanes.net\/\"]},{\"@type\":\"Person\",\"@id\":\"https:\/\/volcanes.net\/#\/schema\/person\/4bf0f383940966a4abd53f5048c0e6b9\",\"name\":\"admin\",\"image\":{\"@type\":\"ImageObject\",\"inLanguage\":\"es\",\"@id\":\"https:\/\/volcanes.net\/#\/schema\/person\/image\/\",\"url\":\"https:\/\/secure.gravatar.com\/avatar\/ca004e6cba8462b8cb7abc86e382930c?s=96&d=mm&r=g\",\"contentUrl\":\"https:\/\/secure.gravatar.com\/avatar\/ca004e6cba8462b8cb7abc86e382930c?s=96&d=mm&r=g\",\"caption\":\"admin\"}}]}<\/script>\n<!-- \/ Yoast SEO plugin. -->","yoast_head_json":{"title":"Universitarios limpiaron \u201cEl Mapa\u201d - Volcanes","robots":{"index":"index","follow":"follow","max-snippet":"max-snippet:-1","max-image-preview":"max-image-preview:large","max-video-preview":"max-video-preview:-1"},"canonical":"https:\/\/volcanes.net\/?p=4294","og_locale":"es_MX","og_type":"article","og_title":"Universitarios limpiaron \u201cEl Mapa\u201d - Volcanes","og_description":"\u00b7 Encabezados por el rector Alfredo Barrera Baca recolectaron m\u00e1s de dos toneladas de residuos","og_url":"https:\/\/volcanes.net\/?p=4294","og_site_name":"Volcanes","article_publisher":"https:\/\/www.facebook.com\/volcanes.net\/","article_published_time":"2019-04-04T15:32:59+00:00","article_modified_time":"2019-04-04T15:33:41+00:00","og_image":[{"width":1063,"height":709,"url":"https:\/\/volcanes.net\/wp-content\/uploads\/2019\/04\/Comun-241-12_compress_73.jpg","type":"image\/jpeg"}],"author":"admin","twitter_card":"summary_large_image","twitter_misc":{"Escrito por":"admin","Tiempo de lectura":"2 minutos"},"schema":{"@context":"https:\/\/schema.org","@graph":[{"@type":"Article","@id":"https:\/\/volcanes.net\/?p=4294#article","isPartOf":{"@id":"https:\/\/volcanes.net\/?p=4294"},"author":{"name":"admin","@id":"https:\/\/volcanes.net\/#\/schema\/person\/4bf0f383940966a4abd53f5048c0e6b9"},"headline":"Universitarios limpiaron \u201cEl Mapa\u201d","datePublished":"2019-04-04T15:32:59+00:00","dateModified":"2019-04-04T15:33:41+00:00","mainEntityOfPage":{"@id":"https:\/\/volcanes.net\/?p=4294"},"wordCount":396,"commentCount":0,"publisher":{"@id":"https:\/\/volcanes.net\/#organization"},"image":{"@id":"https:\/\/volcanes.net\/?p=4294#primaryimage"},"thumbnailUrl":"https:\/\/volcanes.net\/wp-content\/uploads\/2019\/04\/Comun-241-12_compress_73.jpg","keywords":["UAEM"],"articleSection":["Estatales"],"inLanguage":"es","potentialAction":[{"@type":"CommentAction","name":"Comment","target":["https:\/\/volcanes.net\/?p=4294#respond"]}]},{"@type":"WebPage","@id":"https:\/\/volcanes.net\/?p=4294","url":"https:\/\/volcanes.net\/?p=4294","name":"Universitarios limpiaron \u201cEl Mapa\u201d - Volcanes","isPartOf":{"@id":"https:\/\/volcanes.net\/#website"},"primaryImageOfPage":{"@id":"https:\/\/volcanes.net\/?p=4294#primaryimage"},"image":{"@id":"https:\/\/volcanes.net\/?p=4294#primaryimage"},"thumbnailUrl":"https:\/\/volcanes.net\/wp-content\/uploads\/2019\/04\/Comun-241-12_compress_73.jpg","datePublished":"2019-04-04T15:32:59+00:00","dateModified":"2019-04-04T15:33:41+00:00","breadcrumb":{"@id":"https:\/\/volcanes.net\/?p=4294#breadcrumb"},"inLanguage":"es","potentialAction":[{"@type":"ReadAction","target":["https:\/\/volcanes.net\/?p=4294"]}]},{"@type":"ImageObject","inLanguage":"es","@id":"https:\/\/volcanes.net\/?p=4294#primaryimage","url":"https:\/\/volcanes.net\/wp-content\/uploads\/2019\/04\/Comun-241-12_compress_73.jpg","contentUrl":"https:\/\/volcanes.net\/wp-content\/uploads\/2019\/04\/Comun-241-12_compress_73.jpg","width":1063,"height":709},{"@type":"BreadcrumbList","@id":"https:\/\/volcanes.net\/?p=4294#breadcrumb","itemListElement":[{"@type":"ListItem","position":1,"name":"Portada","item":"https:\/\/volcanes.net\/"},{"@type":"ListItem","position":2,"name":"Universitarios limpiaron \u201cEl Mapa\u201d"}]},{"@type":"WebSite","@id":"https:\/\/volcanes.net\/#website","url":"https:\/\/volcanes.net\/","name":"Volcanes.Net","description":"Periodismo Profesional","publisher":{"@id":"https:\/\/volcanes.net\/#organization"},"potentialAction":[{"@type":"SearchAction","target":{"@type":"EntryPoint","urlTemplate":"https:\/\/volcanes.net\/?s={search_term_string}"},"query-input":{"@type":"PropertyValueSpecification","valueRequired":true,"valueName":"search_term_string"}}],"inLanguage":"es"},{"@type":"Organization","@id":"https:\/\/volcanes.net\/#organization","name":"Grupo Volcanes","url":"https:\/\/volcanes.net\/","logo":{"@type":"ImageObject","inLanguage":"es","@id":"https:\/\/volcanes.net\/#\/schema\/logo\/image\/","url":"http:\/\/volcanes.net\/wp-content\/uploads\/2017\/12\/Avatar2.jpg","contentUrl":"http:\/\/volcanes.net\/wp-content\/uploads\/2017\/12\/Avatar2.jpg","width":378,"height":378,"caption":"Grupo Volcanes"},"image":{"@id":"https:\/\/volcanes.net\/#\/schema\/logo\/image\/"},"sameAs":["https:\/\/www.facebook.com\/volcanes.net\/"]},{"@type":"Person","@id":"https:\/\/volcanes.net\/#\/schema\/person\/4bf0f383940966a4abd53f5048c0e6b9","name":"admin","image":{"@type":"ImageObject","inLanguage":"es","@id":"https:\/\/volcanes.net\/#\/schema\/person\/image\/","url":"https:\/\/secure.gravatar.com\/avatar\/ca004e6cba8462b8cb7abc86e382930c?s=96&d=mm&r=g","contentUrl":"https:\/\/secure.gravatar.com\/avatar\/ca004e6cba8462b8cb7abc86e382930c?s=96&d=mm&r=g","caption":"admin"}}]}},"_links":{"self":[{"href":"https:\/\/volcanes.net\/index.php?rest_route=\/wp\/v2\/posts\/4294"}],"collection":[{"href":"https:\/\/volcanes.net\/index.php?rest_route=\/wp\/v2\/posts"}],"about":[{"href":"https:\/\/volcanes.net\/index.php?rest_route=\/wp\/v2\/types\/post"}],"author":[{"embeddable":true,"href":"https:\/\/volcanes.net\/index.php?rest_route=\/wp\/v2\/users\/1"}],"replies":[{"embeddable":true,"href":"https:\/\/volcanes.net\/index.php?rest_route=%2Fwp%2Fv2%2Fcomments&post=4294"}],"version-history":[{"count":1,"href":"https:\/\/volcanes.net\/index.php?rest_route=\/wp\/v2\/posts\/4294\/revisions"}],"predecessor-version":[{"id":4295,"href":"https:\/\/volcanes.net\/index.php?rest_route=\/wp\/v2\/posts\/4294\/revisions\/4295"}],"wp:featuredmedia":[{"embeddable":true,"href":"https:\/\/volcanes.net\/index.php?rest_route=\/wp\/v2\/media\/4293"}],"wp:attachment":[{"href":"https:\/\/volcanes.net\/index.php?rest_route=%2Fwp%2Fv2%2Fmedia&parent=4294"}],"wp:term":[{"taxonomy":"category","embeddable":true,"href":"https:\/\/volcanes.net\/index.php?rest_route=%2Fwp%2Fv2%2Fcategories&post=4294"},{"taxonomy":"post_tag","embeddable":true,"href":"https:\/\/volcanes.net\/index.php?rest_route=%2Fwp%2Fv2%2Ftags&post=4294"}],"curies":[{"name":"wp","href":"https:\/\/api.w.org\/{rel}","templated":true}]}}